{"id":1223,"date":"2025-06-06T09:20:29","date_gmt":"2025-06-06T09:20:29","guid":{"rendered":"https:\/\/hirhangya.hu\/index.php\/2025\/06\/06\/nem-csak-a-jaratok-allnak-le-del-elott-10-perccel-tobb-fovarosi-ceg-szolidaritasi-akciot-szervez\/"},"modified":"2025-06-06T09:20:29","modified_gmt":"2025-06-06T09:20:29","slug":"nem-csak-a-jaratok-allnak-le-del-elott-10-perccel-tobb-fovarosi-ceg-szolidaritasi-akciot-szervez","status":"publish","type":"post","link":"https:\/\/hirhangya.hu\/index.php\/2025\/06\/06\/nem-csak-a-jaratok-allnak-le-del-elott-10-perccel-tobb-fovarosi-ceg-szolidaritasi-akciot-szervez\/","title":{"rendered":"Nem csak a j\u00e1ratok \u00e1llnak le d\u00e9l el\u0151tt 10 perccel, t\u00f6bb f\u0151v\u00e1rosi c\u00e9g szolidarit\u00e1si akci\u00f3t szervez"},"content":{"rendered":"<p>J\u00fanius 6-\u00e1n, p\u00e9nteken 11:50-kor 10 percre le\u00e1ll a k\u00f6z\u00f6ss\u00e9gi k\u00f6zleked\u00e9s Budapesten, hogy felh\u00edvja a figyelmet a k\u00f6zszolg\u00e1ltat\u00e1sok fontoss\u00e1g\u00e1ra. A ki\u00e1ll\u00e1shoz t\u00f6bb f\u0151v\u00e1rosi c\u00e9g \u00e9s int\u00e9zm\u00e9ny is csatlakozik, p\u00e9ld\u00e1ul a F\u0151v\u00e1rosi V\u00edzm\u0171vek, a Budapesti K\u00f6zm\u0171vek \u00e9s a Budapest K\u00f6z\u00fat dolgoz\u00f3i k\u00e9k szalaggal fejezik ki t\u00e1mogat\u00e1sukat. A Budapest Gy\u00f3gyf\u00fcrd\u0151i \u00e9s H\u00e9vizei Zrt. f\u00fcrd\u0151iben \u00e9s a strandokon sz\u00fcnetel a jegy\u00e9rt\u00e9kes\u00edt\u00e9s, a F\u0151v\u00e1rosi Szab\u00f3 Ervin K\u00f6nyvt\u00e1r dolgoz\u00f3i k\u00e9k fels\u0151ben csatlakoznak az akci\u00f3hoz, a Budapest F\u0151v\u00e1ros Lev\u00e9lt\u00e1r\u00e1nak dolgoz\u00f3i pedig az \u00e9p\u00fclet el\u00e9 gy\u00fclekeznek. A F\u0151v\u00e1rosi \u00c1llat- \u00e9s N\u00f6v\u00e9nykert, a Budapesti T\u00f6rt\u00e9neti M\u00fazeum munkat\u00e1rsai \u00e9s a Budapesti M\u00f3dszertani Szoci\u00e1lis K\u00f6zpont \u00e9s Int\u00e9zm\u00e9nyei dolgoz\u00f3i is r\u00e9szt vesznek az akci\u00f3ban. \u00d6sszesen tizenn\u00e9gy f\u0151v\u00e1rosi szakszervezet tart szolidarit\u00e1si akci\u00f3t. A ki\u00e1ll\u00e1s h\u00e1tter\u00e9ben az \u00e1ll, hogy a korm\u00e1ny levonta a f\u0151v\u00e1ros sz\u00e1ml\u00e1j\u00e1r\u00f3l azt a 10,2 milli\u00e1rd forintot, amit Kar\u00e1csony Gergely f\u0151polg\u00e1rmester szerint nem lett volna joga elvenni Budapestt\u0151l.<\/p>\n<p>Eredeti cikk: <a href=\"https:\/\/444.hu\/2025\/06\/06\/nem-csak-a-jaratok-allnak-le-del-elott-10-perccel-tobb-fovarosi-ceg-szolidaritasi-akciot-szervez?utm_source=rss_feed&amp;utm_medium=rss&amp;utm_campaign=rss_syndication\" target=\"_blank\" class=\"feedzy-rss-link-icon\">elolvasom<\/a><\/p>\n","protected":false},"excerpt":{"rendered":"<p>J\u00fanius 6-\u00e1n, p\u00e9nteken 11:50-kor 10 percre le\u00e1ll a k\u00f6z\u00f6ss\u00e9gi k\u00f6zleked\u00e9s Budapesten, hogy felh\u00edvja a figyelmet a k\u00f6zszolg\u00e1ltat\u00e1sok fontoss\u00e1g\u00e1ra. A ki\u00e1ll\u00e1shoz t\u00f6bb f\u0151v\u00e1rosi c\u00e9g \u00e9s int\u00e9zm\u00e9ny is csatlakozik, p\u00e9ld\u00e1ul a F\u0151v\u00e1rosi V\u00edzm\u0171vek, a Budapesti K\u00f6zm\u0171vek \u00e9s a Budapest K\u00f6z\u00fat dolgoz\u00f3i k\u00e9k szalaggal fejezik ki t\u00e1mogat\u00e1sukat. A Budapest Gy\u00f3gyf\u00fcrd\u0151i \u00e9s H\u00e9vizei Zrt. f\u00fcrd\u0151iben \u00e9s a strandokon sz\u00fcnetel [&hellip;]<\/p>\n","protected":false},"author":2,"featured_media":1224,"comment_status":"open","ping_status":"open","sticky":false,"template":"","format":"standard","meta":{"footnotes":""},"categories":[147],"tags":[],"class_list":["post-1223","post","type-post","status-publish","format-standard","has-post-thumbnail","hentry","category-altalanos"],"yoast_head":"<!-- This site is optimized with the Yoast SEO Premium plugin v26.2 (Yoast SEO v26.3) - https:\/\/yoast.com\/wordpress\/plugins\/seo\/ -->\n<title>Nem csak a j\u00e1ratok \u00e1llnak le d\u00e9l el\u0151tt 10 perccel, t\u00f6bb f\u0151v\u00e1rosi c\u00e9g szolidarit\u00e1si akci\u00f3t szervez - H\u00edrhangya<\/title>\n<meta name=\"robots\" content=\"index, follow, max-snippet:-1, max-image-preview:large, max-video-preview:-1\" \/>\n<link rel=\"canonical\" href=\"https:\/\/hirhangya.hu\/index.php\/2025\/06\/06\/nem-csak-a-jaratok-allnak-le-del-elott-10-perccel-tobb-fovarosi-ceg-szolidaritasi-akciot-szervez\/\" \/>\n<meta property=\"og:locale\" content=\"hu_HU\" \/>\n<meta property=\"og:type\" content=\"article\" \/>\n<meta property=\"og:title\" content=\"Nem csak a j\u00e1ratok \u00e1llnak le d\u00e9l el\u0151tt 10 perccel, t\u00f6bb f\u0151v\u00e1rosi c\u00e9g szolidarit\u00e1si akci\u00f3t szervez\" \/>\n<meta property=\"og:description\" content=\"J\u00fanius 6-\u00e1n, p\u00e9nteken 11:50-kor 10 percre le\u00e1ll a k\u00f6z\u00f6ss\u00e9gi k\u00f6zleked\u00e9s Budapesten, hogy felh\u00edvja a figyelmet a k\u00f6zszolg\u00e1ltat\u00e1sok fontoss\u00e1g\u00e1ra. A ki\u00e1ll\u00e1shoz t\u00f6bb f\u0151v\u00e1rosi c\u00e9g \u00e9s int\u00e9zm\u00e9ny is csatlakozik, p\u00e9ld\u00e1ul a F\u0151v\u00e1rosi V\u00edzm\u0171vek, a Budapesti K\u00f6zm\u0171vek \u00e9s a Budapest K\u00f6z\u00fat dolgoz\u00f3i k\u00e9k szalaggal fejezik ki t\u00e1mogat\u00e1sukat. A Budapest Gy\u00f3gyf\u00fcrd\u0151i \u00e9s H\u00e9vizei Zrt. f\u00fcrd\u0151iben \u00e9s a strandokon sz\u00fcnetel [&hellip;]\" \/>\n<meta property=\"og:url\" content=\"https:\/\/hirhangya.hu\/index.php\/2025\/06\/06\/nem-csak-a-jaratok-allnak-le-del-elott-10-perccel-tobb-fovarosi-ceg-szolidaritasi-akciot-szervez\/\" \/>\n<meta property=\"og:site_name\" content=\"H\u00edrhangya\" \/>\n<meta property=\"article:published_time\" content=\"2025-06-06T09:20:29+00:00\" \/>\n<meta property=\"og:image\" content=\"https:\/\/hirhangya.hu\/wp-content\/uploads\/2025\/06\/7kWGZhAvg5BL1XI11Ps-vc90hV-scaled.jpg\" \/>\n\t<meta property=\"og:image:width\" content=\"2560\" \/>\n\t<meta property=\"og:image:height\" content=\"1703\" \/>\n\t<meta property=\"og:image:type\" content=\"image\/jpeg\" \/>\n<meta name=\"author\" content=\"Nemes Gabor\" \/>\n<meta name=\"twitter:card\" content=\"summary_large_image\" \/>\n<meta name=\"twitter:label1\" content=\"Szerz\u0151:\" \/>\n\t<meta name=\"twitter:data1\" content=\"Nemes Gabor\" \/>\n\t<meta name=\"twitter:label2\" content=\"Becs\u00fclt olvas\u00e1si id\u0151\" \/>\n\t<meta name=\"twitter:data2\" content=\"1 perc\" \/>\n<script type=\"application\/ld+json\" class=\"yoast-schema-graph\">{\"@context\":\"https:\/\/schema.org\",\"@graph\":[{\"@type\":\"Article\",\"@id\":\"https:\/\/hirhangya.hu\/index.php\/2025\/06\/06\/nem-csak-a-jaratok-allnak-le-del-elott-10-perccel-tobb-fovarosi-ceg-szolidaritasi-akciot-szervez\/#article\",\"isPartOf\":{\"@id\":\"https:\/\/hirhangya.hu\/index.php\/2025\/06\/06\/nem-csak-a-jaratok-allnak-le-del-elott-10-perccel-tobb-fovarosi-ceg-szolidaritasi-akciot-szervez\/\"},\"author\":{\"name\":\"Nemes Gabor\",\"@id\":\"https:\/\/hirhangya.hu\/#\/schema\/person\/ad1b32f6cde48eb8bc14fa7efd4d70b5\"},\"headline\":\"Nem csak a j\u00e1ratok \u00e1llnak le d\u00e9l el\u0151tt 10 perccel, t\u00f6bb f\u0151v\u00e1rosi c\u00e9g szolidarit\u00e1si akci\u00f3t szervez\",\"datePublished\":\"2025-06-06T09:20:29+00:00\",\"mainEntityOfPage\":{\"@id\":\"https:\/\/hirhangya.hu\/index.php\/2025\/06\/06\/nem-csak-a-jaratok-allnak-le-del-elott-10-perccel-tobb-fovarosi-ceg-szolidaritasi-akciot-szervez\/\"},\"wordCount\":263,\"commentCount\":0,\"publisher\":{\"@id\":\"https:\/\/hirhangya.hu\/#organization\"},\"image\":{\"@id\":\"https:\/\/hirhangya.hu\/index.php\/2025\/06\/06\/nem-csak-a-jaratok-allnak-le-del-elott-10-perccel-tobb-fovarosi-ceg-szolidaritasi-akciot-szervez\/#primaryimage\"},\"thumbnailUrl\":\"https:\/\/hirhangya.hu\/wp-content\/uploads\/2025\/06\/7kWGZhAvg5BL1XI11Ps-vc90hV-scaled.jpg\",\"articleSection\":[\"\u00c1ltal\u00e1nos\"],\"inLanguage\":\"hu\",\"potentialAction\":[{\"@type\":\"CommentAction\",\"name\":\"Comment\",\"target\":[\"https:\/\/hirhangya.hu\/index.php\/2025\/06\/06\/nem-csak-a-jaratok-allnak-le-del-elott-10-perccel-tobb-fovarosi-ceg-szolidaritasi-akciot-szervez\/#respond\"]}]},{\"@type\":\"WebPage\",\"@id\":\"https:\/\/hirhangya.hu\/index.php\/2025\/06\/06\/nem-csak-a-jaratok-allnak-le-del-elott-10-perccel-tobb-fovarosi-ceg-szolidaritasi-akciot-szervez\/\",\"url\":\"https:\/\/hirhangya.hu\/index.php\/2025\/06\/06\/nem-csak-a-jaratok-allnak-le-del-elott-10-perccel-tobb-fovarosi-ceg-szolidaritasi-akciot-szervez\/\",\"name\":\"Nem csak a j\u00e1ratok \u00e1llnak le d\u00e9l el\u0151tt 10 perccel, t\u00f6bb f\u0151v\u00e1rosi c\u00e9g szolidarit\u00e1si akci\u00f3t szervez - H\u00edrhangya\",\"isPartOf\":{\"@id\":\"https:\/\/hirhangya.hu\/#website\"},\"primaryImageOfPage\":{\"@id\":\"https:\/\/hirhangya.hu\/index.php\/2025\/06\/06\/nem-csak-a-jaratok-allnak-le-del-elott-10-perccel-tobb-fovarosi-ceg-szolidaritasi-akciot-szervez\/#primaryimage\"},\"image\":{\"@id\":\"https:\/\/hirhangya.hu\/index.php\/2025\/06\/06\/nem-csak-a-jaratok-allnak-le-del-elott-10-perccel-tobb-fovarosi-ceg-szolidaritasi-akciot-szervez\/#primaryimage\"},\"thumbnailUrl\":\"https:\/\/hirhangya.hu\/wp-content\/uploads\/2025\/06\/7kWGZhAvg5BL1XI11Ps-vc90hV-scaled.jpg\",\"datePublished\":\"2025-06-06T09:20:29+00:00\",\"breadcrumb\":{\"@id\":\"https:\/\/hirhangya.hu\/index.php\/2025\/06\/06\/nem-csak-a-jaratok-allnak-le-del-elott-10-perccel-tobb-fovarosi-ceg-szolidaritasi-akciot-szervez\/#breadcrumb\"},\"inLanguage\":\"hu\",\"potentialAction\":[{\"@type\":\"ReadAction\",\"target\":[\"https:\/\/hirhangya.hu\/index.php\/2025\/06\/06\/nem-csak-a-jaratok-allnak-le-del-elott-10-perccel-tobb-fovarosi-ceg-szolidaritasi-akciot-szervez\/\"]}]},{\"@type\":\"ImageObject\",\"inLanguage\":\"hu\",\"@id\":\"https:\/\/hirhangya.hu\/index.php\/2025\/06\/06\/nem-csak-a-jaratok-allnak-le-del-elott-10-perccel-tobb-fovarosi-ceg-szolidaritasi-akciot-szervez\/#primaryimage\",\"url\":\"https:\/\/hirhangya.hu\/wp-content\/uploads\/2025\/06\/7kWGZhAvg5BL1XI11Ps-vc90hV-scaled.jpg\",\"contentUrl\":\"https:\/\/hirhangya.hu\/wp-content\/uploads\/2025\/06\/7kWGZhAvg5BL1XI11Ps-vc90hV-scaled.jpg\",\"width\":2560,\"height\":1703},{\"@type\":\"BreadcrumbList\",\"@id\":\"https:\/\/hirhangya.hu\/index.php\/2025\/06\/06\/nem-csak-a-jaratok-allnak-le-del-elott-10-perccel-tobb-fovarosi-ceg-szolidaritasi-akciot-szervez\/#breadcrumb\",\"itemListElement\":[{\"@type\":\"ListItem\",\"position\":1,\"name\":\"Home\",\"item\":\"https:\/\/hirhangya.hu\/\"},{\"@type\":\"ListItem\",\"position\":2,\"name\":\"Nem csak a j\u00e1ratok \u00e1llnak le d\u00e9l el\u0151tt 10 perccel, t\u00f6bb f\u0151v\u00e1rosi c\u00e9g szolidarit\u00e1si akci\u00f3t szervez\"}]},{\"@type\":\"WebSite\",\"@id\":\"https:\/\/hirhangya.hu\/#website\",\"url\":\"https:\/\/hirhangya.hu\/\",\"name\":\"H\u00edrhangya\",\"description\":\"Szorgalmasan \u00f6sszehordjuk a legfrissebb h\u00edreket\",\"publisher\":{\"@id\":\"https:\/\/hirhangya.hu\/#organization\"},\"potentialAction\":[{\"@type\":\"SearchAction\",\"target\":{\"@type\":\"EntryPoint\",\"urlTemplate\":\"https:\/\/hirhangya.hu\/?s={search_term_string}\"},\"query-input\":{\"@type\":\"PropertyValueSpecification\",\"valueRequired\":true,\"valueName\":\"search_term_string\"}}],\"inLanguage\":\"hu\"},{\"@type\":\"Organization\",\"@id\":\"https:\/\/hirhangya.hu\/#organization\",\"name\":\"H\u00edrhangya\",\"url\":\"https:\/\/hirhangya.hu\/\",\"logo\":{\"@type\":\"ImageObject\",\"inLanguage\":\"hu\",\"@id\":\"https:\/\/hirhangya.hu\/#\/schema\/logo\/image\/\",\"url\":\"https:\/\/hirhangya.hu\/wp-content\/uploads\/2025\/06\/cropped-cropped-hirhangya-logo-szoveges-scaled-1-e1750064323596.jpg\",\"contentUrl\":\"https:\/\/hirhangya.hu\/wp-content\/uploads\/2025\/06\/cropped-cropped-hirhangya-logo-szoveges-scaled-1-e1750064323596.jpg\",\"width\":350,\"height\":100,\"caption\":\"H\u00edrhangya\"},\"image\":{\"@id\":\"https:\/\/hirhangya.hu\/#\/schema\/logo\/image\/\"}},{\"@type\":\"Person\",\"@id\":\"https:\/\/hirhangya.hu\/#\/schema\/person\/ad1b32f6cde48eb8bc14fa7efd4d70b5\",\"name\":\"Nemes Gabor\",\"image\":{\"@type\":\"ImageObject\",\"inLanguage\":\"hu\",\"@id\":\"https:\/\/hirhangya.hu\/#\/schema\/person\/image\/\",\"url\":\"https:\/\/secure.gravatar.com\/avatar\/92c2a9c67399a3a1c5444228b3ae3f850f3218d7c18ff5ed44a84130d5b474f3?s=96&d=mm&r=g\",\"contentUrl\":\"https:\/\/secure.gravatar.com\/avatar\/92c2a9c67399a3a1c5444228b3ae3f850f3218d7c18ff5ed44a84130d5b474f3?s=96&d=mm&r=g\",\"caption\":\"Nemes Gabor\"},\"url\":\"https:\/\/hirhangya.hu\/index.php\/author\/hex324\/\"}]}<\/script>\n<!-- \/ Yoast SEO Premium plugin. -->","yoast_head_json":{"title":"Nem csak a j\u00e1ratok \u00e1llnak le d\u00e9l el\u0151tt 10 perccel, t\u00f6bb f\u0151v\u00e1rosi c\u00e9g szolidarit\u00e1si akci\u00f3t szervez - H\u00edrhangya","robots":{"index":"index","follow":"follow","max-snippet":"max-snippet:-1","max-image-preview":"max-image-preview:large","max-video-preview":"max-video-preview:-1"},"canonical":"https:\/\/hirhangya.hu\/index.php\/2025\/06\/06\/nem-csak-a-jaratok-allnak-le-del-elott-10-perccel-tobb-fovarosi-ceg-szolidaritasi-akciot-szervez\/","og_locale":"hu_HU","og_type":"article","og_title":"Nem csak a j\u00e1ratok \u00e1llnak le d\u00e9l el\u0151tt 10 perccel, t\u00f6bb f\u0151v\u00e1rosi c\u00e9g szolidarit\u00e1si akci\u00f3t szervez","og_description":"J\u00fanius 6-\u00e1n, p\u00e9nteken 11:50-kor 10 percre le\u00e1ll a k\u00f6z\u00f6ss\u00e9gi k\u00f6zleked\u00e9s Budapesten, hogy felh\u00edvja a figyelmet a k\u00f6zszolg\u00e1ltat\u00e1sok fontoss\u00e1g\u00e1ra. A ki\u00e1ll\u00e1shoz t\u00f6bb f\u0151v\u00e1rosi c\u00e9g \u00e9s int\u00e9zm\u00e9ny is csatlakozik, p\u00e9ld\u00e1ul a F\u0151v\u00e1rosi V\u00edzm\u0171vek, a Budapesti K\u00f6zm\u0171vek \u00e9s a Budapest K\u00f6z\u00fat dolgoz\u00f3i k\u00e9k szalaggal fejezik ki t\u00e1mogat\u00e1sukat. A Budapest Gy\u00f3gyf\u00fcrd\u0151i \u00e9s H\u00e9vizei Zrt. f\u00fcrd\u0151iben \u00e9s a strandokon sz\u00fcnetel [&hellip;]","og_url":"https:\/\/hirhangya.hu\/index.php\/2025\/06\/06\/nem-csak-a-jaratok-allnak-le-del-elott-10-perccel-tobb-fovarosi-ceg-szolidaritasi-akciot-szervez\/","og_site_name":"H\u00edrhangya","article_published_time":"2025-06-06T09:20:29+00:00","og_image":[{"width":2560,"height":1703,"url":"https:\/\/hirhangya.hu\/wp-content\/uploads\/2025\/06\/7kWGZhAvg5BL1XI11Ps-vc90hV-scaled.jpg","type":"image\/jpeg"}],"author":"Nemes Gabor","twitter_card":"summary_large_image","twitter_misc":{"Szerz\u0151:":"Nemes Gabor","Becs\u00fclt olvas\u00e1si id\u0151":"1 perc"},"schema":{"@context":"https:\/\/schema.org","@graph":[{"@type":"Article","@id":"https:\/\/hirhangya.hu\/index.php\/2025\/06\/06\/nem-csak-a-jaratok-allnak-le-del-elott-10-perccel-tobb-fovarosi-ceg-szolidaritasi-akciot-szervez\/#article","isPartOf":{"@id":"https:\/\/hirhangya.hu\/index.php\/2025\/06\/06\/nem-csak-a-jaratok-allnak-le-del-elott-10-perccel-tobb-fovarosi-ceg-szolidaritasi-akciot-szervez\/"},"author":{"name":"Nemes Gabor","@id":"https:\/\/hirhangya.hu\/#\/schema\/person\/ad1b32f6cde48eb8bc14fa7efd4d70b5"},"headline":"Nem csak a j\u00e1ratok \u00e1llnak le d\u00e9l el\u0151tt 10 perccel, t\u00f6bb f\u0151v\u00e1rosi c\u00e9g szolidarit\u00e1si akci\u00f3t szervez","datePublished":"2025-06-06T09:20:29+00:00","mainEntityOfPage":{"@id":"https:\/\/hirhangya.hu\/index.php\/2025\/06\/06\/nem-csak-a-jaratok-allnak-le-del-elott-10-perccel-tobb-fovarosi-ceg-szolidaritasi-akciot-szervez\/"},"wordCount":263,"commentCount":0,"publisher":{"@id":"https:\/\/hirhangya.hu\/#organization"},"image":{"@id":"https:\/\/hirhangya.hu\/index.php\/2025\/06\/06\/nem-csak-a-jaratok-allnak-le-del-elott-10-perccel-tobb-fovarosi-ceg-szolidaritasi-akciot-szervez\/#primaryimage"},"thumbnailUrl":"https:\/\/hirhangya.hu\/wp-content\/uploads\/2025\/06\/7kWGZhAvg5BL1XI11Ps-vc90hV-scaled.jpg","articleSection":["\u00c1ltal\u00e1nos"],"inLanguage":"hu","potentialAction":[{"@type":"CommentAction","name":"Comment","target":["https:\/\/hirhangya.hu\/index.php\/2025\/06\/06\/nem-csak-a-jaratok-allnak-le-del-elott-10-perccel-tobb-fovarosi-ceg-szolidaritasi-akciot-szervez\/#respond"]}]},{"@type":"WebPage","@id":"https:\/\/hirhangya.hu\/index.php\/2025\/06\/06\/nem-csak-a-jaratok-allnak-le-del-elott-10-perccel-tobb-fovarosi-ceg-szolidaritasi-akciot-szervez\/","url":"https:\/\/hirhangya.hu\/index.php\/2025\/06\/06\/nem-csak-a-jaratok-allnak-le-del-elott-10-perccel-tobb-fovarosi-ceg-szolidaritasi-akciot-szervez\/","name":"Nem csak a j\u00e1ratok \u00e1llnak le d\u00e9l el\u0151tt 10 perccel, t\u00f6bb f\u0151v\u00e1rosi c\u00e9g szolidarit\u00e1si akci\u00f3t szervez - H\u00edrhangya","isPartOf":{"@id":"https:\/\/hirhangya.hu\/#website"},"primaryImageOfPage":{"@id":"https:\/\/hirhangya.hu\/index.php\/2025\/06\/06\/nem-csak-a-jaratok-allnak-le-del-elott-10-perccel-tobb-fovarosi-ceg-szolidaritasi-akciot-szervez\/#primaryimage"},"image":{"@id":"https:\/\/hirhangya.hu\/index.php\/2025\/06\/06\/nem-csak-a-jaratok-allnak-le-del-elott-10-perccel-tobb-fovarosi-ceg-szolidaritasi-akciot-szervez\/#primaryimage"},"thumbnailUrl":"https:\/\/hirhangya.hu\/wp-content\/uploads\/2025\/06\/7kWGZhAvg5BL1XI11Ps-vc90hV-scaled.jpg","datePublished":"2025-06-06T09:20:29+00:00","breadcrumb":{"@id":"https:\/\/hirhangya.hu\/index.php\/2025\/06\/06\/nem-csak-a-jaratok-allnak-le-del-elott-10-perccel-tobb-fovarosi-ceg-szolidaritasi-akciot-szervez\/#breadcrumb"},"inLanguage":"hu","potentialAction":[{"@type":"ReadAction","target":["https:\/\/hirhangya.hu\/index.php\/2025\/06\/06\/nem-csak-a-jaratok-allnak-le-del-elott-10-perccel-tobb-fovarosi-ceg-szolidaritasi-akciot-szervez\/"]}]},{"@type":"ImageObject","inLanguage":"hu","@id":"https:\/\/hirhangya.hu\/index.php\/2025\/06\/06\/nem-csak-a-jaratok-allnak-le-del-elott-10-perccel-tobb-fovarosi-ceg-szolidaritasi-akciot-szervez\/#primaryimage","url":"https:\/\/hirhangya.hu\/wp-content\/uploads\/2025\/06\/7kWGZhAvg5BL1XI11Ps-vc90hV-scaled.jpg","contentUrl":"https:\/\/hirhangya.hu\/wp-content\/uploads\/2025\/06\/7kWGZhAvg5BL1XI11Ps-vc90hV-scaled.jpg","width":2560,"height":1703},{"@type":"BreadcrumbList","@id":"https:\/\/hirhangya.hu\/index.php\/2025\/06\/06\/nem-csak-a-jaratok-allnak-le-del-elott-10-perccel-tobb-fovarosi-ceg-szolidaritasi-akciot-szervez\/#breadcrumb","itemListElement":[{"@type":"ListItem","position":1,"name":"Home","item":"https:\/\/hirhangya.hu\/"},{"@type":"ListItem","position":2,"name":"Nem csak a j\u00e1ratok \u00e1llnak le d\u00e9l el\u0151tt 10 perccel, t\u00f6bb f\u0151v\u00e1rosi c\u00e9g szolidarit\u00e1si akci\u00f3t szervez"}]},{"@type":"WebSite","@id":"https:\/\/hirhangya.hu\/#website","url":"https:\/\/hirhangya.hu\/","name":"H\u00edrhangya","description":"Szorgalmasan \u00f6sszehordjuk a legfrissebb h\u00edreket","publisher":{"@id":"https:\/\/hirhangya.hu\/#organization"},"potentialAction":[{"@type":"SearchAction","target":{"@type":"EntryPoint","urlTemplate":"https:\/\/hirhangya.hu\/?s={search_term_string}"},"query-input":{"@type":"PropertyValueSpecification","valueRequired":true,"valueName":"search_term_string"}}],"inLanguage":"hu"},{"@type":"Organization","@id":"https:\/\/hirhangya.hu\/#organization","name":"H\u00edrhangya","url":"https:\/\/hirhangya.hu\/","logo":{"@type":"ImageObject","inLanguage":"hu","@id":"https:\/\/hirhangya.hu\/#\/schema\/logo\/image\/","url":"https:\/\/hirhangya.hu\/wp-content\/uploads\/2025\/06\/cropped-cropped-hirhangya-logo-szoveges-scaled-1-e1750064323596.jpg","contentUrl":"https:\/\/hirhangya.hu\/wp-content\/uploads\/2025\/06\/cropped-cropped-hirhangya-logo-szoveges-scaled-1-e1750064323596.jpg","width":350,"height":100,"caption":"H\u00edrhangya"},"image":{"@id":"https:\/\/hirhangya.hu\/#\/schema\/logo\/image\/"}},{"@type":"Person","@id":"https:\/\/hirhangya.hu\/#\/schema\/person\/ad1b32f6cde48eb8bc14fa7efd4d70b5","name":"Nemes Gabor","image":{"@type":"ImageObject","inLanguage":"hu","@id":"https:\/\/hirhangya.hu\/#\/schema\/person\/image\/","url":"https:\/\/secure.gravatar.com\/avatar\/92c2a9c67399a3a1c5444228b3ae3f850f3218d7c18ff5ed44a84130d5b474f3?s=96&d=mm&r=g","contentUrl":"https:\/\/secure.gravatar.com\/avatar\/92c2a9c67399a3a1c5444228b3ae3f850f3218d7c18ff5ed44a84130d5b474f3?s=96&d=mm&r=g","caption":"Nemes Gabor"},"url":"https:\/\/hirhangya.hu\/index.php\/author\/hex324\/"}]}},"_links":{"self":[{"href":"https:\/\/hirhangya.hu\/index.php\/wp-json\/wp\/v2\/posts\/1223","targetHints":{"allow":["GET"]}}],"collection":[{"href":"https:\/\/hirhangya.hu\/index.php\/wp-json\/wp\/v2\/posts"}],"about":[{"href":"https:\/\/hirhangya.hu\/index.php\/wp-json\/wp\/v2\/types\/post"}],"author":[{"embeddable":true,"href":"https:\/\/hirhangya.hu\/index.php\/wp-json\/wp\/v2\/users\/2"}],"replies":[{"embeddable":true,"href":"https:\/\/hirhangya.hu\/index.php\/wp-json\/wp\/v2\/comments?post=1223"}],"version-history":[{"count":0,"href":"https:\/\/hirhangya.hu\/index.php\/wp-json\/wp\/v2\/posts\/1223\/revisions"}],"wp:featuredmedia":[{"embeddable":true,"href":"https:\/\/hirhangya.hu\/index.php\/wp-json\/wp\/v2\/media\/1224"}],"wp:attachment":[{"href":"https:\/\/hirhangya.hu\/index.php\/wp-json\/wp\/v2\/media?parent=1223"}],"wp:term":[{"taxonomy":"category","embeddable":true,"href":"https:\/\/hirhangya.hu\/index.php\/wp-json\/wp\/v2\/categories?post=1223"},{"taxonomy":"post_tag","embeddable":true,"href":"https:\/\/hirhangya.hu\/index.php\/wp-json\/wp\/v2\/tags?post=1223"}],"curies":[{"name":"wp","href":"https:\/\/api.w.org\/{rel}","templated":true}]}}