{"id":2001,"date":"2025-06-09T21:45:50","date_gmt":"2025-06-09T21:45:50","guid":{"rendered":"https:\/\/hirhangya.hu\/index.php\/2025\/06\/09\/valamiert-nagyon-nem-akarja-elarulni-lazar-janos-miert-csak-o-kap-osztalekot-a-batidai-vadaszhaz-utan\/"},"modified":"2025-06-09T21:45:50","modified_gmt":"2025-06-09T21:45:50","slug":"valamiert-nagyon-nem-akarja-elarulni-lazar-janos-miert-csak-o-kap-osztalekot-a-batidai-vadaszhaz-utan","status":"publish","type":"post","link":"https:\/\/hirhangya.hu\/index.php\/2025\/06\/09\/valamiert-nagyon-nem-akarja-elarulni-lazar-janos-miert-csak-o-kap-osztalekot-a-batidai-vadaszhaz-utan\/","title":{"rendered":"Valami\u00e9rt nagyon nem akarja el\u00e1rulni L\u00e1z\u00e1r J\u00e1nos, mi\u00e9rt csak \u0151 kap osztal\u00e9kot a batidai vad\u00e1szh\u00e1z ut\u00e1n"},"content":{"rendered":"<p>A L\u00e1z\u00e1r J\u00e1nos r\u00e9sztulajdon\u00e1ban \u00e1ll\u00f3 Grosswiese Zrt., amely a batidai vad\u00e1szh\u00e1zat birtokolja, tavaly rekordprofitot termelt, 334 milli\u00f3 forint bev\u00e9telt \u00e9s 91 milli\u00f3 forint nyeres\u00e9get \u00e9rt el. A c\u00e9g csak L\u00e1z\u00e1r J\u00e1nosnak fizetett osztal\u00e9kot, tavaly 58 milli\u00f3 forintot, id\u00e9n pedig 47 milli\u00f3 forintot. A d\u00f6nt\u00e9st a t\u00e1rsas\u00e1g r\u00e9szv\u00e9nyesei egyhang\u00falag szavazt\u00e1k meg. A miniszter nem adott magyar\u00e1zatot arra, hogy mi\u00e9rt csak \u0151 kap osztal\u00e9kot. A vad\u00e1szh\u00e1z tulajdonjog\u00e1nak k\u00e9rd\u00e9s\u00e9ben L\u00e1z\u00e1r J\u00e1nos kor\u00e1bban tagadta, hogy k\u00f6ze lenne az \u00e9p\u00fclethez, de a 2018-as v\u00e1laszt\u00e1sok ut\u00e1ni vagyonbevall\u00e1s\u00e1ban m\u00e1r felt\u00fcntette, hogy 10 sz\u00e1zal\u00e9kos tulajdonr\u00e9szt szerzett a c\u00e9gben. Ez a tulajdonr\u00e9sz tavalyra megn\u00e9gyszerez\u0151d\u00f6tt, a vad\u00e1szkast\u00e9ly k\u00f6r\u00fcli ter\u00fcletek t\u00f6bbs\u00e9ge pedig a L\u00e1z\u00e1r csal\u00e1dhoz ker\u00fclt. A miniszter nemr\u00e9g azt mondta, hogy gondolkodott azon, hogy kisz\u00e1ll a c\u00e9g tulajdon\u00e1b\u00f3l.<\/p>\n<p>Eredeti cikk: <a href=\"https:\/\/444.hu\/2025\/06\/09\/valamiert-nagyon-nem-akarja-elarulni-lazar-janos-miert-csak-o-kap-osztalekot-a-batidai-vadaszhaz-utan?utm_source=rss_feed&amp;utm_medium=rss&amp;utm_campaign=rss_syndication\" target=\"_blank\" class=\"feedzy-rss-link-icon\">elolvasom<\/a><\/p>\n","protected":false},"excerpt":{"rendered":"<p>A L\u00e1z\u00e1r J\u00e1nos r\u00e9sztulajdon\u00e1ban \u00e1ll\u00f3 Grosswiese Zrt., amely a batidai vad\u00e1szh\u00e1zat birtokolja, tavaly rekordprofitot termelt, 334 milli\u00f3 forint bev\u00e9telt \u00e9s 91 milli\u00f3 forint nyeres\u00e9get \u00e9rt el. A c\u00e9g csak L\u00e1z\u00e1r J\u00e1nosnak fizetett osztal\u00e9kot, tavaly 58 milli\u00f3 forintot, id\u00e9n pedig 47 milli\u00f3 forintot. A d\u00f6nt\u00e9st a t\u00e1rsas\u00e1g r\u00e9szv\u00e9nyesei egyhang\u00falag szavazt\u00e1k meg. A miniszter nem adott magyar\u00e1zatot [&hellip;]<\/p>\n","protected":false},"author":2,"featured_media":2002,"comment_status":"open","ping_status":"open","sticky":false,"template":"","format":"standard","meta":{"footnotes":""},"categories":[147],"tags":[],"class_list":["post-2001","post","type-post","status-publish","format-standard","has-post-thumbnail","hentry","category-altalanos"],"yoast_head":"<!-- This site is optimized with the Yoast SEO Premium plugin v26.2 (Yoast SEO v26.3) - https:\/\/yoast.com\/wordpress\/plugins\/seo\/ -->\n<title>Valami\u00e9rt nagyon nem akarja el\u00e1rulni L\u00e1z\u00e1r J\u00e1nos, mi\u00e9rt csak \u0151 kap osztal\u00e9kot a batidai vad\u00e1szh\u00e1z ut\u00e1n - H\u00edrhangya<\/title>\n<meta name=\"robots\" content=\"index, follow, max-snippet:-1, max-image-preview:large, max-video-preview:-1\" \/>\n<link rel=\"canonical\" href=\"https:\/\/hirhangya.hu\/index.php\/2025\/06\/09\/valamiert-nagyon-nem-akarja-elarulni-lazar-janos-miert-csak-o-kap-osztalekot-a-batidai-vadaszhaz-utan\/\" \/>\n<meta property=\"og:locale\" content=\"hu_HU\" \/>\n<meta property=\"og:type\" content=\"article\" \/>\n<meta property=\"og:title\" content=\"Valami\u00e9rt nagyon nem akarja el\u00e1rulni L\u00e1z\u00e1r J\u00e1nos, mi\u00e9rt csak \u0151 kap osztal\u00e9kot a batidai vad\u00e1szh\u00e1z ut\u00e1n\" \/>\n<meta property=\"og:description\" content=\"A L\u00e1z\u00e1r J\u00e1nos r\u00e9sztulajdon\u00e1ban \u00e1ll\u00f3 Grosswiese Zrt., amely a batidai vad\u00e1szh\u00e1zat birtokolja, tavaly rekordprofitot termelt, 334 milli\u00f3 forint bev\u00e9telt \u00e9s 91 milli\u00f3 forint nyeres\u00e9get \u00e9rt el. A c\u00e9g csak L\u00e1z\u00e1r J\u00e1nosnak fizetett osztal\u00e9kot, tavaly 58 milli\u00f3 forintot, id\u00e9n pedig 47 milli\u00f3 forintot. A d\u00f6nt\u00e9st a t\u00e1rsas\u00e1g r\u00e9szv\u00e9nyesei egyhang\u00falag szavazt\u00e1k meg. A miniszter nem adott magyar\u00e1zatot [&hellip;]\" \/>\n<meta property=\"og:url\" content=\"https:\/\/hirhangya.hu\/index.php\/2025\/06\/09\/valamiert-nagyon-nem-akarja-elarulni-lazar-janos-miert-csak-o-kap-osztalekot-a-batidai-vadaszhaz-utan\/\" \/>\n<meta property=\"og:site_name\" content=\"H\u00edrhangya\" \/>\n<meta property=\"article:published_time\" content=\"2025-06-09T21:45:50+00:00\" \/>\n<meta property=\"og:image\" content=\"https:\/\/hirhangya.hu\/wp-content\/uploads\/2025\/06\/78STLaVoEp8XGW8Ps-cCBNND.png\" \/>\n\t<meta property=\"og:image:width\" content=\"1024\" \/>\n\t<meta property=\"og:image:height\" content=\"521\" \/>\n\t<meta property=\"og:image:type\" content=\"image\/png\" \/>\n<meta name=\"author\" content=\"Nemes Gabor\" \/>\n<meta name=\"twitter:card\" content=\"summary_large_image\" \/>\n<meta name=\"twitter:label1\" content=\"Szerz\u0151:\" \/>\n\t<meta name=\"twitter:data1\" content=\"Nemes Gabor\" \/>\n\t<meta name=\"twitter:label2\" content=\"Becs\u00fclt olvas\u00e1si id\u0151\" \/>\n\t<meta name=\"twitter:data2\" content=\"1 perc\" \/>\n<script type=\"application\/ld+json\" class=\"yoast-schema-graph\">{\"@context\":\"https:\/\/schema.org\",\"@graph\":[{\"@type\":\"Article\",\"@id\":\"https:\/\/hirhangya.hu\/index.php\/2025\/06\/09\/valamiert-nagyon-nem-akarja-elarulni-lazar-janos-miert-csak-o-kap-osztalekot-a-batidai-vadaszhaz-utan\/#article\",\"isPartOf\":{\"@id\":\"https:\/\/hirhangya.hu\/index.php\/2025\/06\/09\/valamiert-nagyon-nem-akarja-elarulni-lazar-janos-miert-csak-o-kap-osztalekot-a-batidai-vadaszhaz-utan\/\"},\"author\":{\"name\":\"Nemes Gabor\",\"@id\":\"https:\/\/hirhangya.hu\/#\/schema\/person\/ad1b32f6cde48eb8bc14fa7efd4d70b5\"},\"headline\":\"Valami\u00e9rt nagyon nem akarja el\u00e1rulni L\u00e1z\u00e1r J\u00e1nos, mi\u00e9rt csak \u0151 kap osztal\u00e9kot a batidai vad\u00e1szh\u00e1z ut\u00e1n\",\"datePublished\":\"2025-06-09T21:45:50+00:00\",\"mainEntityOfPage\":{\"@id\":\"https:\/\/hirhangya.hu\/index.php\/2025\/06\/09\/valamiert-nagyon-nem-akarja-elarulni-lazar-janos-miert-csak-o-kap-osztalekot-a-batidai-vadaszhaz-utan\/\"},\"wordCount\":209,\"commentCount\":0,\"publisher\":{\"@id\":\"https:\/\/hirhangya.hu\/#organization\"},\"image\":{\"@id\":\"https:\/\/hirhangya.hu\/index.php\/2025\/06\/09\/valamiert-nagyon-nem-akarja-elarulni-lazar-janos-miert-csak-o-kap-osztalekot-a-batidai-vadaszhaz-utan\/#primaryimage\"},\"thumbnailUrl\":\"https:\/\/hirhangya.hu\/wp-content\/uploads\/2025\/06\/78STLaVoEp8XGW8Ps-cCBNND.png\",\"articleSection\":[\"\u00c1ltal\u00e1nos\"],\"inLanguage\":\"hu\",\"potentialAction\":[{\"@type\":\"CommentAction\",\"name\":\"Comment\",\"target\":[\"https:\/\/hirhangya.hu\/index.php\/2025\/06\/09\/valamiert-nagyon-nem-akarja-elarulni-lazar-janos-miert-csak-o-kap-osztalekot-a-batidai-vadaszhaz-utan\/#respond\"]}]},{\"@type\":\"WebPage\",\"@id\":\"https:\/\/hirhangya.hu\/index.php\/2025\/06\/09\/valamiert-nagyon-nem-akarja-elarulni-lazar-janos-miert-csak-o-kap-osztalekot-a-batidai-vadaszhaz-utan\/\",\"url\":\"https:\/\/hirhangya.hu\/index.php\/2025\/06\/09\/valamiert-nagyon-nem-akarja-elarulni-lazar-janos-miert-csak-o-kap-osztalekot-a-batidai-vadaszhaz-utan\/\",\"name\":\"Valami\u00e9rt nagyon nem akarja el\u00e1rulni L\u00e1z\u00e1r J\u00e1nos, mi\u00e9rt csak \u0151 kap osztal\u00e9kot a batidai vad\u00e1szh\u00e1z ut\u00e1n - H\u00edrhangya\",\"isPartOf\":{\"@id\":\"https:\/\/hirhangya.hu\/#website\"},\"primaryImageOfPage\":{\"@id\":\"https:\/\/hirhangya.hu\/index.php\/2025\/06\/09\/valamiert-nagyon-nem-akarja-elarulni-lazar-janos-miert-csak-o-kap-osztalekot-a-batidai-vadaszhaz-utan\/#primaryimage\"},\"image\":{\"@id\":\"https:\/\/hirhangya.hu\/index.php\/2025\/06\/09\/valamiert-nagyon-nem-akarja-elarulni-lazar-janos-miert-csak-o-kap-osztalekot-a-batidai-vadaszhaz-utan\/#primaryimage\"},\"thumbnailUrl\":\"https:\/\/hirhangya.hu\/wp-content\/uploads\/2025\/06\/78STLaVoEp8XGW8Ps-cCBNND.png\",\"datePublished\":\"2025-06-09T21:45:50+00:00\",\"breadcrumb\":{\"@id\":\"https:\/\/hirhangya.hu\/index.php\/2025\/06\/09\/valamiert-nagyon-nem-akarja-elarulni-lazar-janos-miert-csak-o-kap-osztalekot-a-batidai-vadaszhaz-utan\/#breadcrumb\"},\"inLanguage\":\"hu\",\"potentialAction\":[{\"@type\":\"ReadAction\",\"target\":[\"https:\/\/hirhangya.hu\/index.php\/2025\/06\/09\/valamiert-nagyon-nem-akarja-elarulni-lazar-janos-miert-csak-o-kap-osztalekot-a-batidai-vadaszhaz-utan\/\"]}]},{\"@type\":\"ImageObject\",\"inLanguage\":\"hu\",\"@id\":\"https:\/\/hirhangya.hu\/index.php\/2025\/06\/09\/valamiert-nagyon-nem-akarja-elarulni-lazar-janos-miert-csak-o-kap-osztalekot-a-batidai-vadaszhaz-utan\/#primaryimage\",\"url\":\"https:\/\/hirhangya.hu\/wp-content\/uploads\/2025\/06\/78STLaVoEp8XGW8Ps-cCBNND.png\",\"contentUrl\":\"https:\/\/hirhangya.hu\/wp-content\/uploads\/2025\/06\/78STLaVoEp8XGW8Ps-cCBNND.png\",\"width\":1024,\"height\":521},{\"@type\":\"BreadcrumbList\",\"@id\":\"https:\/\/hirhangya.hu\/index.php\/2025\/06\/09\/valamiert-nagyon-nem-akarja-elarulni-lazar-janos-miert-csak-o-kap-osztalekot-a-batidai-vadaszhaz-utan\/#breadcrumb\",\"itemListElement\":[{\"@type\":\"ListItem\",\"position\":1,\"name\":\"Home\",\"item\":\"https:\/\/hirhangya.hu\/\"},{\"@type\":\"ListItem\",\"position\":2,\"name\":\"Valami\u00e9rt nagyon nem akarja el\u00e1rulni L\u00e1z\u00e1r J\u00e1nos, mi\u00e9rt csak \u0151 kap osztal\u00e9kot a batidai vad\u00e1szh\u00e1z ut\u00e1n\"}]},{\"@type\":\"WebSite\",\"@id\":\"https:\/\/hirhangya.hu\/#website\",\"url\":\"https:\/\/hirhangya.hu\/\",\"name\":\"H\u00edrhangya\",\"description\":\"Szorgalmasan \u00f6sszehordjuk a legfrissebb h\u00edreket\",\"publisher\":{\"@id\":\"https:\/\/hirhangya.hu\/#organization\"},\"potentialAction\":[{\"@type\":\"SearchAction\",\"target\":{\"@type\":\"EntryPoint\",\"urlTemplate\":\"https:\/\/hirhangya.hu\/?s={search_term_string}\"},\"query-input\":{\"@type\":\"PropertyValueSpecification\",\"valueRequired\":true,\"valueName\":\"search_term_string\"}}],\"inLanguage\":\"hu\"},{\"@type\":\"Organization\",\"@id\":\"https:\/\/hirhangya.hu\/#organization\",\"name\":\"H\u00edrhangya\",\"url\":\"https:\/\/hirhangya.hu\/\",\"logo\":{\"@type\":\"ImageObject\",\"inLanguage\":\"hu\",\"@id\":\"https:\/\/hirhangya.hu\/#\/schema\/logo\/image\/\",\"url\":\"https:\/\/hirhangya.hu\/wp-content\/uploads\/2025\/06\/cropped-cropped-hirhangya-logo-szoveges-scaled-1-e1750064323596.jpg\",\"contentUrl\":\"https:\/\/hirhangya.hu\/wp-content\/uploads\/2025\/06\/cropped-cropped-hirhangya-logo-szoveges-scaled-1-e1750064323596.jpg\",\"width\":350,\"height\":100,\"caption\":\"H\u00edrhangya\"},\"image\":{\"@id\":\"https:\/\/hirhangya.hu\/#\/schema\/logo\/image\/\"}},{\"@type\":\"Person\",\"@id\":\"https:\/\/hirhangya.hu\/#\/schema\/person\/ad1b32f6cde48eb8bc14fa7efd4d70b5\",\"name\":\"Nemes Gabor\",\"image\":{\"@type\":\"ImageObject\",\"inLanguage\":\"hu\",\"@id\":\"https:\/\/hirhangya.hu\/#\/schema\/person\/image\/\",\"url\":\"https:\/\/secure.gravatar.com\/avatar\/92c2a9c67399a3a1c5444228b3ae3f850f3218d7c18ff5ed44a84130d5b474f3?s=96&d=mm&r=g\",\"contentUrl\":\"https:\/\/secure.gravatar.com\/avatar\/92c2a9c67399a3a1c5444228b3ae3f850f3218d7c18ff5ed44a84130d5b474f3?s=96&d=mm&r=g\",\"caption\":\"Nemes Gabor\"},\"url\":\"https:\/\/hirhangya.hu\/index.php\/author\/hex324\/\"}]}<\/script>\n<!-- \/ Yoast SEO Premium plugin. -->","yoast_head_json":{"title":"Valami\u00e9rt nagyon nem akarja el\u00e1rulni L\u00e1z\u00e1r J\u00e1nos, mi\u00e9rt csak \u0151 kap osztal\u00e9kot a batidai vad\u00e1szh\u00e1z ut\u00e1n - H\u00edrhangya","robots":{"index":"index","follow":"follow","max-snippet":"max-snippet:-1","max-image-preview":"max-image-preview:large","max-video-preview":"max-video-preview:-1"},"canonical":"https:\/\/hirhangya.hu\/index.php\/2025\/06\/09\/valamiert-nagyon-nem-akarja-elarulni-lazar-janos-miert-csak-o-kap-osztalekot-a-batidai-vadaszhaz-utan\/","og_locale":"hu_HU","og_type":"article","og_title":"Valami\u00e9rt nagyon nem akarja el\u00e1rulni L\u00e1z\u00e1r J\u00e1nos, mi\u00e9rt csak \u0151 kap osztal\u00e9kot a batidai vad\u00e1szh\u00e1z ut\u00e1n","og_description":"A L\u00e1z\u00e1r J\u00e1nos r\u00e9sztulajdon\u00e1ban \u00e1ll\u00f3 Grosswiese Zrt., amely a batidai vad\u00e1szh\u00e1zat birtokolja, tavaly rekordprofitot termelt, 334 milli\u00f3 forint bev\u00e9telt \u00e9s 91 milli\u00f3 forint nyeres\u00e9get \u00e9rt el. A c\u00e9g csak L\u00e1z\u00e1r J\u00e1nosnak fizetett osztal\u00e9kot, tavaly 58 milli\u00f3 forintot, id\u00e9n pedig 47 milli\u00f3 forintot. A d\u00f6nt\u00e9st a t\u00e1rsas\u00e1g r\u00e9szv\u00e9nyesei egyhang\u00falag szavazt\u00e1k meg. A miniszter nem adott magyar\u00e1zatot [&hellip;]","og_url":"https:\/\/hirhangya.hu\/index.php\/2025\/06\/09\/valamiert-nagyon-nem-akarja-elarulni-lazar-janos-miert-csak-o-kap-osztalekot-a-batidai-vadaszhaz-utan\/","og_site_name":"H\u00edrhangya","article_published_time":"2025-06-09T21:45:50+00:00","og_image":[{"width":1024,"height":521,"url":"https:\/\/hirhangya.hu\/wp-content\/uploads\/2025\/06\/78STLaVoEp8XGW8Ps-cCBNND.png","type":"image\/png"}],"author":"Nemes Gabor","twitter_card":"summary_large_image","twitter_misc":{"Szerz\u0151:":"Nemes Gabor","Becs\u00fclt olvas\u00e1si id\u0151":"1 perc"},"schema":{"@context":"https:\/\/schema.org","@graph":[{"@type":"Article","@id":"https:\/\/hirhangya.hu\/index.php\/2025\/06\/09\/valamiert-nagyon-nem-akarja-elarulni-lazar-janos-miert-csak-o-kap-osztalekot-a-batidai-vadaszhaz-utan\/#article","isPartOf":{"@id":"https:\/\/hirhangya.hu\/index.php\/2025\/06\/09\/valamiert-nagyon-nem-akarja-elarulni-lazar-janos-miert-csak-o-kap-osztalekot-a-batidai-vadaszhaz-utan\/"},"author":{"name":"Nemes Gabor","@id":"https:\/\/hirhangya.hu\/#\/schema\/person\/ad1b32f6cde48eb8bc14fa7efd4d70b5"},"headline":"Valami\u00e9rt nagyon nem akarja el\u00e1rulni L\u00e1z\u00e1r J\u00e1nos, mi\u00e9rt csak \u0151 kap osztal\u00e9kot a batidai vad\u00e1szh\u00e1z ut\u00e1n","datePublished":"2025-06-09T21:45:50+00:00","mainEntityOfPage":{"@id":"https:\/\/hirhangya.hu\/index.php\/2025\/06\/09\/valamiert-nagyon-nem-akarja-elarulni-lazar-janos-miert-csak-o-kap-osztalekot-a-batidai-vadaszhaz-utan\/"},"wordCount":209,"commentCount":0,"publisher":{"@id":"https:\/\/hirhangya.hu\/#organization"},"image":{"@id":"https:\/\/hirhangya.hu\/index.php\/2025\/06\/09\/valamiert-nagyon-nem-akarja-elarulni-lazar-janos-miert-csak-o-kap-osztalekot-a-batidai-vadaszhaz-utan\/#primaryimage"},"thumbnailUrl":"https:\/\/hirhangya.hu\/wp-content\/uploads\/2025\/06\/78STLaVoEp8XGW8Ps-cCBNND.png","articleSection":["\u00c1ltal\u00e1nos"],"inLanguage":"hu","potentialAction":[{"@type":"CommentAction","name":"Comment","target":["https:\/\/hirhangya.hu\/index.php\/2025\/06\/09\/valamiert-nagyon-nem-akarja-elarulni-lazar-janos-miert-csak-o-kap-osztalekot-a-batidai-vadaszhaz-utan\/#respond"]}]},{"@type":"WebPage","@id":"https:\/\/hirhangya.hu\/index.php\/2025\/06\/09\/valamiert-nagyon-nem-akarja-elarulni-lazar-janos-miert-csak-o-kap-osztalekot-a-batidai-vadaszhaz-utan\/","url":"https:\/\/hirhangya.hu\/index.php\/2025\/06\/09\/valamiert-nagyon-nem-akarja-elarulni-lazar-janos-miert-csak-o-kap-osztalekot-a-batidai-vadaszhaz-utan\/","name":"Valami\u00e9rt nagyon nem akarja el\u00e1rulni L\u00e1z\u00e1r J\u00e1nos, mi\u00e9rt csak \u0151 kap osztal\u00e9kot a batidai vad\u00e1szh\u00e1z ut\u00e1n - H\u00edrhangya","isPartOf":{"@id":"https:\/\/hirhangya.hu\/#website"},"primaryImageOfPage":{"@id":"https:\/\/hirhangya.hu\/index.php\/2025\/06\/09\/valamiert-nagyon-nem-akarja-elarulni-lazar-janos-miert-csak-o-kap-osztalekot-a-batidai-vadaszhaz-utan\/#primaryimage"},"image":{"@id":"https:\/\/hirhangya.hu\/index.php\/2025\/06\/09\/valamiert-nagyon-nem-akarja-elarulni-lazar-janos-miert-csak-o-kap-osztalekot-a-batidai-vadaszhaz-utan\/#primaryimage"},"thumbnailUrl":"https:\/\/hirhangya.hu\/wp-content\/uploads\/2025\/06\/78STLaVoEp8XGW8Ps-cCBNND.png","datePublished":"2025-06-09T21:45:50+00:00","breadcrumb":{"@id":"https:\/\/hirhangya.hu\/index.php\/2025\/06\/09\/valamiert-nagyon-nem-akarja-elarulni-lazar-janos-miert-csak-o-kap-osztalekot-a-batidai-vadaszhaz-utan\/#breadcrumb"},"inLanguage":"hu","potentialAction":[{"@type":"ReadAction","target":["https:\/\/hirhangya.hu\/index.php\/2025\/06\/09\/valamiert-nagyon-nem-akarja-elarulni-lazar-janos-miert-csak-o-kap-osztalekot-a-batidai-vadaszhaz-utan\/"]}]},{"@type":"ImageObject","inLanguage":"hu","@id":"https:\/\/hirhangya.hu\/index.php\/2025\/06\/09\/valamiert-nagyon-nem-akarja-elarulni-lazar-janos-miert-csak-o-kap-osztalekot-a-batidai-vadaszhaz-utan\/#primaryimage","url":"https:\/\/hirhangya.hu\/wp-content\/uploads\/2025\/06\/78STLaVoEp8XGW8Ps-cCBNND.png","contentUrl":"https:\/\/hirhangya.hu\/wp-content\/uploads\/2025\/06\/78STLaVoEp8XGW8Ps-cCBNND.png","width":1024,"height":521},{"@type":"BreadcrumbList","@id":"https:\/\/hirhangya.hu\/index.php\/2025\/06\/09\/valamiert-nagyon-nem-akarja-elarulni-lazar-janos-miert-csak-o-kap-osztalekot-a-batidai-vadaszhaz-utan\/#breadcrumb","itemListElement":[{"@type":"ListItem","position":1,"name":"Home","item":"https:\/\/hirhangya.hu\/"},{"@type":"ListItem","position":2,"name":"Valami\u00e9rt nagyon nem akarja el\u00e1rulni L\u00e1z\u00e1r J\u00e1nos, mi\u00e9rt csak \u0151 kap osztal\u00e9kot a batidai vad\u00e1szh\u00e1z ut\u00e1n"}]},{"@type":"WebSite","@id":"https:\/\/hirhangya.hu\/#website","url":"https:\/\/hirhangya.hu\/","name":"H\u00edrhangya","description":"Szorgalmasan \u00f6sszehordjuk a legfrissebb h\u00edreket","publisher":{"@id":"https:\/\/hirhangya.hu\/#organization"},"potentialAction":[{"@type":"SearchAction","target":{"@type":"EntryPoint","urlTemplate":"https:\/\/hirhangya.hu\/?s={search_term_string}"},"query-input":{"@type":"PropertyValueSpecification","valueRequired":true,"valueName":"search_term_string"}}],"inLanguage":"hu"},{"@type":"Organization","@id":"https:\/\/hirhangya.hu\/#organization","name":"H\u00edrhangya","url":"https:\/\/hirhangya.hu\/","logo":{"@type":"ImageObject","inLanguage":"hu","@id":"https:\/\/hirhangya.hu\/#\/schema\/logo\/image\/","url":"https:\/\/hirhangya.hu\/wp-content\/uploads\/2025\/06\/cropped-cropped-hirhangya-logo-szoveges-scaled-1-e1750064323596.jpg","contentUrl":"https:\/\/hirhangya.hu\/wp-content\/uploads\/2025\/06\/cropped-cropped-hirhangya-logo-szoveges-scaled-1-e1750064323596.jpg","width":350,"height":100,"caption":"H\u00edrhangya"},"image":{"@id":"https:\/\/hirhangya.hu\/#\/schema\/logo\/image\/"}},{"@type":"Person","@id":"https:\/\/hirhangya.hu\/#\/schema\/person\/ad1b32f6cde48eb8bc14fa7efd4d70b5","name":"Nemes Gabor","image":{"@type":"ImageObject","inLanguage":"hu","@id":"https:\/\/hirhangya.hu\/#\/schema\/person\/image\/","url":"https:\/\/secure.gravatar.com\/avatar\/92c2a9c67399a3a1c5444228b3ae3f850f3218d7c18ff5ed44a84130d5b474f3?s=96&d=mm&r=g","contentUrl":"https:\/\/secure.gravatar.com\/avatar\/92c2a9c67399a3a1c5444228b3ae3f850f3218d7c18ff5ed44a84130d5b474f3?s=96&d=mm&r=g","caption":"Nemes Gabor"},"url":"https:\/\/hirhangya.hu\/index.php\/author\/hex324\/"}]}},"_links":{"self":[{"href":"https:\/\/hirhangya.hu\/index.php\/wp-json\/wp\/v2\/posts\/2001","targetHints":{"allow":["GET"]}}],"collection":[{"href":"https:\/\/hirhangya.hu\/index.php\/wp-json\/wp\/v2\/posts"}],"about":[{"href":"https:\/\/hirhangya.hu\/index.php\/wp-json\/wp\/v2\/types\/post"}],"author":[{"embeddable":true,"href":"https:\/\/hirhangya.hu\/index.php\/wp-json\/wp\/v2\/users\/2"}],"replies":[{"embeddable":true,"href":"https:\/\/hirhangya.hu\/index.php\/wp-json\/wp\/v2\/comments?post=2001"}],"version-history":[{"count":0,"href":"https:\/\/hirhangya.hu\/index.php\/wp-json\/wp\/v2\/posts\/2001\/revisions"}],"wp:featuredmedia":[{"embeddable":true,"href":"https:\/\/hirhangya.hu\/index.php\/wp-json\/wp\/v2\/media\/2002"}],"wp:attachment":[{"href":"https:\/\/hirhangya.hu\/index.php\/wp-json\/wp\/v2\/media?parent=2001"}],"wp:term":[{"taxonomy":"category","embeddable":true,"href":"https:\/\/hirhangya.hu\/index.php\/wp-json\/wp\/v2\/categories?post=2001"},{"taxonomy":"post_tag","embeddable":true,"href":"https:\/\/hirhangya.hu\/index.php\/wp-json\/wp\/v2\/tags?post=2001"}],"curies":[{"name":"wp","href":"https:\/\/api.w.org\/{rel}","templated":true}]}}