{"id":2003,"date":"2025-06-09T21:46:07","date_gmt":"2025-06-09T21:46:07","guid":{"rendered":"https:\/\/hirhangya.hu\/index.php\/2025\/06\/09\/eredmenytelen-lett-a-munkajogi-torvenyekrol-es-a-bevandorlok-allampolgarsagarol-szolo-olasz-nepszavazas\/"},"modified":"2025-06-09T21:46:07","modified_gmt":"2025-06-09T21:46:07","slug":"eredmenytelen-lett-a-munkajogi-torvenyekrol-es-a-bevandorlok-allampolgarsagarol-szolo-olasz-nepszavazas","status":"publish","type":"post","link":"https:\/\/hirhangya.hu\/index.php\/2025\/06\/09\/eredmenytelen-lett-a-munkajogi-torvenyekrol-es-a-bevandorlok-allampolgarsagarol-szolo-olasz-nepszavazas\/","title":{"rendered":"Eredm\u00e9nytelen lett a munkajogi t\u00f6rv\u00e9nyekr\u0151l \u00e9s a bev\u00e1ndorl\u00f3k \u00e1llampolg\u00e1rs\u00e1g\u00e1r\u00f3l sz\u00f3l\u00f3 olasz n\u00e9pszavaz\u00e1s"},"content":{"rendered":"<p>Olaszorsz\u00e1gban a szavaz\u00e1sra jogosultak 30,6 sz\u00e1zal\u00e9ka j\u00e1rult az urn\u00e1khoz a munkajogi t\u00f6rv\u00e9nyek m\u00f3dos\u00edt\u00e1s\u00e1r\u00f3l \u00e9s a bev\u00e1ndorl\u00f3k \u00e1llampolg\u00e1rs\u00e1gi k\u00e9relm\u00e9nek gyors\u00edt\u00e1s\u00e1r\u00f3l sz\u00f3l\u00f3 n\u00e9pszavaz\u00e1son, ami \u00e9rv\u00e9nytelenn\u00e9 tette a szavaz\u00e1st. A referendumot kezdem\u00e9nyez\u0151 CGIL szakszervezeti t\u00f6m\u00f6r\u00fcl\u00e9s f\u0151titk\u00e1ra, Maurizio Landini elismerte, hogy nem \u00e9rt\u00e9k el a kit\u0171z\u00f6tt c\u00e9lt, de pozit\u00edvnak \u00e9rt\u00e9kelte, hogy t\u00f6bb mint 14 milli\u00f3 olasz \u00e9lt a voksol\u00e1s lehet\u0151s\u00e9g\u00e9vel. A n\u00e9pszavaz\u00e1s h\u00e1rom pontja a munka t\u00f6rv\u00e9nyk\u00f6nyve m\u00f3dos\u00edt\u00e1s\u00e1ra vonatkozott, a negyedik pedig az Olaszorsz\u00e1gban tart\u00f3zkod\u00e1si \u00e9s munkav\u00e9gz\u00e9si enged\u00e9llyel \u00e9l\u0151, EU-n k\u00edv\u00fcli bev\u00e1ndorl\u00f3k eset\u00e9ben javasolta, hogy 10 helyett 5 \u00e9v ut\u00e1n k\u00e9relmezhess\u00e9k az \u00e1llampolg\u00e1rs\u00e1got. A szervez\u0151k szerint ez kb. 2,5 milli\u00f3 embert \u00e9rintett volna.<\/p>\n<p>Eredeti cikk: <a href=\"https:\/\/444.hu\/2025\/06\/09\/eredmenytelen-lett-a-munkajogi-torvenyekrol-es-a-bevandorlok-allampolgarsagarol-szolo-olasz-nepszavazas?utm_source=rss_feed&amp;utm_medium=rss&amp;utm_campaign=rss_syndication\" target=\"_blank\" class=\"feedzy-rss-link-icon\">elolvasom<\/a><\/p>\n","protected":false},"excerpt":{"rendered":"<p>Olaszorsz\u00e1gban a szavaz\u00e1sra jogosultak 30,6 sz\u00e1zal\u00e9ka j\u00e1rult az urn\u00e1khoz a munkajogi t\u00f6rv\u00e9nyek m\u00f3dos\u00edt\u00e1s\u00e1r\u00f3l \u00e9s a bev\u00e1ndorl\u00f3k \u00e1llampolg\u00e1rs\u00e1gi k\u00e9relm\u00e9nek gyors\u00edt\u00e1s\u00e1r\u00f3l sz\u00f3l\u00f3 n\u00e9pszavaz\u00e1son, ami \u00e9rv\u00e9nytelenn\u00e9 tette a szavaz\u00e1st. A referendumot kezdem\u00e9nyez\u0151 CGIL szakszervezeti t\u00f6m\u00f6r\u00fcl\u00e9s f\u0151titk\u00e1ra, Maurizio Landini elismerte, hogy nem \u00e9rt\u00e9k el a kit\u0171z\u00f6tt c\u00e9lt, de pozit\u00edvnak \u00e9rt\u00e9kelte, hogy t\u00f6bb mint 14 milli\u00f3 olasz \u00e9lt a voksol\u00e1s [&hellip;]<\/p>\n","protected":false},"author":2,"featured_media":2004,"comment_status":"open","ping_status":"open","sticky":false,"template":"","format":"standard","meta":{"footnotes":""},"categories":[147],"tags":[],"class_list":["post-2003","post","type-post","status-publish","format-standard","has-post-thumbnail","hentry","category-altalanos"],"yoast_head":"<!-- This site is optimized with the Yoast SEO Premium plugin v26.2 (Yoast SEO v26.3) - https:\/\/yoast.com\/wordpress\/plugins\/seo\/ -->\n<title>Eredm\u00e9nytelen lett a munkajogi t\u00f6rv\u00e9nyekr\u0151l \u00e9s a bev\u00e1ndorl\u00f3k \u00e1llampolg\u00e1rs\u00e1g\u00e1r\u00f3l sz\u00f3l\u00f3 olasz n\u00e9pszavaz\u00e1s - H\u00edrhangya<\/title>\n<meta name=\"robots\" content=\"index, follow, max-snippet:-1, max-image-preview:large, max-video-preview:-1\" \/>\n<link rel=\"canonical\" href=\"https:\/\/hirhangya.hu\/index.php\/2025\/06\/09\/eredmenytelen-lett-a-munkajogi-torvenyekrol-es-a-bevandorlok-allampolgarsagarol-szolo-olasz-nepszavazas\/\" \/>\n<meta property=\"og:locale\" content=\"hu_HU\" \/>\n<meta property=\"og:type\" content=\"article\" \/>\n<meta property=\"og:title\" content=\"Eredm\u00e9nytelen lett a munkajogi t\u00f6rv\u00e9nyekr\u0151l \u00e9s a bev\u00e1ndorl\u00f3k \u00e1llampolg\u00e1rs\u00e1g\u00e1r\u00f3l sz\u00f3l\u00f3 olasz n\u00e9pszavaz\u00e1s\" \/>\n<meta property=\"og:description\" content=\"Olaszorsz\u00e1gban a szavaz\u00e1sra jogosultak 30,6 sz\u00e1zal\u00e9ka j\u00e1rult az urn\u00e1khoz a munkajogi t\u00f6rv\u00e9nyek m\u00f3dos\u00edt\u00e1s\u00e1r\u00f3l \u00e9s a bev\u00e1ndorl\u00f3k \u00e1llampolg\u00e1rs\u00e1gi k\u00e9relm\u00e9nek gyors\u00edt\u00e1s\u00e1r\u00f3l sz\u00f3l\u00f3 n\u00e9pszavaz\u00e1son, ami \u00e9rv\u00e9nytelenn\u00e9 tette a szavaz\u00e1st. A referendumot kezdem\u00e9nyez\u0151 CGIL szakszervezeti t\u00f6m\u00f6r\u00fcl\u00e9s f\u0151titk\u00e1ra, Maurizio Landini elismerte, hogy nem \u00e9rt\u00e9k el a kit\u0171z\u00f6tt c\u00e9lt, de pozit\u00edvnak \u00e9rt\u00e9kelte, hogy t\u00f6bb mint 14 milli\u00f3 olasz \u00e9lt a voksol\u00e1s [&hellip;]\" \/>\n<meta property=\"og:url\" content=\"https:\/\/hirhangya.hu\/index.php\/2025\/06\/09\/eredmenytelen-lett-a-munkajogi-torvenyekrol-es-a-bevandorlok-allampolgarsagarol-szolo-olasz-nepszavazas\/\" \/>\n<meta property=\"og:site_name\" content=\"H\u00edrhangya\" \/>\n<meta property=\"article:published_time\" content=\"2025-06-09T21:46:07+00:00\" \/>\n<meta property=\"og:image\" content=\"https:\/\/hirhangya.hu\/wp-content\/uploads\/2025\/06\/8Ci0HFMwzYBlmOWGs-p1irqN.jpg\" \/>\n\t<meta property=\"og:image:width\" content=\"2000\" \/>\n\t<meta property=\"og:image:height\" content=\"1333\" \/>\n\t<meta property=\"og:image:type\" content=\"image\/jpeg\" \/>\n<meta name=\"author\" content=\"Nemes Gabor\" \/>\n<meta name=\"twitter:card\" content=\"summary_large_image\" \/>\n<meta name=\"twitter:label1\" content=\"Szerz\u0151:\" \/>\n\t<meta name=\"twitter:data1\" content=\"Nemes Gabor\" \/>\n\t<meta name=\"twitter:label2\" content=\"Becs\u00fclt olvas\u00e1si id\u0151\" \/>\n\t<meta name=\"twitter:data2\" content=\"1 perc\" \/>\n<script type=\"application\/ld+json\" class=\"yoast-schema-graph\">{\"@context\":\"https:\/\/schema.org\",\"@graph\":[{\"@type\":\"Article\",\"@id\":\"https:\/\/hirhangya.hu\/index.php\/2025\/06\/09\/eredmenytelen-lett-a-munkajogi-torvenyekrol-es-a-bevandorlok-allampolgarsagarol-szolo-olasz-nepszavazas\/#article\",\"isPartOf\":{\"@id\":\"https:\/\/hirhangya.hu\/index.php\/2025\/06\/09\/eredmenytelen-lett-a-munkajogi-torvenyekrol-es-a-bevandorlok-allampolgarsagarol-szolo-olasz-nepszavazas\/\"},\"author\":{\"name\":\"Nemes Gabor\",\"@id\":\"https:\/\/hirhangya.hu\/#\/schema\/person\/ad1b32f6cde48eb8bc14fa7efd4d70b5\"},\"headline\":\"Eredm\u00e9nytelen lett a munkajogi t\u00f6rv\u00e9nyekr\u0151l \u00e9s a bev\u00e1ndorl\u00f3k \u00e1llampolg\u00e1rs\u00e1g\u00e1r\u00f3l sz\u00f3l\u00f3 olasz n\u00e9pszavaz\u00e1s\",\"datePublished\":\"2025-06-09T21:46:07+00:00\",\"mainEntityOfPage\":{\"@id\":\"https:\/\/hirhangya.hu\/index.php\/2025\/06\/09\/eredmenytelen-lett-a-munkajogi-torvenyekrol-es-a-bevandorlok-allampolgarsagarol-szolo-olasz-nepszavazas\/\"},\"wordCount\":195,\"commentCount\":0,\"publisher\":{\"@id\":\"https:\/\/hirhangya.hu\/#organization\"},\"image\":{\"@id\":\"https:\/\/hirhangya.hu\/index.php\/2025\/06\/09\/eredmenytelen-lett-a-munkajogi-torvenyekrol-es-a-bevandorlok-allampolgarsagarol-szolo-olasz-nepszavazas\/#primaryimage\"},\"thumbnailUrl\":\"https:\/\/hirhangya.hu\/wp-content\/uploads\/2025\/06\/8Ci0HFMwzYBlmOWGs-p1irqN.jpg\",\"articleSection\":[\"\u00c1ltal\u00e1nos\"],\"inLanguage\":\"hu\",\"potentialAction\":[{\"@type\":\"CommentAction\",\"name\":\"Comment\",\"target\":[\"https:\/\/hirhangya.hu\/index.php\/2025\/06\/09\/eredmenytelen-lett-a-munkajogi-torvenyekrol-es-a-bevandorlok-allampolgarsagarol-szolo-olasz-nepszavazas\/#respond\"]}]},{\"@type\":\"WebPage\",\"@id\":\"https:\/\/hirhangya.hu\/index.php\/2025\/06\/09\/eredmenytelen-lett-a-munkajogi-torvenyekrol-es-a-bevandorlok-allampolgarsagarol-szolo-olasz-nepszavazas\/\",\"url\":\"https:\/\/hirhangya.hu\/index.php\/2025\/06\/09\/eredmenytelen-lett-a-munkajogi-torvenyekrol-es-a-bevandorlok-allampolgarsagarol-szolo-olasz-nepszavazas\/\",\"name\":\"Eredm\u00e9nytelen lett a munkajogi t\u00f6rv\u00e9nyekr\u0151l \u00e9s a bev\u00e1ndorl\u00f3k \u00e1llampolg\u00e1rs\u00e1g\u00e1r\u00f3l sz\u00f3l\u00f3 olasz n\u00e9pszavaz\u00e1s - H\u00edrhangya\",\"isPartOf\":{\"@id\":\"https:\/\/hirhangya.hu\/#website\"},\"primaryImageOfPage\":{\"@id\":\"https:\/\/hirhangya.hu\/index.php\/2025\/06\/09\/eredmenytelen-lett-a-munkajogi-torvenyekrol-es-a-bevandorlok-allampolgarsagarol-szolo-olasz-nepszavazas\/#primaryimage\"},\"image\":{\"@id\":\"https:\/\/hirhangya.hu\/index.php\/2025\/06\/09\/eredmenytelen-lett-a-munkajogi-torvenyekrol-es-a-bevandorlok-allampolgarsagarol-szolo-olasz-nepszavazas\/#primaryimage\"},\"thumbnailUrl\":\"https:\/\/hirhangya.hu\/wp-content\/uploads\/2025\/06\/8Ci0HFMwzYBlmOWGs-p1irqN.jpg\",\"datePublished\":\"2025-06-09T21:46:07+00:00\",\"breadcrumb\":{\"@id\":\"https:\/\/hirhangya.hu\/index.php\/2025\/06\/09\/eredmenytelen-lett-a-munkajogi-torvenyekrol-es-a-bevandorlok-allampolgarsagarol-szolo-olasz-nepszavazas\/#breadcrumb\"},\"inLanguage\":\"hu\",\"potentialAction\":[{\"@type\":\"ReadAction\",\"target\":[\"https:\/\/hirhangya.hu\/index.php\/2025\/06\/09\/eredmenytelen-lett-a-munkajogi-torvenyekrol-es-a-bevandorlok-allampolgarsagarol-szolo-olasz-nepszavazas\/\"]}]},{\"@type\":\"ImageObject\",\"inLanguage\":\"hu\",\"@id\":\"https:\/\/hirhangya.hu\/index.php\/2025\/06\/09\/eredmenytelen-lett-a-munkajogi-torvenyekrol-es-a-bevandorlok-allampolgarsagarol-szolo-olasz-nepszavazas\/#primaryimage\",\"url\":\"https:\/\/hirhangya.hu\/wp-content\/uploads\/2025\/06\/8Ci0HFMwzYBlmOWGs-p1irqN.jpg\",\"contentUrl\":\"https:\/\/hirhangya.hu\/wp-content\/uploads\/2025\/06\/8Ci0HFMwzYBlmOWGs-p1irqN.jpg\",\"width\":2000,\"height\":1333},{\"@type\":\"BreadcrumbList\",\"@id\":\"https:\/\/hirhangya.hu\/index.php\/2025\/06\/09\/eredmenytelen-lett-a-munkajogi-torvenyekrol-es-a-bevandorlok-allampolgarsagarol-szolo-olasz-nepszavazas\/#breadcrumb\",\"itemListElement\":[{\"@type\":\"ListItem\",\"position\":1,\"name\":\"Home\",\"item\":\"https:\/\/hirhangya.hu\/\"},{\"@type\":\"ListItem\",\"position\":2,\"name\":\"Eredm\u00e9nytelen lett a munkajogi t\u00f6rv\u00e9nyekr\u0151l \u00e9s a bev\u00e1ndorl\u00f3k \u00e1llampolg\u00e1rs\u00e1g\u00e1r\u00f3l sz\u00f3l\u00f3 olasz n\u00e9pszavaz\u00e1s\"}]},{\"@type\":\"WebSite\",\"@id\":\"https:\/\/hirhangya.hu\/#website\",\"url\":\"https:\/\/hirhangya.hu\/\",\"name\":\"H\u00edrhangya\",\"description\":\"Szorgalmasan \u00f6sszehordjuk a legfrissebb h\u00edreket\",\"publisher\":{\"@id\":\"https:\/\/hirhangya.hu\/#organization\"},\"potentialAction\":[{\"@type\":\"SearchAction\",\"target\":{\"@type\":\"EntryPoint\",\"urlTemplate\":\"https:\/\/hirhangya.hu\/?s={search_term_string}\"},\"query-input\":{\"@type\":\"PropertyValueSpecification\",\"valueRequired\":true,\"valueName\":\"search_term_string\"}}],\"inLanguage\":\"hu\"},{\"@type\":\"Organization\",\"@id\":\"https:\/\/hirhangya.hu\/#organization\",\"name\":\"H\u00edrhangya\",\"url\":\"https:\/\/hirhangya.hu\/\",\"logo\":{\"@type\":\"ImageObject\",\"inLanguage\":\"hu\",\"@id\":\"https:\/\/hirhangya.hu\/#\/schema\/logo\/image\/\",\"url\":\"https:\/\/hirhangya.hu\/wp-content\/uploads\/2025\/06\/cropped-cropped-hirhangya-logo-szoveges-scaled-1-e1750064323596.jpg\",\"contentUrl\":\"https:\/\/hirhangya.hu\/wp-content\/uploads\/2025\/06\/cropped-cropped-hirhangya-logo-szoveges-scaled-1-e1750064323596.jpg\",\"width\":350,\"height\":100,\"caption\":\"H\u00edrhangya\"},\"image\":{\"@id\":\"https:\/\/hirhangya.hu\/#\/schema\/logo\/image\/\"}},{\"@type\":\"Person\",\"@id\":\"https:\/\/hirhangya.hu\/#\/schema\/person\/ad1b32f6cde48eb8bc14fa7efd4d70b5\",\"name\":\"Nemes Gabor\",\"image\":{\"@type\":\"ImageObject\",\"inLanguage\":\"hu\",\"@id\":\"https:\/\/hirhangya.hu\/#\/schema\/person\/image\/\",\"url\":\"https:\/\/secure.gravatar.com\/avatar\/92c2a9c67399a3a1c5444228b3ae3f850f3218d7c18ff5ed44a84130d5b474f3?s=96&d=mm&r=g\",\"contentUrl\":\"https:\/\/secure.gravatar.com\/avatar\/92c2a9c67399a3a1c5444228b3ae3f850f3218d7c18ff5ed44a84130d5b474f3?s=96&d=mm&r=g\",\"caption\":\"Nemes Gabor\"},\"url\":\"https:\/\/hirhangya.hu\/index.php\/author\/hex324\/\"}]}<\/script>\n<!-- \/ Yoast SEO Premium plugin. -->","yoast_head_json":{"title":"Eredm\u00e9nytelen lett a munkajogi t\u00f6rv\u00e9nyekr\u0151l \u00e9s a bev\u00e1ndorl\u00f3k \u00e1llampolg\u00e1rs\u00e1g\u00e1r\u00f3l sz\u00f3l\u00f3 olasz n\u00e9pszavaz\u00e1s - H\u00edrhangya","robots":{"index":"index","follow":"follow","max-snippet":"max-snippet:-1","max-image-preview":"max-image-preview:large","max-video-preview":"max-video-preview:-1"},"canonical":"https:\/\/hirhangya.hu\/index.php\/2025\/06\/09\/eredmenytelen-lett-a-munkajogi-torvenyekrol-es-a-bevandorlok-allampolgarsagarol-szolo-olasz-nepszavazas\/","og_locale":"hu_HU","og_type":"article","og_title":"Eredm\u00e9nytelen lett a munkajogi t\u00f6rv\u00e9nyekr\u0151l \u00e9s a bev\u00e1ndorl\u00f3k \u00e1llampolg\u00e1rs\u00e1g\u00e1r\u00f3l sz\u00f3l\u00f3 olasz n\u00e9pszavaz\u00e1s","og_description":"Olaszorsz\u00e1gban a szavaz\u00e1sra jogosultak 30,6 sz\u00e1zal\u00e9ka j\u00e1rult az urn\u00e1khoz a munkajogi t\u00f6rv\u00e9nyek m\u00f3dos\u00edt\u00e1s\u00e1r\u00f3l \u00e9s a bev\u00e1ndorl\u00f3k \u00e1llampolg\u00e1rs\u00e1gi k\u00e9relm\u00e9nek gyors\u00edt\u00e1s\u00e1r\u00f3l sz\u00f3l\u00f3 n\u00e9pszavaz\u00e1son, ami \u00e9rv\u00e9nytelenn\u00e9 tette a szavaz\u00e1st. A referendumot kezdem\u00e9nyez\u0151 CGIL szakszervezeti t\u00f6m\u00f6r\u00fcl\u00e9s f\u0151titk\u00e1ra, Maurizio Landini elismerte, hogy nem \u00e9rt\u00e9k el a kit\u0171z\u00f6tt c\u00e9lt, de pozit\u00edvnak \u00e9rt\u00e9kelte, hogy t\u00f6bb mint 14 milli\u00f3 olasz \u00e9lt a voksol\u00e1s [&hellip;]","og_url":"https:\/\/hirhangya.hu\/index.php\/2025\/06\/09\/eredmenytelen-lett-a-munkajogi-torvenyekrol-es-a-bevandorlok-allampolgarsagarol-szolo-olasz-nepszavazas\/","og_site_name":"H\u00edrhangya","article_published_time":"2025-06-09T21:46:07+00:00","og_image":[{"width":2000,"height":1333,"url":"https:\/\/hirhangya.hu\/wp-content\/uploads\/2025\/06\/8Ci0HFMwzYBlmOWGs-p1irqN.jpg","type":"image\/jpeg"}],"author":"Nemes Gabor","twitter_card":"summary_large_image","twitter_misc":{"Szerz\u0151:":"Nemes Gabor","Becs\u00fclt olvas\u00e1si id\u0151":"1 perc"},"schema":{"@context":"https:\/\/schema.org","@graph":[{"@type":"Article","@id":"https:\/\/hirhangya.hu\/index.php\/2025\/06\/09\/eredmenytelen-lett-a-munkajogi-torvenyekrol-es-a-bevandorlok-allampolgarsagarol-szolo-olasz-nepszavazas\/#article","isPartOf":{"@id":"https:\/\/hirhangya.hu\/index.php\/2025\/06\/09\/eredmenytelen-lett-a-munkajogi-torvenyekrol-es-a-bevandorlok-allampolgarsagarol-szolo-olasz-nepszavazas\/"},"author":{"name":"Nemes Gabor","@id":"https:\/\/hirhangya.hu\/#\/schema\/person\/ad1b32f6cde48eb8bc14fa7efd4d70b5"},"headline":"Eredm\u00e9nytelen lett a munkajogi t\u00f6rv\u00e9nyekr\u0151l \u00e9s a bev\u00e1ndorl\u00f3k \u00e1llampolg\u00e1rs\u00e1g\u00e1r\u00f3l sz\u00f3l\u00f3 olasz n\u00e9pszavaz\u00e1s","datePublished":"2025-06-09T21:46:07+00:00","mainEntityOfPage":{"@id":"https:\/\/hirhangya.hu\/index.php\/2025\/06\/09\/eredmenytelen-lett-a-munkajogi-torvenyekrol-es-a-bevandorlok-allampolgarsagarol-szolo-olasz-nepszavazas\/"},"wordCount":195,"commentCount":0,"publisher":{"@id":"https:\/\/hirhangya.hu\/#organization"},"image":{"@id":"https:\/\/hirhangya.hu\/index.php\/2025\/06\/09\/eredmenytelen-lett-a-munkajogi-torvenyekrol-es-a-bevandorlok-allampolgarsagarol-szolo-olasz-nepszavazas\/#primaryimage"},"thumbnailUrl":"https:\/\/hirhangya.hu\/wp-content\/uploads\/2025\/06\/8Ci0HFMwzYBlmOWGs-p1irqN.jpg","articleSection":["\u00c1ltal\u00e1nos"],"inLanguage":"hu","potentialAction":[{"@type":"CommentAction","name":"Comment","target":["https:\/\/hirhangya.hu\/index.php\/2025\/06\/09\/eredmenytelen-lett-a-munkajogi-torvenyekrol-es-a-bevandorlok-allampolgarsagarol-szolo-olasz-nepszavazas\/#respond"]}]},{"@type":"WebPage","@id":"https:\/\/hirhangya.hu\/index.php\/2025\/06\/09\/eredmenytelen-lett-a-munkajogi-torvenyekrol-es-a-bevandorlok-allampolgarsagarol-szolo-olasz-nepszavazas\/","url":"https:\/\/hirhangya.hu\/index.php\/2025\/06\/09\/eredmenytelen-lett-a-munkajogi-torvenyekrol-es-a-bevandorlok-allampolgarsagarol-szolo-olasz-nepszavazas\/","name":"Eredm\u00e9nytelen lett a munkajogi t\u00f6rv\u00e9nyekr\u0151l \u00e9s a bev\u00e1ndorl\u00f3k \u00e1llampolg\u00e1rs\u00e1g\u00e1r\u00f3l sz\u00f3l\u00f3 olasz n\u00e9pszavaz\u00e1s - H\u00edrhangya","isPartOf":{"@id":"https:\/\/hirhangya.hu\/#website"},"primaryImageOfPage":{"@id":"https:\/\/hirhangya.hu\/index.php\/2025\/06\/09\/eredmenytelen-lett-a-munkajogi-torvenyekrol-es-a-bevandorlok-allampolgarsagarol-szolo-olasz-nepszavazas\/#primaryimage"},"image":{"@id":"https:\/\/hirhangya.hu\/index.php\/2025\/06\/09\/eredmenytelen-lett-a-munkajogi-torvenyekrol-es-a-bevandorlok-allampolgarsagarol-szolo-olasz-nepszavazas\/#primaryimage"},"thumbnailUrl":"https:\/\/hirhangya.hu\/wp-content\/uploads\/2025\/06\/8Ci0HFMwzYBlmOWGs-p1irqN.jpg","datePublished":"2025-06-09T21:46:07+00:00","breadcrumb":{"@id":"https:\/\/hirhangya.hu\/index.php\/2025\/06\/09\/eredmenytelen-lett-a-munkajogi-torvenyekrol-es-a-bevandorlok-allampolgarsagarol-szolo-olasz-nepszavazas\/#breadcrumb"},"inLanguage":"hu","potentialAction":[{"@type":"ReadAction","target":["https:\/\/hirhangya.hu\/index.php\/2025\/06\/09\/eredmenytelen-lett-a-munkajogi-torvenyekrol-es-a-bevandorlok-allampolgarsagarol-szolo-olasz-nepszavazas\/"]}]},{"@type":"ImageObject","inLanguage":"hu","@id":"https:\/\/hirhangya.hu\/index.php\/2025\/06\/09\/eredmenytelen-lett-a-munkajogi-torvenyekrol-es-a-bevandorlok-allampolgarsagarol-szolo-olasz-nepszavazas\/#primaryimage","url":"https:\/\/hirhangya.hu\/wp-content\/uploads\/2025\/06\/8Ci0HFMwzYBlmOWGs-p1irqN.jpg","contentUrl":"https:\/\/hirhangya.hu\/wp-content\/uploads\/2025\/06\/8Ci0HFMwzYBlmOWGs-p1irqN.jpg","width":2000,"height":1333},{"@type":"BreadcrumbList","@id":"https:\/\/hirhangya.hu\/index.php\/2025\/06\/09\/eredmenytelen-lett-a-munkajogi-torvenyekrol-es-a-bevandorlok-allampolgarsagarol-szolo-olasz-nepszavazas\/#breadcrumb","itemListElement":[{"@type":"ListItem","position":1,"name":"Home","item":"https:\/\/hirhangya.hu\/"},{"@type":"ListItem","position":2,"name":"Eredm\u00e9nytelen lett a munkajogi t\u00f6rv\u00e9nyekr\u0151l \u00e9s a bev\u00e1ndorl\u00f3k \u00e1llampolg\u00e1rs\u00e1g\u00e1r\u00f3l sz\u00f3l\u00f3 olasz n\u00e9pszavaz\u00e1s"}]},{"@type":"WebSite","@id":"https:\/\/hirhangya.hu\/#website","url":"https:\/\/hirhangya.hu\/","name":"H\u00edrhangya","description":"Szorgalmasan \u00f6sszehordjuk a legfrissebb h\u00edreket","publisher":{"@id":"https:\/\/hirhangya.hu\/#organization"},"potentialAction":[{"@type":"SearchAction","target":{"@type":"EntryPoint","urlTemplate":"https:\/\/hirhangya.hu\/?s={search_term_string}"},"query-input":{"@type":"PropertyValueSpecification","valueRequired":true,"valueName":"search_term_string"}}],"inLanguage":"hu"},{"@type":"Organization","@id":"https:\/\/hirhangya.hu\/#organization","name":"H\u00edrhangya","url":"https:\/\/hirhangya.hu\/","logo":{"@type":"ImageObject","inLanguage":"hu","@id":"https:\/\/hirhangya.hu\/#\/schema\/logo\/image\/","url":"https:\/\/hirhangya.hu\/wp-content\/uploads\/2025\/06\/cropped-cropped-hirhangya-logo-szoveges-scaled-1-e1750064323596.jpg","contentUrl":"https:\/\/hirhangya.hu\/wp-content\/uploads\/2025\/06\/cropped-cropped-hirhangya-logo-szoveges-scaled-1-e1750064323596.jpg","width":350,"height":100,"caption":"H\u00edrhangya"},"image":{"@id":"https:\/\/hirhangya.hu\/#\/schema\/logo\/image\/"}},{"@type":"Person","@id":"https:\/\/hirhangya.hu\/#\/schema\/person\/ad1b32f6cde48eb8bc14fa7efd4d70b5","name":"Nemes Gabor","image":{"@type":"ImageObject","inLanguage":"hu","@id":"https:\/\/hirhangya.hu\/#\/schema\/person\/image\/","url":"https:\/\/secure.gravatar.com\/avatar\/92c2a9c67399a3a1c5444228b3ae3f850f3218d7c18ff5ed44a84130d5b474f3?s=96&d=mm&r=g","contentUrl":"https:\/\/secure.gravatar.com\/avatar\/92c2a9c67399a3a1c5444228b3ae3f850f3218d7c18ff5ed44a84130d5b474f3?s=96&d=mm&r=g","caption":"Nemes Gabor"},"url":"https:\/\/hirhangya.hu\/index.php\/author\/hex324\/"}]}},"_links":{"self":[{"href":"https:\/\/hirhangya.hu\/index.php\/wp-json\/wp\/v2\/posts\/2003","targetHints":{"allow":["GET"]}}],"collection":[{"href":"https:\/\/hirhangya.hu\/index.php\/wp-json\/wp\/v2\/posts"}],"about":[{"href":"https:\/\/hirhangya.hu\/index.php\/wp-json\/wp\/v2\/types\/post"}],"author":[{"embeddable":true,"href":"https:\/\/hirhangya.hu\/index.php\/wp-json\/wp\/v2\/users\/2"}],"replies":[{"embeddable":true,"href":"https:\/\/hirhangya.hu\/index.php\/wp-json\/wp\/v2\/comments?post=2003"}],"version-history":[{"count":0,"href":"https:\/\/hirhangya.hu\/index.php\/wp-json\/wp\/v2\/posts\/2003\/revisions"}],"wp:featuredmedia":[{"embeddable":true,"href":"https:\/\/hirhangya.hu\/index.php\/wp-json\/wp\/v2\/media\/2004"}],"wp:attachment":[{"href":"https:\/\/hirhangya.hu\/index.php\/wp-json\/wp\/v2\/media?parent=2003"}],"wp:term":[{"taxonomy":"category","embeddable":true,"href":"https:\/\/hirhangya.hu\/index.php\/wp-json\/wp\/v2\/categories?post=2003"},{"taxonomy":"post_tag","embeddable":true,"href":"https:\/\/hirhangya.hu\/index.php\/wp-json\/wp\/v2\/tags?post=2003"}],"curies":[{"name":"wp","href":"https:\/\/api.w.org\/{rel}","templated":true}]}}