{"id":2372,"date":"2025-06-11T09:14:48","date_gmt":"2025-06-11T09:14:48","guid":{"rendered":"https:\/\/hirhangya.hu\/index.php\/2025\/06\/11\/osszecsaptak-a-tuntetok-a-rendorokkel-az-eszak-irorszagi-varosban-ahol-ket-napja-tartanak-a-zavargasok\/"},"modified":"2025-06-11T09:14:48","modified_gmt":"2025-06-11T09:14:48","slug":"osszecsaptak-a-tuntetok-a-rendorokkel-az-eszak-irorszagi-varosban-ahol-ket-napja-tartanak-a-zavargasok","status":"publish","type":"post","link":"https:\/\/hirhangya.hu\/index.php\/2025\/06\/11\/osszecsaptak-a-tuntetok-a-rendorokkel-az-eszak-irorszagi-varosban-ahol-ket-napja-tartanak-a-zavargasok\/","title":{"rendered":"\u00d6sszecsaptak a t\u00fcntet\u0151k a rend\u0151r\u00f6kkel az \u00e9szak-\u00edrorsz\u00e1gi v\u00e1rosban, ahol k\u00e9t napja tartanak a zavarg\u00e1sok"},"content":{"rendered":"<p>Molotov-kokt\u00e9llal, t\u00e9gl\u00e1kkal \u00e9s pet\u00e1rd\u00e1kkal dob\u00e1lt\u00e1k a rend\u0151r\u00f6ket kedden Ballymena v\u00e1ros\u00e1ban a rendbont\u00e1sok \u00fajabb \u00e9jszak\u00e1j\u00e1n. A rend\u0151rs\u00e9g gumibotokkal \u00e9s v\u00edz\u00e1gy\u00faval oszlatta sz\u00e9t a t\u00fcntet\u0151ket, akik aut\u00f3kat gy\u00fajtottak fel, \u00e9s t\u00f6bb h\u00e1z ablak\u00e1t is bet\u00f6rt\u00e9k. A rend\u0151rs\u00e9g k\u00f6zl\u00e9se szerint tizenh\u00e9t rend\u0151r s\u00e9r\u00fclt meg az \u00e9jszaka folyam\u00e1n, h\u00e9tf\u0151n pedig tov\u00e1bbi tizen\u00f6ten.A tiltakoz\u00e1s azt k\u00f6vet\u0151en bontakozott ki, hogy k\u00e9t fi\u00fat b\u00edr\u00f3s\u00e1g el\u00e9 \u00e1ll\u00edtottak egy tinil\u00e1ny ellen elk\u00f6vetett s\u00falyos szexu\u00e1lis t\u00e1mad\u00e1s miatt. A rend\u0151rs\u00e9g vas\u00e1rnap jelentette be, hogy nyomoz\u00f3k k\u00e9t tin\u00e9dzser fi\u00fat v\u00e1doltak meg az \u00fcgyben. A zavarg\u00e1sokban pedig most nemcsak az unionist\u00e1k, hanem a katolikus \u00edrek is r\u00e9szt vesznek. Az elk\u00f6vet\u0151kr\u0151l ugyanis az terjed, hogy bev\u00e1ndorl\u00f3k voltak. T\u00f6bb bejegyz\u00e9s szerint is rom\u00e1n tolm\u00e1csot k\u00e9rtek a rend\u0151rs\u00e9gi elj\u00e1r\u00e1s sor\u00e1n, ez\u00e9rt az eset most egy\u00e9rtelm\u0171en bev\u00e1ndorl\u00e1s-ellenes t\u00fcntet\u00e9sbe torkollt.A rend\u0151rs\u00e9g \u201erasszista huliganizmusnak\u201d nevezte a t\u00f6rt\u00e9nteket. \u00dagy t\u0171nik, hogy a ked\u00e9lyek mostanra kiss\u00e9 megnyugodtak, de szerda reggel rend\u0151raut\u00f3kat l\u00e1ttak j\u00e1r\u0151r\u00f6zni Ballymen\u00e1ban, mik\u00f6zben a t\u0171zolt\u00f3k eloltottak egy kisebb t\u00fczet egy fal m\u00f6g\u00f6tt a Clonavon Road k\u00f6zel\u00e9ben. Keir Starmer minisztereln\u00f6k sz\u00f3viv\u0151je kedden \u201enagyon aggaszt\u00f3nak\u201d nevezte a ballymenai esem\u00e9nyeket.(via BBC)<\/p>\n<p>Eredeti cikk: <a href=\"https:\/\/444.hu\/2025\/06\/11\/osszecsaptak-a-tuntetok-a-rendorokkel-az-eszak-irorszagi-varosban-ahol-ket-napja-tartanak-a-zavargasok?utm_source=rss_feed&amp;utm_medium=rss&amp;utm_campaign=rss_syndication\" target=\"_blank\" class=\"feedzy-rss-link-icon\">elolvasom<\/a><\/p>\n","protected":false},"excerpt":{"rendered":"<p>Molotov-kokt\u00e9llal, t\u00e9gl\u00e1kkal \u00e9s pet\u00e1rd\u00e1kkal dob\u00e1lt\u00e1k a rend\u0151r\u00f6ket kedden Ballymena v\u00e1ros\u00e1ban a rendbont\u00e1sok \u00fajabb \u00e9jszak\u00e1j\u00e1n. A rend\u0151rs\u00e9g gumibotokkal \u00e9s v\u00edz\u00e1gy\u00faval oszlatta sz\u00e9t a t\u00fcntet\u0151ket, akik aut\u00f3kat gy\u00fajtottak fel, \u00e9s t\u00f6bb h\u00e1z ablak\u00e1t is bet\u00f6rt\u00e9k. A rend\u0151rs\u00e9g k\u00f6zl\u00e9se szerint tizenh\u00e9t rend\u0151r s\u00e9r\u00fclt meg az \u00e9jszaka folyam\u00e1n, h\u00e9tf\u0151n pedig tov\u00e1bbi tizen\u00f6ten.A tiltakoz\u00e1s azt k\u00f6vet\u0151en bontakozott ki, hogy k\u00e9t [&hellip;]<\/p>\n","protected":false},"author":2,"featured_media":2373,"comment_status":"open","ping_status":"open","sticky":false,"template":"","format":"standard","meta":{"footnotes":""},"categories":[147],"tags":[],"class_list":["post-2372","post","type-post","status-publish","format-standard","has-post-thumbnail","hentry","category-altalanos"],"yoast_head":"<!-- This site is optimized with the Yoast SEO Premium plugin v26.2 (Yoast SEO v26.3) - https:\/\/yoast.com\/wordpress\/plugins\/seo\/ -->\n<title>\u00d6sszecsaptak a t\u00fcntet\u0151k a rend\u0151r\u00f6kkel az \u00e9szak-\u00edrorsz\u00e1gi v\u00e1rosban, ahol k\u00e9t napja tartanak a zavarg\u00e1sok - H\u00edrhangya<\/title>\n<meta name=\"robots\" content=\"index, follow, max-snippet:-1, max-image-preview:large, max-video-preview:-1\" \/>\n<link rel=\"canonical\" href=\"https:\/\/hirhangya.hu\/index.php\/2025\/06\/11\/osszecsaptak-a-tuntetok-a-rendorokkel-az-eszak-irorszagi-varosban-ahol-ket-napja-tartanak-a-zavargasok\/\" \/>\n<meta property=\"og:locale\" content=\"hu_HU\" \/>\n<meta property=\"og:type\" content=\"article\" \/>\n<meta property=\"og:title\" content=\"\u00d6sszecsaptak a t\u00fcntet\u0151k a rend\u0151r\u00f6kkel az \u00e9szak-\u00edrorsz\u00e1gi v\u00e1rosban, ahol k\u00e9t napja tartanak a zavarg\u00e1sok\" \/>\n<meta property=\"og:description\" content=\"Molotov-kokt\u00e9llal, t\u00e9gl\u00e1kkal \u00e9s pet\u00e1rd\u00e1kkal dob\u00e1lt\u00e1k a rend\u0151r\u00f6ket kedden Ballymena v\u00e1ros\u00e1ban a rendbont\u00e1sok \u00fajabb \u00e9jszak\u00e1j\u00e1n. A rend\u0151rs\u00e9g gumibotokkal \u00e9s v\u00edz\u00e1gy\u00faval oszlatta sz\u00e9t a t\u00fcntet\u0151ket, akik aut\u00f3kat gy\u00fajtottak fel, \u00e9s t\u00f6bb h\u00e1z ablak\u00e1t is bet\u00f6rt\u00e9k. A rend\u0151rs\u00e9g k\u00f6zl\u00e9se szerint tizenh\u00e9t rend\u0151r s\u00e9r\u00fclt meg az \u00e9jszaka folyam\u00e1n, h\u00e9tf\u0151n pedig tov\u00e1bbi tizen\u00f6ten.A tiltakoz\u00e1s azt k\u00f6vet\u0151en bontakozott ki, hogy k\u00e9t [&hellip;]\" \/>\n<meta property=\"og:url\" content=\"https:\/\/hirhangya.hu\/index.php\/2025\/06\/11\/osszecsaptak-a-tuntetok-a-rendorokkel-az-eszak-irorszagi-varosban-ahol-ket-napja-tartanak-a-zavargasok\/\" \/>\n<meta property=\"og:site_name\" content=\"H\u00edrhangya\" \/>\n<meta property=\"article:published_time\" content=\"2025-06-11T09:14:48+00:00\" \/>\n<meta property=\"og:image\" content=\"https:\/\/hirhangya.hu\/wp-content\/uploads\/2025\/06\/8CkWnlAdjgJf1RAxRs-UOgFgm.jpg\" \/>\n\t<meta property=\"og:image:width\" content=\"2000\" \/>\n\t<meta property=\"og:image:height\" content=\"1333\" \/>\n\t<meta property=\"og:image:type\" content=\"image\/jpeg\" \/>\n<meta name=\"author\" content=\"Nemes Gabor\" \/>\n<meta name=\"twitter:card\" content=\"summary_large_image\" \/>\n<meta name=\"twitter:label1\" content=\"Szerz\u0151:\" \/>\n\t<meta name=\"twitter:data1\" content=\"Nemes Gabor\" \/>\n\t<meta name=\"twitter:label2\" content=\"Becs\u00fclt olvas\u00e1si id\u0151\" \/>\n\t<meta name=\"twitter:data2\" content=\"1 perc\" \/>\n<script type=\"application\/ld+json\" class=\"yoast-schema-graph\">{\"@context\":\"https:\/\/schema.org\",\"@graph\":[{\"@type\":\"Article\",\"@id\":\"https:\/\/hirhangya.hu\/index.php\/2025\/06\/11\/osszecsaptak-a-tuntetok-a-rendorokkel-az-eszak-irorszagi-varosban-ahol-ket-napja-tartanak-a-zavargasok\/#article\",\"isPartOf\":{\"@id\":\"https:\/\/hirhangya.hu\/index.php\/2025\/06\/11\/osszecsaptak-a-tuntetok-a-rendorokkel-az-eszak-irorszagi-varosban-ahol-ket-napja-tartanak-a-zavargasok\/\"},\"author\":{\"name\":\"Nemes Gabor\",\"@id\":\"https:\/\/hirhangya.hu\/#\/schema\/person\/ad1b32f6cde48eb8bc14fa7efd4d70b5\"},\"headline\":\"\u00d6sszecsaptak a t\u00fcntet\u0151k a rend\u0151r\u00f6kkel az \u00e9szak-\u00edrorsz\u00e1gi v\u00e1rosban, ahol k\u00e9t napja tartanak a zavarg\u00e1sok\",\"datePublished\":\"2025-06-11T09:14:48+00:00\",\"mainEntityOfPage\":{\"@id\":\"https:\/\/hirhangya.hu\/index.php\/2025\/06\/11\/osszecsaptak-a-tuntetok-a-rendorokkel-az-eszak-irorszagi-varosban-ahol-ket-napja-tartanak-a-zavargasok\/\"},\"wordCount\":314,\"commentCount\":0,\"publisher\":{\"@id\":\"https:\/\/hirhangya.hu\/#organization\"},\"image\":{\"@id\":\"https:\/\/hirhangya.hu\/index.php\/2025\/06\/11\/osszecsaptak-a-tuntetok-a-rendorokkel-az-eszak-irorszagi-varosban-ahol-ket-napja-tartanak-a-zavargasok\/#primaryimage\"},\"thumbnailUrl\":\"https:\/\/hirhangya.hu\/wp-content\/uploads\/2025\/06\/8CkWnlAdjgJf1RAxRs-UOgFgm.jpg\",\"articleSection\":[\"\u00c1ltal\u00e1nos\"],\"inLanguage\":\"hu\",\"potentialAction\":[{\"@type\":\"CommentAction\",\"name\":\"Comment\",\"target\":[\"https:\/\/hirhangya.hu\/index.php\/2025\/06\/11\/osszecsaptak-a-tuntetok-a-rendorokkel-az-eszak-irorszagi-varosban-ahol-ket-napja-tartanak-a-zavargasok\/#respond\"]}]},{\"@type\":\"WebPage\",\"@id\":\"https:\/\/hirhangya.hu\/index.php\/2025\/06\/11\/osszecsaptak-a-tuntetok-a-rendorokkel-az-eszak-irorszagi-varosban-ahol-ket-napja-tartanak-a-zavargasok\/\",\"url\":\"https:\/\/hirhangya.hu\/index.php\/2025\/06\/11\/osszecsaptak-a-tuntetok-a-rendorokkel-az-eszak-irorszagi-varosban-ahol-ket-napja-tartanak-a-zavargasok\/\",\"name\":\"\u00d6sszecsaptak a t\u00fcntet\u0151k a rend\u0151r\u00f6kkel az \u00e9szak-\u00edrorsz\u00e1gi v\u00e1rosban, ahol k\u00e9t napja tartanak a zavarg\u00e1sok - H\u00edrhangya\",\"isPartOf\":{\"@id\":\"https:\/\/hirhangya.hu\/#website\"},\"primaryImageOfPage\":{\"@id\":\"https:\/\/hirhangya.hu\/index.php\/2025\/06\/11\/osszecsaptak-a-tuntetok-a-rendorokkel-az-eszak-irorszagi-varosban-ahol-ket-napja-tartanak-a-zavargasok\/#primaryimage\"},\"image\":{\"@id\":\"https:\/\/hirhangya.hu\/index.php\/2025\/06\/11\/osszecsaptak-a-tuntetok-a-rendorokkel-az-eszak-irorszagi-varosban-ahol-ket-napja-tartanak-a-zavargasok\/#primaryimage\"},\"thumbnailUrl\":\"https:\/\/hirhangya.hu\/wp-content\/uploads\/2025\/06\/8CkWnlAdjgJf1RAxRs-UOgFgm.jpg\",\"datePublished\":\"2025-06-11T09:14:48+00:00\",\"breadcrumb\":{\"@id\":\"https:\/\/hirhangya.hu\/index.php\/2025\/06\/11\/osszecsaptak-a-tuntetok-a-rendorokkel-az-eszak-irorszagi-varosban-ahol-ket-napja-tartanak-a-zavargasok\/#breadcrumb\"},\"inLanguage\":\"hu\",\"potentialAction\":[{\"@type\":\"ReadAction\",\"target\":[\"https:\/\/hirhangya.hu\/index.php\/2025\/06\/11\/osszecsaptak-a-tuntetok-a-rendorokkel-az-eszak-irorszagi-varosban-ahol-ket-napja-tartanak-a-zavargasok\/\"]}]},{\"@type\":\"ImageObject\",\"inLanguage\":\"hu\",\"@id\":\"https:\/\/hirhangya.hu\/index.php\/2025\/06\/11\/osszecsaptak-a-tuntetok-a-rendorokkel-az-eszak-irorszagi-varosban-ahol-ket-napja-tartanak-a-zavargasok\/#primaryimage\",\"url\":\"https:\/\/hirhangya.hu\/wp-content\/uploads\/2025\/06\/8CkWnlAdjgJf1RAxRs-UOgFgm.jpg\",\"contentUrl\":\"https:\/\/hirhangya.hu\/wp-content\/uploads\/2025\/06\/8CkWnlAdjgJf1RAxRs-UOgFgm.jpg\",\"width\":2000,\"height\":1333},{\"@type\":\"BreadcrumbList\",\"@id\":\"https:\/\/hirhangya.hu\/index.php\/2025\/06\/11\/osszecsaptak-a-tuntetok-a-rendorokkel-az-eszak-irorszagi-varosban-ahol-ket-napja-tartanak-a-zavargasok\/#breadcrumb\",\"itemListElement\":[{\"@type\":\"ListItem\",\"position\":1,\"name\":\"Home\",\"item\":\"https:\/\/hirhangya.hu\/\"},{\"@type\":\"ListItem\",\"position\":2,\"name\":\"\u00d6sszecsaptak a t\u00fcntet\u0151k a rend\u0151r\u00f6kkel az \u00e9szak-\u00edrorsz\u00e1gi v\u00e1rosban, ahol k\u00e9t napja tartanak a zavarg\u00e1sok\"}]},{\"@type\":\"WebSite\",\"@id\":\"https:\/\/hirhangya.hu\/#website\",\"url\":\"https:\/\/hirhangya.hu\/\",\"name\":\"H\u00edrhangya\",\"description\":\"Szorgalmasan \u00f6sszehordjuk a legfrissebb h\u00edreket\",\"publisher\":{\"@id\":\"https:\/\/hirhangya.hu\/#organization\"},\"potentialAction\":[{\"@type\":\"SearchAction\",\"target\":{\"@type\":\"EntryPoint\",\"urlTemplate\":\"https:\/\/hirhangya.hu\/?s={search_term_string}\"},\"query-input\":{\"@type\":\"PropertyValueSpecification\",\"valueRequired\":true,\"valueName\":\"search_term_string\"}}],\"inLanguage\":\"hu\"},{\"@type\":\"Organization\",\"@id\":\"https:\/\/hirhangya.hu\/#organization\",\"name\":\"H\u00edrhangya\",\"url\":\"https:\/\/hirhangya.hu\/\",\"logo\":{\"@type\":\"ImageObject\",\"inLanguage\":\"hu\",\"@id\":\"https:\/\/hirhangya.hu\/#\/schema\/logo\/image\/\",\"url\":\"https:\/\/hirhangya.hu\/wp-content\/uploads\/2025\/06\/cropped-cropped-hirhangya-logo-szoveges-scaled-1-e1750064323596.jpg\",\"contentUrl\":\"https:\/\/hirhangya.hu\/wp-content\/uploads\/2025\/06\/cropped-cropped-hirhangya-logo-szoveges-scaled-1-e1750064323596.jpg\",\"width\":350,\"height\":100,\"caption\":\"H\u00edrhangya\"},\"image\":{\"@id\":\"https:\/\/hirhangya.hu\/#\/schema\/logo\/image\/\"}},{\"@type\":\"Person\",\"@id\":\"https:\/\/hirhangya.hu\/#\/schema\/person\/ad1b32f6cde48eb8bc14fa7efd4d70b5\",\"name\":\"Nemes Gabor\",\"image\":{\"@type\":\"ImageObject\",\"inLanguage\":\"hu\",\"@id\":\"https:\/\/hirhangya.hu\/#\/schema\/person\/image\/\",\"url\":\"https:\/\/secure.gravatar.com\/avatar\/92c2a9c67399a3a1c5444228b3ae3f850f3218d7c18ff5ed44a84130d5b474f3?s=96&d=mm&r=g\",\"contentUrl\":\"https:\/\/secure.gravatar.com\/avatar\/92c2a9c67399a3a1c5444228b3ae3f850f3218d7c18ff5ed44a84130d5b474f3?s=96&d=mm&r=g\",\"caption\":\"Nemes Gabor\"},\"url\":\"https:\/\/hirhangya.hu\/index.php\/author\/hex324\/\"}]}<\/script>\n<!-- \/ Yoast SEO Premium plugin. -->","yoast_head_json":{"title":"\u00d6sszecsaptak a t\u00fcntet\u0151k a rend\u0151r\u00f6kkel az \u00e9szak-\u00edrorsz\u00e1gi v\u00e1rosban, ahol k\u00e9t napja tartanak a zavarg\u00e1sok - H\u00edrhangya","robots":{"index":"index","follow":"follow","max-snippet":"max-snippet:-1","max-image-preview":"max-image-preview:large","max-video-preview":"max-video-preview:-1"},"canonical":"https:\/\/hirhangya.hu\/index.php\/2025\/06\/11\/osszecsaptak-a-tuntetok-a-rendorokkel-az-eszak-irorszagi-varosban-ahol-ket-napja-tartanak-a-zavargasok\/","og_locale":"hu_HU","og_type":"article","og_title":"\u00d6sszecsaptak a t\u00fcntet\u0151k a rend\u0151r\u00f6kkel az \u00e9szak-\u00edrorsz\u00e1gi v\u00e1rosban, ahol k\u00e9t napja tartanak a zavarg\u00e1sok","og_description":"Molotov-kokt\u00e9llal, t\u00e9gl\u00e1kkal \u00e9s pet\u00e1rd\u00e1kkal dob\u00e1lt\u00e1k a rend\u0151r\u00f6ket kedden Ballymena v\u00e1ros\u00e1ban a rendbont\u00e1sok \u00fajabb \u00e9jszak\u00e1j\u00e1n. A rend\u0151rs\u00e9g gumibotokkal \u00e9s v\u00edz\u00e1gy\u00faval oszlatta sz\u00e9t a t\u00fcntet\u0151ket, akik aut\u00f3kat gy\u00fajtottak fel, \u00e9s t\u00f6bb h\u00e1z ablak\u00e1t is bet\u00f6rt\u00e9k. A rend\u0151rs\u00e9g k\u00f6zl\u00e9se szerint tizenh\u00e9t rend\u0151r s\u00e9r\u00fclt meg az \u00e9jszaka folyam\u00e1n, h\u00e9tf\u0151n pedig tov\u00e1bbi tizen\u00f6ten.A tiltakoz\u00e1s azt k\u00f6vet\u0151en bontakozott ki, hogy k\u00e9t [&hellip;]","og_url":"https:\/\/hirhangya.hu\/index.php\/2025\/06\/11\/osszecsaptak-a-tuntetok-a-rendorokkel-az-eszak-irorszagi-varosban-ahol-ket-napja-tartanak-a-zavargasok\/","og_site_name":"H\u00edrhangya","article_published_time":"2025-06-11T09:14:48+00:00","og_image":[{"width":2000,"height":1333,"url":"https:\/\/hirhangya.hu\/wp-content\/uploads\/2025\/06\/8CkWnlAdjgJf1RAxRs-UOgFgm.jpg","type":"image\/jpeg"}],"author":"Nemes Gabor","twitter_card":"summary_large_image","twitter_misc":{"Szerz\u0151:":"Nemes Gabor","Becs\u00fclt olvas\u00e1si id\u0151":"1 perc"},"schema":{"@context":"https:\/\/schema.org","@graph":[{"@type":"Article","@id":"https:\/\/hirhangya.hu\/index.php\/2025\/06\/11\/osszecsaptak-a-tuntetok-a-rendorokkel-az-eszak-irorszagi-varosban-ahol-ket-napja-tartanak-a-zavargasok\/#article","isPartOf":{"@id":"https:\/\/hirhangya.hu\/index.php\/2025\/06\/11\/osszecsaptak-a-tuntetok-a-rendorokkel-az-eszak-irorszagi-varosban-ahol-ket-napja-tartanak-a-zavargasok\/"},"author":{"name":"Nemes Gabor","@id":"https:\/\/hirhangya.hu\/#\/schema\/person\/ad1b32f6cde48eb8bc14fa7efd4d70b5"},"headline":"\u00d6sszecsaptak a t\u00fcntet\u0151k a rend\u0151r\u00f6kkel az \u00e9szak-\u00edrorsz\u00e1gi v\u00e1rosban, ahol k\u00e9t napja tartanak a zavarg\u00e1sok","datePublished":"2025-06-11T09:14:48+00:00","mainEntityOfPage":{"@id":"https:\/\/hirhangya.hu\/index.php\/2025\/06\/11\/osszecsaptak-a-tuntetok-a-rendorokkel-az-eszak-irorszagi-varosban-ahol-ket-napja-tartanak-a-zavargasok\/"},"wordCount":314,"commentCount":0,"publisher":{"@id":"https:\/\/hirhangya.hu\/#organization"},"image":{"@id":"https:\/\/hirhangya.hu\/index.php\/2025\/06\/11\/osszecsaptak-a-tuntetok-a-rendorokkel-az-eszak-irorszagi-varosban-ahol-ket-napja-tartanak-a-zavargasok\/#primaryimage"},"thumbnailUrl":"https:\/\/hirhangya.hu\/wp-content\/uploads\/2025\/06\/8CkWnlAdjgJf1RAxRs-UOgFgm.jpg","articleSection":["\u00c1ltal\u00e1nos"],"inLanguage":"hu","potentialAction":[{"@type":"CommentAction","name":"Comment","target":["https:\/\/hirhangya.hu\/index.php\/2025\/06\/11\/osszecsaptak-a-tuntetok-a-rendorokkel-az-eszak-irorszagi-varosban-ahol-ket-napja-tartanak-a-zavargasok\/#respond"]}]},{"@type":"WebPage","@id":"https:\/\/hirhangya.hu\/index.php\/2025\/06\/11\/osszecsaptak-a-tuntetok-a-rendorokkel-az-eszak-irorszagi-varosban-ahol-ket-napja-tartanak-a-zavargasok\/","url":"https:\/\/hirhangya.hu\/index.php\/2025\/06\/11\/osszecsaptak-a-tuntetok-a-rendorokkel-az-eszak-irorszagi-varosban-ahol-ket-napja-tartanak-a-zavargasok\/","name":"\u00d6sszecsaptak a t\u00fcntet\u0151k a rend\u0151r\u00f6kkel az \u00e9szak-\u00edrorsz\u00e1gi v\u00e1rosban, ahol k\u00e9t napja tartanak a zavarg\u00e1sok - H\u00edrhangya","isPartOf":{"@id":"https:\/\/hirhangya.hu\/#website"},"primaryImageOfPage":{"@id":"https:\/\/hirhangya.hu\/index.php\/2025\/06\/11\/osszecsaptak-a-tuntetok-a-rendorokkel-az-eszak-irorszagi-varosban-ahol-ket-napja-tartanak-a-zavargasok\/#primaryimage"},"image":{"@id":"https:\/\/hirhangya.hu\/index.php\/2025\/06\/11\/osszecsaptak-a-tuntetok-a-rendorokkel-az-eszak-irorszagi-varosban-ahol-ket-napja-tartanak-a-zavargasok\/#primaryimage"},"thumbnailUrl":"https:\/\/hirhangya.hu\/wp-content\/uploads\/2025\/06\/8CkWnlAdjgJf1RAxRs-UOgFgm.jpg","datePublished":"2025-06-11T09:14:48+00:00","breadcrumb":{"@id":"https:\/\/hirhangya.hu\/index.php\/2025\/06\/11\/osszecsaptak-a-tuntetok-a-rendorokkel-az-eszak-irorszagi-varosban-ahol-ket-napja-tartanak-a-zavargasok\/#breadcrumb"},"inLanguage":"hu","potentialAction":[{"@type":"ReadAction","target":["https:\/\/hirhangya.hu\/index.php\/2025\/06\/11\/osszecsaptak-a-tuntetok-a-rendorokkel-az-eszak-irorszagi-varosban-ahol-ket-napja-tartanak-a-zavargasok\/"]}]},{"@type":"ImageObject","inLanguage":"hu","@id":"https:\/\/hirhangya.hu\/index.php\/2025\/06\/11\/osszecsaptak-a-tuntetok-a-rendorokkel-az-eszak-irorszagi-varosban-ahol-ket-napja-tartanak-a-zavargasok\/#primaryimage","url":"https:\/\/hirhangya.hu\/wp-content\/uploads\/2025\/06\/8CkWnlAdjgJf1RAxRs-UOgFgm.jpg","contentUrl":"https:\/\/hirhangya.hu\/wp-content\/uploads\/2025\/06\/8CkWnlAdjgJf1RAxRs-UOgFgm.jpg","width":2000,"height":1333},{"@type":"BreadcrumbList","@id":"https:\/\/hirhangya.hu\/index.php\/2025\/06\/11\/osszecsaptak-a-tuntetok-a-rendorokkel-az-eszak-irorszagi-varosban-ahol-ket-napja-tartanak-a-zavargasok\/#breadcrumb","itemListElement":[{"@type":"ListItem","position":1,"name":"Home","item":"https:\/\/hirhangya.hu\/"},{"@type":"ListItem","position":2,"name":"\u00d6sszecsaptak a t\u00fcntet\u0151k a rend\u0151r\u00f6kkel az \u00e9szak-\u00edrorsz\u00e1gi v\u00e1rosban, ahol k\u00e9t napja tartanak a zavarg\u00e1sok"}]},{"@type":"WebSite","@id":"https:\/\/hirhangya.hu\/#website","url":"https:\/\/hirhangya.hu\/","name":"H\u00edrhangya","description":"Szorgalmasan \u00f6sszehordjuk a legfrissebb h\u00edreket","publisher":{"@id":"https:\/\/hirhangya.hu\/#organization"},"potentialAction":[{"@type":"SearchAction","target":{"@type":"EntryPoint","urlTemplate":"https:\/\/hirhangya.hu\/?s={search_term_string}"},"query-input":{"@type":"PropertyValueSpecification","valueRequired":true,"valueName":"search_term_string"}}],"inLanguage":"hu"},{"@type":"Organization","@id":"https:\/\/hirhangya.hu\/#organization","name":"H\u00edrhangya","url":"https:\/\/hirhangya.hu\/","logo":{"@type":"ImageObject","inLanguage":"hu","@id":"https:\/\/hirhangya.hu\/#\/schema\/logo\/image\/","url":"https:\/\/hirhangya.hu\/wp-content\/uploads\/2025\/06\/cropped-cropped-hirhangya-logo-szoveges-scaled-1-e1750064323596.jpg","contentUrl":"https:\/\/hirhangya.hu\/wp-content\/uploads\/2025\/06\/cropped-cropped-hirhangya-logo-szoveges-scaled-1-e1750064323596.jpg","width":350,"height":100,"caption":"H\u00edrhangya"},"image":{"@id":"https:\/\/hirhangya.hu\/#\/schema\/logo\/image\/"}},{"@type":"Person","@id":"https:\/\/hirhangya.hu\/#\/schema\/person\/ad1b32f6cde48eb8bc14fa7efd4d70b5","name":"Nemes Gabor","image":{"@type":"ImageObject","inLanguage":"hu","@id":"https:\/\/hirhangya.hu\/#\/schema\/person\/image\/","url":"https:\/\/secure.gravatar.com\/avatar\/92c2a9c67399a3a1c5444228b3ae3f850f3218d7c18ff5ed44a84130d5b474f3?s=96&d=mm&r=g","contentUrl":"https:\/\/secure.gravatar.com\/avatar\/92c2a9c67399a3a1c5444228b3ae3f850f3218d7c18ff5ed44a84130d5b474f3?s=96&d=mm&r=g","caption":"Nemes Gabor"},"url":"https:\/\/hirhangya.hu\/index.php\/author\/hex324\/"}]}},"_links":{"self":[{"href":"https:\/\/hirhangya.hu\/index.php\/wp-json\/wp\/v2\/posts\/2372","targetHints":{"allow":["GET"]}}],"collection":[{"href":"https:\/\/hirhangya.hu\/index.php\/wp-json\/wp\/v2\/posts"}],"about":[{"href":"https:\/\/hirhangya.hu\/index.php\/wp-json\/wp\/v2\/types\/post"}],"author":[{"embeddable":true,"href":"https:\/\/hirhangya.hu\/index.php\/wp-json\/wp\/v2\/users\/2"}],"replies":[{"embeddable":true,"href":"https:\/\/hirhangya.hu\/index.php\/wp-json\/wp\/v2\/comments?post=2372"}],"version-history":[{"count":0,"href":"https:\/\/hirhangya.hu\/index.php\/wp-json\/wp\/v2\/posts\/2372\/revisions"}],"wp:featuredmedia":[{"embeddable":true,"href":"https:\/\/hirhangya.hu\/index.php\/wp-json\/wp\/v2\/media\/2373"}],"wp:attachment":[{"href":"https:\/\/hirhangya.hu\/index.php\/wp-json\/wp\/v2\/media?parent=2372"}],"wp:term":[{"taxonomy":"category","embeddable":true,"href":"https:\/\/hirhangya.hu\/index.php\/wp-json\/wp\/v2\/categories?post=2372"},{"taxonomy":"post_tag","embeddable":true,"href":"https:\/\/hirhangya.hu\/index.php\/wp-json\/wp\/v2\/tags?post=2372"}],"curies":[{"name":"wp","href":"https:\/\/api.w.org\/{rel}","templated":true}]}}