{"id":2376,"date":"2025-06-11T09:14:51","date_gmt":"2025-06-11T09:14:51","guid":{"rendered":"https:\/\/hirhangya.hu\/index.php\/2025\/06\/11\/uj-susu-szobor-kerult-csukas-istvan-sirjara\/"},"modified":"2025-06-11T09:14:51","modified_gmt":"2025-06-11T09:14:51","slug":"uj-susu-szobor-kerult-csukas-istvan-sirjara","status":"publish","type":"post","link":"https:\/\/hirhangya.hu\/index.php\/2025\/06\/11\/uj-susu-szobor-kerult-csukas-istvan-sirjara\/","title":{"rendered":"\u00daj S\u00fcs\u00fc-szobor ker\u00fclt Csuk\u00e1s Istv\u00e1n s\u00edrj\u00e1ra"},"content":{"rendered":"<p>\u00daj S\u00fcs\u00fc-szobor ker\u00fclt Csuk\u00e1s Istv\u00e1n s\u00edrj\u00e1ra a Farkasr\u00e9ti temet\u0151ben, az ellopott alkot\u00e1s hely\u00e9re \u2013 t\u00e1j\u00e9koztatta Porga J\u00f3zsef, az \u00edr\u00f3 egyik \u00f6r\u00f6k\u00f6se az MTI-t.A s\u00edrr\u00f3l 2024 december\u00e9ben t\u0171nt el az el\u0151z\u0151 bronzszobor. A csal\u00e1d akkor ismeretlen tettes ellen tett feljelent\u00e9st, a vizsg\u00e1lat febru\u00e1rban z\u00e1rult eredm\u00e9nytelen\u00fcl. A szobrot most \u00fajra legy\u00e1rtatt\u00e1k, \u00e9s \u00fagy helyezt\u00e9k vissza a s\u00edrra, hogy azt \u201ebiztons\u00e1gi elemekkel l\u00e1tt\u00e1k el\u201d.<\/p>\n<p>Eredeti cikk: <a href=\"https:\/\/444.hu\/2025\/06\/11\/uj-susu-szobor-kerult-csukas-istvan-sirjara?utm_source=rss_feed&amp;utm_medium=rss&amp;utm_campaign=rss_syndication\" target=\"_blank\" class=\"feedzy-rss-link-icon\">elolvasom<\/a><\/p>\n","protected":false},"excerpt":{"rendered":"<p>\u00daj S\u00fcs\u00fc-szobor ker\u00fclt Csuk\u00e1s Istv\u00e1n s\u00edrj\u00e1ra a Farkasr\u00e9ti temet\u0151ben, az ellopott alkot\u00e1s hely\u00e9re \u2013 t\u00e1j\u00e9koztatta Porga J\u00f3zsef, az \u00edr\u00f3 egyik \u00f6r\u00f6k\u00f6se az MTI-t.A s\u00edrr\u00f3l 2024 december\u00e9ben t\u0171nt el az el\u0151z\u0151 bronzszobor. A csal\u00e1d akkor ismeretlen tettes ellen tett feljelent\u00e9st, a vizsg\u00e1lat febru\u00e1rban z\u00e1rult eredm\u00e9nytelen\u00fcl. A szobrot most \u00fajra legy\u00e1rtatt\u00e1k, \u00e9s \u00fagy helyezt\u00e9k vissza a s\u00edrra, [&hellip;]<\/p>\n","protected":false},"author":2,"featured_media":2377,"comment_status":"open","ping_status":"open","sticky":false,"template":"","format":"standard","meta":{"footnotes":""},"categories":[147],"tags":[],"class_list":["post-2376","post","type-post","status-publish","format-standard","has-post-thumbnail","hentry","category-altalanos"],"yoast_head":"<!-- This site is optimized with the Yoast SEO Premium plugin v26.2 (Yoast SEO v26.3) - https:\/\/yoast.com\/wordpress\/plugins\/seo\/ -->\n<title>\u00daj S\u00fcs\u00fc-szobor ker\u00fclt Csuk\u00e1s Istv\u00e1n s\u00edrj\u00e1ra - H\u00edrhangya<\/title>\n<meta name=\"robots\" content=\"index, follow, max-snippet:-1, max-image-preview:large, max-video-preview:-1\" \/>\n<link rel=\"canonical\" href=\"https:\/\/hirhangya.hu\/index.php\/2025\/06\/11\/uj-susu-szobor-kerult-csukas-istvan-sirjara\/\" \/>\n<meta property=\"og:locale\" content=\"hu_HU\" \/>\n<meta property=\"og:type\" content=\"article\" \/>\n<meta property=\"og:title\" content=\"\u00daj S\u00fcs\u00fc-szobor ker\u00fclt Csuk\u00e1s Istv\u00e1n s\u00edrj\u00e1ra\" \/>\n<meta property=\"og:description\" content=\"\u00daj S\u00fcs\u00fc-szobor ker\u00fclt Csuk\u00e1s Istv\u00e1n s\u00edrj\u00e1ra a Farkasr\u00e9ti temet\u0151ben, az ellopott alkot\u00e1s hely\u00e9re \u2013 t\u00e1j\u00e9koztatta Porga J\u00f3zsef, az \u00edr\u00f3 egyik \u00f6r\u00f6k\u00f6se az MTI-t.A s\u00edrr\u00f3l 2024 december\u00e9ben t\u0171nt el az el\u0151z\u0151 bronzszobor. A csal\u00e1d akkor ismeretlen tettes ellen tett feljelent\u00e9st, a vizsg\u00e1lat febru\u00e1rban z\u00e1rult eredm\u00e9nytelen\u00fcl. A szobrot most \u00fajra legy\u00e1rtatt\u00e1k, \u00e9s \u00fagy helyezt\u00e9k vissza a s\u00edrra, [&hellip;]\" \/>\n<meta property=\"og:url\" content=\"https:\/\/hirhangya.hu\/index.php\/2025\/06\/11\/uj-susu-szobor-kerult-csukas-istvan-sirjara\/\" \/>\n<meta property=\"og:site_name\" content=\"H\u00edrhangya\" \/>\n<meta property=\"article:published_time\" content=\"2025-06-11T09:14:51+00:00\" \/>\n<meta property=\"og:image\" content=\"https:\/\/hirhangya.hu\/wp-content\/uploads\/2025\/06\/882LrGLF2itUJDIns-jhP2cv.jpg\" \/>\n\t<meta property=\"og:image:width\" content=\"1191\" \/>\n\t<meta property=\"og:image:height\" content=\"1165\" \/>\n\t<meta property=\"og:image:type\" content=\"image\/jpeg\" \/>\n<meta name=\"author\" content=\"Nemes Gabor\" \/>\n<meta name=\"twitter:card\" content=\"summary_large_image\" \/>\n<meta name=\"twitter:label1\" content=\"Szerz\u0151:\" \/>\n\t<meta name=\"twitter:data1\" content=\"Nemes Gabor\" \/>\n<script type=\"application\/ld+json\" class=\"yoast-schema-graph\">{\"@context\":\"https:\/\/schema.org\",\"@graph\":[{\"@type\":\"Article\",\"@id\":\"https:\/\/hirhangya.hu\/index.php\/2025\/06\/11\/uj-susu-szobor-kerult-csukas-istvan-sirjara\/#article\",\"isPartOf\":{\"@id\":\"https:\/\/hirhangya.hu\/index.php\/2025\/06\/11\/uj-susu-szobor-kerult-csukas-istvan-sirjara\/\"},\"author\":{\"name\":\"Nemes Gabor\",\"@id\":\"https:\/\/hirhangya.hu\/#\/schema\/person\/ad1b32f6cde48eb8bc14fa7efd4d70b5\"},\"headline\":\"\u00daj S\u00fcs\u00fc-szobor ker\u00fclt Csuk\u00e1s Istv\u00e1n s\u00edrj\u00e1ra\",\"datePublished\":\"2025-06-11T09:14:51+00:00\",\"mainEntityOfPage\":{\"@id\":\"https:\/\/hirhangya.hu\/index.php\/2025\/06\/11\/uj-susu-szobor-kerult-csukas-istvan-sirjara\/\"},\"wordCount\":111,\"commentCount\":0,\"publisher\":{\"@id\":\"https:\/\/hirhangya.hu\/#organization\"},\"image\":{\"@id\":\"https:\/\/hirhangya.hu\/index.php\/2025\/06\/11\/uj-susu-szobor-kerult-csukas-istvan-sirjara\/#primaryimage\"},\"thumbnailUrl\":\"https:\/\/hirhangya.hu\/wp-content\/uploads\/2025\/06\/882LrGLF2itUJDIns-jhP2cv.jpg\",\"articleSection\":[\"\u00c1ltal\u00e1nos\"],\"inLanguage\":\"hu\",\"potentialAction\":[{\"@type\":\"CommentAction\",\"name\":\"Comment\",\"target\":[\"https:\/\/hirhangya.hu\/index.php\/2025\/06\/11\/uj-susu-szobor-kerult-csukas-istvan-sirjara\/#respond\"]}]},{\"@type\":\"WebPage\",\"@id\":\"https:\/\/hirhangya.hu\/index.php\/2025\/06\/11\/uj-susu-szobor-kerult-csukas-istvan-sirjara\/\",\"url\":\"https:\/\/hirhangya.hu\/index.php\/2025\/06\/11\/uj-susu-szobor-kerult-csukas-istvan-sirjara\/\",\"name\":\"\u00daj S\u00fcs\u00fc-szobor ker\u00fclt Csuk\u00e1s Istv\u00e1n s\u00edrj\u00e1ra - H\u00edrhangya\",\"isPartOf\":{\"@id\":\"https:\/\/hirhangya.hu\/#website\"},\"primaryImageOfPage\":{\"@id\":\"https:\/\/hirhangya.hu\/index.php\/2025\/06\/11\/uj-susu-szobor-kerult-csukas-istvan-sirjara\/#primaryimage\"},\"image\":{\"@id\":\"https:\/\/hirhangya.hu\/index.php\/2025\/06\/11\/uj-susu-szobor-kerult-csukas-istvan-sirjara\/#primaryimage\"},\"thumbnailUrl\":\"https:\/\/hirhangya.hu\/wp-content\/uploads\/2025\/06\/882LrGLF2itUJDIns-jhP2cv.jpg\",\"datePublished\":\"2025-06-11T09:14:51+00:00\",\"breadcrumb\":{\"@id\":\"https:\/\/hirhangya.hu\/index.php\/2025\/06\/11\/uj-susu-szobor-kerult-csukas-istvan-sirjara\/#breadcrumb\"},\"inLanguage\":\"hu\",\"potentialAction\":[{\"@type\":\"ReadAction\",\"target\":[\"https:\/\/hirhangya.hu\/index.php\/2025\/06\/11\/uj-susu-szobor-kerult-csukas-istvan-sirjara\/\"]}]},{\"@type\":\"ImageObject\",\"inLanguage\":\"hu\",\"@id\":\"https:\/\/hirhangya.hu\/index.php\/2025\/06\/11\/uj-susu-szobor-kerult-csukas-istvan-sirjara\/#primaryimage\",\"url\":\"https:\/\/hirhangya.hu\/wp-content\/uploads\/2025\/06\/882LrGLF2itUJDIns-jhP2cv.jpg\",\"contentUrl\":\"https:\/\/hirhangya.hu\/wp-content\/uploads\/2025\/06\/882LrGLF2itUJDIns-jhP2cv.jpg\",\"width\":1191,\"height\":1165},{\"@type\":\"BreadcrumbList\",\"@id\":\"https:\/\/hirhangya.hu\/index.php\/2025\/06\/11\/uj-susu-szobor-kerult-csukas-istvan-sirjara\/#breadcrumb\",\"itemListElement\":[{\"@type\":\"ListItem\",\"position\":1,\"name\":\"Home\",\"item\":\"https:\/\/hirhangya.hu\/\"},{\"@type\":\"ListItem\",\"position\":2,\"name\":\"\u00daj S\u00fcs\u00fc-szobor ker\u00fclt Csuk\u00e1s Istv\u00e1n s\u00edrj\u00e1ra\"}]},{\"@type\":\"WebSite\",\"@id\":\"https:\/\/hirhangya.hu\/#website\",\"url\":\"https:\/\/hirhangya.hu\/\",\"name\":\"H\u00edrhangya\",\"description\":\"Szorgalmasan \u00f6sszehordjuk a legfrissebb h\u00edreket\",\"publisher\":{\"@id\":\"https:\/\/hirhangya.hu\/#organization\"},\"potentialAction\":[{\"@type\":\"SearchAction\",\"target\":{\"@type\":\"EntryPoint\",\"urlTemplate\":\"https:\/\/hirhangya.hu\/?s={search_term_string}\"},\"query-input\":{\"@type\":\"PropertyValueSpecification\",\"valueRequired\":true,\"valueName\":\"search_term_string\"}}],\"inLanguage\":\"hu\"},{\"@type\":\"Organization\",\"@id\":\"https:\/\/hirhangya.hu\/#organization\",\"name\":\"H\u00edrhangya\",\"url\":\"https:\/\/hirhangya.hu\/\",\"logo\":{\"@type\":\"ImageObject\",\"inLanguage\":\"hu\",\"@id\":\"https:\/\/hirhangya.hu\/#\/schema\/logo\/image\/\",\"url\":\"https:\/\/hirhangya.hu\/wp-content\/uploads\/2025\/06\/cropped-cropped-hirhangya-logo-szoveges-scaled-1-e1750064323596.jpg\",\"contentUrl\":\"https:\/\/hirhangya.hu\/wp-content\/uploads\/2025\/06\/cropped-cropped-hirhangya-logo-szoveges-scaled-1-e1750064323596.jpg\",\"width\":350,\"height\":100,\"caption\":\"H\u00edrhangya\"},\"image\":{\"@id\":\"https:\/\/hirhangya.hu\/#\/schema\/logo\/image\/\"}},{\"@type\":\"Person\",\"@id\":\"https:\/\/hirhangya.hu\/#\/schema\/person\/ad1b32f6cde48eb8bc14fa7efd4d70b5\",\"name\":\"Nemes Gabor\",\"image\":{\"@type\":\"ImageObject\",\"inLanguage\":\"hu\",\"@id\":\"https:\/\/hirhangya.hu\/#\/schema\/person\/image\/\",\"url\":\"https:\/\/secure.gravatar.com\/avatar\/92c2a9c67399a3a1c5444228b3ae3f850f3218d7c18ff5ed44a84130d5b474f3?s=96&d=mm&r=g\",\"contentUrl\":\"https:\/\/secure.gravatar.com\/avatar\/92c2a9c67399a3a1c5444228b3ae3f850f3218d7c18ff5ed44a84130d5b474f3?s=96&d=mm&r=g\",\"caption\":\"Nemes Gabor\"},\"url\":\"https:\/\/hirhangya.hu\/index.php\/author\/hex324\/\"}]}<\/script>\n<!-- \/ Yoast SEO Premium plugin. -->","yoast_head_json":{"title":"\u00daj S\u00fcs\u00fc-szobor ker\u00fclt Csuk\u00e1s Istv\u00e1n s\u00edrj\u00e1ra - H\u00edrhangya","robots":{"index":"index","follow":"follow","max-snippet":"max-snippet:-1","max-image-preview":"max-image-preview:large","max-video-preview":"max-video-preview:-1"},"canonical":"https:\/\/hirhangya.hu\/index.php\/2025\/06\/11\/uj-susu-szobor-kerult-csukas-istvan-sirjara\/","og_locale":"hu_HU","og_type":"article","og_title":"\u00daj S\u00fcs\u00fc-szobor ker\u00fclt Csuk\u00e1s Istv\u00e1n s\u00edrj\u00e1ra","og_description":"\u00daj S\u00fcs\u00fc-szobor ker\u00fclt Csuk\u00e1s Istv\u00e1n s\u00edrj\u00e1ra a Farkasr\u00e9ti temet\u0151ben, az ellopott alkot\u00e1s hely\u00e9re \u2013 t\u00e1j\u00e9koztatta Porga J\u00f3zsef, az \u00edr\u00f3 egyik \u00f6r\u00f6k\u00f6se az MTI-t.A s\u00edrr\u00f3l 2024 december\u00e9ben t\u0171nt el az el\u0151z\u0151 bronzszobor. A csal\u00e1d akkor ismeretlen tettes ellen tett feljelent\u00e9st, a vizsg\u00e1lat febru\u00e1rban z\u00e1rult eredm\u00e9nytelen\u00fcl. A szobrot most \u00fajra legy\u00e1rtatt\u00e1k, \u00e9s \u00fagy helyezt\u00e9k vissza a s\u00edrra, [&hellip;]","og_url":"https:\/\/hirhangya.hu\/index.php\/2025\/06\/11\/uj-susu-szobor-kerult-csukas-istvan-sirjara\/","og_site_name":"H\u00edrhangya","article_published_time":"2025-06-11T09:14:51+00:00","og_image":[{"width":1191,"height":1165,"url":"https:\/\/hirhangya.hu\/wp-content\/uploads\/2025\/06\/882LrGLF2itUJDIns-jhP2cv.jpg","type":"image\/jpeg"}],"author":"Nemes Gabor","twitter_card":"summary_large_image","twitter_misc":{"Szerz\u0151:":"Nemes Gabor"},"schema":{"@context":"https:\/\/schema.org","@graph":[{"@type":"Article","@id":"https:\/\/hirhangya.hu\/index.php\/2025\/06\/11\/uj-susu-szobor-kerult-csukas-istvan-sirjara\/#article","isPartOf":{"@id":"https:\/\/hirhangya.hu\/index.php\/2025\/06\/11\/uj-susu-szobor-kerult-csukas-istvan-sirjara\/"},"author":{"name":"Nemes Gabor","@id":"https:\/\/hirhangya.hu\/#\/schema\/person\/ad1b32f6cde48eb8bc14fa7efd4d70b5"},"headline":"\u00daj S\u00fcs\u00fc-szobor ker\u00fclt Csuk\u00e1s Istv\u00e1n s\u00edrj\u00e1ra","datePublished":"2025-06-11T09:14:51+00:00","mainEntityOfPage":{"@id":"https:\/\/hirhangya.hu\/index.php\/2025\/06\/11\/uj-susu-szobor-kerult-csukas-istvan-sirjara\/"},"wordCount":111,"commentCount":0,"publisher":{"@id":"https:\/\/hirhangya.hu\/#organization"},"image":{"@id":"https:\/\/hirhangya.hu\/index.php\/2025\/06\/11\/uj-susu-szobor-kerult-csukas-istvan-sirjara\/#primaryimage"},"thumbnailUrl":"https:\/\/hirhangya.hu\/wp-content\/uploads\/2025\/06\/882LrGLF2itUJDIns-jhP2cv.jpg","articleSection":["\u00c1ltal\u00e1nos"],"inLanguage":"hu","potentialAction":[{"@type":"CommentAction","name":"Comment","target":["https:\/\/hirhangya.hu\/index.php\/2025\/06\/11\/uj-susu-szobor-kerult-csukas-istvan-sirjara\/#respond"]}]},{"@type":"WebPage","@id":"https:\/\/hirhangya.hu\/index.php\/2025\/06\/11\/uj-susu-szobor-kerult-csukas-istvan-sirjara\/","url":"https:\/\/hirhangya.hu\/index.php\/2025\/06\/11\/uj-susu-szobor-kerult-csukas-istvan-sirjara\/","name":"\u00daj S\u00fcs\u00fc-szobor ker\u00fclt Csuk\u00e1s Istv\u00e1n s\u00edrj\u00e1ra - H\u00edrhangya","isPartOf":{"@id":"https:\/\/hirhangya.hu\/#website"},"primaryImageOfPage":{"@id":"https:\/\/hirhangya.hu\/index.php\/2025\/06\/11\/uj-susu-szobor-kerult-csukas-istvan-sirjara\/#primaryimage"},"image":{"@id":"https:\/\/hirhangya.hu\/index.php\/2025\/06\/11\/uj-susu-szobor-kerult-csukas-istvan-sirjara\/#primaryimage"},"thumbnailUrl":"https:\/\/hirhangya.hu\/wp-content\/uploads\/2025\/06\/882LrGLF2itUJDIns-jhP2cv.jpg","datePublished":"2025-06-11T09:14:51+00:00","breadcrumb":{"@id":"https:\/\/hirhangya.hu\/index.php\/2025\/06\/11\/uj-susu-szobor-kerult-csukas-istvan-sirjara\/#breadcrumb"},"inLanguage":"hu","potentialAction":[{"@type":"ReadAction","target":["https:\/\/hirhangya.hu\/index.php\/2025\/06\/11\/uj-susu-szobor-kerult-csukas-istvan-sirjara\/"]}]},{"@type":"ImageObject","inLanguage":"hu","@id":"https:\/\/hirhangya.hu\/index.php\/2025\/06\/11\/uj-susu-szobor-kerult-csukas-istvan-sirjara\/#primaryimage","url":"https:\/\/hirhangya.hu\/wp-content\/uploads\/2025\/06\/882LrGLF2itUJDIns-jhP2cv.jpg","contentUrl":"https:\/\/hirhangya.hu\/wp-content\/uploads\/2025\/06\/882LrGLF2itUJDIns-jhP2cv.jpg","width":1191,"height":1165},{"@type":"BreadcrumbList","@id":"https:\/\/hirhangya.hu\/index.php\/2025\/06\/11\/uj-susu-szobor-kerult-csukas-istvan-sirjara\/#breadcrumb","itemListElement":[{"@type":"ListItem","position":1,"name":"Home","item":"https:\/\/hirhangya.hu\/"},{"@type":"ListItem","position":2,"name":"\u00daj S\u00fcs\u00fc-szobor ker\u00fclt Csuk\u00e1s Istv\u00e1n s\u00edrj\u00e1ra"}]},{"@type":"WebSite","@id":"https:\/\/hirhangya.hu\/#website","url":"https:\/\/hirhangya.hu\/","name":"H\u00edrhangya","description":"Szorgalmasan \u00f6sszehordjuk a legfrissebb h\u00edreket","publisher":{"@id":"https:\/\/hirhangya.hu\/#organization"},"potentialAction":[{"@type":"SearchAction","target":{"@type":"EntryPoint","urlTemplate":"https:\/\/hirhangya.hu\/?s={search_term_string}"},"query-input":{"@type":"PropertyValueSpecification","valueRequired":true,"valueName":"search_term_string"}}],"inLanguage":"hu"},{"@type":"Organization","@id":"https:\/\/hirhangya.hu\/#organization","name":"H\u00edrhangya","url":"https:\/\/hirhangya.hu\/","logo":{"@type":"ImageObject","inLanguage":"hu","@id":"https:\/\/hirhangya.hu\/#\/schema\/logo\/image\/","url":"https:\/\/hirhangya.hu\/wp-content\/uploads\/2025\/06\/cropped-cropped-hirhangya-logo-szoveges-scaled-1-e1750064323596.jpg","contentUrl":"https:\/\/hirhangya.hu\/wp-content\/uploads\/2025\/06\/cropped-cropped-hirhangya-logo-szoveges-scaled-1-e1750064323596.jpg","width":350,"height":100,"caption":"H\u00edrhangya"},"image":{"@id":"https:\/\/hirhangya.hu\/#\/schema\/logo\/image\/"}},{"@type":"Person","@id":"https:\/\/hirhangya.hu\/#\/schema\/person\/ad1b32f6cde48eb8bc14fa7efd4d70b5","name":"Nemes Gabor","image":{"@type":"ImageObject","inLanguage":"hu","@id":"https:\/\/hirhangya.hu\/#\/schema\/person\/image\/","url":"https:\/\/secure.gravatar.com\/avatar\/92c2a9c67399a3a1c5444228b3ae3f850f3218d7c18ff5ed44a84130d5b474f3?s=96&d=mm&r=g","contentUrl":"https:\/\/secure.gravatar.com\/avatar\/92c2a9c67399a3a1c5444228b3ae3f850f3218d7c18ff5ed44a84130d5b474f3?s=96&d=mm&r=g","caption":"Nemes Gabor"},"url":"https:\/\/hirhangya.hu\/index.php\/author\/hex324\/"}]}},"_links":{"self":[{"href":"https:\/\/hirhangya.hu\/index.php\/wp-json\/wp\/v2\/posts\/2376","targetHints":{"allow":["GET"]}}],"collection":[{"href":"https:\/\/hirhangya.hu\/index.php\/wp-json\/wp\/v2\/posts"}],"about":[{"href":"https:\/\/hirhangya.hu\/index.php\/wp-json\/wp\/v2\/types\/post"}],"author":[{"embeddable":true,"href":"https:\/\/hirhangya.hu\/index.php\/wp-json\/wp\/v2\/users\/2"}],"replies":[{"embeddable":true,"href":"https:\/\/hirhangya.hu\/index.php\/wp-json\/wp\/v2\/comments?post=2376"}],"version-history":[{"count":0,"href":"https:\/\/hirhangya.hu\/index.php\/wp-json\/wp\/v2\/posts\/2376\/revisions"}],"wp:featuredmedia":[{"embeddable":true,"href":"https:\/\/hirhangya.hu\/index.php\/wp-json\/wp\/v2\/media\/2377"}],"wp:attachment":[{"href":"https:\/\/hirhangya.hu\/index.php\/wp-json\/wp\/v2\/media?parent=2376"}],"wp:term":[{"taxonomy":"category","embeddable":true,"href":"https:\/\/hirhangya.hu\/index.php\/wp-json\/wp\/v2\/categories?post=2376"},{"taxonomy":"post_tag","embeddable":true,"href":"https:\/\/hirhangya.hu\/index.php\/wp-json\/wp\/v2\/tags?post=2376"}],"curies":[{"name":"wp","href":"https:\/\/api.w.org\/{rel}","templated":true}]}}