{"id":2444,"date":"2025-06-11T21:04:44","date_gmt":"2025-06-11T21:04:44","guid":{"rendered":"https:\/\/hirhangya.hu\/index.php\/2025\/06\/11\/kormanyparti-ismeroseinek-es-menczer-tamasnak-is-uzent-az-olimpikon\/"},"modified":"2025-06-11T21:04:44","modified_gmt":"2025-06-11T21:04:44","slug":"kormanyparti-ismeroseinek-es-menczer-tamasnak-is-uzent-az-olimpikon","status":"publish","type":"post","link":"https:\/\/hirhangya.hu\/index.php\/2025\/06\/11\/kormanyparti-ismeroseinek-es-menczer-tamasnak-is-uzent-az-olimpikon\/","title":{"rendered":"Korm\u00e1nyp\u00e1rti ismer\u0151seinek \u00e9s Menczer Tam\u00e1snak is \u00fczent az olimpikon"},"content":{"rendered":"<p>Kov\u00e1cs Tam\u00e1s vil\u00e1gbajnok kardv\u00edv\u00f3 kor\u00e1bban is gyakran fogalmazott meg korm\u00e1nykritik\u00e1t, kor\u00e1bban a magyar futballv\u00e1logatott teljes\u00edtm\u00e9nye \u00e9s Menczer Tam\u00e1s is el\u0151ker\u00fclt n\u00e1la, legfrissebb posztj\u00e1ban pedig a korm\u00e1nyp\u00e1rti ismer\u0151seinek \u00fczen.<\/p>\n<p>Eredeti cikk: <a href=\"http:\/\/hvg.hu\/itthon\/20250611_Kormanyparti-ismeroseinek-es-Menczer-Tamasnak-is-uzent-az-olimpiai-bajnok#rss\" target=\"_blank\" class=\"feedzy-rss-link-icon\">elolvasom<\/a><\/p>\n","protected":false},"excerpt":{"rendered":"<p>Kov\u00e1cs Tam\u00e1s vil\u00e1gbajnok kardv\u00edv\u00f3 kor\u00e1bban is gyakran fogalmazott meg korm\u00e1nykritik\u00e1t, kor\u00e1bban a magyar futballv\u00e1logatott teljes\u00edtm\u00e9nye \u00e9s Menczer Tam\u00e1s is el\u0151ker\u00fclt n\u00e1la, legfrissebb posztj\u00e1ban pedig a korm\u00e1nyp\u00e1rti ismer\u0151seinek \u00fczen. Eredeti cikk: elolvasom<\/p>\n","protected":false},"author":2,"featured_media":2445,"comment_status":"open","ping_status":"open","sticky":false,"template":"","format":"standard","meta":{"footnotes":""},"categories":[151],"tags":[],"class_list":["post-2444","post","type-post","status-publish","format-standard","has-post-thumbnail","hentry","category-itthon"],"yoast_head":"<!-- This site is optimized with the Yoast SEO Premium plugin v26.2 (Yoast SEO v26.3) - https:\/\/yoast.com\/wordpress\/plugins\/seo\/ -->\n<title>Korm\u00e1nyp\u00e1rti ismer\u0151seinek \u00e9s Menczer Tam\u00e1snak is \u00fczent az olimpikon - H\u00edrhangya<\/title>\n<meta name=\"robots\" content=\"index, follow, max-snippet:-1, max-image-preview:large, max-video-preview:-1\" \/>\n<link rel=\"canonical\" href=\"https:\/\/hirhangya.hu\/index.php\/2025\/06\/11\/kormanyparti-ismeroseinek-es-menczer-tamasnak-is-uzent-az-olimpikon\/\" \/>\n<meta property=\"og:locale\" content=\"hu_HU\" \/>\n<meta property=\"og:type\" content=\"article\" \/>\n<meta property=\"og:title\" content=\"Korm\u00e1nyp\u00e1rti ismer\u0151seinek \u00e9s Menczer Tam\u00e1snak is \u00fczent az olimpikon\" \/>\n<meta property=\"og:description\" content=\"Kov\u00e1cs Tam\u00e1s vil\u00e1gbajnok kardv\u00edv\u00f3 kor\u00e1bban is gyakran fogalmazott meg korm\u00e1nykritik\u00e1t, kor\u00e1bban a magyar futballv\u00e1logatott teljes\u00edtm\u00e9nye \u00e9s Menczer Tam\u00e1s is el\u0151ker\u00fclt n\u00e1la, legfrissebb posztj\u00e1ban pedig a korm\u00e1nyp\u00e1rti ismer\u0151seinek \u00fczen. Eredeti cikk: elolvasom\" \/>\n<meta property=\"og:url\" content=\"https:\/\/hirhangya.hu\/index.php\/2025\/06\/11\/kormanyparti-ismeroseinek-es-menczer-tamasnak-is-uzent-az-olimpikon\/\" \/>\n<meta property=\"og:site_name\" content=\"H\u00edrhangya\" \/>\n<meta property=\"article:published_time\" content=\"2025-06-11T21:04:44+00:00\" \/>\n<meta property=\"og:image\" content=\"https:\/\/hirhangya.hu\/wp-content\/uploads\/2025\/06\/image-5gRLsL.jpg\" \/>\n\t<meta property=\"og:image:width\" content=\"200\" \/>\n\t<meta property=\"og:image:height\" content=\"100\" \/>\n\t<meta property=\"og:image:type\" content=\"image\/jpeg\" \/>\n<meta name=\"author\" content=\"Nemes Gabor\" \/>\n<meta name=\"twitter:card\" content=\"summary_large_image\" \/>\n<meta name=\"twitter:label1\" content=\"Szerz\u0151:\" \/>\n\t<meta name=\"twitter:data1\" content=\"Nemes Gabor\" \/>\n<script type=\"application\/ld+json\" class=\"yoast-schema-graph\">{\"@context\":\"https:\/\/schema.org\",\"@graph\":[{\"@type\":\"Article\",\"@id\":\"https:\/\/hirhangya.hu\/index.php\/2025\/06\/11\/kormanyparti-ismeroseinek-es-menczer-tamasnak-is-uzent-az-olimpikon\/#article\",\"isPartOf\":{\"@id\":\"https:\/\/hirhangya.hu\/index.php\/2025\/06\/11\/kormanyparti-ismeroseinek-es-menczer-tamasnak-is-uzent-az-olimpikon\/\"},\"author\":{\"name\":\"Nemes Gabor\",\"@id\":\"https:\/\/hirhangya.hu\/#\/schema\/person\/ad1b32f6cde48eb8bc14fa7efd4d70b5\"},\"headline\":\"Korm\u00e1nyp\u00e1rti ismer\u0151seinek \u00e9s Menczer Tam\u00e1snak is \u00fczent az olimpikon\",\"datePublished\":\"2025-06-11T21:04:44+00:00\",\"mainEntityOfPage\":{\"@id\":\"https:\/\/hirhangya.hu\/index.php\/2025\/06\/11\/kormanyparti-ismeroseinek-es-menczer-tamasnak-is-uzent-az-olimpikon\/\"},\"wordCount\":63,\"commentCount\":0,\"publisher\":{\"@id\":\"https:\/\/hirhangya.hu\/#organization\"},\"image\":{\"@id\":\"https:\/\/hirhangya.hu\/index.php\/2025\/06\/11\/kormanyparti-ismeroseinek-es-menczer-tamasnak-is-uzent-az-olimpikon\/#primaryimage\"},\"thumbnailUrl\":\"https:\/\/hirhangya.hu\/wp-content\/uploads\/2025\/06\/image-5gRLsL.jpg\",\"articleSection\":[\"Itthon\"],\"inLanguage\":\"hu\",\"potentialAction\":[{\"@type\":\"CommentAction\",\"name\":\"Comment\",\"target\":[\"https:\/\/hirhangya.hu\/index.php\/2025\/06\/11\/kormanyparti-ismeroseinek-es-menczer-tamasnak-is-uzent-az-olimpikon\/#respond\"]}]},{\"@type\":\"WebPage\",\"@id\":\"https:\/\/hirhangya.hu\/index.php\/2025\/06\/11\/kormanyparti-ismeroseinek-es-menczer-tamasnak-is-uzent-az-olimpikon\/\",\"url\":\"https:\/\/hirhangya.hu\/index.php\/2025\/06\/11\/kormanyparti-ismeroseinek-es-menczer-tamasnak-is-uzent-az-olimpikon\/\",\"name\":\"Korm\u00e1nyp\u00e1rti ismer\u0151seinek \u00e9s Menczer Tam\u00e1snak is \u00fczent az olimpikon - H\u00edrhangya\",\"isPartOf\":{\"@id\":\"https:\/\/hirhangya.hu\/#website\"},\"primaryImageOfPage\":{\"@id\":\"https:\/\/hirhangya.hu\/index.php\/2025\/06\/11\/kormanyparti-ismeroseinek-es-menczer-tamasnak-is-uzent-az-olimpikon\/#primaryimage\"},\"image\":{\"@id\":\"https:\/\/hirhangya.hu\/index.php\/2025\/06\/11\/kormanyparti-ismeroseinek-es-menczer-tamasnak-is-uzent-az-olimpikon\/#primaryimage\"},\"thumbnailUrl\":\"https:\/\/hirhangya.hu\/wp-content\/uploads\/2025\/06\/image-5gRLsL.jpg\",\"datePublished\":\"2025-06-11T21:04:44+00:00\",\"breadcrumb\":{\"@id\":\"https:\/\/hirhangya.hu\/index.php\/2025\/06\/11\/kormanyparti-ismeroseinek-es-menczer-tamasnak-is-uzent-az-olimpikon\/#breadcrumb\"},\"inLanguage\":\"hu\",\"potentialAction\":[{\"@type\":\"ReadAction\",\"target\":[\"https:\/\/hirhangya.hu\/index.php\/2025\/06\/11\/kormanyparti-ismeroseinek-es-menczer-tamasnak-is-uzent-az-olimpikon\/\"]}]},{\"@type\":\"ImageObject\",\"inLanguage\":\"hu\",\"@id\":\"https:\/\/hirhangya.hu\/index.php\/2025\/06\/11\/kormanyparti-ismeroseinek-es-menczer-tamasnak-is-uzent-az-olimpikon\/#primaryimage\",\"url\":\"https:\/\/hirhangya.hu\/wp-content\/uploads\/2025\/06\/image-5gRLsL.jpg\",\"contentUrl\":\"https:\/\/hirhangya.hu\/wp-content\/uploads\/2025\/06\/image-5gRLsL.jpg\",\"width\":200,\"height\":100},{\"@type\":\"BreadcrumbList\",\"@id\":\"https:\/\/hirhangya.hu\/index.php\/2025\/06\/11\/kormanyparti-ismeroseinek-es-menczer-tamasnak-is-uzent-az-olimpikon\/#breadcrumb\",\"itemListElement\":[{\"@type\":\"ListItem\",\"position\":1,\"name\":\"Home\",\"item\":\"https:\/\/hirhangya.hu\/\"},{\"@type\":\"ListItem\",\"position\":2,\"name\":\"Korm\u00e1nyp\u00e1rti ismer\u0151seinek \u00e9s Menczer Tam\u00e1snak is \u00fczent az olimpikon\"}]},{\"@type\":\"WebSite\",\"@id\":\"https:\/\/hirhangya.hu\/#website\",\"url\":\"https:\/\/hirhangya.hu\/\",\"name\":\"H\u00edrhangya\",\"description\":\"Szorgalmasan \u00f6sszehordjuk a legfrissebb h\u00edreket\",\"publisher\":{\"@id\":\"https:\/\/hirhangya.hu\/#organization\"},\"potentialAction\":[{\"@type\":\"SearchAction\",\"target\":{\"@type\":\"EntryPoint\",\"urlTemplate\":\"https:\/\/hirhangya.hu\/?s={search_term_string}\"},\"query-input\":{\"@type\":\"PropertyValueSpecification\",\"valueRequired\":true,\"valueName\":\"search_term_string\"}}],\"inLanguage\":\"hu\"},{\"@type\":\"Organization\",\"@id\":\"https:\/\/hirhangya.hu\/#organization\",\"name\":\"H\u00edrhangya\",\"url\":\"https:\/\/hirhangya.hu\/\",\"logo\":{\"@type\":\"ImageObject\",\"inLanguage\":\"hu\",\"@id\":\"https:\/\/hirhangya.hu\/#\/schema\/logo\/image\/\",\"url\":\"https:\/\/hirhangya.hu\/wp-content\/uploads\/2025\/06\/cropped-cropped-hirhangya-logo-szoveges-scaled-1-e1750064323596.jpg\",\"contentUrl\":\"https:\/\/hirhangya.hu\/wp-content\/uploads\/2025\/06\/cropped-cropped-hirhangya-logo-szoveges-scaled-1-e1750064323596.jpg\",\"width\":350,\"height\":100,\"caption\":\"H\u00edrhangya\"},\"image\":{\"@id\":\"https:\/\/hirhangya.hu\/#\/schema\/logo\/image\/\"}},{\"@type\":\"Person\",\"@id\":\"https:\/\/hirhangya.hu\/#\/schema\/person\/ad1b32f6cde48eb8bc14fa7efd4d70b5\",\"name\":\"Nemes Gabor\",\"image\":{\"@type\":\"ImageObject\",\"inLanguage\":\"hu\",\"@id\":\"https:\/\/hirhangya.hu\/#\/schema\/person\/image\/\",\"url\":\"https:\/\/secure.gravatar.com\/avatar\/92c2a9c67399a3a1c5444228b3ae3f850f3218d7c18ff5ed44a84130d5b474f3?s=96&d=mm&r=g\",\"contentUrl\":\"https:\/\/secure.gravatar.com\/avatar\/92c2a9c67399a3a1c5444228b3ae3f850f3218d7c18ff5ed44a84130d5b474f3?s=96&d=mm&r=g\",\"caption\":\"Nemes Gabor\"},\"url\":\"https:\/\/hirhangya.hu\/index.php\/author\/hex324\/\"}]}<\/script>\n<!-- \/ Yoast SEO Premium plugin. -->","yoast_head_json":{"title":"Korm\u00e1nyp\u00e1rti ismer\u0151seinek \u00e9s Menczer Tam\u00e1snak is \u00fczent az olimpikon - H\u00edrhangya","robots":{"index":"index","follow":"follow","max-snippet":"max-snippet:-1","max-image-preview":"max-image-preview:large","max-video-preview":"max-video-preview:-1"},"canonical":"https:\/\/hirhangya.hu\/index.php\/2025\/06\/11\/kormanyparti-ismeroseinek-es-menczer-tamasnak-is-uzent-az-olimpikon\/","og_locale":"hu_HU","og_type":"article","og_title":"Korm\u00e1nyp\u00e1rti ismer\u0151seinek \u00e9s Menczer Tam\u00e1snak is \u00fczent az olimpikon","og_description":"Kov\u00e1cs Tam\u00e1s vil\u00e1gbajnok kardv\u00edv\u00f3 kor\u00e1bban is gyakran fogalmazott meg korm\u00e1nykritik\u00e1t, kor\u00e1bban a magyar futballv\u00e1logatott teljes\u00edtm\u00e9nye \u00e9s Menczer Tam\u00e1s is el\u0151ker\u00fclt n\u00e1la, legfrissebb posztj\u00e1ban pedig a korm\u00e1nyp\u00e1rti ismer\u0151seinek \u00fczen. Eredeti cikk: elolvasom","og_url":"https:\/\/hirhangya.hu\/index.php\/2025\/06\/11\/kormanyparti-ismeroseinek-es-menczer-tamasnak-is-uzent-az-olimpikon\/","og_site_name":"H\u00edrhangya","article_published_time":"2025-06-11T21:04:44+00:00","og_image":[{"width":200,"height":100,"url":"https:\/\/hirhangya.hu\/wp-content\/uploads\/2025\/06\/image-5gRLsL.jpg","type":"image\/jpeg"}],"author":"Nemes Gabor","twitter_card":"summary_large_image","twitter_misc":{"Szerz\u0151:":"Nemes Gabor"},"schema":{"@context":"https:\/\/schema.org","@graph":[{"@type":"Article","@id":"https:\/\/hirhangya.hu\/index.php\/2025\/06\/11\/kormanyparti-ismeroseinek-es-menczer-tamasnak-is-uzent-az-olimpikon\/#article","isPartOf":{"@id":"https:\/\/hirhangya.hu\/index.php\/2025\/06\/11\/kormanyparti-ismeroseinek-es-menczer-tamasnak-is-uzent-az-olimpikon\/"},"author":{"name":"Nemes Gabor","@id":"https:\/\/hirhangya.hu\/#\/schema\/person\/ad1b32f6cde48eb8bc14fa7efd4d70b5"},"headline":"Korm\u00e1nyp\u00e1rti ismer\u0151seinek \u00e9s Menczer Tam\u00e1snak is \u00fczent az olimpikon","datePublished":"2025-06-11T21:04:44+00:00","mainEntityOfPage":{"@id":"https:\/\/hirhangya.hu\/index.php\/2025\/06\/11\/kormanyparti-ismeroseinek-es-menczer-tamasnak-is-uzent-az-olimpikon\/"},"wordCount":63,"commentCount":0,"publisher":{"@id":"https:\/\/hirhangya.hu\/#organization"},"image":{"@id":"https:\/\/hirhangya.hu\/index.php\/2025\/06\/11\/kormanyparti-ismeroseinek-es-menczer-tamasnak-is-uzent-az-olimpikon\/#primaryimage"},"thumbnailUrl":"https:\/\/hirhangya.hu\/wp-content\/uploads\/2025\/06\/image-5gRLsL.jpg","articleSection":["Itthon"],"inLanguage":"hu","potentialAction":[{"@type":"CommentAction","name":"Comment","target":["https:\/\/hirhangya.hu\/index.php\/2025\/06\/11\/kormanyparti-ismeroseinek-es-menczer-tamasnak-is-uzent-az-olimpikon\/#respond"]}]},{"@type":"WebPage","@id":"https:\/\/hirhangya.hu\/index.php\/2025\/06\/11\/kormanyparti-ismeroseinek-es-menczer-tamasnak-is-uzent-az-olimpikon\/","url":"https:\/\/hirhangya.hu\/index.php\/2025\/06\/11\/kormanyparti-ismeroseinek-es-menczer-tamasnak-is-uzent-az-olimpikon\/","name":"Korm\u00e1nyp\u00e1rti ismer\u0151seinek \u00e9s Menczer Tam\u00e1snak is \u00fczent az olimpikon - H\u00edrhangya","isPartOf":{"@id":"https:\/\/hirhangya.hu\/#website"},"primaryImageOfPage":{"@id":"https:\/\/hirhangya.hu\/index.php\/2025\/06\/11\/kormanyparti-ismeroseinek-es-menczer-tamasnak-is-uzent-az-olimpikon\/#primaryimage"},"image":{"@id":"https:\/\/hirhangya.hu\/index.php\/2025\/06\/11\/kormanyparti-ismeroseinek-es-menczer-tamasnak-is-uzent-az-olimpikon\/#primaryimage"},"thumbnailUrl":"https:\/\/hirhangya.hu\/wp-content\/uploads\/2025\/06\/image-5gRLsL.jpg","datePublished":"2025-06-11T21:04:44+00:00","breadcrumb":{"@id":"https:\/\/hirhangya.hu\/index.php\/2025\/06\/11\/kormanyparti-ismeroseinek-es-menczer-tamasnak-is-uzent-az-olimpikon\/#breadcrumb"},"inLanguage":"hu","potentialAction":[{"@type":"ReadAction","target":["https:\/\/hirhangya.hu\/index.php\/2025\/06\/11\/kormanyparti-ismeroseinek-es-menczer-tamasnak-is-uzent-az-olimpikon\/"]}]},{"@type":"ImageObject","inLanguage":"hu","@id":"https:\/\/hirhangya.hu\/index.php\/2025\/06\/11\/kormanyparti-ismeroseinek-es-menczer-tamasnak-is-uzent-az-olimpikon\/#primaryimage","url":"https:\/\/hirhangya.hu\/wp-content\/uploads\/2025\/06\/image-5gRLsL.jpg","contentUrl":"https:\/\/hirhangya.hu\/wp-content\/uploads\/2025\/06\/image-5gRLsL.jpg","width":200,"height":100},{"@type":"BreadcrumbList","@id":"https:\/\/hirhangya.hu\/index.php\/2025\/06\/11\/kormanyparti-ismeroseinek-es-menczer-tamasnak-is-uzent-az-olimpikon\/#breadcrumb","itemListElement":[{"@type":"ListItem","position":1,"name":"Home","item":"https:\/\/hirhangya.hu\/"},{"@type":"ListItem","position":2,"name":"Korm\u00e1nyp\u00e1rti ismer\u0151seinek \u00e9s Menczer Tam\u00e1snak is \u00fczent az olimpikon"}]},{"@type":"WebSite","@id":"https:\/\/hirhangya.hu\/#website","url":"https:\/\/hirhangya.hu\/","name":"H\u00edrhangya","description":"Szorgalmasan \u00f6sszehordjuk a legfrissebb h\u00edreket","publisher":{"@id":"https:\/\/hirhangya.hu\/#organization"},"potentialAction":[{"@type":"SearchAction","target":{"@type":"EntryPoint","urlTemplate":"https:\/\/hirhangya.hu\/?s={search_term_string}"},"query-input":{"@type":"PropertyValueSpecification","valueRequired":true,"valueName":"search_term_string"}}],"inLanguage":"hu"},{"@type":"Organization","@id":"https:\/\/hirhangya.hu\/#organization","name":"H\u00edrhangya","url":"https:\/\/hirhangya.hu\/","logo":{"@type":"ImageObject","inLanguage":"hu","@id":"https:\/\/hirhangya.hu\/#\/schema\/logo\/image\/","url":"https:\/\/hirhangya.hu\/wp-content\/uploads\/2025\/06\/cropped-cropped-hirhangya-logo-szoveges-scaled-1-e1750064323596.jpg","contentUrl":"https:\/\/hirhangya.hu\/wp-content\/uploads\/2025\/06\/cropped-cropped-hirhangya-logo-szoveges-scaled-1-e1750064323596.jpg","width":350,"height":100,"caption":"H\u00edrhangya"},"image":{"@id":"https:\/\/hirhangya.hu\/#\/schema\/logo\/image\/"}},{"@type":"Person","@id":"https:\/\/hirhangya.hu\/#\/schema\/person\/ad1b32f6cde48eb8bc14fa7efd4d70b5","name":"Nemes Gabor","image":{"@type":"ImageObject","inLanguage":"hu","@id":"https:\/\/hirhangya.hu\/#\/schema\/person\/image\/","url":"https:\/\/secure.gravatar.com\/avatar\/92c2a9c67399a3a1c5444228b3ae3f850f3218d7c18ff5ed44a84130d5b474f3?s=96&d=mm&r=g","contentUrl":"https:\/\/secure.gravatar.com\/avatar\/92c2a9c67399a3a1c5444228b3ae3f850f3218d7c18ff5ed44a84130d5b474f3?s=96&d=mm&r=g","caption":"Nemes Gabor"},"url":"https:\/\/hirhangya.hu\/index.php\/author\/hex324\/"}]}},"_links":{"self":[{"href":"https:\/\/hirhangya.hu\/index.php\/wp-json\/wp\/v2\/posts\/2444","targetHints":{"allow":["GET"]}}],"collection":[{"href":"https:\/\/hirhangya.hu\/index.php\/wp-json\/wp\/v2\/posts"}],"about":[{"href":"https:\/\/hirhangya.hu\/index.php\/wp-json\/wp\/v2\/types\/post"}],"author":[{"embeddable":true,"href":"https:\/\/hirhangya.hu\/index.php\/wp-json\/wp\/v2\/users\/2"}],"replies":[{"embeddable":true,"href":"https:\/\/hirhangya.hu\/index.php\/wp-json\/wp\/v2\/comments?post=2444"}],"version-history":[{"count":0,"href":"https:\/\/hirhangya.hu\/index.php\/wp-json\/wp\/v2\/posts\/2444\/revisions"}],"wp:featuredmedia":[{"embeddable":true,"href":"https:\/\/hirhangya.hu\/index.php\/wp-json\/wp\/v2\/media\/2445"}],"wp:attachment":[{"href":"https:\/\/hirhangya.hu\/index.php\/wp-json\/wp\/v2\/media?parent=2444"}],"wp:term":[{"taxonomy":"category","embeddable":true,"href":"https:\/\/hirhangya.hu\/index.php\/wp-json\/wp\/v2\/categories?post=2444"},{"taxonomy":"post_tag","embeddable":true,"href":"https:\/\/hirhangya.hu\/index.php\/wp-json\/wp\/v2\/tags?post=2444"}],"curies":[{"name":"wp","href":"https:\/\/api.w.org\/{rel}","templated":true}]}}