{"id":2773,"date":"2025-06-12T21:29:18","date_gmt":"2025-06-12T21:29:18","guid":{"rendered":"https:\/\/hirhangya.hu\/index.php\/2025\/06\/12\/kerdezni-akart-a-demokrata-szenator-a-belbiztonsagi-minisztertol-a-sajtotajekoztaton-erovel-kivezettek-majd-foldre-vittek-es-megbilincseltek\/"},"modified":"2025-06-12T21:29:18","modified_gmt":"2025-06-12T21:29:18","slug":"kerdezni-akart-a-demokrata-szenator-a-belbiztonsagi-minisztertol-a-sajtotajekoztaton-erovel-kivezettek-majd-foldre-vittek-es-megbilincseltek","status":"publish","type":"post","link":"https:\/\/hirhangya.hu\/index.php\/2025\/06\/12\/kerdezni-akart-a-demokrata-szenator-a-belbiztonsagi-minisztertol-a-sajtotajekoztaton-erovel-kivezettek-majd-foldre-vittek-es-megbilincseltek\/","title":{"rendered":"K\u00e9rdezni akart a demokrata szen\u00e1tor a belbiztons\u00e1gi minisztert\u0151l a sajt\u00f3t\u00e1j\u00e9koztat\u00f3n, er\u0151vel kivezett\u00e9k, majd f\u00f6ldre vitt\u00e9k \u00e9s megbilincselt\u00e9k"},"content":{"rendered":"<p>P\u00e9ld\u00e1tlan jelenetek j\u00e1tsz\u00f3dtak le cs\u00fct\u00f6rt\u00f6k\u00f6n Los Angelesben, egy korm\u00e1nyzati \u00e9p\u00fcletben, ahol Kristi Noem belbiztons\u00e1gi miniszter tartott \u00e9pp sajt\u00f3t\u00e1j\u00e9koztat\u00f3t a v\u00e1rosban foly\u00f3 zavarg\u00e1sokr\u00f3l \u00e9s a hadsereg bevet\u00e9s\u00e9r\u0151l. A szint\u00e9n az \u00e9p\u00fcletben tart\u00f3zkod\u00f3 Alex Padilla demokrata szen\u00e1tor ben\u00e9zett a t\u00e1j\u00e9koztat\u00f3ra \u00e9s k\u00e9rdezni pr\u00f3b\u00e1lt valamit a minisztert\u0151l, amikor a biztons\u00e1gi emberek megragadt\u00e1k, er\u0151vel kitaszig\u00e1lt\u00e1k a teremb\u0151l. Odakint rend\u0151r\u00f6k is besz\u00e1lltak a buliba, a szen\u00e1tort f\u00f6ldre vitt\u00e9k, t\u00f6bben leszor\u00edtott\u00e1k, majd egy id\u0151re megbilincselt\u00e9k.Az esetr\u0151l k\u00e9sz\u00fclt vide\u00f3n l\u00e1that\u00f3, hogy az esem\u00e9nyekr\u0151l l\u00e1that\u00f3an lesokkolt Padilla azt mondogatja a biztons\u00e1giaknak, hogy \u0151 Alex Padilla szen\u00e1tor \u00e9s k\u00e9rd\u00e9sei lenn\u00e9nek a miniszterhez. Egyszer azt is mondta, hogy vegy\u00e9k le r\u00f3luk a kez\u00fcket, de nem vett\u00e9k le. Padilla a sz\u00f3l\u00e1sszabads\u00e1g vissza\u00e1ll\u00edt\u00e1s\u00e1nak jelszav\u00e1val kamp\u00e1nyol\u00f3 Trump eln\u00f6k bev\u00e1ndorl\u00e1si politik\u00e1j\u00e1nak hangos kritikusa \u00e9s a Szen\u00e1tus bev\u00e1ndorl\u00e1si, \u00e1llampolg\u00e1rs\u00e1gi \u00e9s hat\u00e1rv\u00e9delmi bizotts\u00e1g\u00e1nak tagja. Pont Kaliforni\u00e1ban szen\u00e1tort, teh\u00e1t a saj\u00e1t v\u00e1laszt\u00f3k\u00f6rzet\u00e9be tartoz\u00f3 v\u00e1rosban bilincselt\u00e9k meg az\u00e9rt, mert k\u00f6z\u00fcgyben k\u00e9rdezni pr\u00f3b\u00e1lt.Amikor az esetr\u0151l ut\u00e1na megk\u00e9rdezt\u00e9k Noemet, \u00fagy t\u0171nt, hogy v\u00e9delm\u00e9be veszi a szen\u00e1tor er\u0151szakos elt\u00e1vol\u00edt\u00e1s\u00e1t. Arr\u00f3l besz\u00e9lt, hogy a t\u00e1j\u00e9koztat\u00f3 ut\u00e1n megkeresi Padill\u00e1t &#8211; aki ellen nem emeltek v\u00e1dat &#8211; \u00e9s megtudja, mit akart k\u00e9rdezni. De a miniszter szerint \u201eminden amerikai egyet\u00e9rtene vele\u201d abban, hogy egy k\u00f6zhivatalt visel\u0151 politikust\u00f3l nem ez a megold\u00e1s, ha k\u00e9rdezni akar valamit. (via Reuters, Guardian)<\/p>\n<p>Eredeti cikk: <a href=\"https:\/\/444.hu\/2025\/06\/12\/kerdezni-akart-a-demokrata-szenator-a-belbiztonsagi-minisztertol-a-sajtotajekoztaton-erovel-kivezettek-majd-foldre-vittek-es-megbilicseltek?utm_source=rss_feed&amp;utm_medium=rss&amp;utm_campaign=rss_syndication\" target=\"_blank\" class=\"feedzy-rss-link-icon\">elolvasom<\/a><\/p>\n","protected":false},"excerpt":{"rendered":"<p>P\u00e9ld\u00e1tlan jelenetek j\u00e1tsz\u00f3dtak le cs\u00fct\u00f6rt\u00f6k\u00f6n Los Angelesben, egy korm\u00e1nyzati \u00e9p\u00fcletben, ahol Kristi Noem belbiztons\u00e1gi miniszter tartott \u00e9pp sajt\u00f3t\u00e1j\u00e9koztat\u00f3t a v\u00e1rosban foly\u00f3 zavarg\u00e1sokr\u00f3l \u00e9s a hadsereg bevet\u00e9s\u00e9r\u0151l. A szint\u00e9n az \u00e9p\u00fcletben tart\u00f3zkod\u00f3 Alex Padilla demokrata szen\u00e1tor ben\u00e9zett a t\u00e1j\u00e9koztat\u00f3ra \u00e9s k\u00e9rdezni pr\u00f3b\u00e1lt valamit a minisztert\u0151l, amikor a biztons\u00e1gi emberek megragadt\u00e1k, er\u0151vel kitaszig\u00e1lt\u00e1k a teremb\u0151l. Odakint rend\u0151r\u00f6k [&hellip;]<\/p>\n","protected":false},"author":2,"featured_media":2774,"comment_status":"open","ping_status":"open","sticky":false,"template":"","format":"standard","meta":{"footnotes":""},"categories":[147],"tags":[],"class_list":["post-2773","post","type-post","status-publish","format-standard","has-post-thumbnail","hentry","category-altalanos"],"yoast_head":"<!-- This site is optimized with the Yoast SEO Premium plugin v26.2 (Yoast SEO v26.3) - https:\/\/yoast.com\/wordpress\/plugins\/seo\/ -->\n<title>K\u00e9rdezni akart a demokrata szen\u00e1tor a belbiztons\u00e1gi minisztert\u0151l a sajt\u00f3t\u00e1j\u00e9koztat\u00f3n, er\u0151vel kivezett\u00e9k, majd f\u00f6ldre vitt\u00e9k \u00e9s megbilincselt\u00e9k - H\u00edrhangya<\/title>\n<meta name=\"robots\" content=\"index, follow, max-snippet:-1, max-image-preview:large, max-video-preview:-1\" \/>\n<link rel=\"canonical\" href=\"https:\/\/hirhangya.hu\/index.php\/2025\/06\/12\/kerdezni-akart-a-demokrata-szenator-a-belbiztonsagi-minisztertol-a-sajtotajekoztaton-erovel-kivezettek-majd-foldre-vittek-es-megbilincseltek\/\" \/>\n<meta property=\"og:locale\" content=\"hu_HU\" \/>\n<meta property=\"og:type\" content=\"article\" \/>\n<meta property=\"og:title\" content=\"K\u00e9rdezni akart a demokrata szen\u00e1tor a belbiztons\u00e1gi minisztert\u0151l a sajt\u00f3t\u00e1j\u00e9koztat\u00f3n, er\u0151vel kivezett\u00e9k, majd f\u00f6ldre vitt\u00e9k \u00e9s megbilincselt\u00e9k\" \/>\n<meta property=\"og:description\" content=\"P\u00e9ld\u00e1tlan jelenetek j\u00e1tsz\u00f3dtak le cs\u00fct\u00f6rt\u00f6k\u00f6n Los Angelesben, egy korm\u00e1nyzati \u00e9p\u00fcletben, ahol Kristi Noem belbiztons\u00e1gi miniszter tartott \u00e9pp sajt\u00f3t\u00e1j\u00e9koztat\u00f3t a v\u00e1rosban foly\u00f3 zavarg\u00e1sokr\u00f3l \u00e9s a hadsereg bevet\u00e9s\u00e9r\u0151l. A szint\u00e9n az \u00e9p\u00fcletben tart\u00f3zkod\u00f3 Alex Padilla demokrata szen\u00e1tor ben\u00e9zett a t\u00e1j\u00e9koztat\u00f3ra \u00e9s k\u00e9rdezni pr\u00f3b\u00e1lt valamit a minisztert\u0151l, amikor a biztons\u00e1gi emberek megragadt\u00e1k, er\u0151vel kitaszig\u00e1lt\u00e1k a teremb\u0151l. Odakint rend\u0151r\u00f6k [&hellip;]\" \/>\n<meta property=\"og:url\" content=\"https:\/\/hirhangya.hu\/index.php\/2025\/06\/12\/kerdezni-akart-a-demokrata-szenator-a-belbiztonsagi-minisztertol-a-sajtotajekoztaton-erovel-kivezettek-majd-foldre-vittek-es-megbilincseltek\/\" \/>\n<meta property=\"og:site_name\" content=\"H\u00edrhangya\" \/>\n<meta property=\"article:published_time\" content=\"2025-06-12T21:29:18+00:00\" \/>\n<meta property=\"og:image\" content=\"https:\/\/hirhangya.hu\/wp-content\/uploads\/2025\/06\/8Cmnve1UwbLbkIPms-NgV10B.png\" \/>\n\t<meta property=\"og:image:width\" content=\"2000\" \/>\n\t<meta property=\"og:image:height\" content=\"1114\" \/>\n\t<meta property=\"og:image:type\" content=\"image\/png\" \/>\n<meta name=\"author\" content=\"Nemes Gabor\" \/>\n<meta name=\"twitter:card\" content=\"summary_large_image\" \/>\n<meta name=\"twitter:label1\" content=\"Szerz\u0151:\" \/>\n\t<meta name=\"twitter:data1\" content=\"Nemes Gabor\" \/>\n\t<meta name=\"twitter:label2\" content=\"Becs\u00fclt olvas\u00e1si id\u0151\" \/>\n\t<meta name=\"twitter:data2\" content=\"2 perc\" \/>\n<script type=\"application\/ld+json\" class=\"yoast-schema-graph\">{\"@context\":\"https:\/\/schema.org\",\"@graph\":[{\"@type\":\"Article\",\"@id\":\"https:\/\/hirhangya.hu\/index.php\/2025\/06\/12\/kerdezni-akart-a-demokrata-szenator-a-belbiztonsagi-minisztertol-a-sajtotajekoztaton-erovel-kivezettek-majd-foldre-vittek-es-megbilincseltek\/#article\",\"isPartOf\":{\"@id\":\"https:\/\/hirhangya.hu\/index.php\/2025\/06\/12\/kerdezni-akart-a-demokrata-szenator-a-belbiztonsagi-minisztertol-a-sajtotajekoztaton-erovel-kivezettek-majd-foldre-vittek-es-megbilincseltek\/\"},\"author\":{\"name\":\"Nemes Gabor\",\"@id\":\"https:\/\/hirhangya.hu\/#\/schema\/person\/ad1b32f6cde48eb8bc14fa7efd4d70b5\"},\"headline\":\"K\u00e9rdezni akart a demokrata szen\u00e1tor a belbiztons\u00e1gi minisztert\u0151l a sajt\u00f3t\u00e1j\u00e9koztat\u00f3n, er\u0151vel kivezett\u00e9k, majd f\u00f6ldre vitt\u00e9k \u00e9s megbilincselt\u00e9k\",\"datePublished\":\"2025-06-12T21:29:18+00:00\",\"mainEntityOfPage\":{\"@id\":\"https:\/\/hirhangya.hu\/index.php\/2025\/06\/12\/kerdezni-akart-a-demokrata-szenator-a-belbiztonsagi-minisztertol-a-sajtotajekoztaton-erovel-kivezettek-majd-foldre-vittek-es-megbilincseltek\/\"},\"wordCount\":370,\"commentCount\":0,\"publisher\":{\"@id\":\"https:\/\/hirhangya.hu\/#organization\"},\"image\":{\"@id\":\"https:\/\/hirhangya.hu\/index.php\/2025\/06\/12\/kerdezni-akart-a-demokrata-szenator-a-belbiztonsagi-minisztertol-a-sajtotajekoztaton-erovel-kivezettek-majd-foldre-vittek-es-megbilincseltek\/#primaryimage\"},\"thumbnailUrl\":\"https:\/\/hirhangya.hu\/wp-content\/uploads\/2025\/06\/8Cmnve1UwbLbkIPms-NgV10B.png\",\"articleSection\":[\"\u00c1ltal\u00e1nos\"],\"inLanguage\":\"hu\",\"potentialAction\":[{\"@type\":\"CommentAction\",\"name\":\"Comment\",\"target\":[\"https:\/\/hirhangya.hu\/index.php\/2025\/06\/12\/kerdezni-akart-a-demokrata-szenator-a-belbiztonsagi-minisztertol-a-sajtotajekoztaton-erovel-kivezettek-majd-foldre-vittek-es-megbilincseltek\/#respond\"]}]},{\"@type\":\"WebPage\",\"@id\":\"https:\/\/hirhangya.hu\/index.php\/2025\/06\/12\/kerdezni-akart-a-demokrata-szenator-a-belbiztonsagi-minisztertol-a-sajtotajekoztaton-erovel-kivezettek-majd-foldre-vittek-es-megbilincseltek\/\",\"url\":\"https:\/\/hirhangya.hu\/index.php\/2025\/06\/12\/kerdezni-akart-a-demokrata-szenator-a-belbiztonsagi-minisztertol-a-sajtotajekoztaton-erovel-kivezettek-majd-foldre-vittek-es-megbilincseltek\/\",\"name\":\"K\u00e9rdezni akart a demokrata szen\u00e1tor a belbiztons\u00e1gi minisztert\u0151l a sajt\u00f3t\u00e1j\u00e9koztat\u00f3n, er\u0151vel kivezett\u00e9k, majd f\u00f6ldre vitt\u00e9k \u00e9s megbilincselt\u00e9k - H\u00edrhangya\",\"isPartOf\":{\"@id\":\"https:\/\/hirhangya.hu\/#website\"},\"primaryImageOfPage\":{\"@id\":\"https:\/\/hirhangya.hu\/index.php\/2025\/06\/12\/kerdezni-akart-a-demokrata-szenator-a-belbiztonsagi-minisztertol-a-sajtotajekoztaton-erovel-kivezettek-majd-foldre-vittek-es-megbilincseltek\/#primaryimage\"},\"image\":{\"@id\":\"https:\/\/hirhangya.hu\/index.php\/2025\/06\/12\/kerdezni-akart-a-demokrata-szenator-a-belbiztonsagi-minisztertol-a-sajtotajekoztaton-erovel-kivezettek-majd-foldre-vittek-es-megbilincseltek\/#primaryimage\"},\"thumbnailUrl\":\"https:\/\/hirhangya.hu\/wp-content\/uploads\/2025\/06\/8Cmnve1UwbLbkIPms-NgV10B.png\",\"datePublished\":\"2025-06-12T21:29:18+00:00\",\"breadcrumb\":{\"@id\":\"https:\/\/hirhangya.hu\/index.php\/2025\/06\/12\/kerdezni-akart-a-demokrata-szenator-a-belbiztonsagi-minisztertol-a-sajtotajekoztaton-erovel-kivezettek-majd-foldre-vittek-es-megbilincseltek\/#breadcrumb\"},\"inLanguage\":\"hu\",\"potentialAction\":[{\"@type\":\"ReadAction\",\"target\":[\"https:\/\/hirhangya.hu\/index.php\/2025\/06\/12\/kerdezni-akart-a-demokrata-szenator-a-belbiztonsagi-minisztertol-a-sajtotajekoztaton-erovel-kivezettek-majd-foldre-vittek-es-megbilincseltek\/\"]}]},{\"@type\":\"ImageObject\",\"inLanguage\":\"hu\",\"@id\":\"https:\/\/hirhangya.hu\/index.php\/2025\/06\/12\/kerdezni-akart-a-demokrata-szenator-a-belbiztonsagi-minisztertol-a-sajtotajekoztaton-erovel-kivezettek-majd-foldre-vittek-es-megbilincseltek\/#primaryimage\",\"url\":\"https:\/\/hirhangya.hu\/wp-content\/uploads\/2025\/06\/8Cmnve1UwbLbkIPms-NgV10B.png\",\"contentUrl\":\"https:\/\/hirhangya.hu\/wp-content\/uploads\/2025\/06\/8Cmnve1UwbLbkIPms-NgV10B.png\",\"width\":2000,\"height\":1114},{\"@type\":\"BreadcrumbList\",\"@id\":\"https:\/\/hirhangya.hu\/index.php\/2025\/06\/12\/kerdezni-akart-a-demokrata-szenator-a-belbiztonsagi-minisztertol-a-sajtotajekoztaton-erovel-kivezettek-majd-foldre-vittek-es-megbilincseltek\/#breadcrumb\",\"itemListElement\":[{\"@type\":\"ListItem\",\"position\":1,\"name\":\"Home\",\"item\":\"https:\/\/hirhangya.hu\/\"},{\"@type\":\"ListItem\",\"position\":2,\"name\":\"K\u00e9rdezni akart a demokrata szen\u00e1tor a belbiztons\u00e1gi minisztert\u0151l a sajt\u00f3t\u00e1j\u00e9koztat\u00f3n, er\u0151vel kivezett\u00e9k, majd f\u00f6ldre vitt\u00e9k \u00e9s megbilincselt\u00e9k\"}]},{\"@type\":\"WebSite\",\"@id\":\"https:\/\/hirhangya.hu\/#website\",\"url\":\"https:\/\/hirhangya.hu\/\",\"name\":\"H\u00edrhangya\",\"description\":\"Szorgalmasan \u00f6sszehordjuk a legfrissebb h\u00edreket\",\"publisher\":{\"@id\":\"https:\/\/hirhangya.hu\/#organization\"},\"potentialAction\":[{\"@type\":\"SearchAction\",\"target\":{\"@type\":\"EntryPoint\",\"urlTemplate\":\"https:\/\/hirhangya.hu\/?s={search_term_string}\"},\"query-input\":{\"@type\":\"PropertyValueSpecification\",\"valueRequired\":true,\"valueName\":\"search_term_string\"}}],\"inLanguage\":\"hu\"},{\"@type\":\"Organization\",\"@id\":\"https:\/\/hirhangya.hu\/#organization\",\"name\":\"H\u00edrhangya\",\"url\":\"https:\/\/hirhangya.hu\/\",\"logo\":{\"@type\":\"ImageObject\",\"inLanguage\":\"hu\",\"@id\":\"https:\/\/hirhangya.hu\/#\/schema\/logo\/image\/\",\"url\":\"https:\/\/hirhangya.hu\/wp-content\/uploads\/2025\/06\/cropped-cropped-hirhangya-logo-szoveges-scaled-1-e1750064323596.jpg\",\"contentUrl\":\"https:\/\/hirhangya.hu\/wp-content\/uploads\/2025\/06\/cropped-cropped-hirhangya-logo-szoveges-scaled-1-e1750064323596.jpg\",\"width\":350,\"height\":100,\"caption\":\"H\u00edrhangya\"},\"image\":{\"@id\":\"https:\/\/hirhangya.hu\/#\/schema\/logo\/image\/\"}},{\"@type\":\"Person\",\"@id\":\"https:\/\/hirhangya.hu\/#\/schema\/person\/ad1b32f6cde48eb8bc14fa7efd4d70b5\",\"name\":\"Nemes Gabor\",\"image\":{\"@type\":\"ImageObject\",\"inLanguage\":\"hu\",\"@id\":\"https:\/\/hirhangya.hu\/#\/schema\/person\/image\/\",\"url\":\"https:\/\/secure.gravatar.com\/avatar\/92c2a9c67399a3a1c5444228b3ae3f850f3218d7c18ff5ed44a84130d5b474f3?s=96&d=mm&r=g\",\"contentUrl\":\"https:\/\/secure.gravatar.com\/avatar\/92c2a9c67399a3a1c5444228b3ae3f850f3218d7c18ff5ed44a84130d5b474f3?s=96&d=mm&r=g\",\"caption\":\"Nemes Gabor\"},\"url\":\"https:\/\/hirhangya.hu\/index.php\/author\/hex324\/\"}]}<\/script>\n<!-- \/ Yoast SEO Premium plugin. -->","yoast_head_json":{"title":"K\u00e9rdezni akart a demokrata szen\u00e1tor a belbiztons\u00e1gi minisztert\u0151l a sajt\u00f3t\u00e1j\u00e9koztat\u00f3n, er\u0151vel kivezett\u00e9k, majd f\u00f6ldre vitt\u00e9k \u00e9s megbilincselt\u00e9k - H\u00edrhangya","robots":{"index":"index","follow":"follow","max-snippet":"max-snippet:-1","max-image-preview":"max-image-preview:large","max-video-preview":"max-video-preview:-1"},"canonical":"https:\/\/hirhangya.hu\/index.php\/2025\/06\/12\/kerdezni-akart-a-demokrata-szenator-a-belbiztonsagi-minisztertol-a-sajtotajekoztaton-erovel-kivezettek-majd-foldre-vittek-es-megbilincseltek\/","og_locale":"hu_HU","og_type":"article","og_title":"K\u00e9rdezni akart a demokrata szen\u00e1tor a belbiztons\u00e1gi minisztert\u0151l a sajt\u00f3t\u00e1j\u00e9koztat\u00f3n, er\u0151vel kivezett\u00e9k, majd f\u00f6ldre vitt\u00e9k \u00e9s megbilincselt\u00e9k","og_description":"P\u00e9ld\u00e1tlan jelenetek j\u00e1tsz\u00f3dtak le cs\u00fct\u00f6rt\u00f6k\u00f6n Los Angelesben, egy korm\u00e1nyzati \u00e9p\u00fcletben, ahol Kristi Noem belbiztons\u00e1gi miniszter tartott \u00e9pp sajt\u00f3t\u00e1j\u00e9koztat\u00f3t a v\u00e1rosban foly\u00f3 zavarg\u00e1sokr\u00f3l \u00e9s a hadsereg bevet\u00e9s\u00e9r\u0151l. A szint\u00e9n az \u00e9p\u00fcletben tart\u00f3zkod\u00f3 Alex Padilla demokrata szen\u00e1tor ben\u00e9zett a t\u00e1j\u00e9koztat\u00f3ra \u00e9s k\u00e9rdezni pr\u00f3b\u00e1lt valamit a minisztert\u0151l, amikor a biztons\u00e1gi emberek megragadt\u00e1k, er\u0151vel kitaszig\u00e1lt\u00e1k a teremb\u0151l. Odakint rend\u0151r\u00f6k [&hellip;]","og_url":"https:\/\/hirhangya.hu\/index.php\/2025\/06\/12\/kerdezni-akart-a-demokrata-szenator-a-belbiztonsagi-minisztertol-a-sajtotajekoztaton-erovel-kivezettek-majd-foldre-vittek-es-megbilincseltek\/","og_site_name":"H\u00edrhangya","article_published_time":"2025-06-12T21:29:18+00:00","og_image":[{"width":2000,"height":1114,"url":"https:\/\/hirhangya.hu\/wp-content\/uploads\/2025\/06\/8Cmnve1UwbLbkIPms-NgV10B.png","type":"image\/png"}],"author":"Nemes Gabor","twitter_card":"summary_large_image","twitter_misc":{"Szerz\u0151:":"Nemes Gabor","Becs\u00fclt olvas\u00e1si id\u0151":"2 perc"},"schema":{"@context":"https:\/\/schema.org","@graph":[{"@type":"Article","@id":"https:\/\/hirhangya.hu\/index.php\/2025\/06\/12\/kerdezni-akart-a-demokrata-szenator-a-belbiztonsagi-minisztertol-a-sajtotajekoztaton-erovel-kivezettek-majd-foldre-vittek-es-megbilincseltek\/#article","isPartOf":{"@id":"https:\/\/hirhangya.hu\/index.php\/2025\/06\/12\/kerdezni-akart-a-demokrata-szenator-a-belbiztonsagi-minisztertol-a-sajtotajekoztaton-erovel-kivezettek-majd-foldre-vittek-es-megbilincseltek\/"},"author":{"name":"Nemes Gabor","@id":"https:\/\/hirhangya.hu\/#\/schema\/person\/ad1b32f6cde48eb8bc14fa7efd4d70b5"},"headline":"K\u00e9rdezni akart a demokrata szen\u00e1tor a belbiztons\u00e1gi minisztert\u0151l a sajt\u00f3t\u00e1j\u00e9koztat\u00f3n, er\u0151vel kivezett\u00e9k, majd f\u00f6ldre vitt\u00e9k \u00e9s megbilincselt\u00e9k","datePublished":"2025-06-12T21:29:18+00:00","mainEntityOfPage":{"@id":"https:\/\/hirhangya.hu\/index.php\/2025\/06\/12\/kerdezni-akart-a-demokrata-szenator-a-belbiztonsagi-minisztertol-a-sajtotajekoztaton-erovel-kivezettek-majd-foldre-vittek-es-megbilincseltek\/"},"wordCount":370,"commentCount":0,"publisher":{"@id":"https:\/\/hirhangya.hu\/#organization"},"image":{"@id":"https:\/\/hirhangya.hu\/index.php\/2025\/06\/12\/kerdezni-akart-a-demokrata-szenator-a-belbiztonsagi-minisztertol-a-sajtotajekoztaton-erovel-kivezettek-majd-foldre-vittek-es-megbilincseltek\/#primaryimage"},"thumbnailUrl":"https:\/\/hirhangya.hu\/wp-content\/uploads\/2025\/06\/8Cmnve1UwbLbkIPms-NgV10B.png","articleSection":["\u00c1ltal\u00e1nos"],"inLanguage":"hu","potentialAction":[{"@type":"CommentAction","name":"Comment","target":["https:\/\/hirhangya.hu\/index.php\/2025\/06\/12\/kerdezni-akart-a-demokrata-szenator-a-belbiztonsagi-minisztertol-a-sajtotajekoztaton-erovel-kivezettek-majd-foldre-vittek-es-megbilincseltek\/#respond"]}]},{"@type":"WebPage","@id":"https:\/\/hirhangya.hu\/index.php\/2025\/06\/12\/kerdezni-akart-a-demokrata-szenator-a-belbiztonsagi-minisztertol-a-sajtotajekoztaton-erovel-kivezettek-majd-foldre-vittek-es-megbilincseltek\/","url":"https:\/\/hirhangya.hu\/index.php\/2025\/06\/12\/kerdezni-akart-a-demokrata-szenator-a-belbiztonsagi-minisztertol-a-sajtotajekoztaton-erovel-kivezettek-majd-foldre-vittek-es-megbilincseltek\/","name":"K\u00e9rdezni akart a demokrata szen\u00e1tor a belbiztons\u00e1gi minisztert\u0151l a sajt\u00f3t\u00e1j\u00e9koztat\u00f3n, er\u0151vel kivezett\u00e9k, majd f\u00f6ldre vitt\u00e9k \u00e9s megbilincselt\u00e9k - H\u00edrhangya","isPartOf":{"@id":"https:\/\/hirhangya.hu\/#website"},"primaryImageOfPage":{"@id":"https:\/\/hirhangya.hu\/index.php\/2025\/06\/12\/kerdezni-akart-a-demokrata-szenator-a-belbiztonsagi-minisztertol-a-sajtotajekoztaton-erovel-kivezettek-majd-foldre-vittek-es-megbilincseltek\/#primaryimage"},"image":{"@id":"https:\/\/hirhangya.hu\/index.php\/2025\/06\/12\/kerdezni-akart-a-demokrata-szenator-a-belbiztonsagi-minisztertol-a-sajtotajekoztaton-erovel-kivezettek-majd-foldre-vittek-es-megbilincseltek\/#primaryimage"},"thumbnailUrl":"https:\/\/hirhangya.hu\/wp-content\/uploads\/2025\/06\/8Cmnve1UwbLbkIPms-NgV10B.png","datePublished":"2025-06-12T21:29:18+00:00","breadcrumb":{"@id":"https:\/\/hirhangya.hu\/index.php\/2025\/06\/12\/kerdezni-akart-a-demokrata-szenator-a-belbiztonsagi-minisztertol-a-sajtotajekoztaton-erovel-kivezettek-majd-foldre-vittek-es-megbilincseltek\/#breadcrumb"},"inLanguage":"hu","potentialAction":[{"@type":"ReadAction","target":["https:\/\/hirhangya.hu\/index.php\/2025\/06\/12\/kerdezni-akart-a-demokrata-szenator-a-belbiztonsagi-minisztertol-a-sajtotajekoztaton-erovel-kivezettek-majd-foldre-vittek-es-megbilincseltek\/"]}]},{"@type":"ImageObject","inLanguage":"hu","@id":"https:\/\/hirhangya.hu\/index.php\/2025\/06\/12\/kerdezni-akart-a-demokrata-szenator-a-belbiztonsagi-minisztertol-a-sajtotajekoztaton-erovel-kivezettek-majd-foldre-vittek-es-megbilincseltek\/#primaryimage","url":"https:\/\/hirhangya.hu\/wp-content\/uploads\/2025\/06\/8Cmnve1UwbLbkIPms-NgV10B.png","contentUrl":"https:\/\/hirhangya.hu\/wp-content\/uploads\/2025\/06\/8Cmnve1UwbLbkIPms-NgV10B.png","width":2000,"height":1114},{"@type":"BreadcrumbList","@id":"https:\/\/hirhangya.hu\/index.php\/2025\/06\/12\/kerdezni-akart-a-demokrata-szenator-a-belbiztonsagi-minisztertol-a-sajtotajekoztaton-erovel-kivezettek-majd-foldre-vittek-es-megbilincseltek\/#breadcrumb","itemListElement":[{"@type":"ListItem","position":1,"name":"Home","item":"https:\/\/hirhangya.hu\/"},{"@type":"ListItem","position":2,"name":"K\u00e9rdezni akart a demokrata szen\u00e1tor a belbiztons\u00e1gi minisztert\u0151l a sajt\u00f3t\u00e1j\u00e9koztat\u00f3n, er\u0151vel kivezett\u00e9k, majd f\u00f6ldre vitt\u00e9k \u00e9s megbilincselt\u00e9k"}]},{"@type":"WebSite","@id":"https:\/\/hirhangya.hu\/#website","url":"https:\/\/hirhangya.hu\/","name":"H\u00edrhangya","description":"Szorgalmasan \u00f6sszehordjuk a legfrissebb h\u00edreket","publisher":{"@id":"https:\/\/hirhangya.hu\/#organization"},"potentialAction":[{"@type":"SearchAction","target":{"@type":"EntryPoint","urlTemplate":"https:\/\/hirhangya.hu\/?s={search_term_string}"},"query-input":{"@type":"PropertyValueSpecification","valueRequired":true,"valueName":"search_term_string"}}],"inLanguage":"hu"},{"@type":"Organization","@id":"https:\/\/hirhangya.hu\/#organization","name":"H\u00edrhangya","url":"https:\/\/hirhangya.hu\/","logo":{"@type":"ImageObject","inLanguage":"hu","@id":"https:\/\/hirhangya.hu\/#\/schema\/logo\/image\/","url":"https:\/\/hirhangya.hu\/wp-content\/uploads\/2025\/06\/cropped-cropped-hirhangya-logo-szoveges-scaled-1-e1750064323596.jpg","contentUrl":"https:\/\/hirhangya.hu\/wp-content\/uploads\/2025\/06\/cropped-cropped-hirhangya-logo-szoveges-scaled-1-e1750064323596.jpg","width":350,"height":100,"caption":"H\u00edrhangya"},"image":{"@id":"https:\/\/hirhangya.hu\/#\/schema\/logo\/image\/"}},{"@type":"Person","@id":"https:\/\/hirhangya.hu\/#\/schema\/person\/ad1b32f6cde48eb8bc14fa7efd4d70b5","name":"Nemes Gabor","image":{"@type":"ImageObject","inLanguage":"hu","@id":"https:\/\/hirhangya.hu\/#\/schema\/person\/image\/","url":"https:\/\/secure.gravatar.com\/avatar\/92c2a9c67399a3a1c5444228b3ae3f850f3218d7c18ff5ed44a84130d5b474f3?s=96&d=mm&r=g","contentUrl":"https:\/\/secure.gravatar.com\/avatar\/92c2a9c67399a3a1c5444228b3ae3f850f3218d7c18ff5ed44a84130d5b474f3?s=96&d=mm&r=g","caption":"Nemes Gabor"},"url":"https:\/\/hirhangya.hu\/index.php\/author\/hex324\/"}]}},"_links":{"self":[{"href":"https:\/\/hirhangya.hu\/index.php\/wp-json\/wp\/v2\/posts\/2773","targetHints":{"allow":["GET"]}}],"collection":[{"href":"https:\/\/hirhangya.hu\/index.php\/wp-json\/wp\/v2\/posts"}],"about":[{"href":"https:\/\/hirhangya.hu\/index.php\/wp-json\/wp\/v2\/types\/post"}],"author":[{"embeddable":true,"href":"https:\/\/hirhangya.hu\/index.php\/wp-json\/wp\/v2\/users\/2"}],"replies":[{"embeddable":true,"href":"https:\/\/hirhangya.hu\/index.php\/wp-json\/wp\/v2\/comments?post=2773"}],"version-history":[{"count":0,"href":"https:\/\/hirhangya.hu\/index.php\/wp-json\/wp\/v2\/posts\/2773\/revisions"}],"wp:featuredmedia":[{"embeddable":true,"href":"https:\/\/hirhangya.hu\/index.php\/wp-json\/wp\/v2\/media\/2774"}],"wp:attachment":[{"href":"https:\/\/hirhangya.hu\/index.php\/wp-json\/wp\/v2\/media?parent=2773"}],"wp:term":[{"taxonomy":"category","embeddable":true,"href":"https:\/\/hirhangya.hu\/index.php\/wp-json\/wp\/v2\/categories?post=2773"},{"taxonomy":"post_tag","embeddable":true,"href":"https:\/\/hirhangya.hu\/index.php\/wp-json\/wp\/v2\/tags?post=2773"}],"curies":[{"name":"wp","href":"https:\/\/api.w.org\/{rel}","templated":true}]}}