{"id":6412,"date":"2025-06-28T10:11:12","date_gmt":"2025-06-28T10:11:12","guid":{"rendered":"https:\/\/hirhangya.hu\/index.php\/2025\/06\/28\/maganrepulok-es-a-klimakatasztrofa-brutalisan-no-a-legszennyezes\/"},"modified":"2025-06-28T10:11:12","modified_gmt":"2025-06-28T10:11:12","slug":"maganrepulok-es-a-klimakatasztrofa-brutalisan-no-a-legszennyezes","status":"publish","type":"post","link":"https:\/\/hirhangya.hu\/index.php\/2025\/06\/28\/maganrepulok-es-a-klimakatasztrofa-brutalisan-no-a-legszennyezes\/","title":{"rendered":"Mag\u00e1nrep\u00fcl\u0151k \u00e9s a kl\u00edmakatasztr\u00f3fa: brut\u00e1lisan n\u0151 a l\u00e9gszennyez\u00e9s"},"content":{"rendered":"<p>Mik\u00f6zben a vil\u00e1g orsz\u00e1gai egym\u00e1st t\u00fallicit\u00e1lva hirdetnek z\u00f6ld programokat, sz\u00e9n-dioxid-kibocs\u00e1t\u00e1si c\u00e9lokat \u00e9s fenntarthat\u00f3s\u00e1gi v\u00e1llal\u00e1sokat, a l\u00e9gik\u00f6zleked\u00e9s egyik legf\u00e9ny\u0171z\u0151bb szegmense \u2013 a mag\u00e1nrep\u00fcl\u00e9s \u2013 csendben rekordokat d\u00f6nt\u2026 a l\u00e9gszennyez\u00e9sben. A mag\u00e1nrep\u00fcl\u0151k a l\u00e9gszennyez\u00e9s komoly r\u00e9sz\u00e9\u00e9rt felelnek. A legfrissebb nemzetk\u00f6zi adatok szerint a mag\u00e1nrep\u00fcl\u0151g\u00e9pek kibocs\u00e1t\u00e1sa soha nem l\u00e1tott m\u00e9rt\u00e9kben emelkedik, \u00e9s ezek az exkluz\u00edv j\u00e1ratok egyre nagyobb r\u00e9szt k\u00f6vetelnek maguknak a glob\u00e1lis karbonl\u00e1bnyomb\u00f3l. Mik\u00f6zben egy \u00e1tlagos utas egy \u00e9v alatt n\u00e9h\u00e1ny tonna sz\u00e9n-dioxidot termel rep\u00fcl\u00e9ssel, egyes szuperszt\u00e1rok vagy v\u00e1llalati vezet\u0151k egyetlen \u00fatja ennek t\u00f6bbsz\u00f6r\u00f6s\u00e9t okozza \u2013 p\u00e1r \u00f3ra alatt. \u00c9rdekes adal\u00e9k ehhez p\u00e9ld\u00e1ul, hogy Jeff Bezos velencei esk\u00fcv\u0151j\u00e9nek napj\u00e1n k\u00f6zel 100(!) mag\u00e1ng\u00e9p landolt a v\u00e1ros repter\u00e9n. A mag\u00e1nrep\u00fcl\u0151k ar\u00e1nytalanul nagy m\u00e9rt\u00e9kben j\u00e1rulnak hozz\u00e1 a glob\u00e1lis felmeleged\u00e9shez. Egy rep\u00fcl\u0151\u00fat, amelyen mind\u00f6ssze 2\u20135 utas tart\u00f3zkodik, ak\u00e1r 10\u201320-szor t\u00f6bb sz\u00e9n-dioxidot bocs\u00e1that ki fejenk\u00e9nt, mint egy ugyanekkora t\u00e1vols\u00e1got megt\u00e9v\u0151 kereskedelmi j\u00e1rat. Mindez \u00fagy t\u00f6rt\u00e9nik, hogy ezeknek a j\u00e1ratoknak nagy r\u00e9sze r\u00f6vid t\u00e1v\u00fa \u2013 gyakran 1000 kilom\u00e9tern\u00e9l is r\u00f6videbb \u2013 utakra indul, olyan t\u00e1vols\u00e1gokra, amelyek k\u00f6nnyed\u00e9n megtehet\u0151k lenn\u00e9nek aut\u00f3val vagy vonattal is. A l\u00e9gszennyez\u00e9s probl\u00e9m\u00e1j\u00e1t s\u00falyosb\u00edtja, hogy a mag\u00e1ng\u00e9phaszn\u00e1lat vil\u00e1gszerte n\u00f6vekszik, k\u00fcl\u00f6n\u00f6sen a j\u00e1rv\u00e1ny ut\u00e1ni id\u0151szakban. Sokan, akik a COVID-id\u0151szakban szoktak r\u00e1 a priv\u00e1t g\u00e9pekre \u2013 a rugalmass\u00e1g, a biztons\u00e1g \u00e9s a gyorsas\u00e1g miatt \u2013, az\u00f3ta is fenntartj\u00e1k ezt az \u00e9letm\u00f3dot. A kereslet fellend\u00fcl\u00e9se \u00faj szolg\u00e1ltat\u00f3kat \u00e9s m\u00e9g t\u00f6bb rep\u00fcl\u0151g\u00e9pet hozott a piacra, ami tov\u00e1bb n\u00f6velte az ipar\u00e1g kibocs\u00e1t\u00e1s\u00e1t. De kik a legnagyobb szennyez\u0151k? Elemz\u0151k szerint a legt\u00f6bb k\u00e1rosanyag-kibocs\u00e1t\u00e1s nemcsak n\u00e9h\u00e1ny orsz\u00e1ghoz, hanem konkr\u00e9t szem\u00e9lyekhez is k\u00f6thet\u0151. Kiemelked\u0151en magas a kibocs\u00e1t\u00e1s: N\u00e9h\u00e1ny amerikai milli\u00e1rdos \u00e9s v\u00e1llalatvezet\u0151 eset\u00e9ben, akik naponta ak\u00e1r t\u00f6bbsz\u00f6r is rep\u00fclnek k\u00fcl\u00f6nb\u00f6z\u0151 \u00fczleti vagy mag\u00e1nprogramokra. N\u00e9pszer\u0171 zen\u00e9szek, sz\u00edn\u00e9szek, sportol\u00f3k k\u00f6r\u00e9ben, akik koncertturn\u00e9k vagy rendezv\u00e9nyek miatt szinte folyamatosan \u00faton vannak \u2013 priv\u00e1tg\u00e9ppel. Olyan v\u00e1llalatokn\u00e1l, amelyek saj\u00e1t flott\u00e1val rendelkeznek, \u00e9s gyakran haszn\u00e1lj\u00e1k bels\u0151 utaz\u00e1sokra, c\u00e9ges logisztik\u00e1ra. Egy 2023-as eur\u00f3pai kutat\u00e1s szerint a leggazdagabb 1% felel\u0151s a vil\u00e1g l\u00e9gik\u00f6zleked\u00e9si sz\u00e9n-dioxid-kibocs\u00e1t\u00e1s\u00e1nak k\u00f6zel 50%-\u00e1\u00e9rt, \u00e9s ezen bel\u00fcl is a mag\u00e1ng\u00e9pek haszn\u00e1lata ugr\u00e1sszer\u0171en n\u00f6vekedett az elm\u00falt \u00f6t \u00e9vben. A kl\u00edmatudatos t\u00e1rsadalmi v\u00e9lem\u00e9nyform\u00e1l\u00f3k egyre \u00e9lesebben kritiz\u00e1lj\u00e1k ezt a fajta pazarl\u00f3 mobilit\u00e1st. Aktivist\u00e1k rendszeresen tiltakoznak rep\u00fcl\u0151tereken, egyes orsz\u00e1gokban pedig felmer\u00fclt a r\u00f6vid t\u00e1v\u00fa mag\u00e1nrep\u00fcl\u00e9<\/p>\n<p>Eredeti cikk: <a href=\"https:\/\/4life.hu\/2025\/06\/28\/maganrepulok-klimakatasztrofa-legszennyezes\/\" target=\"_blank\" class=\"feedzy-rss-link-icon\">elolvasom<\/a><\/p>\n","protected":false},"excerpt":{"rendered":"<p>Mik\u00f6zben a vil\u00e1g orsz\u00e1gai egym\u00e1st t\u00fallicit\u00e1lva hirdetnek z\u00f6ld programokat, sz\u00e9n-dioxid-kibocs\u00e1t\u00e1si c\u00e9lokat \u00e9s fenntarthat\u00f3s\u00e1gi v\u00e1llal\u00e1sokat, a l\u00e9gik\u00f6zleked\u00e9s egyik legf\u00e9ny\u0171z\u0151bb szegmense \u2013 a mag\u00e1nrep\u00fcl\u00e9s \u2013 csendben rekordokat d\u00f6nt\u2026 a l\u00e9gszennyez\u00e9sben. A mag\u00e1nrep\u00fcl\u0151k a l\u00e9gszennyez\u00e9s komoly r\u00e9sz\u00e9\u00e9rt felelnek. A legfrissebb nemzetk\u00f6zi adatok szerint a mag\u00e1nrep\u00fcl\u0151g\u00e9pek kibocs\u00e1t\u00e1sa soha nem l\u00e1tott m\u00e9rt\u00e9kben emelkedik, \u00e9s ezek az exkluz\u00edv j\u00e1ratok egyre nagyobb [&hellip;]<\/p>\n","protected":false},"author":2,"featured_media":6413,"comment_status":"open","ping_status":"open","sticky":false,"template":"","format":"standard","meta":{"footnotes":""},"categories":[147],"tags":[],"class_list":["post-6412","post","type-post","status-publish","format-standard","has-post-thumbnail","hentry","category-altalanos"],"yoast_head":"<!-- This site is optimized with the Yoast SEO Premium plugin v26.2 (Yoast SEO v26.3) - https:\/\/yoast.com\/wordpress\/plugins\/seo\/ -->\n<title>Mag\u00e1nrep\u00fcl\u0151k \u00e9s a kl\u00edmakatasztr\u00f3fa: brut\u00e1lisan n\u0151 a l\u00e9gszennyez\u00e9s - H\u00edrhangya<\/title>\n<meta name=\"robots\" content=\"index, follow, max-snippet:-1, max-image-preview:large, max-video-preview:-1\" \/>\n<link rel=\"canonical\" href=\"https:\/\/hirhangya.hu\/index.php\/2025\/06\/28\/maganrepulok-es-a-klimakatasztrofa-brutalisan-no-a-legszennyezes\/\" \/>\n<meta property=\"og:locale\" content=\"hu_HU\" \/>\n<meta property=\"og:type\" content=\"article\" \/>\n<meta property=\"og:title\" content=\"Mag\u00e1nrep\u00fcl\u0151k \u00e9s a kl\u00edmakatasztr\u00f3fa: brut\u00e1lisan n\u0151 a l\u00e9gszennyez\u00e9s\" \/>\n<meta property=\"og:description\" content=\"Mik\u00f6zben a vil\u00e1g orsz\u00e1gai egym\u00e1st t\u00fallicit\u00e1lva hirdetnek z\u00f6ld programokat, sz\u00e9n-dioxid-kibocs\u00e1t\u00e1si c\u00e9lokat \u00e9s fenntarthat\u00f3s\u00e1gi v\u00e1llal\u00e1sokat, a l\u00e9gik\u00f6zleked\u00e9s egyik legf\u00e9ny\u0171z\u0151bb szegmense \u2013 a mag\u00e1nrep\u00fcl\u00e9s \u2013 csendben rekordokat d\u00f6nt\u2026 a l\u00e9gszennyez\u00e9sben. A mag\u00e1nrep\u00fcl\u0151k a l\u00e9gszennyez\u00e9s komoly r\u00e9sz\u00e9\u00e9rt felelnek. A legfrissebb nemzetk\u00f6zi adatok szerint a mag\u00e1nrep\u00fcl\u0151g\u00e9pek kibocs\u00e1t\u00e1sa soha nem l\u00e1tott m\u00e9rt\u00e9kben emelkedik, \u00e9s ezek az exkluz\u00edv j\u00e1ratok egyre nagyobb [&hellip;]\" \/>\n<meta property=\"og:url\" content=\"https:\/\/hirhangya.hu\/index.php\/2025\/06\/28\/maganrepulok-es-a-klimakatasztrofa-brutalisan-no-a-legszennyezes\/\" \/>\n<meta property=\"og:site_name\" content=\"H\u00edrhangya\" \/>\n<meta property=\"article:published_time\" content=\"2025-06-28T10:11:12+00:00\" \/>\n<meta property=\"og:image\" content=\"https:\/\/hirhangya.hu\/wp-content\/uploads\/2025\/06\/Private-Jet-maganrepulo-1024x682-2Fakyz.jpg\" \/>\n\t<meta property=\"og:image:width\" content=\"1024\" \/>\n\t<meta property=\"og:image:height\" content=\"682\" \/>\n\t<meta property=\"og:image:type\" content=\"image\/jpeg\" \/>\n<meta name=\"author\" content=\"Nemes Gabor\" \/>\n<meta name=\"twitter:card\" content=\"summary_large_image\" \/>\n<meta name=\"twitter:label1\" content=\"Szerz\u0151:\" \/>\n\t<meta name=\"twitter:data1\" content=\"Nemes Gabor\" \/>\n\t<meta name=\"twitter:label2\" content=\"Becs\u00fclt olvas\u00e1si id\u0151\" \/>\n\t<meta name=\"twitter:data2\" content=\"3 perc\" \/>\n<script type=\"application\/ld+json\" class=\"yoast-schema-graph\">{\"@context\":\"https:\/\/schema.org\",\"@graph\":[{\"@type\":\"Article\",\"@id\":\"https:\/\/hirhangya.hu\/index.php\/2025\/06\/28\/maganrepulok-es-a-klimakatasztrofa-brutalisan-no-a-legszennyezes\/#article\",\"isPartOf\":{\"@id\":\"https:\/\/hirhangya.hu\/index.php\/2025\/06\/28\/maganrepulok-es-a-klimakatasztrofa-brutalisan-no-a-legszennyezes\/\"},\"author\":{\"name\":\"Nemes Gabor\",\"@id\":\"https:\/\/hirhangya.hu\/#\/schema\/person\/ad1b32f6cde48eb8bc14fa7efd4d70b5\"},\"headline\":\"Mag\u00e1nrep\u00fcl\u0151k \u00e9s a kl\u00edmakatasztr\u00f3fa: brut\u00e1lisan n\u0151 a l\u00e9gszennyez\u00e9s\",\"datePublished\":\"2025-06-28T10:11:12+00:00\",\"mainEntityOfPage\":{\"@id\":\"https:\/\/hirhangya.hu\/index.php\/2025\/06\/28\/maganrepulok-es-a-klimakatasztrofa-brutalisan-no-a-legszennyezes\/\"},\"wordCount\":593,\"commentCount\":0,\"publisher\":{\"@id\":\"https:\/\/hirhangya.hu\/#organization\"},\"image\":{\"@id\":\"https:\/\/hirhangya.hu\/index.php\/2025\/06\/28\/maganrepulok-es-a-klimakatasztrofa-brutalisan-no-a-legszennyezes\/#primaryimage\"},\"thumbnailUrl\":\"https:\/\/hirhangya.hu\/wp-content\/uploads\/2025\/06\/Private-Jet-maganrepulo-1024x682-2Fakyz.jpg\",\"articleSection\":[\"\u00c1ltal\u00e1nos\"],\"inLanguage\":\"hu\",\"potentialAction\":[{\"@type\":\"CommentAction\",\"name\":\"Comment\",\"target\":[\"https:\/\/hirhangya.hu\/index.php\/2025\/06\/28\/maganrepulok-es-a-klimakatasztrofa-brutalisan-no-a-legszennyezes\/#respond\"]}]},{\"@type\":\"WebPage\",\"@id\":\"https:\/\/hirhangya.hu\/index.php\/2025\/06\/28\/maganrepulok-es-a-klimakatasztrofa-brutalisan-no-a-legszennyezes\/\",\"url\":\"https:\/\/hirhangya.hu\/index.php\/2025\/06\/28\/maganrepulok-es-a-klimakatasztrofa-brutalisan-no-a-legszennyezes\/\",\"name\":\"Mag\u00e1nrep\u00fcl\u0151k \u00e9s a kl\u00edmakatasztr\u00f3fa: brut\u00e1lisan n\u0151 a l\u00e9gszennyez\u00e9s - H\u00edrhangya\",\"isPartOf\":{\"@id\":\"https:\/\/hirhangya.hu\/#website\"},\"primaryImageOfPage\":{\"@id\":\"https:\/\/hirhangya.hu\/index.php\/2025\/06\/28\/maganrepulok-es-a-klimakatasztrofa-brutalisan-no-a-legszennyezes\/#primaryimage\"},\"image\":{\"@id\":\"https:\/\/hirhangya.hu\/index.php\/2025\/06\/28\/maganrepulok-es-a-klimakatasztrofa-brutalisan-no-a-legszennyezes\/#primaryimage\"},\"thumbnailUrl\":\"https:\/\/hirhangya.hu\/wp-content\/uploads\/2025\/06\/Private-Jet-maganrepulo-1024x682-2Fakyz.jpg\",\"datePublished\":\"2025-06-28T10:11:12+00:00\",\"breadcrumb\":{\"@id\":\"https:\/\/hirhangya.hu\/index.php\/2025\/06\/28\/maganrepulok-es-a-klimakatasztrofa-brutalisan-no-a-legszennyezes\/#breadcrumb\"},\"inLanguage\":\"hu\",\"potentialAction\":[{\"@type\":\"ReadAction\",\"target\":[\"https:\/\/hirhangya.hu\/index.php\/2025\/06\/28\/maganrepulok-es-a-klimakatasztrofa-brutalisan-no-a-legszennyezes\/\"]}]},{\"@type\":\"ImageObject\",\"inLanguage\":\"hu\",\"@id\":\"https:\/\/hirhangya.hu\/index.php\/2025\/06\/28\/maganrepulok-es-a-klimakatasztrofa-brutalisan-no-a-legszennyezes\/#primaryimage\",\"url\":\"https:\/\/hirhangya.hu\/wp-content\/uploads\/2025\/06\/Private-Jet-maganrepulo-1024x682-2Fakyz.jpg\",\"contentUrl\":\"https:\/\/hirhangya.hu\/wp-content\/uploads\/2025\/06\/Private-Jet-maganrepulo-1024x682-2Fakyz.jpg\",\"width\":1024,\"height\":682},{\"@type\":\"BreadcrumbList\",\"@id\":\"https:\/\/hirhangya.hu\/index.php\/2025\/06\/28\/maganrepulok-es-a-klimakatasztrofa-brutalisan-no-a-legszennyezes\/#breadcrumb\",\"itemListElement\":[{\"@type\":\"ListItem\",\"position\":1,\"name\":\"Home\",\"item\":\"https:\/\/hirhangya.hu\/\"},{\"@type\":\"ListItem\",\"position\":2,\"name\":\"Mag\u00e1nrep\u00fcl\u0151k \u00e9s a kl\u00edmakatasztr\u00f3fa: brut\u00e1lisan n\u0151 a l\u00e9gszennyez\u00e9s\"}]},{\"@type\":\"WebSite\",\"@id\":\"https:\/\/hirhangya.hu\/#website\",\"url\":\"https:\/\/hirhangya.hu\/\",\"name\":\"H\u00edrhangya\",\"description\":\"Szorgalmasan \u00f6sszehordjuk a legfrissebb h\u00edreket\",\"publisher\":{\"@id\":\"https:\/\/hirhangya.hu\/#organization\"},\"potentialAction\":[{\"@type\":\"SearchAction\",\"target\":{\"@type\":\"EntryPoint\",\"urlTemplate\":\"https:\/\/hirhangya.hu\/?s={search_term_string}\"},\"query-input\":{\"@type\":\"PropertyValueSpecification\",\"valueRequired\":true,\"valueName\":\"search_term_string\"}}],\"inLanguage\":\"hu\"},{\"@type\":\"Organization\",\"@id\":\"https:\/\/hirhangya.hu\/#organization\",\"name\":\"H\u00edrhangya\",\"url\":\"https:\/\/hirhangya.hu\/\",\"logo\":{\"@type\":\"ImageObject\",\"inLanguage\":\"hu\",\"@id\":\"https:\/\/hirhangya.hu\/#\/schema\/logo\/image\/\",\"url\":\"https:\/\/hirhangya.hu\/wp-content\/uploads\/2025\/06\/cropped-cropped-hirhangya-logo-szoveges-scaled-1-e1750064323596.jpg\",\"contentUrl\":\"https:\/\/hirhangya.hu\/wp-content\/uploads\/2025\/06\/cropped-cropped-hirhangya-logo-szoveges-scaled-1-e1750064323596.jpg\",\"width\":350,\"height\":100,\"caption\":\"H\u00edrhangya\"},\"image\":{\"@id\":\"https:\/\/hirhangya.hu\/#\/schema\/logo\/image\/\"}},{\"@type\":\"Person\",\"@id\":\"https:\/\/hirhangya.hu\/#\/schema\/person\/ad1b32f6cde48eb8bc14fa7efd4d70b5\",\"name\":\"Nemes Gabor\",\"image\":{\"@type\":\"ImageObject\",\"inLanguage\":\"hu\",\"@id\":\"https:\/\/hirhangya.hu\/#\/schema\/person\/image\/\",\"url\":\"https:\/\/secure.gravatar.com\/avatar\/92c2a9c67399a3a1c5444228b3ae3f850f3218d7c18ff5ed44a84130d5b474f3?s=96&d=mm&r=g\",\"contentUrl\":\"https:\/\/secure.gravatar.com\/avatar\/92c2a9c67399a3a1c5444228b3ae3f850f3218d7c18ff5ed44a84130d5b474f3?s=96&d=mm&r=g\",\"caption\":\"Nemes Gabor\"},\"url\":\"https:\/\/hirhangya.hu\/index.php\/author\/hex324\/\"}]}<\/script>\n<!-- \/ Yoast SEO Premium plugin. -->","yoast_head_json":{"title":"Mag\u00e1nrep\u00fcl\u0151k \u00e9s a kl\u00edmakatasztr\u00f3fa: brut\u00e1lisan n\u0151 a l\u00e9gszennyez\u00e9s - H\u00edrhangya","robots":{"index":"index","follow":"follow","max-snippet":"max-snippet:-1","max-image-preview":"max-image-preview:large","max-video-preview":"max-video-preview:-1"},"canonical":"https:\/\/hirhangya.hu\/index.php\/2025\/06\/28\/maganrepulok-es-a-klimakatasztrofa-brutalisan-no-a-legszennyezes\/","og_locale":"hu_HU","og_type":"article","og_title":"Mag\u00e1nrep\u00fcl\u0151k \u00e9s a kl\u00edmakatasztr\u00f3fa: brut\u00e1lisan n\u0151 a l\u00e9gszennyez\u00e9s","og_description":"Mik\u00f6zben a vil\u00e1g orsz\u00e1gai egym\u00e1st t\u00fallicit\u00e1lva hirdetnek z\u00f6ld programokat, sz\u00e9n-dioxid-kibocs\u00e1t\u00e1si c\u00e9lokat \u00e9s fenntarthat\u00f3s\u00e1gi v\u00e1llal\u00e1sokat, a l\u00e9gik\u00f6zleked\u00e9s egyik legf\u00e9ny\u0171z\u0151bb szegmense \u2013 a mag\u00e1nrep\u00fcl\u00e9s \u2013 csendben rekordokat d\u00f6nt\u2026 a l\u00e9gszennyez\u00e9sben. A mag\u00e1nrep\u00fcl\u0151k a l\u00e9gszennyez\u00e9s komoly r\u00e9sz\u00e9\u00e9rt felelnek. A legfrissebb nemzetk\u00f6zi adatok szerint a mag\u00e1nrep\u00fcl\u0151g\u00e9pek kibocs\u00e1t\u00e1sa soha nem l\u00e1tott m\u00e9rt\u00e9kben emelkedik, \u00e9s ezek az exkluz\u00edv j\u00e1ratok egyre nagyobb [&hellip;]","og_url":"https:\/\/hirhangya.hu\/index.php\/2025\/06\/28\/maganrepulok-es-a-klimakatasztrofa-brutalisan-no-a-legszennyezes\/","og_site_name":"H\u00edrhangya","article_published_time":"2025-06-28T10:11:12+00:00","og_image":[{"width":1024,"height":682,"url":"https:\/\/hirhangya.hu\/wp-content\/uploads\/2025\/06\/Private-Jet-maganrepulo-1024x682-2Fakyz.jpg","type":"image\/jpeg"}],"author":"Nemes Gabor","twitter_card":"summary_large_image","twitter_misc":{"Szerz\u0151:":"Nemes Gabor","Becs\u00fclt olvas\u00e1si id\u0151":"3 perc"},"schema":{"@context":"https:\/\/schema.org","@graph":[{"@type":"Article","@id":"https:\/\/hirhangya.hu\/index.php\/2025\/06\/28\/maganrepulok-es-a-klimakatasztrofa-brutalisan-no-a-legszennyezes\/#article","isPartOf":{"@id":"https:\/\/hirhangya.hu\/index.php\/2025\/06\/28\/maganrepulok-es-a-klimakatasztrofa-brutalisan-no-a-legszennyezes\/"},"author":{"name":"Nemes Gabor","@id":"https:\/\/hirhangya.hu\/#\/schema\/person\/ad1b32f6cde48eb8bc14fa7efd4d70b5"},"headline":"Mag\u00e1nrep\u00fcl\u0151k \u00e9s a kl\u00edmakatasztr\u00f3fa: brut\u00e1lisan n\u0151 a l\u00e9gszennyez\u00e9s","datePublished":"2025-06-28T10:11:12+00:00","mainEntityOfPage":{"@id":"https:\/\/hirhangya.hu\/index.php\/2025\/06\/28\/maganrepulok-es-a-klimakatasztrofa-brutalisan-no-a-legszennyezes\/"},"wordCount":593,"commentCount":0,"publisher":{"@id":"https:\/\/hirhangya.hu\/#organization"},"image":{"@id":"https:\/\/hirhangya.hu\/index.php\/2025\/06\/28\/maganrepulok-es-a-klimakatasztrofa-brutalisan-no-a-legszennyezes\/#primaryimage"},"thumbnailUrl":"https:\/\/hirhangya.hu\/wp-content\/uploads\/2025\/06\/Private-Jet-maganrepulo-1024x682-2Fakyz.jpg","articleSection":["\u00c1ltal\u00e1nos"],"inLanguage":"hu","potentialAction":[{"@type":"CommentAction","name":"Comment","target":["https:\/\/hirhangya.hu\/index.php\/2025\/06\/28\/maganrepulok-es-a-klimakatasztrofa-brutalisan-no-a-legszennyezes\/#respond"]}]},{"@type":"WebPage","@id":"https:\/\/hirhangya.hu\/index.php\/2025\/06\/28\/maganrepulok-es-a-klimakatasztrofa-brutalisan-no-a-legszennyezes\/","url":"https:\/\/hirhangya.hu\/index.php\/2025\/06\/28\/maganrepulok-es-a-klimakatasztrofa-brutalisan-no-a-legszennyezes\/","name":"Mag\u00e1nrep\u00fcl\u0151k \u00e9s a kl\u00edmakatasztr\u00f3fa: brut\u00e1lisan n\u0151 a l\u00e9gszennyez\u00e9s - H\u00edrhangya","isPartOf":{"@id":"https:\/\/hirhangya.hu\/#website"},"primaryImageOfPage":{"@id":"https:\/\/hirhangya.hu\/index.php\/2025\/06\/28\/maganrepulok-es-a-klimakatasztrofa-brutalisan-no-a-legszennyezes\/#primaryimage"},"image":{"@id":"https:\/\/hirhangya.hu\/index.php\/2025\/06\/28\/maganrepulok-es-a-klimakatasztrofa-brutalisan-no-a-legszennyezes\/#primaryimage"},"thumbnailUrl":"https:\/\/hirhangya.hu\/wp-content\/uploads\/2025\/06\/Private-Jet-maganrepulo-1024x682-2Fakyz.jpg","datePublished":"2025-06-28T10:11:12+00:00","breadcrumb":{"@id":"https:\/\/hirhangya.hu\/index.php\/2025\/06\/28\/maganrepulok-es-a-klimakatasztrofa-brutalisan-no-a-legszennyezes\/#breadcrumb"},"inLanguage":"hu","potentialAction":[{"@type":"ReadAction","target":["https:\/\/hirhangya.hu\/index.php\/2025\/06\/28\/maganrepulok-es-a-klimakatasztrofa-brutalisan-no-a-legszennyezes\/"]}]},{"@type":"ImageObject","inLanguage":"hu","@id":"https:\/\/hirhangya.hu\/index.php\/2025\/06\/28\/maganrepulok-es-a-klimakatasztrofa-brutalisan-no-a-legszennyezes\/#primaryimage","url":"https:\/\/hirhangya.hu\/wp-content\/uploads\/2025\/06\/Private-Jet-maganrepulo-1024x682-2Fakyz.jpg","contentUrl":"https:\/\/hirhangya.hu\/wp-content\/uploads\/2025\/06\/Private-Jet-maganrepulo-1024x682-2Fakyz.jpg","width":1024,"height":682},{"@type":"BreadcrumbList","@id":"https:\/\/hirhangya.hu\/index.php\/2025\/06\/28\/maganrepulok-es-a-klimakatasztrofa-brutalisan-no-a-legszennyezes\/#breadcrumb","itemListElement":[{"@type":"ListItem","position":1,"name":"Home","item":"https:\/\/hirhangya.hu\/"},{"@type":"ListItem","position":2,"name":"Mag\u00e1nrep\u00fcl\u0151k \u00e9s a kl\u00edmakatasztr\u00f3fa: brut\u00e1lisan n\u0151 a l\u00e9gszennyez\u00e9s"}]},{"@type":"WebSite","@id":"https:\/\/hirhangya.hu\/#website","url":"https:\/\/hirhangya.hu\/","name":"H\u00edrhangya","description":"Szorgalmasan \u00f6sszehordjuk a legfrissebb h\u00edreket","publisher":{"@id":"https:\/\/hirhangya.hu\/#organization"},"potentialAction":[{"@type":"SearchAction","target":{"@type":"EntryPoint","urlTemplate":"https:\/\/hirhangya.hu\/?s={search_term_string}"},"query-input":{"@type":"PropertyValueSpecification","valueRequired":true,"valueName":"search_term_string"}}],"inLanguage":"hu"},{"@type":"Organization","@id":"https:\/\/hirhangya.hu\/#organization","name":"H\u00edrhangya","url":"https:\/\/hirhangya.hu\/","logo":{"@type":"ImageObject","inLanguage":"hu","@id":"https:\/\/hirhangya.hu\/#\/schema\/logo\/image\/","url":"https:\/\/hirhangya.hu\/wp-content\/uploads\/2025\/06\/cropped-cropped-hirhangya-logo-szoveges-scaled-1-e1750064323596.jpg","contentUrl":"https:\/\/hirhangya.hu\/wp-content\/uploads\/2025\/06\/cropped-cropped-hirhangya-logo-szoveges-scaled-1-e1750064323596.jpg","width":350,"height":100,"caption":"H\u00edrhangya"},"image":{"@id":"https:\/\/hirhangya.hu\/#\/schema\/logo\/image\/"}},{"@type":"Person","@id":"https:\/\/hirhangya.hu\/#\/schema\/person\/ad1b32f6cde48eb8bc14fa7efd4d70b5","name":"Nemes Gabor","image":{"@type":"ImageObject","inLanguage":"hu","@id":"https:\/\/hirhangya.hu\/#\/schema\/person\/image\/","url":"https:\/\/secure.gravatar.com\/avatar\/92c2a9c67399a3a1c5444228b3ae3f850f3218d7c18ff5ed44a84130d5b474f3?s=96&d=mm&r=g","contentUrl":"https:\/\/secure.gravatar.com\/avatar\/92c2a9c67399a3a1c5444228b3ae3f850f3218d7c18ff5ed44a84130d5b474f3?s=96&d=mm&r=g","caption":"Nemes Gabor"},"url":"https:\/\/hirhangya.hu\/index.php\/author\/hex324\/"}]}},"_links":{"self":[{"href":"https:\/\/hirhangya.hu\/index.php\/wp-json\/wp\/v2\/posts\/6412","targetHints":{"allow":["GET"]}}],"collection":[{"href":"https:\/\/hirhangya.hu\/index.php\/wp-json\/wp\/v2\/posts"}],"about":[{"href":"https:\/\/hirhangya.hu\/index.php\/wp-json\/wp\/v2\/types\/post"}],"author":[{"embeddable":true,"href":"https:\/\/hirhangya.hu\/index.php\/wp-json\/wp\/v2\/users\/2"}],"replies":[{"embeddable":true,"href":"https:\/\/hirhangya.hu\/index.php\/wp-json\/wp\/v2\/comments?post=6412"}],"version-history":[{"count":0,"href":"https:\/\/hirhangya.hu\/index.php\/wp-json\/wp\/v2\/posts\/6412\/revisions"}],"wp:featuredmedia":[{"embeddable":true,"href":"https:\/\/hirhangya.hu\/index.php\/wp-json\/wp\/v2\/media\/6413"}],"wp:attachment":[{"href":"https:\/\/hirhangya.hu\/index.php\/wp-json\/wp\/v2\/media?parent=6412"}],"wp:term":[{"taxonomy":"category","embeddable":true,"href":"https:\/\/hirhangya.hu\/index.php\/wp-json\/wp\/v2\/categories?post=6412"},{"taxonomy":"post_tag","embeddable":true,"href":"https:\/\/hirhangya.hu\/index.php\/wp-json\/wp\/v2\/tags?post=6412"}],"curies":[{"name":"wp","href":"https:\/\/api.w.org\/{rel}","templated":true}]}}