{"id":8114,"date":"2025-07-05T21:10:41","date_gmt":"2025-07-05T21:10:41","guid":{"rendered":"https:\/\/hirhangya.hu\/index.php\/2025\/07\/05\/orban-ujbol-elmondana-a-magyarellenes-simionnak-kampanyolo-beszedet-mert-a-romanokkal-egyutt-kell-mukodni\/"},"modified":"2025-07-05T21:10:41","modified_gmt":"2025-07-05T21:10:41","slug":"orban-ujbol-elmondana-a-magyarellenes-simionnak-kampanyolo-beszedet-mert-a-romanokkal-egyutt-kell-mukodni","status":"publish","type":"post","link":"https:\/\/hirhangya.hu\/index.php\/2025\/07\/05\/orban-ujbol-elmondana-a-magyarellenes-simionnak-kampanyolo-beszedet-mert-a-romanokkal-egyutt-kell-mukodni\/","title":{"rendered":"Orb\u00e1n \u00fajb\u00f3l elmondan\u00e1 a magyarellenes Simionnak kamp\u00e1nyol\u00f3 besz\u00e9d\u00e9t, mert a rom\u00e1nokkal egy\u00fctt kell m\u0171k\u00f6dni"},"content":{"rendered":"<p>\u201eMeg fogjuk nyerni a k\u00f6vetkez\u0151 v\u00e1laszt\u00e1st is, ez a terv. (&#8230;) A 20. \u00e9vemet taposom minisztereln\u00f6kk\u00e9nt, nyert\u00fcnk \u00f6t v\u00e1laszt\u00e1st, legut\u00f3bb n\u00e9gyet egym\u00e1s ut\u00e1n. Egym\u00e1s ut\u00e1n hozzuk azokat az int\u00e9zked\u00e9seket, amelyek lehet\u0151s\u00e9get adnak a magyaroknak, egyre t\u00f6bb embernek. Mi\u00e9rt k\u00e9ne kishit\u0171nek lenni?\u201d \u2013 ilyeneket mond Orb\u00e1n Viktor abban a bar\u00e1ti hangv\u00e9tel\u0171 interj\u00faban, amelyet az erd\u00e9lyi Kr\u00f3nika Online-nak adott.Az egyetlen fesz\u00fcltebb r\u00e9sz, amikor a riporter r\u00e1k\u00e9rdez arra a bizonyos tihanyi besz\u00e9dre, amelyre \u201eaz erd\u00e9lyi magyarok alaposan felkapt\u00e1k a fej\u00fcket\u201d. M\u00e1rmint arr\u00f3l a besz\u00e9dr\u0151l van sz\u00f3, amelyet a sz\u00e9ls\u0151jobbos George Simion a kamp\u00e1ny\u00e1ban haszn\u00e1lt, \u00e9s amelyben Orb\u00e1n egyet\u00e9rt\u00e9s\u00e9r\u0151l biztos\u00edtotta a magyargy\u0171l\u00f6l\u0151 politikust. Annyira \u00e9rthetetlen hiba volt ez magyar belpolitikai szempontb\u00f3l, hogy nem v\u00e9letlen\u00fcl sz\u00fcletnek olyan magyar\u00e1zatok, hogy Meloni \u00e9s Trump nyom\u00e1s\u00e1ra \u00e1llt a magyar minisztereln\u00f6k a v\u00e9g\u00fcl elbuk\u00f3 rom\u00e1n eln\u00f6kjel\u00f6lt mell\u00e9.Orb\u00e1n most \u00edgy magyar\u00e1zta a ki\u00e1ll\u00e1s\u00e1t: \u201e\u00c9n nem mondtam m\u00e1st, mint amit mindig is mondtam, meg a j\u00f6v\u0151ben is mondani fogok. Az meglepett, hogy ilyen vihar kavart, de egy v\u00e1laszt\u00e1si helyzet f\u00f6lfokozott ideg\u00e1llapot, \u00e9s olyankor tal\u00e1n a textus, vagy amit az ember mond, kev\u00e9sb\u00e9 fontos, mint hogy mikor mondja. Kiv\u00e1l\u00f3 mondataim vannak, most meg tudom mondani, mit fogok mondani \u00f6t \u00e9v m\u00falva a legk\u00f6zelebbi itteni v\u00e1laszt\u00e1skor. Magyarorsz\u00e1g minisztereln\u00f6kek\u00e9nt elvi \u00e1ll\u00e1spontot k\u00e9pviseltem akkor is, most is, \u00e9s azt fogom a j\u00f6v\u0151ben is. Azt mondtam, hogy nem sz\u00f3lunk bele a most foly\u00f3 rom\u00e1n eln\u00f6kv\u00e1laszt\u00e1si k\u00fczdelembe. De annyit \u00fczen\u00fcnk err\u0151l a szimbolikus helyr\u0151l \u2013 ez Tihanyban t\u00f6rt\u00e9nt \u2013, hogy biztos\u00edtjuk Rom\u00e1nia n\u00e9p\u00e9t \u00e9s j\u00f6vend\u0151 eln\u00f6k\u00e9t, ak\u00e1rki is az, hogy mi az \u00f6sszefog\u00e1s \u00e9s az egy\u00fcttm\u0171k\u00f6d\u00e9s talaj\u00e1n \u00e1llunk. Ez \u00edgy lesz holnap is, holnaput\u00e1n, meg \u00f6t \u00e9v m\u00falva is.\u201dA nagy sz\u00e1m\u00fa magyar kisebbs\u00e9g miatt ezt az elvi szint\u0171 j\u00f3 viszonyt a mindenkori rom\u00e1n korm\u00e1nnyal abszol\u00fat lehet is t\u00e1mogatni, csak h\u00e1t egyr\u00e9szt ez egy magyarellenes politikus eset\u00e9ben vet fel k\u00e9rd\u00e9seket, m\u00e1sr\u00e9szt a korrekt partneri viszony \u00e9s a konkr\u00e9t kamp\u00e1nyol\u00e1s egy adott jel\u00f6lt mellett &#8211; ez nem ugyanaz az.Azt\u00e1n Orb\u00e1n ehhez m\u00e9g hozz\u00e1teszi, hogy semmilyen retorzi\u00f3t nem t\u00e1mogat a rom\u00e1n korm\u00e1nnyal szemben \u2013 ami szint\u00e9n vet fel k\u00e9rd\u00e9seket: akkor sem, ha a magyar kisebbs\u00e9g jogait csirb\u00e1lj\u00e1k? De azt\u00e1n azzal folytatja, hogy f\u0151leg akkor fog \u0151 ki\u00e1llni a mindenkori rom\u00e1n korm\u00e1ny mellett, ha az is olyan szuverenista \u00e9s kereszt\u00e9ny \u00e9s EU-ellenes, mint \u2013 szerinte \u2013 Simion. Id\u00e9zem az eg\u00e9szet: \u201eFontos, hogy semmilyen elszigetel\u00e9st, politikai retorzi\u00f3t nem fogunk t\u00e1mogatni Rom\u00e1ni\u00e1val \u00e9s annak vezet\u0151ivel szemben, ak\u00e1rhogy is h\u00edvj\u00e1k a rom\u00e1n eln\u00f6k\u00f6t. Teh\u00e1t azt senki ne v\u00e1rja t\u0151lem, hogy Magyarorsz\u00e1g t\u00e1mogatni fogja, ha Rom\u00e1nia b\u00e1rmely megv\u00e1lasztott vezet\u0151j\u00e9v<\/p>\n<p>Eredeti cikk: <a href=\"https:\/\/444.hu\/2025\/07\/05\/orban-ujbol-elmondana-a-magyarellenes-simionnak-kampanyolo-beszedet-mert-a-romanokkal-egyutt-kell-mukodni?utm_source=rss_feed&amp;utm_medium=rss&amp;utm_campaign=rss_syndication\" target=\"_blank\" class=\"feedzy-rss-link-icon\">elolvasom<\/a><\/p>\n","protected":false},"excerpt":{"rendered":"<p>\u201eMeg fogjuk nyerni a k\u00f6vetkez\u0151 v\u00e1laszt\u00e1st is, ez a terv. (&#8230;) A 20. \u00e9vemet taposom minisztereln\u00f6kk\u00e9nt, nyert\u00fcnk \u00f6t v\u00e1laszt\u00e1st, legut\u00f3bb n\u00e9gyet egym\u00e1s ut\u00e1n. Egym\u00e1s ut\u00e1n hozzuk azokat az int\u00e9zked\u00e9seket, amelyek lehet\u0151s\u00e9get adnak a magyaroknak, egyre t\u00f6bb embernek. Mi\u00e9rt k\u00e9ne kishit\u0171nek lenni?\u201d \u2013 ilyeneket mond Orb\u00e1n Viktor abban a bar\u00e1ti hangv\u00e9tel\u0171 interj\u00faban, amelyet az erd\u00e9lyi Kr\u00f3nika [&hellip;]<\/p>\n","protected":false},"author":2,"featured_media":8115,"comment_status":"open","ping_status":"open","sticky":false,"template":"","format":"standard","meta":{"footnotes":""},"categories":[147],"tags":[],"class_list":["post-8114","post","type-post","status-publish","format-standard","has-post-thumbnail","hentry","category-altalanos"],"yoast_head":"<!-- This site is optimized with the Yoast SEO Premium plugin v26.2 (Yoast SEO v26.3) - https:\/\/yoast.com\/wordpress\/plugins\/seo\/ -->\n<title>Orb\u00e1n \u00fajb\u00f3l elmondan\u00e1 a magyarellenes Simionnak kamp\u00e1nyol\u00f3 besz\u00e9d\u00e9t, mert a rom\u00e1nokkal egy\u00fctt kell m\u0171k\u00f6dni - H\u00edrhangya<\/title>\n<meta name=\"robots\" content=\"index, follow, max-snippet:-1, max-image-preview:large, max-video-preview:-1\" \/>\n<link rel=\"canonical\" href=\"https:\/\/hirhangya.hu\/index.php\/2025\/07\/05\/orban-ujbol-elmondana-a-magyarellenes-simionnak-kampanyolo-beszedet-mert-a-romanokkal-egyutt-kell-mukodni\/\" \/>\n<meta property=\"og:locale\" content=\"hu_HU\" \/>\n<meta property=\"og:type\" content=\"article\" \/>\n<meta property=\"og:title\" content=\"Orb\u00e1n \u00fajb\u00f3l elmondan\u00e1 a magyarellenes Simionnak kamp\u00e1nyol\u00f3 besz\u00e9d\u00e9t, mert a rom\u00e1nokkal egy\u00fctt kell m\u0171k\u00f6dni\" \/>\n<meta property=\"og:description\" content=\"\u201eMeg fogjuk nyerni a k\u00f6vetkez\u0151 v\u00e1laszt\u00e1st is, ez a terv. (&#8230;) A 20. \u00e9vemet taposom minisztereln\u00f6kk\u00e9nt, nyert\u00fcnk \u00f6t v\u00e1laszt\u00e1st, legut\u00f3bb n\u00e9gyet egym\u00e1s ut\u00e1n. Egym\u00e1s ut\u00e1n hozzuk azokat az int\u00e9zked\u00e9seket, amelyek lehet\u0151s\u00e9get adnak a magyaroknak, egyre t\u00f6bb embernek. Mi\u00e9rt k\u00e9ne kishit\u0171nek lenni?\u201d \u2013 ilyeneket mond Orb\u00e1n Viktor abban a bar\u00e1ti hangv\u00e9tel\u0171 interj\u00faban, amelyet az erd\u00e9lyi Kr\u00f3nika [&hellip;]\" \/>\n<meta property=\"og:url\" content=\"https:\/\/hirhangya.hu\/index.php\/2025\/07\/05\/orban-ujbol-elmondana-a-magyarellenes-simionnak-kampanyolo-beszedet-mert-a-romanokkal-egyutt-kell-mukodni\/\" \/>\n<meta property=\"og:site_name\" content=\"H\u00edrhangya\" \/>\n<meta property=\"article:published_time\" content=\"2025-07-05T21:10:41+00:00\" \/>\n<meta property=\"og:image\" content=\"https:\/\/hirhangya.hu\/wp-content\/uploads\/2025\/07\/8DMVW88sdu6DUyHQs-jJ48Nq.png\" \/>\n\t<meta property=\"og:image:width\" content=\"1920\" \/>\n\t<meta property=\"og:image:height\" content=\"1080\" \/>\n\t<meta property=\"og:image:type\" content=\"image\/png\" \/>\n<meta name=\"author\" content=\"Nemes Gabor\" \/>\n<meta name=\"twitter:card\" content=\"summary_large_image\" \/>\n<meta name=\"twitter:label1\" content=\"Szerz\u0151:\" \/>\n\t<meta name=\"twitter:data1\" content=\"Nemes Gabor\" \/>\n\t<meta name=\"twitter:label2\" content=\"Becs\u00fclt olvas\u00e1si id\u0151\" \/>\n\t<meta name=\"twitter:data2\" content=\"3 perc\" \/>\n<script type=\"application\/ld+json\" class=\"yoast-schema-graph\">{\"@context\":\"https:\/\/schema.org\",\"@graph\":[{\"@type\":\"Article\",\"@id\":\"https:\/\/hirhangya.hu\/index.php\/2025\/07\/05\/orban-ujbol-elmondana-a-magyarellenes-simionnak-kampanyolo-beszedet-mert-a-romanokkal-egyutt-kell-mukodni\/#article\",\"isPartOf\":{\"@id\":\"https:\/\/hirhangya.hu\/index.php\/2025\/07\/05\/orban-ujbol-elmondana-a-magyarellenes-simionnak-kampanyolo-beszedet-mert-a-romanokkal-egyutt-kell-mukodni\/\"},\"author\":{\"name\":\"Nemes Gabor\",\"@id\":\"https:\/\/hirhangya.hu\/#\/schema\/person\/ad1b32f6cde48eb8bc14fa7efd4d70b5\"},\"headline\":\"Orb\u00e1n \u00fajb\u00f3l elmondan\u00e1 a magyarellenes Simionnak kamp\u00e1nyol\u00f3 besz\u00e9d\u00e9t, mert a rom\u00e1nokkal egy\u00fctt kell m\u0171k\u00f6dni\",\"datePublished\":\"2025-07-05T21:10:41+00:00\",\"mainEntityOfPage\":{\"@id\":\"https:\/\/hirhangya.hu\/index.php\/2025\/07\/05\/orban-ujbol-elmondana-a-magyarellenes-simionnak-kampanyolo-beszedet-mert-a-romanokkal-egyutt-kell-mukodni\/\"},\"wordCount\":605,\"commentCount\":0,\"publisher\":{\"@id\":\"https:\/\/hirhangya.hu\/#organization\"},\"image\":{\"@id\":\"https:\/\/hirhangya.hu\/index.php\/2025\/07\/05\/orban-ujbol-elmondana-a-magyarellenes-simionnak-kampanyolo-beszedet-mert-a-romanokkal-egyutt-kell-mukodni\/#primaryimage\"},\"thumbnailUrl\":\"https:\/\/hirhangya.hu\/wp-content\/uploads\/2025\/07\/8DMVW88sdu6DUyHQs-jJ48Nq.png\",\"articleSection\":[\"\u00c1ltal\u00e1nos\"],\"inLanguage\":\"hu\",\"potentialAction\":[{\"@type\":\"CommentAction\",\"name\":\"Comment\",\"target\":[\"https:\/\/hirhangya.hu\/index.php\/2025\/07\/05\/orban-ujbol-elmondana-a-magyarellenes-simionnak-kampanyolo-beszedet-mert-a-romanokkal-egyutt-kell-mukodni\/#respond\"]}]},{\"@type\":\"WebPage\",\"@id\":\"https:\/\/hirhangya.hu\/index.php\/2025\/07\/05\/orban-ujbol-elmondana-a-magyarellenes-simionnak-kampanyolo-beszedet-mert-a-romanokkal-egyutt-kell-mukodni\/\",\"url\":\"https:\/\/hirhangya.hu\/index.php\/2025\/07\/05\/orban-ujbol-elmondana-a-magyarellenes-simionnak-kampanyolo-beszedet-mert-a-romanokkal-egyutt-kell-mukodni\/\",\"name\":\"Orb\u00e1n \u00fajb\u00f3l elmondan\u00e1 a magyarellenes Simionnak kamp\u00e1nyol\u00f3 besz\u00e9d\u00e9t, mert a rom\u00e1nokkal egy\u00fctt kell m\u0171k\u00f6dni - H\u00edrhangya\",\"isPartOf\":{\"@id\":\"https:\/\/hirhangya.hu\/#website\"},\"primaryImageOfPage\":{\"@id\":\"https:\/\/hirhangya.hu\/index.php\/2025\/07\/05\/orban-ujbol-elmondana-a-magyarellenes-simionnak-kampanyolo-beszedet-mert-a-romanokkal-egyutt-kell-mukodni\/#primaryimage\"},\"image\":{\"@id\":\"https:\/\/hirhangya.hu\/index.php\/2025\/07\/05\/orban-ujbol-elmondana-a-magyarellenes-simionnak-kampanyolo-beszedet-mert-a-romanokkal-egyutt-kell-mukodni\/#primaryimage\"},\"thumbnailUrl\":\"https:\/\/hirhangya.hu\/wp-content\/uploads\/2025\/07\/8DMVW88sdu6DUyHQs-jJ48Nq.png\",\"datePublished\":\"2025-07-05T21:10:41+00:00\",\"breadcrumb\":{\"@id\":\"https:\/\/hirhangya.hu\/index.php\/2025\/07\/05\/orban-ujbol-elmondana-a-magyarellenes-simionnak-kampanyolo-beszedet-mert-a-romanokkal-egyutt-kell-mukodni\/#breadcrumb\"},\"inLanguage\":\"hu\",\"potentialAction\":[{\"@type\":\"ReadAction\",\"target\":[\"https:\/\/hirhangya.hu\/index.php\/2025\/07\/05\/orban-ujbol-elmondana-a-magyarellenes-simionnak-kampanyolo-beszedet-mert-a-romanokkal-egyutt-kell-mukodni\/\"]}]},{\"@type\":\"ImageObject\",\"inLanguage\":\"hu\",\"@id\":\"https:\/\/hirhangya.hu\/index.php\/2025\/07\/05\/orban-ujbol-elmondana-a-magyarellenes-simionnak-kampanyolo-beszedet-mert-a-romanokkal-egyutt-kell-mukodni\/#primaryimage\",\"url\":\"https:\/\/hirhangya.hu\/wp-content\/uploads\/2025\/07\/8DMVW88sdu6DUyHQs-jJ48Nq.png\",\"contentUrl\":\"https:\/\/hirhangya.hu\/wp-content\/uploads\/2025\/07\/8DMVW88sdu6DUyHQs-jJ48Nq.png\",\"width\":1920,\"height\":1080},{\"@type\":\"BreadcrumbList\",\"@id\":\"https:\/\/hirhangya.hu\/index.php\/2025\/07\/05\/orban-ujbol-elmondana-a-magyarellenes-simionnak-kampanyolo-beszedet-mert-a-romanokkal-egyutt-kell-mukodni\/#breadcrumb\",\"itemListElement\":[{\"@type\":\"ListItem\",\"position\":1,\"name\":\"Home\",\"item\":\"https:\/\/hirhangya.hu\/\"},{\"@type\":\"ListItem\",\"position\":2,\"name\":\"Orb\u00e1n \u00fajb\u00f3l elmondan\u00e1 a magyarellenes Simionnak kamp\u00e1nyol\u00f3 besz\u00e9d\u00e9t, mert a rom\u00e1nokkal egy\u00fctt kell m\u0171k\u00f6dni\"}]},{\"@type\":\"WebSite\",\"@id\":\"https:\/\/hirhangya.hu\/#website\",\"url\":\"https:\/\/hirhangya.hu\/\",\"name\":\"H\u00edrhangya\",\"description\":\"Szorgalmasan \u00f6sszehordjuk a legfrissebb h\u00edreket\",\"publisher\":{\"@id\":\"https:\/\/hirhangya.hu\/#organization\"},\"potentialAction\":[{\"@type\":\"SearchAction\",\"target\":{\"@type\":\"EntryPoint\",\"urlTemplate\":\"https:\/\/hirhangya.hu\/?s={search_term_string}\"},\"query-input\":{\"@type\":\"PropertyValueSpecification\",\"valueRequired\":true,\"valueName\":\"search_term_string\"}}],\"inLanguage\":\"hu\"},{\"@type\":\"Organization\",\"@id\":\"https:\/\/hirhangya.hu\/#organization\",\"name\":\"H\u00edrhangya\",\"url\":\"https:\/\/hirhangya.hu\/\",\"logo\":{\"@type\":\"ImageObject\",\"inLanguage\":\"hu\",\"@id\":\"https:\/\/hirhangya.hu\/#\/schema\/logo\/image\/\",\"url\":\"https:\/\/hirhangya.hu\/wp-content\/uploads\/2025\/06\/cropped-cropped-hirhangya-logo-szoveges-scaled-1-e1750064323596.jpg\",\"contentUrl\":\"https:\/\/hirhangya.hu\/wp-content\/uploads\/2025\/06\/cropped-cropped-hirhangya-logo-szoveges-scaled-1-e1750064323596.jpg\",\"width\":350,\"height\":100,\"caption\":\"H\u00edrhangya\"},\"image\":{\"@id\":\"https:\/\/hirhangya.hu\/#\/schema\/logo\/image\/\"}},{\"@type\":\"Person\",\"@id\":\"https:\/\/hirhangya.hu\/#\/schema\/person\/ad1b32f6cde48eb8bc14fa7efd4d70b5\",\"name\":\"Nemes Gabor\",\"image\":{\"@type\":\"ImageObject\",\"inLanguage\":\"hu\",\"@id\":\"https:\/\/hirhangya.hu\/#\/schema\/person\/image\/\",\"url\":\"https:\/\/secure.gravatar.com\/avatar\/92c2a9c67399a3a1c5444228b3ae3f850f3218d7c18ff5ed44a84130d5b474f3?s=96&d=mm&r=g\",\"contentUrl\":\"https:\/\/secure.gravatar.com\/avatar\/92c2a9c67399a3a1c5444228b3ae3f850f3218d7c18ff5ed44a84130d5b474f3?s=96&d=mm&r=g\",\"caption\":\"Nemes Gabor\"},\"url\":\"https:\/\/hirhangya.hu\/index.php\/author\/hex324\/\"}]}<\/script>\n<!-- \/ Yoast SEO Premium plugin. -->","yoast_head_json":{"title":"Orb\u00e1n \u00fajb\u00f3l elmondan\u00e1 a magyarellenes Simionnak kamp\u00e1nyol\u00f3 besz\u00e9d\u00e9t, mert a rom\u00e1nokkal egy\u00fctt kell m\u0171k\u00f6dni - H\u00edrhangya","robots":{"index":"index","follow":"follow","max-snippet":"max-snippet:-1","max-image-preview":"max-image-preview:large","max-video-preview":"max-video-preview:-1"},"canonical":"https:\/\/hirhangya.hu\/index.php\/2025\/07\/05\/orban-ujbol-elmondana-a-magyarellenes-simionnak-kampanyolo-beszedet-mert-a-romanokkal-egyutt-kell-mukodni\/","og_locale":"hu_HU","og_type":"article","og_title":"Orb\u00e1n \u00fajb\u00f3l elmondan\u00e1 a magyarellenes Simionnak kamp\u00e1nyol\u00f3 besz\u00e9d\u00e9t, mert a rom\u00e1nokkal egy\u00fctt kell m\u0171k\u00f6dni","og_description":"\u201eMeg fogjuk nyerni a k\u00f6vetkez\u0151 v\u00e1laszt\u00e1st is, ez a terv. (&#8230;) A 20. \u00e9vemet taposom minisztereln\u00f6kk\u00e9nt, nyert\u00fcnk \u00f6t v\u00e1laszt\u00e1st, legut\u00f3bb n\u00e9gyet egym\u00e1s ut\u00e1n. Egym\u00e1s ut\u00e1n hozzuk azokat az int\u00e9zked\u00e9seket, amelyek lehet\u0151s\u00e9get adnak a magyaroknak, egyre t\u00f6bb embernek. Mi\u00e9rt k\u00e9ne kishit\u0171nek lenni?\u201d \u2013 ilyeneket mond Orb\u00e1n Viktor abban a bar\u00e1ti hangv\u00e9tel\u0171 interj\u00faban, amelyet az erd\u00e9lyi Kr\u00f3nika [&hellip;]","og_url":"https:\/\/hirhangya.hu\/index.php\/2025\/07\/05\/orban-ujbol-elmondana-a-magyarellenes-simionnak-kampanyolo-beszedet-mert-a-romanokkal-egyutt-kell-mukodni\/","og_site_name":"H\u00edrhangya","article_published_time":"2025-07-05T21:10:41+00:00","og_image":[{"width":1920,"height":1080,"url":"https:\/\/hirhangya.hu\/wp-content\/uploads\/2025\/07\/8DMVW88sdu6DUyHQs-jJ48Nq.png","type":"image\/png"}],"author":"Nemes Gabor","twitter_card":"summary_large_image","twitter_misc":{"Szerz\u0151:":"Nemes Gabor","Becs\u00fclt olvas\u00e1si id\u0151":"3 perc"},"schema":{"@context":"https:\/\/schema.org","@graph":[{"@type":"Article","@id":"https:\/\/hirhangya.hu\/index.php\/2025\/07\/05\/orban-ujbol-elmondana-a-magyarellenes-simionnak-kampanyolo-beszedet-mert-a-romanokkal-egyutt-kell-mukodni\/#article","isPartOf":{"@id":"https:\/\/hirhangya.hu\/index.php\/2025\/07\/05\/orban-ujbol-elmondana-a-magyarellenes-simionnak-kampanyolo-beszedet-mert-a-romanokkal-egyutt-kell-mukodni\/"},"author":{"name":"Nemes Gabor","@id":"https:\/\/hirhangya.hu\/#\/schema\/person\/ad1b32f6cde48eb8bc14fa7efd4d70b5"},"headline":"Orb\u00e1n \u00fajb\u00f3l elmondan\u00e1 a magyarellenes Simionnak kamp\u00e1nyol\u00f3 besz\u00e9d\u00e9t, mert a rom\u00e1nokkal egy\u00fctt kell m\u0171k\u00f6dni","datePublished":"2025-07-05T21:10:41+00:00","mainEntityOfPage":{"@id":"https:\/\/hirhangya.hu\/index.php\/2025\/07\/05\/orban-ujbol-elmondana-a-magyarellenes-simionnak-kampanyolo-beszedet-mert-a-romanokkal-egyutt-kell-mukodni\/"},"wordCount":605,"commentCount":0,"publisher":{"@id":"https:\/\/hirhangya.hu\/#organization"},"image":{"@id":"https:\/\/hirhangya.hu\/index.php\/2025\/07\/05\/orban-ujbol-elmondana-a-magyarellenes-simionnak-kampanyolo-beszedet-mert-a-romanokkal-egyutt-kell-mukodni\/#primaryimage"},"thumbnailUrl":"https:\/\/hirhangya.hu\/wp-content\/uploads\/2025\/07\/8DMVW88sdu6DUyHQs-jJ48Nq.png","articleSection":["\u00c1ltal\u00e1nos"],"inLanguage":"hu","potentialAction":[{"@type":"CommentAction","name":"Comment","target":["https:\/\/hirhangya.hu\/index.php\/2025\/07\/05\/orban-ujbol-elmondana-a-magyarellenes-simionnak-kampanyolo-beszedet-mert-a-romanokkal-egyutt-kell-mukodni\/#respond"]}]},{"@type":"WebPage","@id":"https:\/\/hirhangya.hu\/index.php\/2025\/07\/05\/orban-ujbol-elmondana-a-magyarellenes-simionnak-kampanyolo-beszedet-mert-a-romanokkal-egyutt-kell-mukodni\/","url":"https:\/\/hirhangya.hu\/index.php\/2025\/07\/05\/orban-ujbol-elmondana-a-magyarellenes-simionnak-kampanyolo-beszedet-mert-a-romanokkal-egyutt-kell-mukodni\/","name":"Orb\u00e1n \u00fajb\u00f3l elmondan\u00e1 a magyarellenes Simionnak kamp\u00e1nyol\u00f3 besz\u00e9d\u00e9t, mert a rom\u00e1nokkal egy\u00fctt kell m\u0171k\u00f6dni - H\u00edrhangya","isPartOf":{"@id":"https:\/\/hirhangya.hu\/#website"},"primaryImageOfPage":{"@id":"https:\/\/hirhangya.hu\/index.php\/2025\/07\/05\/orban-ujbol-elmondana-a-magyarellenes-simionnak-kampanyolo-beszedet-mert-a-romanokkal-egyutt-kell-mukodni\/#primaryimage"},"image":{"@id":"https:\/\/hirhangya.hu\/index.php\/2025\/07\/05\/orban-ujbol-elmondana-a-magyarellenes-simionnak-kampanyolo-beszedet-mert-a-romanokkal-egyutt-kell-mukodni\/#primaryimage"},"thumbnailUrl":"https:\/\/hirhangya.hu\/wp-content\/uploads\/2025\/07\/8DMVW88sdu6DUyHQs-jJ48Nq.png","datePublished":"2025-07-05T21:10:41+00:00","breadcrumb":{"@id":"https:\/\/hirhangya.hu\/index.php\/2025\/07\/05\/orban-ujbol-elmondana-a-magyarellenes-simionnak-kampanyolo-beszedet-mert-a-romanokkal-egyutt-kell-mukodni\/#breadcrumb"},"inLanguage":"hu","potentialAction":[{"@type":"ReadAction","target":["https:\/\/hirhangya.hu\/index.php\/2025\/07\/05\/orban-ujbol-elmondana-a-magyarellenes-simionnak-kampanyolo-beszedet-mert-a-romanokkal-egyutt-kell-mukodni\/"]}]},{"@type":"ImageObject","inLanguage":"hu","@id":"https:\/\/hirhangya.hu\/index.php\/2025\/07\/05\/orban-ujbol-elmondana-a-magyarellenes-simionnak-kampanyolo-beszedet-mert-a-romanokkal-egyutt-kell-mukodni\/#primaryimage","url":"https:\/\/hirhangya.hu\/wp-content\/uploads\/2025\/07\/8DMVW88sdu6DUyHQs-jJ48Nq.png","contentUrl":"https:\/\/hirhangya.hu\/wp-content\/uploads\/2025\/07\/8DMVW88sdu6DUyHQs-jJ48Nq.png","width":1920,"height":1080},{"@type":"BreadcrumbList","@id":"https:\/\/hirhangya.hu\/index.php\/2025\/07\/05\/orban-ujbol-elmondana-a-magyarellenes-simionnak-kampanyolo-beszedet-mert-a-romanokkal-egyutt-kell-mukodni\/#breadcrumb","itemListElement":[{"@type":"ListItem","position":1,"name":"Home","item":"https:\/\/hirhangya.hu\/"},{"@type":"ListItem","position":2,"name":"Orb\u00e1n \u00fajb\u00f3l elmondan\u00e1 a magyarellenes Simionnak kamp\u00e1nyol\u00f3 besz\u00e9d\u00e9t, mert a rom\u00e1nokkal egy\u00fctt kell m\u0171k\u00f6dni"}]},{"@type":"WebSite","@id":"https:\/\/hirhangya.hu\/#website","url":"https:\/\/hirhangya.hu\/","name":"H\u00edrhangya","description":"Szorgalmasan \u00f6sszehordjuk a legfrissebb h\u00edreket","publisher":{"@id":"https:\/\/hirhangya.hu\/#organization"},"potentialAction":[{"@type":"SearchAction","target":{"@type":"EntryPoint","urlTemplate":"https:\/\/hirhangya.hu\/?s={search_term_string}"},"query-input":{"@type":"PropertyValueSpecification","valueRequired":true,"valueName":"search_term_string"}}],"inLanguage":"hu"},{"@type":"Organization","@id":"https:\/\/hirhangya.hu\/#organization","name":"H\u00edrhangya","url":"https:\/\/hirhangya.hu\/","logo":{"@type":"ImageObject","inLanguage":"hu","@id":"https:\/\/hirhangya.hu\/#\/schema\/logo\/image\/","url":"https:\/\/hirhangya.hu\/wp-content\/uploads\/2025\/06\/cropped-cropped-hirhangya-logo-szoveges-scaled-1-e1750064323596.jpg","contentUrl":"https:\/\/hirhangya.hu\/wp-content\/uploads\/2025\/06\/cropped-cropped-hirhangya-logo-szoveges-scaled-1-e1750064323596.jpg","width":350,"height":100,"caption":"H\u00edrhangya"},"image":{"@id":"https:\/\/hirhangya.hu\/#\/schema\/logo\/image\/"}},{"@type":"Person","@id":"https:\/\/hirhangya.hu\/#\/schema\/person\/ad1b32f6cde48eb8bc14fa7efd4d70b5","name":"Nemes Gabor","image":{"@type":"ImageObject","inLanguage":"hu","@id":"https:\/\/hirhangya.hu\/#\/schema\/person\/image\/","url":"https:\/\/secure.gravatar.com\/avatar\/92c2a9c67399a3a1c5444228b3ae3f850f3218d7c18ff5ed44a84130d5b474f3?s=96&d=mm&r=g","contentUrl":"https:\/\/secure.gravatar.com\/avatar\/92c2a9c67399a3a1c5444228b3ae3f850f3218d7c18ff5ed44a84130d5b474f3?s=96&d=mm&r=g","caption":"Nemes Gabor"},"url":"https:\/\/hirhangya.hu\/index.php\/author\/hex324\/"}]}},"_links":{"self":[{"href":"https:\/\/hirhangya.hu\/index.php\/wp-json\/wp\/v2\/posts\/8114","targetHints":{"allow":["GET"]}}],"collection":[{"href":"https:\/\/hirhangya.hu\/index.php\/wp-json\/wp\/v2\/posts"}],"about":[{"href":"https:\/\/hirhangya.hu\/index.php\/wp-json\/wp\/v2\/types\/post"}],"author":[{"embeddable":true,"href":"https:\/\/hirhangya.hu\/index.php\/wp-json\/wp\/v2\/users\/2"}],"replies":[{"embeddable":true,"href":"https:\/\/hirhangya.hu\/index.php\/wp-json\/wp\/v2\/comments?post=8114"}],"version-history":[{"count":0,"href":"https:\/\/hirhangya.hu\/index.php\/wp-json\/wp\/v2\/posts\/8114\/revisions"}],"wp:featuredmedia":[{"embeddable":true,"href":"https:\/\/hirhangya.hu\/index.php\/wp-json\/wp\/v2\/media\/8115"}],"wp:attachment":[{"href":"https:\/\/hirhangya.hu\/index.php\/wp-json\/wp\/v2\/media?parent=8114"}],"wp:term":[{"taxonomy":"category","embeddable":true,"href":"https:\/\/hirhangya.hu\/index.php\/wp-json\/wp\/v2\/categories?post=8114"},{"taxonomy":"post_tag","embeddable":true,"href":"https:\/\/hirhangya.hu\/index.php\/wp-json\/wp\/v2\/tags?post=8114"}],"curies":[{"name":"wp","href":"https:\/\/api.w.org\/{rel}","templated":true}]}}