{"id":87435,"date":"2026-04-08T09:10:37","date_gmt":"2026-04-08T09:10:37","guid":{"rendered":"https:\/\/hirhangya.hu\/index.php\/2026\/04\/08\/ez-a-3-gundalf-pillanat-jol-mutatja-hogyan-reccsent-meg-a-propagandagepezet\/"},"modified":"2026-04-08T09:10:37","modified_gmt":"2026-04-08T09:10:37","slug":"ez-a-3-gundalf-pillanat-jol-mutatja-hogyan-reccsent-meg-a-propagandagepezet","status":"publish","type":"post","link":"https:\/\/hirhangya.hu\/index.php\/2026\/04\/08\/ez-a-3-gundalf-pillanat-jol-mutatja-hogyan-reccsent-meg-a-propagandagepezet\/","title":{"rendered":"Ez a 3 Gundalf-pillanat j\u00f3l mutatja, hogyan reccsent meg a propagandag\u00e9pezet"},"content":{"rendered":"<p>Amikor \u00e1prilis 7-\u00e9n este elterjedtek a felv\u00e9telek Magyar P\u00e9ter v\u00e1ci kamp\u00e1nyesem\u00e9ny\u00e9r\u0151l, ahol Hrab\u00f3czki D\u00e1nielt ov\u00e1ci\u00f3 fogadta, k\u00f6nnyen elfelejt\u0151d\u00f6tt, hogy ez a t\u00f6rt\u00e9net val\u00f3j\u00e1ban csak 11 nappal kor\u00e1bban, m\u00e1rcius 28-\u00e1n indult. Akkor ker\u00fclt fel a korm\u00e1ny hivatalos YouTube-csatorn\u00e1j\u00e1ra egy megv\u00e1gott anyag az Alkotm\u00e1nyv\u00e9delmi Hivatalban tartott meghallgat\u00e1sokr\u00f3l, ami a NER egyik legs\u00falyosabb l\u00e9p\u00e9se volt: egy \u00fcgyv\u00e9d n\u00e9lk\u00fcli titkosszolg\u00e1lati meghallgat\u00e1s publikuss\u00e1 t\u00e9tele \u00e9s politikai c\u00e9lokra felhaszn\u00e1l\u00e1sa minden v\u00f6r\u00f6s vonalon t\u00falmutat \u2014 ilyenek autokratikus maffia\u00e1llamokn\u00e1l fordulnak el\u0151.<\/p>\n<p>A c\u00e9l egy\u00e9rtelm\u0171nek t\u0171nt: meg\u00e1ll\u00edtani a Szab\u00f3 Bence megjelen\u00e9se ut\u00e1n elindult politikai lavin\u00e1t, \u00e9s visszanyomni a t\u00e9m\u00e1t a k\u00e9nyelmes ukr\u00e1nos narrat\u00edv\u00e1ba. Hogy ez siker\u00fclj\u00f6n, \u00fagy t\u0171nt, az \u00e1llampolg\u00e1ri jogok megs\u00e9rt\u00e9se \u00e9s az Alkotm\u00e1nyv\u00e9delmi Hivatal szakmai hitel\u00e9nek lerombol\u00e1sa is v\u00e1llalhat\u00f3 vesztes\u00e9g volt \u2014 a k\u00f6zvetlen c\u00e9l: megnyerni a napot, megf\u00e9leml\u00edteni az \u00e9rintetteket, megt\u00f6rni az ellenz\u00e9ki lend\u00fcletet.<\/p>\n<p>Ezzel szemben t\u00f6rt\u00e9nt az, hogy a felv\u00e9telen szerepl\u0151 Gundalf, azaz Hrab\u00f3czki D\u00e1niel maga \u00e1llt el\u0151, \u00e9s a 444-nek elmondta a t\u00f6rt\u00e9net\u00e9t. Arccal \u00e9s n\u00e9vvel v\u00e1llalta az interj\u00fat, v\u00e1laszolt kritikus k\u00e9rd\u00e9sekre, \u00edgy b\u00e1rki megtekintheti \u00e9s m\u00e9rlegelheti, mit gondol r\u00f3la. \u00c9les ellent\u00e9t, hogy az illet\u00e9kes miniszter, Rog\u00e1n Antal az\u00f3ta sem v\u00e1llalt nyilv\u00e1nos szerepl\u00e9st.<\/p>\n<p>Egy h\u00e9t m\u00falva Hrab\u00f3czkit a politikai k\u00f6z\u00f6ss\u00e9ge h\u0151sk\u00e9nt \u00fcnnepli: t\u00e1bl\u00e1kkal fogadj\u00e1k, emberek \u00e1llnak sorba, hogy szelfizhessenek vele \u2014 ez t\u00e1vol \u00e1ll att\u00f3l az eredm\u00e9nyt\u0151l, amit a korm\u00e1ny a vide\u00f3 k\u00f6zz\u00e9t\u00e9tel\u00e9vel el k\u00edv\u00e1nt \u00e9rni. \u00c9s ez m\u00e9g csak a publik\u00e1l\u00e1s esete; kor\u00e1bban \u00e1ll\u00edt\u00f3lag megpr\u00f3b\u00e1lt\u00e1k beszervezni, majd olyan s\u00falyos, \u00e1ll\u00edt\u00f3lagos hamis v\u00e1dakkal k\u00fcldt\u00e9k r\u00e1 a rend\u0151rs\u00e9get, amelyek a lehet\u0151 legs\u00falyosabb k\u00f6vetkezm\u00e9nyekkel j\u00e1rhattak volna.<\/p>\n<p>Nem \u00e1ll\u00edthatjuk, hogy minden r\u00e9szlet tiszta: Magyar P\u00e9ter is v\u00e1ltoztatott a hozz\u00e1\u00e1ll\u00e1s\u00e1n \u2014 kor\u00e1bban elt\u00e1vol\u00edtott\u00e1k Hrab\u00f3czkit a p\u00e1rtb\u00f3l gyan\u00fa miatt, majd kider\u00fclt, hogy t\u00e9vedtek, \u00e9s m\u00e1ra \u0151 is h\u0151sk\u00e9nt besz\u00e9l r\u00f3la. A t\u00f6rt\u00e9net minden r\u00e9szlet\u00e9t nem ismerj\u00fck, de a hat\u00e1s\u00e1t l\u00e1tjuk. A korm\u00e1ny sz\u00e1nd\u00e9kai k\u00f6z\u00fcl egyik sem teljes\u00fclt.<\/p>\n<p>Eredeti cikk: <a href=\"https:\/\/444.hu\/2026\/04\/08\/ez-a-3-gundalf-pillanat-mutatja-meg-hogyan-reccsent-meg-a-propagandagepezet?utm_source=rss_feed&amp;utm_medium=rss&amp;utm_campaign=rss_syndication\" target=\"_blank\" class=\"feedzy-rss-link-icon\">elolvasom<\/a><\/p>\n","protected":false},"excerpt":{"rendered":"<p>Amikor \u00e1prilis 7-\u00e9n este elterjedtek a felv\u00e9telek Magyar P\u00e9ter v\u00e1ci kamp\u00e1nyesem\u00e9ny\u00e9r\u0151l, ahol Hrab\u00f3czki D\u00e1nielt ov\u00e1ci\u00f3 fogadta, k\u00f6nnyen elfelejt\u0151d\u00f6tt, hogy ez a t\u00f6rt\u00e9net val\u00f3j\u00e1ban csak 11 nappal kor\u00e1bban, m\u00e1rcius 28-\u00e1n indult. Akkor ker\u00fclt fel a korm\u00e1ny hivatalos YouTube-csatorn\u00e1j\u00e1ra egy megv\u00e1gott anyag az Alkotm\u00e1nyv\u00e9delmi Hivatalban tartott meghallgat\u00e1sokr\u00f3l, ami a NER egyik legs\u00falyosabb l\u00e9p\u00e9se volt: egy \u00fcgyv\u00e9d n\u00e9lk\u00fcli [&hellip;]<\/p>\n","protected":false},"author":2,"featured_media":87436,"comment_status":"open","ping_status":"open","sticky":false,"template":"","format":"standard","meta":{"footnotes":""},"categories":[147],"tags":[],"class_list":["post-87435","post","type-post","status-publish","format-standard","has-post-thumbnail","hentry","category-altalanos"],"yoast_head":"<!-- This site is optimized with the Yoast SEO Premium plugin v26.2 (Yoast SEO v26.3) - https:\/\/yoast.com\/wordpress\/plugins\/seo\/ -->\n<title>Ez a 3 Gundalf-pillanat j\u00f3l mutatja, hogyan reccsent meg a propagandag\u00e9pezet - H\u00edrhangya<\/title>\n<meta name=\"robots\" content=\"index, follow, max-snippet:-1, max-image-preview:large, max-video-preview:-1\" \/>\n<link rel=\"canonical\" href=\"https:\/\/hirhangya.hu\/index.php\/2026\/04\/08\/ez-a-3-gundalf-pillanat-jol-mutatja-hogyan-reccsent-meg-a-propagandagepezet\/\" \/>\n<meta property=\"og:locale\" content=\"hu_HU\" \/>\n<meta property=\"og:type\" content=\"article\" \/>\n<meta property=\"og:title\" content=\"Ez a 3 Gundalf-pillanat j\u00f3l mutatja, hogyan reccsent meg a propagandag\u00e9pezet\" \/>\n<meta property=\"og:description\" content=\"Amikor \u00e1prilis 7-\u00e9n este elterjedtek a felv\u00e9telek Magyar P\u00e9ter v\u00e1ci kamp\u00e1nyesem\u00e9ny\u00e9r\u0151l, ahol Hrab\u00f3czki D\u00e1nielt ov\u00e1ci\u00f3 fogadta, k\u00f6nnyen elfelejt\u0151d\u00f6tt, hogy ez a t\u00f6rt\u00e9net val\u00f3j\u00e1ban csak 11 nappal kor\u00e1bban, m\u00e1rcius 28-\u00e1n indult. Akkor ker\u00fclt fel a korm\u00e1ny hivatalos YouTube-csatorn\u00e1j\u00e1ra egy megv\u00e1gott anyag az Alkotm\u00e1nyv\u00e9delmi Hivatalban tartott meghallgat\u00e1sokr\u00f3l, ami a NER egyik legs\u00falyosabb l\u00e9p\u00e9se volt: egy \u00fcgyv\u00e9d n\u00e9lk\u00fcli [&hellip;]\" \/>\n<meta property=\"og:url\" content=\"https:\/\/hirhangya.hu\/index.php\/2026\/04\/08\/ez-a-3-gundalf-pillanat-jol-mutatja-hogyan-reccsent-meg-a-propagandagepezet\/\" \/>\n<meta property=\"og:site_name\" content=\"H\u00edrhangya\" \/>\n<meta property=\"article:published_time\" content=\"2026-04-08T09:10:37+00:00\" \/>\n<meta name=\"author\" content=\"Nemes Gabor\" \/>\n<meta name=\"twitter:card\" content=\"summary_large_image\" \/>\n<meta name=\"twitter:label1\" content=\"Szerz\u0151:\" \/>\n\t<meta name=\"twitter:data1\" content=\"Nemes Gabor\" \/>\n\t<meta name=\"twitter:label2\" content=\"Becs\u00fclt olvas\u00e1si id\u0151\" \/>\n\t<meta name=\"twitter:data2\" content=\"2 perc\" \/>\n<script type=\"application\/ld+json\" class=\"yoast-schema-graph\">{\"@context\":\"https:\/\/schema.org\",\"@graph\":[{\"@type\":\"Article\",\"@id\":\"https:\/\/hirhangya.hu\/index.php\/2026\/04\/08\/ez-a-3-gundalf-pillanat-jol-mutatja-hogyan-reccsent-meg-a-propagandagepezet\/#article\",\"isPartOf\":{\"@id\":\"https:\/\/hirhangya.hu\/index.php\/2026\/04\/08\/ez-a-3-gundalf-pillanat-jol-mutatja-hogyan-reccsent-meg-a-propagandagepezet\/\"},\"author\":{\"name\":\"Nemes Gabor\",\"@id\":\"https:\/\/hirhangya.hu\/#\/schema\/person\/ad1b32f6cde48eb8bc14fa7efd4d70b5\"},\"headline\":\"Ez a 3 Gundalf-pillanat j\u00f3l mutatja, hogyan reccsent meg a propagandag\u00e9pezet\",\"datePublished\":\"2026-04-08T09:10:37+00:00\",\"mainEntityOfPage\":{\"@id\":\"https:\/\/hirhangya.hu\/index.php\/2026\/04\/08\/ez-a-3-gundalf-pillanat-jol-mutatja-hogyan-reccsent-meg-a-propagandagepezet\/\"},\"wordCount\":480,\"commentCount\":0,\"publisher\":{\"@id\":\"https:\/\/hirhangya.hu\/#organization\"},\"image\":{\"@id\":\"https:\/\/hirhangya.hu\/index.php\/2026\/04\/08\/ez-a-3-gundalf-pillanat-jol-mutatja-hogyan-reccsent-meg-a-propagandagepezet\/#primaryimage\"},\"thumbnailUrl\":\"https:\/\/hirhangya.hu\/wp-content\/uploads\/2026\/04\/8KJF9cIFKZVLzwYqs-f8SIVx.jpg\",\"articleSection\":[\"\u00c1ltal\u00e1nos\"],\"inLanguage\":\"hu\",\"potentialAction\":[{\"@type\":\"CommentAction\",\"name\":\"Comment\",\"target\":[\"https:\/\/hirhangya.hu\/index.php\/2026\/04\/08\/ez-a-3-gundalf-pillanat-jol-mutatja-hogyan-reccsent-meg-a-propagandagepezet\/#respond\"]}]},{\"@type\":\"WebPage\",\"@id\":\"https:\/\/hirhangya.hu\/index.php\/2026\/04\/08\/ez-a-3-gundalf-pillanat-jol-mutatja-hogyan-reccsent-meg-a-propagandagepezet\/\",\"url\":\"https:\/\/hirhangya.hu\/index.php\/2026\/04\/08\/ez-a-3-gundalf-pillanat-jol-mutatja-hogyan-reccsent-meg-a-propagandagepezet\/\",\"name\":\"Ez a 3 Gundalf-pillanat j\u00f3l mutatja, hogyan reccsent meg a propagandag\u00e9pezet - H\u00edrhangya\",\"isPartOf\":{\"@id\":\"https:\/\/hirhangya.hu\/#website\"},\"primaryImageOfPage\":{\"@id\":\"https:\/\/hirhangya.hu\/index.php\/2026\/04\/08\/ez-a-3-gundalf-pillanat-jol-mutatja-hogyan-reccsent-meg-a-propagandagepezet\/#primaryimage\"},\"image\":{\"@id\":\"https:\/\/hirhangya.hu\/index.php\/2026\/04\/08\/ez-a-3-gundalf-pillanat-jol-mutatja-hogyan-reccsent-meg-a-propagandagepezet\/#primaryimage\"},\"thumbnailUrl\":\"https:\/\/hirhangya.hu\/wp-content\/uploads\/2026\/04\/8KJF9cIFKZVLzwYqs-f8SIVx.jpg\",\"datePublished\":\"2026-04-08T09:10:37+00:00\",\"breadcrumb\":{\"@id\":\"https:\/\/hirhangya.hu\/index.php\/2026\/04\/08\/ez-a-3-gundalf-pillanat-jol-mutatja-hogyan-reccsent-meg-a-propagandagepezet\/#breadcrumb\"},\"inLanguage\":\"hu\",\"potentialAction\":[{\"@type\":\"ReadAction\",\"target\":[\"https:\/\/hirhangya.hu\/index.php\/2026\/04\/08\/ez-a-3-gundalf-pillanat-jol-mutatja-hogyan-reccsent-meg-a-propagandagepezet\/\"]}]},{\"@type\":\"ImageObject\",\"inLanguage\":\"hu\",\"@id\":\"https:\/\/hirhangya.hu\/index.php\/2026\/04\/08\/ez-a-3-gundalf-pillanat-jol-mutatja-hogyan-reccsent-meg-a-propagandagepezet\/#primaryimage\",\"url\":\"https:\/\/hirhangya.hu\/wp-content\/uploads\/2026\/04\/8KJF9cIFKZVLzwYqs-f8SIVx.jpg\",\"contentUrl\":\"https:\/\/hirhangya.hu\/wp-content\/uploads\/2026\/04\/8KJF9cIFKZVLzwYqs-f8SIVx.jpg\",\"width\":2000,\"height\":1125},{\"@type\":\"BreadcrumbList\",\"@id\":\"https:\/\/hirhangya.hu\/index.php\/2026\/04\/08\/ez-a-3-gundalf-pillanat-jol-mutatja-hogyan-reccsent-meg-a-propagandagepezet\/#breadcrumb\",\"itemListElement\":[{\"@type\":\"ListItem\",\"position\":1,\"name\":\"Home\",\"item\":\"https:\/\/hirhangya.hu\/\"},{\"@type\":\"ListItem\",\"position\":2,\"name\":\"Ez a 3 Gundalf-pillanat j\u00f3l mutatja, hogyan reccsent meg a propagandag\u00e9pezet\"}]},{\"@type\":\"WebSite\",\"@id\":\"https:\/\/hirhangya.hu\/#website\",\"url\":\"https:\/\/hirhangya.hu\/\",\"name\":\"H\u00edrhangya\",\"description\":\"Szorgalmasan \u00f6sszehordjuk a legfrissebb h\u00edreket\",\"publisher\":{\"@id\":\"https:\/\/hirhangya.hu\/#organization\"},\"potentialAction\":[{\"@type\":\"SearchAction\",\"target\":{\"@type\":\"EntryPoint\",\"urlTemplate\":\"https:\/\/hirhangya.hu\/?s={search_term_string}\"},\"query-input\":{\"@type\":\"PropertyValueSpecification\",\"valueRequired\":true,\"valueName\":\"search_term_string\"}}],\"inLanguage\":\"hu\"},{\"@type\":\"Organization\",\"@id\":\"https:\/\/hirhangya.hu\/#organization\",\"name\":\"H\u00edrhangya\",\"url\":\"https:\/\/hirhangya.hu\/\",\"logo\":{\"@type\":\"ImageObject\",\"inLanguage\":\"hu\",\"@id\":\"https:\/\/hirhangya.hu\/#\/schema\/logo\/image\/\",\"url\":\"https:\/\/hirhangya.hu\/wp-content\/uploads\/2025\/06\/cropped-cropped-hirhangya-logo-szoveges-scaled-1-e1750064323596.jpg\",\"contentUrl\":\"https:\/\/hirhangya.hu\/wp-content\/uploads\/2025\/06\/cropped-cropped-hirhangya-logo-szoveges-scaled-1-e1750064323596.jpg\",\"width\":350,\"height\":100,\"caption\":\"H\u00edrhangya\"},\"image\":{\"@id\":\"https:\/\/hirhangya.hu\/#\/schema\/logo\/image\/\"}},{\"@type\":\"Person\",\"@id\":\"https:\/\/hirhangya.hu\/#\/schema\/person\/ad1b32f6cde48eb8bc14fa7efd4d70b5\",\"name\":\"Nemes Gabor\",\"image\":{\"@type\":\"ImageObject\",\"inLanguage\":\"hu\",\"@id\":\"https:\/\/hirhangya.hu\/#\/schema\/person\/image\/\",\"url\":\"https:\/\/secure.gravatar.com\/avatar\/92c2a9c67399a3a1c5444228b3ae3f850f3218d7c18ff5ed44a84130d5b474f3?s=96&d=mm&r=g\",\"contentUrl\":\"https:\/\/secure.gravatar.com\/avatar\/92c2a9c67399a3a1c5444228b3ae3f850f3218d7c18ff5ed44a84130d5b474f3?s=96&d=mm&r=g\",\"caption\":\"Nemes Gabor\"},\"url\":\"https:\/\/hirhangya.hu\/index.php\/author\/hex324\/\"}]}<\/script>\n<!-- \/ Yoast SEO Premium plugin. -->","yoast_head_json":{"title":"Ez a 3 Gundalf-pillanat j\u00f3l mutatja, hogyan reccsent meg a propagandag\u00e9pezet - H\u00edrhangya","robots":{"index":"index","follow":"follow","max-snippet":"max-snippet:-1","max-image-preview":"max-image-preview:large","max-video-preview":"max-video-preview:-1"},"canonical":"https:\/\/hirhangya.hu\/index.php\/2026\/04\/08\/ez-a-3-gundalf-pillanat-jol-mutatja-hogyan-reccsent-meg-a-propagandagepezet\/","og_locale":"hu_HU","og_type":"article","og_title":"Ez a 3 Gundalf-pillanat j\u00f3l mutatja, hogyan reccsent meg a propagandag\u00e9pezet","og_description":"Amikor \u00e1prilis 7-\u00e9n este elterjedtek a felv\u00e9telek Magyar P\u00e9ter v\u00e1ci kamp\u00e1nyesem\u00e9ny\u00e9r\u0151l, ahol Hrab\u00f3czki D\u00e1nielt ov\u00e1ci\u00f3 fogadta, k\u00f6nnyen elfelejt\u0151d\u00f6tt, hogy ez a t\u00f6rt\u00e9net val\u00f3j\u00e1ban csak 11 nappal kor\u00e1bban, m\u00e1rcius 28-\u00e1n indult. Akkor ker\u00fclt fel a korm\u00e1ny hivatalos YouTube-csatorn\u00e1j\u00e1ra egy megv\u00e1gott anyag az Alkotm\u00e1nyv\u00e9delmi Hivatalban tartott meghallgat\u00e1sokr\u00f3l, ami a NER egyik legs\u00falyosabb l\u00e9p\u00e9se volt: egy \u00fcgyv\u00e9d n\u00e9lk\u00fcli [&hellip;]","og_url":"https:\/\/hirhangya.hu\/index.php\/2026\/04\/08\/ez-a-3-gundalf-pillanat-jol-mutatja-hogyan-reccsent-meg-a-propagandagepezet\/","og_site_name":"H\u00edrhangya","article_published_time":"2026-04-08T09:10:37+00:00","author":"Nemes Gabor","twitter_card":"summary_large_image","twitter_misc":{"Szerz\u0151:":"Nemes Gabor","Becs\u00fclt olvas\u00e1si id\u0151":"2 perc"},"schema":{"@context":"https:\/\/schema.org","@graph":[{"@type":"Article","@id":"https:\/\/hirhangya.hu\/index.php\/2026\/04\/08\/ez-a-3-gundalf-pillanat-jol-mutatja-hogyan-reccsent-meg-a-propagandagepezet\/#article","isPartOf":{"@id":"https:\/\/hirhangya.hu\/index.php\/2026\/04\/08\/ez-a-3-gundalf-pillanat-jol-mutatja-hogyan-reccsent-meg-a-propagandagepezet\/"},"author":{"name":"Nemes Gabor","@id":"https:\/\/hirhangya.hu\/#\/schema\/person\/ad1b32f6cde48eb8bc14fa7efd4d70b5"},"headline":"Ez a 3 Gundalf-pillanat j\u00f3l mutatja, hogyan reccsent meg a propagandag\u00e9pezet","datePublished":"2026-04-08T09:10:37+00:00","mainEntityOfPage":{"@id":"https:\/\/hirhangya.hu\/index.php\/2026\/04\/08\/ez-a-3-gundalf-pillanat-jol-mutatja-hogyan-reccsent-meg-a-propagandagepezet\/"},"wordCount":480,"commentCount":0,"publisher":{"@id":"https:\/\/hirhangya.hu\/#organization"},"image":{"@id":"https:\/\/hirhangya.hu\/index.php\/2026\/04\/08\/ez-a-3-gundalf-pillanat-jol-mutatja-hogyan-reccsent-meg-a-propagandagepezet\/#primaryimage"},"thumbnailUrl":"https:\/\/hirhangya.hu\/wp-content\/uploads\/2026\/04\/8KJF9cIFKZVLzwYqs-f8SIVx.jpg","articleSection":["\u00c1ltal\u00e1nos"],"inLanguage":"hu","potentialAction":[{"@type":"CommentAction","name":"Comment","target":["https:\/\/hirhangya.hu\/index.php\/2026\/04\/08\/ez-a-3-gundalf-pillanat-jol-mutatja-hogyan-reccsent-meg-a-propagandagepezet\/#respond"]}]},{"@type":"WebPage","@id":"https:\/\/hirhangya.hu\/index.php\/2026\/04\/08\/ez-a-3-gundalf-pillanat-jol-mutatja-hogyan-reccsent-meg-a-propagandagepezet\/","url":"https:\/\/hirhangya.hu\/index.php\/2026\/04\/08\/ez-a-3-gundalf-pillanat-jol-mutatja-hogyan-reccsent-meg-a-propagandagepezet\/","name":"Ez a 3 Gundalf-pillanat j\u00f3l mutatja, hogyan reccsent meg a propagandag\u00e9pezet - H\u00edrhangya","isPartOf":{"@id":"https:\/\/hirhangya.hu\/#website"},"primaryImageOfPage":{"@id":"https:\/\/hirhangya.hu\/index.php\/2026\/04\/08\/ez-a-3-gundalf-pillanat-jol-mutatja-hogyan-reccsent-meg-a-propagandagepezet\/#primaryimage"},"image":{"@id":"https:\/\/hirhangya.hu\/index.php\/2026\/04\/08\/ez-a-3-gundalf-pillanat-jol-mutatja-hogyan-reccsent-meg-a-propagandagepezet\/#primaryimage"},"thumbnailUrl":"https:\/\/hirhangya.hu\/wp-content\/uploads\/2026\/04\/8KJF9cIFKZVLzwYqs-f8SIVx.jpg","datePublished":"2026-04-08T09:10:37+00:00","breadcrumb":{"@id":"https:\/\/hirhangya.hu\/index.php\/2026\/04\/08\/ez-a-3-gundalf-pillanat-jol-mutatja-hogyan-reccsent-meg-a-propagandagepezet\/#breadcrumb"},"inLanguage":"hu","potentialAction":[{"@type":"ReadAction","target":["https:\/\/hirhangya.hu\/index.php\/2026\/04\/08\/ez-a-3-gundalf-pillanat-jol-mutatja-hogyan-reccsent-meg-a-propagandagepezet\/"]}]},{"@type":"ImageObject","inLanguage":"hu","@id":"https:\/\/hirhangya.hu\/index.php\/2026\/04\/08\/ez-a-3-gundalf-pillanat-jol-mutatja-hogyan-reccsent-meg-a-propagandagepezet\/#primaryimage","url":"https:\/\/hirhangya.hu\/wp-content\/uploads\/2026\/04\/8KJF9cIFKZVLzwYqs-f8SIVx.jpg","contentUrl":"https:\/\/hirhangya.hu\/wp-content\/uploads\/2026\/04\/8KJF9cIFKZVLzwYqs-f8SIVx.jpg","width":2000,"height":1125},{"@type":"BreadcrumbList","@id":"https:\/\/hirhangya.hu\/index.php\/2026\/04\/08\/ez-a-3-gundalf-pillanat-jol-mutatja-hogyan-reccsent-meg-a-propagandagepezet\/#breadcrumb","itemListElement":[{"@type":"ListItem","position":1,"name":"Home","item":"https:\/\/hirhangya.hu\/"},{"@type":"ListItem","position":2,"name":"Ez a 3 Gundalf-pillanat j\u00f3l mutatja, hogyan reccsent meg a propagandag\u00e9pezet"}]},{"@type":"WebSite","@id":"https:\/\/hirhangya.hu\/#website","url":"https:\/\/hirhangya.hu\/","name":"H\u00edrhangya","description":"Szorgalmasan \u00f6sszehordjuk a legfrissebb h\u00edreket","publisher":{"@id":"https:\/\/hirhangya.hu\/#organization"},"potentialAction":[{"@type":"SearchAction","target":{"@type":"EntryPoint","urlTemplate":"https:\/\/hirhangya.hu\/?s={search_term_string}"},"query-input":{"@type":"PropertyValueSpecification","valueRequired":true,"valueName":"search_term_string"}}],"inLanguage":"hu"},{"@type":"Organization","@id":"https:\/\/hirhangya.hu\/#organization","name":"H\u00edrhangya","url":"https:\/\/hirhangya.hu\/","logo":{"@type":"ImageObject","inLanguage":"hu","@id":"https:\/\/hirhangya.hu\/#\/schema\/logo\/image\/","url":"https:\/\/hirhangya.hu\/wp-content\/uploads\/2025\/06\/cropped-cropped-hirhangya-logo-szoveges-scaled-1-e1750064323596.jpg","contentUrl":"https:\/\/hirhangya.hu\/wp-content\/uploads\/2025\/06\/cropped-cropped-hirhangya-logo-szoveges-scaled-1-e1750064323596.jpg","width":350,"height":100,"caption":"H\u00edrhangya"},"image":{"@id":"https:\/\/hirhangya.hu\/#\/schema\/logo\/image\/"}},{"@type":"Person","@id":"https:\/\/hirhangya.hu\/#\/schema\/person\/ad1b32f6cde48eb8bc14fa7efd4d70b5","name":"Nemes Gabor","image":{"@type":"ImageObject","inLanguage":"hu","@id":"https:\/\/hirhangya.hu\/#\/schema\/person\/image\/","url":"https:\/\/secure.gravatar.com\/avatar\/92c2a9c67399a3a1c5444228b3ae3f850f3218d7c18ff5ed44a84130d5b474f3?s=96&d=mm&r=g","contentUrl":"https:\/\/secure.gravatar.com\/avatar\/92c2a9c67399a3a1c5444228b3ae3f850f3218d7c18ff5ed44a84130d5b474f3?s=96&d=mm&r=g","caption":"Nemes Gabor"},"url":"https:\/\/hirhangya.hu\/index.php\/author\/hex324\/"}]}},"_links":{"self":[{"href":"https:\/\/hirhangya.hu\/index.php\/wp-json\/wp\/v2\/posts\/87435","targetHints":{"allow":["GET"]}}],"collection":[{"href":"https:\/\/hirhangya.hu\/index.php\/wp-json\/wp\/v2\/posts"}],"about":[{"href":"https:\/\/hirhangya.hu\/index.php\/wp-json\/wp\/v2\/types\/post"}],"author":[{"embeddable":true,"href":"https:\/\/hirhangya.hu\/index.php\/wp-json\/wp\/v2\/users\/2"}],"replies":[{"embeddable":true,"href":"https:\/\/hirhangya.hu\/index.php\/wp-json\/wp\/v2\/comments?post=87435"}],"version-history":[{"count":0,"href":"https:\/\/hirhangya.hu\/index.php\/wp-json\/wp\/v2\/posts\/87435\/revisions"}],"wp:featuredmedia":[{"embeddable":true,"href":"https:\/\/hirhangya.hu\/index.php\/wp-json\/wp\/v2\/media\/87436"}],"wp:attachment":[{"href":"https:\/\/hirhangya.hu\/index.php\/wp-json\/wp\/v2\/media?parent=87435"}],"wp:term":[{"taxonomy":"category","embeddable":true,"href":"https:\/\/hirhangya.hu\/index.php\/wp-json\/wp\/v2\/categories?post=87435"},{"taxonomy":"post_tag","embeddable":true,"href":"https:\/\/hirhangya.hu\/index.php\/wp-json\/wp\/v2\/tags?post=87435"}],"curies":[{"name":"wp","href":"https:\/\/api.w.org\/{rel}","templated":true}]}}