{"id":87437,"date":"2026-04-08T09:10:59","date_gmt":"2026-04-08T09:10:59","guid":{"rendered":"https:\/\/hirhangya.hu\/index.php\/2026\/04\/08\/meg-a-futokat-is-elkuldtek-a-feneketlen-totol-j-d-vance-mcc-s-latogatasa-miatt\/"},"modified":"2026-04-08T09:10:59","modified_gmt":"2026-04-08T09:10:59","slug":"meg-a-futokat-is-elkuldtek-a-feneketlen-totol-j-d-vance-mcc-s-latogatasa-miatt","status":"publish","type":"post","link":"https:\/\/hirhangya.hu\/index.php\/2026\/04\/08\/meg-a-futokat-is-elkuldtek-a-feneketlen-totol-j-d-vance-mcc-s-latogatasa-miatt\/","title":{"rendered":"M\u00e9g a fut\u00f3kat is elk\u00fcldt\u00e9k a Feneketlen-t\u00f3t\u00f3l J. D. Vance MCC-s l\u00e1togat\u00e1sa miatt"},"content":{"rendered":"<p>Szerd\u00e1n d\u00e9lel\u0151tt J. D. Vance amerikai aleln\u00f6k a Mathias Corvinus Collegiumba l\u00e1togatott, amit Szalai Zolt\u00e1n f\u0151igazgat\u00f3 jelentett be. A TAS vez\u00e9r utcai \u00e9p\u00fcletn\u00e9l nagy k\u00e9sz\u00fclts\u00e9g volt: a Feneketlen-t\u00f3 k\u00f6r\u00fcli parkot ki\u00fcr\u00edtett\u00e9k, a fut\u00f3kat \u00e9s s\u00e9t\u00e1l\u00f3kat elk\u00e9rt\u00e9k. Szalai szerint a besz\u00e9lget\u00e9s a magyar\u2013amerikai kapcsolatokr\u00f3l, a vezet\u0151i l\u00e9t kih\u00edv\u00e1sair\u00f3l \u00e9s a legaktu\u00e1lisabb glob\u00e1lis folyamatokr\u00f3l sz\u00f3lt.<\/p>\n<p>Kedden, Orb\u00e1n Viktorral k\u00f6z\u00f6s sajt\u00f3t\u00e1j\u00e9koztat\u00f3n Vance a br\u00fcsszeli b\u00fcrokrat\u00e1k beavatkoz\u00e1sait\u00f3l f\u00e9ltette a magyar v\u00e1laszt\u00e1sokat; egy m\u00e1sik, h\u00e1bor\u00faellenes jelleg\u0171 esem\u00e9nyen telefonon kapcsolta Trumpot, \u00e9s a nyugati civiliz\u00e1ci\u00f3 sors\u00e1ra hivatkozva \u00e9rvelt amellett, hogy a magyaroknak Orb\u00e1nra kell szavazniuk. Orb\u00e1n egy k\u00e9zmozdulata azt sugallta, hogy kev\u00e9sb\u00e9 volt biztos gy\u0151zelm\u00e9ben, amit azzal magyar\u00e1zott, hogy a v\u00e1laszt\u00e1s m\u00e9g nincs lefutva.<\/p>\n<p>Eredeti cikk: <a href=\"https:\/\/444.hu\/2026\/04\/08\/meg-a-futokat-is-elkuldtek-a-feneketlen-totol-j-d-vance-mcc-s-latogatasa-miatt?utm_source=rss_feed&amp;utm_medium=rss&amp;utm_campaign=rss_syndication\" target=\"_blank\" class=\"feedzy-rss-link-icon\">elolvasom<\/a><\/p>\n","protected":false},"excerpt":{"rendered":"<p>Szerd\u00e1n d\u00e9lel\u0151tt J. D. Vance amerikai aleln\u00f6k a Mathias Corvinus Collegiumba l\u00e1togatott, amit Szalai Zolt\u00e1n f\u0151igazgat\u00f3 jelentett be. A TAS vez\u00e9r utcai \u00e9p\u00fcletn\u00e9l nagy k\u00e9sz\u00fclts\u00e9g volt: a Feneketlen-t\u00f3 k\u00f6r\u00fcli parkot ki\u00fcr\u00edtett\u00e9k, a fut\u00f3kat \u00e9s s\u00e9t\u00e1l\u00f3kat elk\u00e9rt\u00e9k. Szalai szerint a besz\u00e9lget\u00e9s a magyar\u2013amerikai kapcsolatokr\u00f3l, a vezet\u0151i l\u00e9t kih\u00edv\u00e1sair\u00f3l \u00e9s a legaktu\u00e1lisabb glob\u00e1lis folyamatokr\u00f3l sz\u00f3lt. Kedden, Orb\u00e1n [&hellip;]<\/p>\n","protected":false},"author":2,"featured_media":87438,"comment_status":"open","ping_status":"open","sticky":false,"template":"","format":"standard","meta":{"footnotes":""},"categories":[147],"tags":[],"class_list":["post-87437","post","type-post","status-publish","format-standard","has-post-thumbnail","hentry","category-altalanos"],"yoast_head":"<!-- This site is optimized with the Yoast SEO Premium plugin v26.2 (Yoast SEO v26.3) - https:\/\/yoast.com\/wordpress\/plugins\/seo\/ -->\n<title>M\u00e9g a fut\u00f3kat is elk\u00fcldt\u00e9k a Feneketlen-t\u00f3t\u00f3l J. D. Vance MCC-s l\u00e1togat\u00e1sa miatt - H\u00edrhangya<\/title>\n<meta name=\"robots\" content=\"index, follow, max-snippet:-1, max-image-preview:large, max-video-preview:-1\" \/>\n<link rel=\"canonical\" href=\"https:\/\/hirhangya.hu\/index.php\/2026\/04\/08\/meg-a-futokat-is-elkuldtek-a-feneketlen-totol-j-d-vance-mcc-s-latogatasa-miatt\/\" \/>\n<meta property=\"og:locale\" content=\"hu_HU\" \/>\n<meta property=\"og:type\" content=\"article\" \/>\n<meta property=\"og:title\" content=\"M\u00e9g a fut\u00f3kat is elk\u00fcldt\u00e9k a Feneketlen-t\u00f3t\u00f3l J. D. Vance MCC-s l\u00e1togat\u00e1sa miatt\" \/>\n<meta property=\"og:description\" content=\"Szerd\u00e1n d\u00e9lel\u0151tt J. D. Vance amerikai aleln\u00f6k a Mathias Corvinus Collegiumba l\u00e1togatott, amit Szalai Zolt\u00e1n f\u0151igazgat\u00f3 jelentett be. A TAS vez\u00e9r utcai \u00e9p\u00fcletn\u00e9l nagy k\u00e9sz\u00fclts\u00e9g volt: a Feneketlen-t\u00f3 k\u00f6r\u00fcli parkot ki\u00fcr\u00edtett\u00e9k, a fut\u00f3kat \u00e9s s\u00e9t\u00e1l\u00f3kat elk\u00e9rt\u00e9k. Szalai szerint a besz\u00e9lget\u00e9s a magyar\u2013amerikai kapcsolatokr\u00f3l, a vezet\u0151i l\u00e9t kih\u00edv\u00e1sair\u00f3l \u00e9s a legaktu\u00e1lisabb glob\u00e1lis folyamatokr\u00f3l sz\u00f3lt. Kedden, Orb\u00e1n [&hellip;]\" \/>\n<meta property=\"og:url\" content=\"https:\/\/hirhangya.hu\/index.php\/2026\/04\/08\/meg-a-futokat-is-elkuldtek-a-feneketlen-totol-j-d-vance-mcc-s-latogatasa-miatt\/\" \/>\n<meta property=\"og:site_name\" content=\"H\u00edrhangya\" \/>\n<meta property=\"article:published_time\" content=\"2026-04-08T09:10:59+00:00\" \/>\n<meta name=\"author\" content=\"Nemes Gabor\" \/>\n<meta name=\"twitter:card\" content=\"summary_large_image\" \/>\n<meta name=\"twitter:label1\" content=\"Szerz\u0151:\" \/>\n\t<meta name=\"twitter:data1\" content=\"Nemes Gabor\" \/>\n\t<meta name=\"twitter:label2\" content=\"Becs\u00fclt olvas\u00e1si id\u0151\" \/>\n\t<meta name=\"twitter:data2\" content=\"1 perc\" \/>\n<script type=\"application\/ld+json\" class=\"yoast-schema-graph\">{\"@context\":\"https:\/\/schema.org\",\"@graph\":[{\"@type\":\"Article\",\"@id\":\"https:\/\/hirhangya.hu\/index.php\/2026\/04\/08\/meg-a-futokat-is-elkuldtek-a-feneketlen-totol-j-d-vance-mcc-s-latogatasa-miatt\/#article\",\"isPartOf\":{\"@id\":\"https:\/\/hirhangya.hu\/index.php\/2026\/04\/08\/meg-a-futokat-is-elkuldtek-a-feneketlen-totol-j-d-vance-mcc-s-latogatasa-miatt\/\"},\"author\":{\"name\":\"Nemes Gabor\",\"@id\":\"https:\/\/hirhangya.hu\/#\/schema\/person\/ad1b32f6cde48eb8bc14fa7efd4d70b5\"},\"headline\":\"M\u00e9g a fut\u00f3kat is elk\u00fcldt\u00e9k a Feneketlen-t\u00f3t\u00f3l J. D. Vance MCC-s l\u00e1togat\u00e1sa miatt\",\"datePublished\":\"2026-04-08T09:10:59+00:00\",\"mainEntityOfPage\":{\"@id\":\"https:\/\/hirhangya.hu\/index.php\/2026\/04\/08\/meg-a-futokat-is-elkuldtek-a-feneketlen-totol-j-d-vance-mcc-s-latogatasa-miatt\/\"},\"wordCount\":200,\"commentCount\":0,\"publisher\":{\"@id\":\"https:\/\/hirhangya.hu\/#organization\"},\"image\":{\"@id\":\"https:\/\/hirhangya.hu\/index.php\/2026\/04\/08\/meg-a-futokat-is-elkuldtek-a-feneketlen-totol-j-d-vance-mcc-s-latogatasa-miatt\/#primaryimage\"},\"thumbnailUrl\":\"https:\/\/hirhangya.hu\/wp-content\/uploads\/2026\/04\/8KII2X0NRxLzidTfs-xQLBcZ.jpg\",\"articleSection\":[\"\u00c1ltal\u00e1nos\"],\"inLanguage\":\"hu\",\"potentialAction\":[{\"@type\":\"CommentAction\",\"name\":\"Comment\",\"target\":[\"https:\/\/hirhangya.hu\/index.php\/2026\/04\/08\/meg-a-futokat-is-elkuldtek-a-feneketlen-totol-j-d-vance-mcc-s-latogatasa-miatt\/#respond\"]}]},{\"@type\":\"WebPage\",\"@id\":\"https:\/\/hirhangya.hu\/index.php\/2026\/04\/08\/meg-a-futokat-is-elkuldtek-a-feneketlen-totol-j-d-vance-mcc-s-latogatasa-miatt\/\",\"url\":\"https:\/\/hirhangya.hu\/index.php\/2026\/04\/08\/meg-a-futokat-is-elkuldtek-a-feneketlen-totol-j-d-vance-mcc-s-latogatasa-miatt\/\",\"name\":\"M\u00e9g a fut\u00f3kat is elk\u00fcldt\u00e9k a Feneketlen-t\u00f3t\u00f3l J. D. Vance MCC-s l\u00e1togat\u00e1sa miatt - H\u00edrhangya\",\"isPartOf\":{\"@id\":\"https:\/\/hirhangya.hu\/#website\"},\"primaryImageOfPage\":{\"@id\":\"https:\/\/hirhangya.hu\/index.php\/2026\/04\/08\/meg-a-futokat-is-elkuldtek-a-feneketlen-totol-j-d-vance-mcc-s-latogatasa-miatt\/#primaryimage\"},\"image\":{\"@id\":\"https:\/\/hirhangya.hu\/index.php\/2026\/04\/08\/meg-a-futokat-is-elkuldtek-a-feneketlen-totol-j-d-vance-mcc-s-latogatasa-miatt\/#primaryimage\"},\"thumbnailUrl\":\"https:\/\/hirhangya.hu\/wp-content\/uploads\/2026\/04\/8KII2X0NRxLzidTfs-xQLBcZ.jpg\",\"datePublished\":\"2026-04-08T09:10:59+00:00\",\"breadcrumb\":{\"@id\":\"https:\/\/hirhangya.hu\/index.php\/2026\/04\/08\/meg-a-futokat-is-elkuldtek-a-feneketlen-totol-j-d-vance-mcc-s-latogatasa-miatt\/#breadcrumb\"},\"inLanguage\":\"hu\",\"potentialAction\":[{\"@type\":\"ReadAction\",\"target\":[\"https:\/\/hirhangya.hu\/index.php\/2026\/04\/08\/meg-a-futokat-is-elkuldtek-a-feneketlen-totol-j-d-vance-mcc-s-latogatasa-miatt\/\"]}]},{\"@type\":\"ImageObject\",\"inLanguage\":\"hu\",\"@id\":\"https:\/\/hirhangya.hu\/index.php\/2026\/04\/08\/meg-a-futokat-is-elkuldtek-a-feneketlen-totol-j-d-vance-mcc-s-latogatasa-miatt\/#primaryimage\",\"url\":\"https:\/\/hirhangya.hu\/wp-content\/uploads\/2026\/04\/8KII2X0NRxLzidTfs-xQLBcZ.jpg\",\"contentUrl\":\"https:\/\/hirhangya.hu\/wp-content\/uploads\/2026\/04\/8KII2X0NRxLzidTfs-xQLBcZ.jpg\",\"width\":2000,\"height\":1329},{\"@type\":\"BreadcrumbList\",\"@id\":\"https:\/\/hirhangya.hu\/index.php\/2026\/04\/08\/meg-a-futokat-is-elkuldtek-a-feneketlen-totol-j-d-vance-mcc-s-latogatasa-miatt\/#breadcrumb\",\"itemListElement\":[{\"@type\":\"ListItem\",\"position\":1,\"name\":\"Home\",\"item\":\"https:\/\/hirhangya.hu\/\"},{\"@type\":\"ListItem\",\"position\":2,\"name\":\"M\u00e9g a fut\u00f3kat is elk\u00fcldt\u00e9k a Feneketlen-t\u00f3t\u00f3l J. D. Vance MCC-s l\u00e1togat\u00e1sa miatt\"}]},{\"@type\":\"WebSite\",\"@id\":\"https:\/\/hirhangya.hu\/#website\",\"url\":\"https:\/\/hirhangya.hu\/\",\"name\":\"H\u00edrhangya\",\"description\":\"Szorgalmasan \u00f6sszehordjuk a legfrissebb h\u00edreket\",\"publisher\":{\"@id\":\"https:\/\/hirhangya.hu\/#organization\"},\"potentialAction\":[{\"@type\":\"SearchAction\",\"target\":{\"@type\":\"EntryPoint\",\"urlTemplate\":\"https:\/\/hirhangya.hu\/?s={search_term_string}\"},\"query-input\":{\"@type\":\"PropertyValueSpecification\",\"valueRequired\":true,\"valueName\":\"search_term_string\"}}],\"inLanguage\":\"hu\"},{\"@type\":\"Organization\",\"@id\":\"https:\/\/hirhangya.hu\/#organization\",\"name\":\"H\u00edrhangya\",\"url\":\"https:\/\/hirhangya.hu\/\",\"logo\":{\"@type\":\"ImageObject\",\"inLanguage\":\"hu\",\"@id\":\"https:\/\/hirhangya.hu\/#\/schema\/logo\/image\/\",\"url\":\"https:\/\/hirhangya.hu\/wp-content\/uploads\/2025\/06\/cropped-cropped-hirhangya-logo-szoveges-scaled-1-e1750064323596.jpg\",\"contentUrl\":\"https:\/\/hirhangya.hu\/wp-content\/uploads\/2025\/06\/cropped-cropped-hirhangya-logo-szoveges-scaled-1-e1750064323596.jpg\",\"width\":350,\"height\":100,\"caption\":\"H\u00edrhangya\"},\"image\":{\"@id\":\"https:\/\/hirhangya.hu\/#\/schema\/logo\/image\/\"}},{\"@type\":\"Person\",\"@id\":\"https:\/\/hirhangya.hu\/#\/schema\/person\/ad1b32f6cde48eb8bc14fa7efd4d70b5\",\"name\":\"Nemes Gabor\",\"image\":{\"@type\":\"ImageObject\",\"inLanguage\":\"hu\",\"@id\":\"https:\/\/hirhangya.hu\/#\/schema\/person\/image\/\",\"url\":\"https:\/\/secure.gravatar.com\/avatar\/92c2a9c67399a3a1c5444228b3ae3f850f3218d7c18ff5ed44a84130d5b474f3?s=96&d=mm&r=g\",\"contentUrl\":\"https:\/\/secure.gravatar.com\/avatar\/92c2a9c67399a3a1c5444228b3ae3f850f3218d7c18ff5ed44a84130d5b474f3?s=96&d=mm&r=g\",\"caption\":\"Nemes Gabor\"},\"url\":\"https:\/\/hirhangya.hu\/index.php\/author\/hex324\/\"}]}<\/script>\n<!-- \/ Yoast SEO Premium plugin. -->","yoast_head_json":{"title":"M\u00e9g a fut\u00f3kat is elk\u00fcldt\u00e9k a Feneketlen-t\u00f3t\u00f3l J. D. Vance MCC-s l\u00e1togat\u00e1sa miatt - H\u00edrhangya","robots":{"index":"index","follow":"follow","max-snippet":"max-snippet:-1","max-image-preview":"max-image-preview:large","max-video-preview":"max-video-preview:-1"},"canonical":"https:\/\/hirhangya.hu\/index.php\/2026\/04\/08\/meg-a-futokat-is-elkuldtek-a-feneketlen-totol-j-d-vance-mcc-s-latogatasa-miatt\/","og_locale":"hu_HU","og_type":"article","og_title":"M\u00e9g a fut\u00f3kat is elk\u00fcldt\u00e9k a Feneketlen-t\u00f3t\u00f3l J. D. Vance MCC-s l\u00e1togat\u00e1sa miatt","og_description":"Szerd\u00e1n d\u00e9lel\u0151tt J. D. Vance amerikai aleln\u00f6k a Mathias Corvinus Collegiumba l\u00e1togatott, amit Szalai Zolt\u00e1n f\u0151igazgat\u00f3 jelentett be. A TAS vez\u00e9r utcai \u00e9p\u00fcletn\u00e9l nagy k\u00e9sz\u00fclts\u00e9g volt: a Feneketlen-t\u00f3 k\u00f6r\u00fcli parkot ki\u00fcr\u00edtett\u00e9k, a fut\u00f3kat \u00e9s s\u00e9t\u00e1l\u00f3kat elk\u00e9rt\u00e9k. Szalai szerint a besz\u00e9lget\u00e9s a magyar\u2013amerikai kapcsolatokr\u00f3l, a vezet\u0151i l\u00e9t kih\u00edv\u00e1sair\u00f3l \u00e9s a legaktu\u00e1lisabb glob\u00e1lis folyamatokr\u00f3l sz\u00f3lt. Kedden, Orb\u00e1n [&hellip;]","og_url":"https:\/\/hirhangya.hu\/index.php\/2026\/04\/08\/meg-a-futokat-is-elkuldtek-a-feneketlen-totol-j-d-vance-mcc-s-latogatasa-miatt\/","og_site_name":"H\u00edrhangya","article_published_time":"2026-04-08T09:10:59+00:00","author":"Nemes Gabor","twitter_card":"summary_large_image","twitter_misc":{"Szerz\u0151:":"Nemes Gabor","Becs\u00fclt olvas\u00e1si id\u0151":"1 perc"},"schema":{"@context":"https:\/\/schema.org","@graph":[{"@type":"Article","@id":"https:\/\/hirhangya.hu\/index.php\/2026\/04\/08\/meg-a-futokat-is-elkuldtek-a-feneketlen-totol-j-d-vance-mcc-s-latogatasa-miatt\/#article","isPartOf":{"@id":"https:\/\/hirhangya.hu\/index.php\/2026\/04\/08\/meg-a-futokat-is-elkuldtek-a-feneketlen-totol-j-d-vance-mcc-s-latogatasa-miatt\/"},"author":{"name":"Nemes Gabor","@id":"https:\/\/hirhangya.hu\/#\/schema\/person\/ad1b32f6cde48eb8bc14fa7efd4d70b5"},"headline":"M\u00e9g a fut\u00f3kat is elk\u00fcldt\u00e9k a Feneketlen-t\u00f3t\u00f3l J. D. Vance MCC-s l\u00e1togat\u00e1sa miatt","datePublished":"2026-04-08T09:10:59+00:00","mainEntityOfPage":{"@id":"https:\/\/hirhangya.hu\/index.php\/2026\/04\/08\/meg-a-futokat-is-elkuldtek-a-feneketlen-totol-j-d-vance-mcc-s-latogatasa-miatt\/"},"wordCount":200,"commentCount":0,"publisher":{"@id":"https:\/\/hirhangya.hu\/#organization"},"image":{"@id":"https:\/\/hirhangya.hu\/index.php\/2026\/04\/08\/meg-a-futokat-is-elkuldtek-a-feneketlen-totol-j-d-vance-mcc-s-latogatasa-miatt\/#primaryimage"},"thumbnailUrl":"https:\/\/hirhangya.hu\/wp-content\/uploads\/2026\/04\/8KII2X0NRxLzidTfs-xQLBcZ.jpg","articleSection":["\u00c1ltal\u00e1nos"],"inLanguage":"hu","potentialAction":[{"@type":"CommentAction","name":"Comment","target":["https:\/\/hirhangya.hu\/index.php\/2026\/04\/08\/meg-a-futokat-is-elkuldtek-a-feneketlen-totol-j-d-vance-mcc-s-latogatasa-miatt\/#respond"]}]},{"@type":"WebPage","@id":"https:\/\/hirhangya.hu\/index.php\/2026\/04\/08\/meg-a-futokat-is-elkuldtek-a-feneketlen-totol-j-d-vance-mcc-s-latogatasa-miatt\/","url":"https:\/\/hirhangya.hu\/index.php\/2026\/04\/08\/meg-a-futokat-is-elkuldtek-a-feneketlen-totol-j-d-vance-mcc-s-latogatasa-miatt\/","name":"M\u00e9g a fut\u00f3kat is elk\u00fcldt\u00e9k a Feneketlen-t\u00f3t\u00f3l J. D. Vance MCC-s l\u00e1togat\u00e1sa miatt - H\u00edrhangya","isPartOf":{"@id":"https:\/\/hirhangya.hu\/#website"},"primaryImageOfPage":{"@id":"https:\/\/hirhangya.hu\/index.php\/2026\/04\/08\/meg-a-futokat-is-elkuldtek-a-feneketlen-totol-j-d-vance-mcc-s-latogatasa-miatt\/#primaryimage"},"image":{"@id":"https:\/\/hirhangya.hu\/index.php\/2026\/04\/08\/meg-a-futokat-is-elkuldtek-a-feneketlen-totol-j-d-vance-mcc-s-latogatasa-miatt\/#primaryimage"},"thumbnailUrl":"https:\/\/hirhangya.hu\/wp-content\/uploads\/2026\/04\/8KII2X0NRxLzidTfs-xQLBcZ.jpg","datePublished":"2026-04-08T09:10:59+00:00","breadcrumb":{"@id":"https:\/\/hirhangya.hu\/index.php\/2026\/04\/08\/meg-a-futokat-is-elkuldtek-a-feneketlen-totol-j-d-vance-mcc-s-latogatasa-miatt\/#breadcrumb"},"inLanguage":"hu","potentialAction":[{"@type":"ReadAction","target":["https:\/\/hirhangya.hu\/index.php\/2026\/04\/08\/meg-a-futokat-is-elkuldtek-a-feneketlen-totol-j-d-vance-mcc-s-latogatasa-miatt\/"]}]},{"@type":"ImageObject","inLanguage":"hu","@id":"https:\/\/hirhangya.hu\/index.php\/2026\/04\/08\/meg-a-futokat-is-elkuldtek-a-feneketlen-totol-j-d-vance-mcc-s-latogatasa-miatt\/#primaryimage","url":"https:\/\/hirhangya.hu\/wp-content\/uploads\/2026\/04\/8KII2X0NRxLzidTfs-xQLBcZ.jpg","contentUrl":"https:\/\/hirhangya.hu\/wp-content\/uploads\/2026\/04\/8KII2X0NRxLzidTfs-xQLBcZ.jpg","width":2000,"height":1329},{"@type":"BreadcrumbList","@id":"https:\/\/hirhangya.hu\/index.php\/2026\/04\/08\/meg-a-futokat-is-elkuldtek-a-feneketlen-totol-j-d-vance-mcc-s-latogatasa-miatt\/#breadcrumb","itemListElement":[{"@type":"ListItem","position":1,"name":"Home","item":"https:\/\/hirhangya.hu\/"},{"@type":"ListItem","position":2,"name":"M\u00e9g a fut\u00f3kat is elk\u00fcldt\u00e9k a Feneketlen-t\u00f3t\u00f3l J. D. Vance MCC-s l\u00e1togat\u00e1sa miatt"}]},{"@type":"WebSite","@id":"https:\/\/hirhangya.hu\/#website","url":"https:\/\/hirhangya.hu\/","name":"H\u00edrhangya","description":"Szorgalmasan \u00f6sszehordjuk a legfrissebb h\u00edreket","publisher":{"@id":"https:\/\/hirhangya.hu\/#organization"},"potentialAction":[{"@type":"SearchAction","target":{"@type":"EntryPoint","urlTemplate":"https:\/\/hirhangya.hu\/?s={search_term_string}"},"query-input":{"@type":"PropertyValueSpecification","valueRequired":true,"valueName":"search_term_string"}}],"inLanguage":"hu"},{"@type":"Organization","@id":"https:\/\/hirhangya.hu\/#organization","name":"H\u00edrhangya","url":"https:\/\/hirhangya.hu\/","logo":{"@type":"ImageObject","inLanguage":"hu","@id":"https:\/\/hirhangya.hu\/#\/schema\/logo\/image\/","url":"https:\/\/hirhangya.hu\/wp-content\/uploads\/2025\/06\/cropped-cropped-hirhangya-logo-szoveges-scaled-1-e1750064323596.jpg","contentUrl":"https:\/\/hirhangya.hu\/wp-content\/uploads\/2025\/06\/cropped-cropped-hirhangya-logo-szoveges-scaled-1-e1750064323596.jpg","width":350,"height":100,"caption":"H\u00edrhangya"},"image":{"@id":"https:\/\/hirhangya.hu\/#\/schema\/logo\/image\/"}},{"@type":"Person","@id":"https:\/\/hirhangya.hu\/#\/schema\/person\/ad1b32f6cde48eb8bc14fa7efd4d70b5","name":"Nemes Gabor","image":{"@type":"ImageObject","inLanguage":"hu","@id":"https:\/\/hirhangya.hu\/#\/schema\/person\/image\/","url":"https:\/\/secure.gravatar.com\/avatar\/92c2a9c67399a3a1c5444228b3ae3f850f3218d7c18ff5ed44a84130d5b474f3?s=96&d=mm&r=g","contentUrl":"https:\/\/secure.gravatar.com\/avatar\/92c2a9c67399a3a1c5444228b3ae3f850f3218d7c18ff5ed44a84130d5b474f3?s=96&d=mm&r=g","caption":"Nemes Gabor"},"url":"https:\/\/hirhangya.hu\/index.php\/author\/hex324\/"}]}},"_links":{"self":[{"href":"https:\/\/hirhangya.hu\/index.php\/wp-json\/wp\/v2\/posts\/87437","targetHints":{"allow":["GET"]}}],"collection":[{"href":"https:\/\/hirhangya.hu\/index.php\/wp-json\/wp\/v2\/posts"}],"about":[{"href":"https:\/\/hirhangya.hu\/index.php\/wp-json\/wp\/v2\/types\/post"}],"author":[{"embeddable":true,"href":"https:\/\/hirhangya.hu\/index.php\/wp-json\/wp\/v2\/users\/2"}],"replies":[{"embeddable":true,"href":"https:\/\/hirhangya.hu\/index.php\/wp-json\/wp\/v2\/comments?post=87437"}],"version-history":[{"count":0,"href":"https:\/\/hirhangya.hu\/index.php\/wp-json\/wp\/v2\/posts\/87437\/revisions"}],"wp:featuredmedia":[{"embeddable":true,"href":"https:\/\/hirhangya.hu\/index.php\/wp-json\/wp\/v2\/media\/87438"}],"wp:attachment":[{"href":"https:\/\/hirhangya.hu\/index.php\/wp-json\/wp\/v2\/media?parent=87437"}],"wp:term":[{"taxonomy":"category","embeddable":true,"href":"https:\/\/hirhangya.hu\/index.php\/wp-json\/wp\/v2\/categories?post=87437"},{"taxonomy":"post_tag","embeddable":true,"href":"https:\/\/hirhangya.hu\/index.php\/wp-json\/wp\/v2\/tags?post=87437"}],"curies":[{"name":"wp","href":"https:\/\/api.w.org\/{rel}","templated":true}]}}