{"id":87439,"date":"2026-04-08T09:11:15","date_gmt":"2026-04-08T09:11:15","guid":{"rendered":"https:\/\/hirhangya.hu\/index.php\/2026\/04\/08\/harom-eve-nem-latott-novekedest-hozott-a-februar-a-benzinkutakon\/"},"modified":"2026-04-08T09:11:15","modified_gmt":"2026-04-08T09:11:15","slug":"harom-eve-nem-latott-novekedest-hozott-a-februar-a-benzinkutakon","status":"publish","type":"post","link":"https:\/\/hirhangya.hu\/index.php\/2026\/04\/08\/harom-eve-nem-latott-novekedest-hozott-a-februar-a-benzinkutakon\/","title":{"rendered":"H\u00e1rom \u00e9ve nem l\u00e1tott n\u00f6veked\u00e9st hozott a febru\u00e1r a benzinkutakon"},"content":{"rendered":"<p>A K\u00f6zponti Statisztikai Hivatal szerint a kiskereskedelmi forgalom febru\u00e1rban \u00e9ves szinten 3,8%-kal n\u0151tt, ami az ut\u00f3bbi id\u0151szakban az \u00e1prilis 2025-\u00f6s eredm\u00e9ny \u00f3ta a legmagasabb b\u0151v\u00fcl\u00e9s; havi \u00f6sszehasonl\u00edt\u00e1sban janu\u00e1rhoz k\u00e9pest 0,4%-kal emelkedett. Forintos\u00edtva febru\u00e1rban 1 484 milli\u00e1rd forintot k\u00f6lt\u00f6tt\u00fcnk boltokban (napi 53 milli\u00e1rd), ami naponta mintegy 5 milli\u00e1rd forinttal t\u00f6bb, mint janu\u00e1rban. Minden boltt\u00edpus hozz\u00e1j\u00e1rult a n\u00f6veked\u00e9shez, legink\u00e1bb a t\u00f6lt\u0151\u00e1llom\u00e1sok h\u00fazt\u00e1k az \u00e1gazatot: az \u00fczemanyag-elad\u00e1sok 6,4%-kal emelkedtek \u00e9ves szinten (legnagyobb n\u00f6veked\u00e9s 2022 novembere \u00f3ta). Az \u00e9lelmiszer\u00fczletek forgalma 2,2%-kal n\u0151tt; az \u00e9lelmiszer jelleg\u0171 vegyes \u00fczletek (a szegmens 77%-a) +4,1%, m\u00edg az \u00e9lelmiszer-, ital-, doh\u00e1ny\u00e1ru-szak\u00fczletek -4,3%-ot mutattak. A nem \u00e9lelmiszer-kiskereskedelem 5%-kal b\u0151v\u00fclt, ezen bel\u00fcl a haszn\u00e1ltcikk-\u00fczletek forgalma n\u0151tt a legink\u00e1bb (+9,6%). Febru\u00e1rban az \u00e1gazat teljes\u00edtm\u00e9nye 4,9%-kal haladta meg a 2021-es havi \u00e1tlagot, ami 2022 j\u00faniusa \u00f3ta az egyik legjobb eredm\u00e9ny. <\/p>\n<p>Az \u00e9v eddigi teljes\u00edtm\u00e9nye azonban gyeng\u00e9bb a 2025-\u00f6sn\u00e9l: az els\u0151 k\u00e9t h\u00f3napban 2026-ban 3,6% volt a forgalomb\u0151v\u00fcl\u00e9s, szemben a tavalyi 4%-kal. Nagy J\u00e1nos, az Erste makrogazdas\u00e1gi elemz\u0151je szerint a k\u00f6lts\u00e9gvet\u00e9si j\u00f3l\u00e9ti kiad\u00e1sok n\u00f6veked\u00e9se, a v\u00e1rhat\u00f3an pozit\u00edv re\u00e1lb\u00e9rv\u00e1ltoz\u00e1s \u00e9s az infl\u00e1ci\u00f3 lassul\u00e1sa tov\u00e1bbi t\u00e1mogat\u00e1st adhat a fogyaszt\u00e1snak, ez\u00e9rt v\u00e1rhat\u00f3an a h\u00e1ztart\u00e1sok fogyaszt\u00e1sb\u0151v\u00fcl\u00e9se marad a GDP-n\u00f6veked\u00e9s f\u0151 t\u00e1masza az idei \u00e9vben.<\/p>\n<p>Eredeti cikk: <a href=\"https:\/\/444.hu\/2026\/04\/08\/harom-eve-nem-latott-novekedest-hozott-a-februar-a-benzinkutakon?utm_source=rss_feed&amp;utm_medium=rss&amp;utm_campaign=rss_syndication\" target=\"_blank\" class=\"feedzy-rss-link-icon\">elolvasom<\/a><\/p>\n","protected":false},"excerpt":{"rendered":"<p>A K\u00f6zponti Statisztikai Hivatal szerint a kiskereskedelmi forgalom febru\u00e1rban \u00e9ves szinten 3,8%-kal n\u0151tt, ami az ut\u00f3bbi id\u0151szakban az \u00e1prilis 2025-\u00f6s eredm\u00e9ny \u00f3ta a legmagasabb b\u0151v\u00fcl\u00e9s; havi \u00f6sszehasonl\u00edt\u00e1sban janu\u00e1rhoz k\u00e9pest 0,4%-kal emelkedett. Forintos\u00edtva febru\u00e1rban 1 484 milli\u00e1rd forintot k\u00f6lt\u00f6tt\u00fcnk boltokban (napi 53 milli\u00e1rd), ami naponta mintegy 5 milli\u00e1rd forinttal t\u00f6bb, mint janu\u00e1rban. Minden boltt\u00edpus hozz\u00e1j\u00e1rult a [&hellip;]<\/p>\n","protected":false},"author":2,"featured_media":87440,"comment_status":"open","ping_status":"open","sticky":false,"template":"","format":"standard","meta":{"footnotes":""},"categories":[147],"tags":[],"class_list":["post-87439","post","type-post","status-publish","format-standard","has-post-thumbnail","hentry","category-altalanos"],"yoast_head":"<!-- This site is optimized with the Yoast SEO Premium plugin v26.2 (Yoast SEO v26.3) - https:\/\/yoast.com\/wordpress\/plugins\/seo\/ -->\n<title>H\u00e1rom \u00e9ve nem l\u00e1tott n\u00f6veked\u00e9st hozott a febru\u00e1r a benzinkutakon - H\u00edrhangya<\/title>\n<meta name=\"robots\" content=\"index, follow, max-snippet:-1, max-image-preview:large, max-video-preview:-1\" \/>\n<link rel=\"canonical\" href=\"https:\/\/hirhangya.hu\/index.php\/2026\/04\/08\/harom-eve-nem-latott-novekedest-hozott-a-februar-a-benzinkutakon\/\" \/>\n<meta property=\"og:locale\" content=\"hu_HU\" \/>\n<meta property=\"og:type\" content=\"article\" \/>\n<meta property=\"og:title\" content=\"H\u00e1rom \u00e9ve nem l\u00e1tott n\u00f6veked\u00e9st hozott a febru\u00e1r a benzinkutakon\" \/>\n<meta property=\"og:description\" content=\"A K\u00f6zponti Statisztikai Hivatal szerint a kiskereskedelmi forgalom febru\u00e1rban \u00e9ves szinten 3,8%-kal n\u0151tt, ami az ut\u00f3bbi id\u0151szakban az \u00e1prilis 2025-\u00f6s eredm\u00e9ny \u00f3ta a legmagasabb b\u0151v\u00fcl\u00e9s; havi \u00f6sszehasonl\u00edt\u00e1sban janu\u00e1rhoz k\u00e9pest 0,4%-kal emelkedett. Forintos\u00edtva febru\u00e1rban 1 484 milli\u00e1rd forintot k\u00f6lt\u00f6tt\u00fcnk boltokban (napi 53 milli\u00e1rd), ami naponta mintegy 5 milli\u00e1rd forinttal t\u00f6bb, mint janu\u00e1rban. Minden boltt\u00edpus hozz\u00e1j\u00e1rult a [&hellip;]\" \/>\n<meta property=\"og:url\" content=\"https:\/\/hirhangya.hu\/index.php\/2026\/04\/08\/harom-eve-nem-latott-novekedest-hozott-a-februar-a-benzinkutakon\/\" \/>\n<meta property=\"og:site_name\" content=\"H\u00edrhangya\" \/>\n<meta property=\"article:published_time\" content=\"2026-04-08T09:11:15+00:00\" \/>\n<meta name=\"author\" content=\"Nemes Gabor\" \/>\n<meta name=\"twitter:card\" content=\"summary_large_image\" \/>\n<meta name=\"twitter:label1\" content=\"Szerz\u0151:\" \/>\n\t<meta name=\"twitter:data1\" content=\"Nemes Gabor\" \/>\n\t<meta name=\"twitter:label2\" content=\"Becs\u00fclt olvas\u00e1si id\u0151\" \/>\n\t<meta name=\"twitter:data2\" content=\"1 perc\" \/>\n<script type=\"application\/ld+json\" class=\"yoast-schema-graph\">{\"@context\":\"https:\/\/schema.org\",\"@graph\":[{\"@type\":\"Article\",\"@id\":\"https:\/\/hirhangya.hu\/index.php\/2026\/04\/08\/harom-eve-nem-latott-novekedest-hozott-a-februar-a-benzinkutakon\/#article\",\"isPartOf\":{\"@id\":\"https:\/\/hirhangya.hu\/index.php\/2026\/04\/08\/harom-eve-nem-latott-novekedest-hozott-a-februar-a-benzinkutakon\/\"},\"author\":{\"name\":\"Nemes Gabor\",\"@id\":\"https:\/\/hirhangya.hu\/#\/schema\/person\/ad1b32f6cde48eb8bc14fa7efd4d70b5\"},\"headline\":\"H\u00e1rom \u00e9ve nem l\u00e1tott n\u00f6veked\u00e9st hozott a febru\u00e1r a benzinkutakon\",\"datePublished\":\"2026-04-08T09:11:15+00:00\",\"mainEntityOfPage\":{\"@id\":\"https:\/\/hirhangya.hu\/index.php\/2026\/04\/08\/harom-eve-nem-latott-novekedest-hozott-a-februar-a-benzinkutakon\/\"},\"wordCount\":298,\"commentCount\":0,\"publisher\":{\"@id\":\"https:\/\/hirhangya.hu\/#organization\"},\"image\":{\"@id\":\"https:\/\/hirhangya.hu\/index.php\/2026\/04\/08\/harom-eve-nem-latott-novekedest-hozott-a-februar-a-benzinkutakon\/#primaryimage\"},\"thumbnailUrl\":\"https:\/\/hirhangya.hu\/wp-content\/uploads\/2026\/04\/7pfVfNiyDCbiGWB0s-P0JzCu.jpg\",\"articleSection\":[\"\u00c1ltal\u00e1nos\"],\"inLanguage\":\"hu\",\"potentialAction\":[{\"@type\":\"CommentAction\",\"name\":\"Comment\",\"target\":[\"https:\/\/hirhangya.hu\/index.php\/2026\/04\/08\/harom-eve-nem-latott-novekedest-hozott-a-februar-a-benzinkutakon\/#respond\"]}]},{\"@type\":\"WebPage\",\"@id\":\"https:\/\/hirhangya.hu\/index.php\/2026\/04\/08\/harom-eve-nem-latott-novekedest-hozott-a-februar-a-benzinkutakon\/\",\"url\":\"https:\/\/hirhangya.hu\/index.php\/2026\/04\/08\/harom-eve-nem-latott-novekedest-hozott-a-februar-a-benzinkutakon\/\",\"name\":\"H\u00e1rom \u00e9ve nem l\u00e1tott n\u00f6veked\u00e9st hozott a febru\u00e1r a benzinkutakon - H\u00edrhangya\",\"isPartOf\":{\"@id\":\"https:\/\/hirhangya.hu\/#website\"},\"primaryImageOfPage\":{\"@id\":\"https:\/\/hirhangya.hu\/index.php\/2026\/04\/08\/harom-eve-nem-latott-novekedest-hozott-a-februar-a-benzinkutakon\/#primaryimage\"},\"image\":{\"@id\":\"https:\/\/hirhangya.hu\/index.php\/2026\/04\/08\/harom-eve-nem-latott-novekedest-hozott-a-februar-a-benzinkutakon\/#primaryimage\"},\"thumbnailUrl\":\"https:\/\/hirhangya.hu\/wp-content\/uploads\/2026\/04\/7pfVfNiyDCbiGWB0s-P0JzCu.jpg\",\"datePublished\":\"2026-04-08T09:11:15+00:00\",\"breadcrumb\":{\"@id\":\"https:\/\/hirhangya.hu\/index.php\/2026\/04\/08\/harom-eve-nem-latott-novekedest-hozott-a-februar-a-benzinkutakon\/#breadcrumb\"},\"inLanguage\":\"hu\",\"potentialAction\":[{\"@type\":\"ReadAction\",\"target\":[\"https:\/\/hirhangya.hu\/index.php\/2026\/04\/08\/harom-eve-nem-latott-novekedest-hozott-a-februar-a-benzinkutakon\/\"]}]},{\"@type\":\"ImageObject\",\"inLanguage\":\"hu\",\"@id\":\"https:\/\/hirhangya.hu\/index.php\/2026\/04\/08\/harom-eve-nem-latott-novekedest-hozott-a-februar-a-benzinkutakon\/#primaryimage\",\"url\":\"https:\/\/hirhangya.hu\/wp-content\/uploads\/2026\/04\/7pfVfNiyDCbiGWB0s-P0JzCu.jpg\",\"contentUrl\":\"https:\/\/hirhangya.hu\/wp-content\/uploads\/2026\/04\/7pfVfNiyDCbiGWB0s-P0JzCu.jpg\",\"width\":1024,\"height\":682},{\"@type\":\"BreadcrumbList\",\"@id\":\"https:\/\/hirhangya.hu\/index.php\/2026\/04\/08\/harom-eve-nem-latott-novekedest-hozott-a-februar-a-benzinkutakon\/#breadcrumb\",\"itemListElement\":[{\"@type\":\"ListItem\",\"position\":1,\"name\":\"Home\",\"item\":\"https:\/\/hirhangya.hu\/\"},{\"@type\":\"ListItem\",\"position\":2,\"name\":\"H\u00e1rom \u00e9ve nem l\u00e1tott n\u00f6veked\u00e9st hozott a febru\u00e1r a benzinkutakon\"}]},{\"@type\":\"WebSite\",\"@id\":\"https:\/\/hirhangya.hu\/#website\",\"url\":\"https:\/\/hirhangya.hu\/\",\"name\":\"H\u00edrhangya\",\"description\":\"Szorgalmasan \u00f6sszehordjuk a legfrissebb h\u00edreket\",\"publisher\":{\"@id\":\"https:\/\/hirhangya.hu\/#organization\"},\"potentialAction\":[{\"@type\":\"SearchAction\",\"target\":{\"@type\":\"EntryPoint\",\"urlTemplate\":\"https:\/\/hirhangya.hu\/?s={search_term_string}\"},\"query-input\":{\"@type\":\"PropertyValueSpecification\",\"valueRequired\":true,\"valueName\":\"search_term_string\"}}],\"inLanguage\":\"hu\"},{\"@type\":\"Organization\",\"@id\":\"https:\/\/hirhangya.hu\/#organization\",\"name\":\"H\u00edrhangya\",\"url\":\"https:\/\/hirhangya.hu\/\",\"logo\":{\"@type\":\"ImageObject\",\"inLanguage\":\"hu\",\"@id\":\"https:\/\/hirhangya.hu\/#\/schema\/logo\/image\/\",\"url\":\"https:\/\/hirhangya.hu\/wp-content\/uploads\/2025\/06\/cropped-cropped-hirhangya-logo-szoveges-scaled-1-e1750064323596.jpg\",\"contentUrl\":\"https:\/\/hirhangya.hu\/wp-content\/uploads\/2025\/06\/cropped-cropped-hirhangya-logo-szoveges-scaled-1-e1750064323596.jpg\",\"width\":350,\"height\":100,\"caption\":\"H\u00edrhangya\"},\"image\":{\"@id\":\"https:\/\/hirhangya.hu\/#\/schema\/logo\/image\/\"}},{\"@type\":\"Person\",\"@id\":\"https:\/\/hirhangya.hu\/#\/schema\/person\/ad1b32f6cde48eb8bc14fa7efd4d70b5\",\"name\":\"Nemes Gabor\",\"image\":{\"@type\":\"ImageObject\",\"inLanguage\":\"hu\",\"@id\":\"https:\/\/hirhangya.hu\/#\/schema\/person\/image\/\",\"url\":\"https:\/\/secure.gravatar.com\/avatar\/92c2a9c67399a3a1c5444228b3ae3f850f3218d7c18ff5ed44a84130d5b474f3?s=96&d=mm&r=g\",\"contentUrl\":\"https:\/\/secure.gravatar.com\/avatar\/92c2a9c67399a3a1c5444228b3ae3f850f3218d7c18ff5ed44a84130d5b474f3?s=96&d=mm&r=g\",\"caption\":\"Nemes Gabor\"},\"url\":\"https:\/\/hirhangya.hu\/index.php\/author\/hex324\/\"}]}<\/script>\n<!-- \/ Yoast SEO Premium plugin. -->","yoast_head_json":{"title":"H\u00e1rom \u00e9ve nem l\u00e1tott n\u00f6veked\u00e9st hozott a febru\u00e1r a benzinkutakon - H\u00edrhangya","robots":{"index":"index","follow":"follow","max-snippet":"max-snippet:-1","max-image-preview":"max-image-preview:large","max-video-preview":"max-video-preview:-1"},"canonical":"https:\/\/hirhangya.hu\/index.php\/2026\/04\/08\/harom-eve-nem-latott-novekedest-hozott-a-februar-a-benzinkutakon\/","og_locale":"hu_HU","og_type":"article","og_title":"H\u00e1rom \u00e9ve nem l\u00e1tott n\u00f6veked\u00e9st hozott a febru\u00e1r a benzinkutakon","og_description":"A K\u00f6zponti Statisztikai Hivatal szerint a kiskereskedelmi forgalom febru\u00e1rban \u00e9ves szinten 3,8%-kal n\u0151tt, ami az ut\u00f3bbi id\u0151szakban az \u00e1prilis 2025-\u00f6s eredm\u00e9ny \u00f3ta a legmagasabb b\u0151v\u00fcl\u00e9s; havi \u00f6sszehasonl\u00edt\u00e1sban janu\u00e1rhoz k\u00e9pest 0,4%-kal emelkedett. Forintos\u00edtva febru\u00e1rban 1 484 milli\u00e1rd forintot k\u00f6lt\u00f6tt\u00fcnk boltokban (napi 53 milli\u00e1rd), ami naponta mintegy 5 milli\u00e1rd forinttal t\u00f6bb, mint janu\u00e1rban. Minden boltt\u00edpus hozz\u00e1j\u00e1rult a [&hellip;]","og_url":"https:\/\/hirhangya.hu\/index.php\/2026\/04\/08\/harom-eve-nem-latott-novekedest-hozott-a-februar-a-benzinkutakon\/","og_site_name":"H\u00edrhangya","article_published_time":"2026-04-08T09:11:15+00:00","author":"Nemes Gabor","twitter_card":"summary_large_image","twitter_misc":{"Szerz\u0151:":"Nemes Gabor","Becs\u00fclt olvas\u00e1si id\u0151":"1 perc"},"schema":{"@context":"https:\/\/schema.org","@graph":[{"@type":"Article","@id":"https:\/\/hirhangya.hu\/index.php\/2026\/04\/08\/harom-eve-nem-latott-novekedest-hozott-a-februar-a-benzinkutakon\/#article","isPartOf":{"@id":"https:\/\/hirhangya.hu\/index.php\/2026\/04\/08\/harom-eve-nem-latott-novekedest-hozott-a-februar-a-benzinkutakon\/"},"author":{"name":"Nemes Gabor","@id":"https:\/\/hirhangya.hu\/#\/schema\/person\/ad1b32f6cde48eb8bc14fa7efd4d70b5"},"headline":"H\u00e1rom \u00e9ve nem l\u00e1tott n\u00f6veked\u00e9st hozott a febru\u00e1r a benzinkutakon","datePublished":"2026-04-08T09:11:15+00:00","mainEntityOfPage":{"@id":"https:\/\/hirhangya.hu\/index.php\/2026\/04\/08\/harom-eve-nem-latott-novekedest-hozott-a-februar-a-benzinkutakon\/"},"wordCount":298,"commentCount":0,"publisher":{"@id":"https:\/\/hirhangya.hu\/#organization"},"image":{"@id":"https:\/\/hirhangya.hu\/index.php\/2026\/04\/08\/harom-eve-nem-latott-novekedest-hozott-a-februar-a-benzinkutakon\/#primaryimage"},"thumbnailUrl":"https:\/\/hirhangya.hu\/wp-content\/uploads\/2026\/04\/7pfVfNiyDCbiGWB0s-P0JzCu.jpg","articleSection":["\u00c1ltal\u00e1nos"],"inLanguage":"hu","potentialAction":[{"@type":"CommentAction","name":"Comment","target":["https:\/\/hirhangya.hu\/index.php\/2026\/04\/08\/harom-eve-nem-latott-novekedest-hozott-a-februar-a-benzinkutakon\/#respond"]}]},{"@type":"WebPage","@id":"https:\/\/hirhangya.hu\/index.php\/2026\/04\/08\/harom-eve-nem-latott-novekedest-hozott-a-februar-a-benzinkutakon\/","url":"https:\/\/hirhangya.hu\/index.php\/2026\/04\/08\/harom-eve-nem-latott-novekedest-hozott-a-februar-a-benzinkutakon\/","name":"H\u00e1rom \u00e9ve nem l\u00e1tott n\u00f6veked\u00e9st hozott a febru\u00e1r a benzinkutakon - H\u00edrhangya","isPartOf":{"@id":"https:\/\/hirhangya.hu\/#website"},"primaryImageOfPage":{"@id":"https:\/\/hirhangya.hu\/index.php\/2026\/04\/08\/harom-eve-nem-latott-novekedest-hozott-a-februar-a-benzinkutakon\/#primaryimage"},"image":{"@id":"https:\/\/hirhangya.hu\/index.php\/2026\/04\/08\/harom-eve-nem-latott-novekedest-hozott-a-februar-a-benzinkutakon\/#primaryimage"},"thumbnailUrl":"https:\/\/hirhangya.hu\/wp-content\/uploads\/2026\/04\/7pfVfNiyDCbiGWB0s-P0JzCu.jpg","datePublished":"2026-04-08T09:11:15+00:00","breadcrumb":{"@id":"https:\/\/hirhangya.hu\/index.php\/2026\/04\/08\/harom-eve-nem-latott-novekedest-hozott-a-februar-a-benzinkutakon\/#breadcrumb"},"inLanguage":"hu","potentialAction":[{"@type":"ReadAction","target":["https:\/\/hirhangya.hu\/index.php\/2026\/04\/08\/harom-eve-nem-latott-novekedest-hozott-a-februar-a-benzinkutakon\/"]}]},{"@type":"ImageObject","inLanguage":"hu","@id":"https:\/\/hirhangya.hu\/index.php\/2026\/04\/08\/harom-eve-nem-latott-novekedest-hozott-a-februar-a-benzinkutakon\/#primaryimage","url":"https:\/\/hirhangya.hu\/wp-content\/uploads\/2026\/04\/7pfVfNiyDCbiGWB0s-P0JzCu.jpg","contentUrl":"https:\/\/hirhangya.hu\/wp-content\/uploads\/2026\/04\/7pfVfNiyDCbiGWB0s-P0JzCu.jpg","width":1024,"height":682},{"@type":"BreadcrumbList","@id":"https:\/\/hirhangya.hu\/index.php\/2026\/04\/08\/harom-eve-nem-latott-novekedest-hozott-a-februar-a-benzinkutakon\/#breadcrumb","itemListElement":[{"@type":"ListItem","position":1,"name":"Home","item":"https:\/\/hirhangya.hu\/"},{"@type":"ListItem","position":2,"name":"H\u00e1rom \u00e9ve nem l\u00e1tott n\u00f6veked\u00e9st hozott a febru\u00e1r a benzinkutakon"}]},{"@type":"WebSite","@id":"https:\/\/hirhangya.hu\/#website","url":"https:\/\/hirhangya.hu\/","name":"H\u00edrhangya","description":"Szorgalmasan \u00f6sszehordjuk a legfrissebb h\u00edreket","publisher":{"@id":"https:\/\/hirhangya.hu\/#organization"},"potentialAction":[{"@type":"SearchAction","target":{"@type":"EntryPoint","urlTemplate":"https:\/\/hirhangya.hu\/?s={search_term_string}"},"query-input":{"@type":"PropertyValueSpecification","valueRequired":true,"valueName":"search_term_string"}}],"inLanguage":"hu"},{"@type":"Organization","@id":"https:\/\/hirhangya.hu\/#organization","name":"H\u00edrhangya","url":"https:\/\/hirhangya.hu\/","logo":{"@type":"ImageObject","inLanguage":"hu","@id":"https:\/\/hirhangya.hu\/#\/schema\/logo\/image\/","url":"https:\/\/hirhangya.hu\/wp-content\/uploads\/2025\/06\/cropped-cropped-hirhangya-logo-szoveges-scaled-1-e1750064323596.jpg","contentUrl":"https:\/\/hirhangya.hu\/wp-content\/uploads\/2025\/06\/cropped-cropped-hirhangya-logo-szoveges-scaled-1-e1750064323596.jpg","width":350,"height":100,"caption":"H\u00edrhangya"},"image":{"@id":"https:\/\/hirhangya.hu\/#\/schema\/logo\/image\/"}},{"@type":"Person","@id":"https:\/\/hirhangya.hu\/#\/schema\/person\/ad1b32f6cde48eb8bc14fa7efd4d70b5","name":"Nemes Gabor","image":{"@type":"ImageObject","inLanguage":"hu","@id":"https:\/\/hirhangya.hu\/#\/schema\/person\/image\/","url":"https:\/\/secure.gravatar.com\/avatar\/92c2a9c67399a3a1c5444228b3ae3f850f3218d7c18ff5ed44a84130d5b474f3?s=96&d=mm&r=g","contentUrl":"https:\/\/secure.gravatar.com\/avatar\/92c2a9c67399a3a1c5444228b3ae3f850f3218d7c18ff5ed44a84130d5b474f3?s=96&d=mm&r=g","caption":"Nemes Gabor"},"url":"https:\/\/hirhangya.hu\/index.php\/author\/hex324\/"}]}},"_links":{"self":[{"href":"https:\/\/hirhangya.hu\/index.php\/wp-json\/wp\/v2\/posts\/87439","targetHints":{"allow":["GET"]}}],"collection":[{"href":"https:\/\/hirhangya.hu\/index.php\/wp-json\/wp\/v2\/posts"}],"about":[{"href":"https:\/\/hirhangya.hu\/index.php\/wp-json\/wp\/v2\/types\/post"}],"author":[{"embeddable":true,"href":"https:\/\/hirhangya.hu\/index.php\/wp-json\/wp\/v2\/users\/2"}],"replies":[{"embeddable":true,"href":"https:\/\/hirhangya.hu\/index.php\/wp-json\/wp\/v2\/comments?post=87439"}],"version-history":[{"count":0,"href":"https:\/\/hirhangya.hu\/index.php\/wp-json\/wp\/v2\/posts\/87439\/revisions"}],"wp:featuredmedia":[{"embeddable":true,"href":"https:\/\/hirhangya.hu\/index.php\/wp-json\/wp\/v2\/media\/87440"}],"wp:attachment":[{"href":"https:\/\/hirhangya.hu\/index.php\/wp-json\/wp\/v2\/media?parent=87439"}],"wp:term":[{"taxonomy":"category","embeddable":true,"href":"https:\/\/hirhangya.hu\/index.php\/wp-json\/wp\/v2\/categories?post=87439"},{"taxonomy":"post_tag","embeddable":true,"href":"https:\/\/hirhangya.hu\/index.php\/wp-json\/wp\/v2\/tags?post=87439"}],"curies":[{"name":"wp","href":"https:\/\/api.w.org\/{rel}","templated":true}]}}