{"id":87441,"date":"2026-04-08T09:11:36","date_gmt":"2026-04-08T09:11:36","guid":{"rendered":"https:\/\/hirhangya.hu\/index.php\/2026\/04\/08\/penzmosas-miatt-nyomoz-a-nav-az-ukran-penzszallito-ugyeben\/"},"modified":"2026-04-08T09:11:36","modified_gmt":"2026-04-08T09:11:36","slug":"penzmosas-miatt-nyomoz-a-nav-az-ukran-penzszallito-ugyeben","status":"publish","type":"post","link":"https:\/\/hirhangya.hu\/index.php\/2026\/04\/08\/penzmosas-miatt-nyomoz-a-nav-az-ukran-penzszallito-ugyeben\/","title":{"rendered":"P\u00e9nzmos\u00e1s miatt nyomoz a NAV az ukr\u00e1n p\u00e9nzsz\u00e1ll\u00edt\u00f3 \u00fcgy\u00e9ben"},"content":{"rendered":"<p>Az ukr\u00e1n m\u00e1rciusban lefoglalt p\u00e9nzsz\u00e1ll\u00edt\u00f3 \u00fcgye rendk\u00edv\u00fcl zavaros: Lacz\u00f3 Adrienn, az ukr\u00e1n Oschadbankot \u00e9s a kitiltott ukr\u00e1n \u00e1llampolg\u00e1rokat k\u00e9pvisel\u0151 \u00fcgyv\u00e9d a 444-nek azt mondta, hogy b\u00e1r felmer\u00fclt a p\u00e9nzmos\u00e1s gyan\u00faja, az k\u00e9s\u0151bb \u201eelhalt\u201d, \u00e9s nem tud arr\u00f3l, hogy p\u00e9nzmos\u00e1s miatt nyomozn\u00e1nak.<\/p>\n<p>Szerinte nem sz\u00fcletett lefoglal\u00e1si hat\u00e1rozat a sz\u00e1ll\u00edtm\u00e1nyra, pedig p\u00e9nzmos\u00e1s eset\u00e9n erre lenne lehet\u0151s\u00e9g, \u00e9s az t\u00f6rv\u00e9nyes lenne; az elfogott p\u00e9nzsz\u00e1ll\u00edt\u00f3kat gyan\u00fas\u00edt\u00e1s n\u00e9lk\u00fcl elengedt\u00e9k. \u00c1ll\u00edt\u00e1sa szerint jogszer\u0171, minden sz\u00fcks\u00e9ges pap\u00edrral \u00e9s dokumentummal rendelkez\u0151 sz\u00e1ll\u00edtm\u00e1nyr\u00f3l volt sz\u00f3, amely a Raiffeisen Bankb\u00f3l indult.<\/p>\n<p>Szerd\u00e1n a Nemzeti Ad\u00f3- \u00e9s V\u00e1mhivatal (NAV) k\u00f6zlem\u00e9nyben k\u00f6z\u00f6lte, hogy p\u00e9nzmos\u00e1s gyan\u00faj\u00e1val b\u00fcntet\u0151elj\u00e1r\u00e1st folytatnak. A NAV szerint a sz\u00e1ll\u00edtm\u00e1ny tartalm\u00e1t jegyz\u0151k\u00f6nyvbe vett\u00e9k, a sz\u00e1ll\u00edt\u00e1sban r\u00e9szt vev\u0151 szem\u00e9lyeket tan\u00fak\u00e9nt meghallgatt\u00e1k, \u00e9s t\u00f6bb forr\u00e1sb\u00f3l gy\u0171jt\u00f6ttek inform\u00e1ci\u00f3kat.<\/p>\n<p>Meg\u00e1llap\u00edtott\u00e1k, hogy a p\u00e9nzsz\u00e1ll\u00edt\u00f3 aut\u00f3kban kiz\u00e1r\u00f3lag frissen nyomtatott bankjegyek (eur\u00f3 \u00e9s doll\u00e1r) voltak, amelyek kor\u00e1bban nem ker\u00fcltek forgalomba; az eur\u00f3t az olasz jegybank nyomtatta. A sz\u00e1ll\u00edt\u00e1sok h\u00e1tter\u00e9ben az ukr\u00e1n Oschadbank mellett egy lengyel \u00e9s egy gibralt\u00e1ri bank is fellelhet\u0151, ez\u00e9rt a NAV eur\u00f3pai nyomoz\u00e1si hat\u00e1rozat kibocs\u00e1t\u00e1s\u00e1t k\u00e9rte az \u00fcgy\u00e9szs\u00e9gt\u0151l Ausztria \u00e9s Lengyelorsz\u00e1g fel\u00e9.<\/p>\n<p>A NAV hivatalos csatorn\u00e1j\u00e1n emellett k\u00f6zz\u00e9tettek egy r\u00f6vid vide\u00f3t, amelyen \u00e1ll\u00edt\u00e1suk szerint az l\u00e1that\u00f3, hogy az Ukr\u00e1n Biztons\u00e1gi Szolg\u00e1lat kor\u00e1bbi vez\u00e9r\u0151rnagya mag\u00e1r\u00f3l vide\u00f3t k\u00e9sz\u00edttet, mik\u00f6zben \u201edokumentumokat hamis\u00edt, t\u00e1rsai pedig korrupci\u00f3s p\u00e9nzr\u0151l besz\u00e9lnek\u201d..<\/p>\n<p>Eredeti cikk: <a href=\"https:\/\/444.hu\/2026\/04\/08\/penzmosas-miatt-nyomoz-a-nav-az-ukran-penzszallito-ugyeben?utm_source=rss_feed&amp;utm_medium=rss&amp;utm_campaign=rss_syndication\" target=\"_blank\" class=\"feedzy-rss-link-icon\">elolvasom<\/a><\/p>\n","protected":false},"excerpt":{"rendered":"<p>Az ukr\u00e1n m\u00e1rciusban lefoglalt p\u00e9nzsz\u00e1ll\u00edt\u00f3 \u00fcgye rendk\u00edv\u00fcl zavaros: Lacz\u00f3 Adrienn, az ukr\u00e1n Oschadbankot \u00e9s a kitiltott ukr\u00e1n \u00e1llampolg\u00e1rokat k\u00e9pvisel\u0151 \u00fcgyv\u00e9d a 444-nek azt mondta, hogy b\u00e1r felmer\u00fclt a p\u00e9nzmos\u00e1s gyan\u00faja, az k\u00e9s\u0151bb \u201eelhalt\u201d, \u00e9s nem tud arr\u00f3l, hogy p\u00e9nzmos\u00e1s miatt nyomozn\u00e1nak. Szerinte nem sz\u00fcletett lefoglal\u00e1si hat\u00e1rozat a sz\u00e1ll\u00edtm\u00e1nyra, pedig p\u00e9nzmos\u00e1s eset\u00e9n erre lenne lehet\u0151s\u00e9g, \u00e9s [&hellip;]<\/p>\n","protected":false},"author":2,"featured_media":87442,"comment_status":"open","ping_status":"open","sticky":false,"template":"","format":"standard","meta":{"footnotes":""},"categories":[147],"tags":[],"class_list":["post-87441","post","type-post","status-publish","format-standard","has-post-thumbnail","hentry","category-altalanos"],"yoast_head":"<!-- This site is optimized with the Yoast SEO Premium plugin v26.2 (Yoast SEO v26.3) - https:\/\/yoast.com\/wordpress\/plugins\/seo\/ -->\n<title>P\u00e9nzmos\u00e1s miatt nyomoz a NAV az ukr\u00e1n p\u00e9nzsz\u00e1ll\u00edt\u00f3 \u00fcgy\u00e9ben - H\u00edrhangya<\/title>\n<meta name=\"robots\" content=\"index, follow, max-snippet:-1, max-image-preview:large, max-video-preview:-1\" \/>\n<link rel=\"canonical\" href=\"https:\/\/hirhangya.hu\/index.php\/2026\/04\/08\/penzmosas-miatt-nyomoz-a-nav-az-ukran-penzszallito-ugyeben\/\" \/>\n<meta property=\"og:locale\" content=\"hu_HU\" \/>\n<meta property=\"og:type\" content=\"article\" \/>\n<meta property=\"og:title\" content=\"P\u00e9nzmos\u00e1s miatt nyomoz a NAV az ukr\u00e1n p\u00e9nzsz\u00e1ll\u00edt\u00f3 \u00fcgy\u00e9ben\" \/>\n<meta property=\"og:description\" content=\"Az ukr\u00e1n m\u00e1rciusban lefoglalt p\u00e9nzsz\u00e1ll\u00edt\u00f3 \u00fcgye rendk\u00edv\u00fcl zavaros: Lacz\u00f3 Adrienn, az ukr\u00e1n Oschadbankot \u00e9s a kitiltott ukr\u00e1n \u00e1llampolg\u00e1rokat k\u00e9pvisel\u0151 \u00fcgyv\u00e9d a 444-nek azt mondta, hogy b\u00e1r felmer\u00fclt a p\u00e9nzmos\u00e1s gyan\u00faja, az k\u00e9s\u0151bb \u201eelhalt\u201d, \u00e9s nem tud arr\u00f3l, hogy p\u00e9nzmos\u00e1s miatt nyomozn\u00e1nak. Szerinte nem sz\u00fcletett lefoglal\u00e1si hat\u00e1rozat a sz\u00e1ll\u00edtm\u00e1nyra, pedig p\u00e9nzmos\u00e1s eset\u00e9n erre lenne lehet\u0151s\u00e9g, \u00e9s [&hellip;]\" \/>\n<meta property=\"og:url\" content=\"https:\/\/hirhangya.hu\/index.php\/2026\/04\/08\/penzmosas-miatt-nyomoz-a-nav-az-ukran-penzszallito-ugyeben\/\" \/>\n<meta property=\"og:site_name\" content=\"H\u00edrhangya\" \/>\n<meta property=\"article:published_time\" content=\"2026-04-08T09:11:36+00:00\" \/>\n<meta name=\"author\" content=\"Nemes Gabor\" \/>\n<meta name=\"twitter:card\" content=\"summary_large_image\" \/>\n<meta name=\"twitter:label1\" content=\"Szerz\u0151:\" \/>\n\t<meta name=\"twitter:data1\" content=\"Nemes Gabor\" \/>\n\t<meta name=\"twitter:label2\" content=\"Becs\u00fclt olvas\u00e1si id\u0151\" \/>\n\t<meta name=\"twitter:data2\" content=\"2 perc\" \/>\n<script type=\"application\/ld+json\" class=\"yoast-schema-graph\">{\"@context\":\"https:\/\/schema.org\",\"@graph\":[{\"@type\":\"Article\",\"@id\":\"https:\/\/hirhangya.hu\/index.php\/2026\/04\/08\/penzmosas-miatt-nyomoz-a-nav-az-ukran-penzszallito-ugyeben\/#article\",\"isPartOf\":{\"@id\":\"https:\/\/hirhangya.hu\/index.php\/2026\/04\/08\/penzmosas-miatt-nyomoz-a-nav-az-ukran-penzszallito-ugyeben\/\"},\"author\":{\"name\":\"Nemes Gabor\",\"@id\":\"https:\/\/hirhangya.hu\/#\/schema\/person\/ad1b32f6cde48eb8bc14fa7efd4d70b5\"},\"headline\":\"P\u00e9nzmos\u00e1s miatt nyomoz a NAV az ukr\u00e1n p\u00e9nzsz\u00e1ll\u00edt\u00f3 \u00fcgy\u00e9ben\",\"datePublished\":\"2026-04-08T09:11:36+00:00\",\"mainEntityOfPage\":{\"@id\":\"https:\/\/hirhangya.hu\/index.php\/2026\/04\/08\/penzmosas-miatt-nyomoz-a-nav-az-ukran-penzszallito-ugyeben\/\"},\"wordCount\":371,\"commentCount\":0,\"publisher\":{\"@id\":\"https:\/\/hirhangya.hu\/#organization\"},\"image\":{\"@id\":\"https:\/\/hirhangya.hu\/index.php\/2026\/04\/08\/penzmosas-miatt-nyomoz-a-nav-az-ukran-penzszallito-ugyeben\/#primaryimage\"},\"thumbnailUrl\":\"https:\/\/hirhangya.hu\/wp-content\/uploads\/2026\/04\/8JWFbxliog20ocO0s-K9oaOa.png\",\"articleSection\":[\"\u00c1ltal\u00e1nos\"],\"inLanguage\":\"hu\",\"potentialAction\":[{\"@type\":\"CommentAction\",\"name\":\"Comment\",\"target\":[\"https:\/\/hirhangya.hu\/index.php\/2026\/04\/08\/penzmosas-miatt-nyomoz-a-nav-az-ukran-penzszallito-ugyeben\/#respond\"]}]},{\"@type\":\"WebPage\",\"@id\":\"https:\/\/hirhangya.hu\/index.php\/2026\/04\/08\/penzmosas-miatt-nyomoz-a-nav-az-ukran-penzszallito-ugyeben\/\",\"url\":\"https:\/\/hirhangya.hu\/index.php\/2026\/04\/08\/penzmosas-miatt-nyomoz-a-nav-az-ukran-penzszallito-ugyeben\/\",\"name\":\"P\u00e9nzmos\u00e1s miatt nyomoz a NAV az ukr\u00e1n p\u00e9nzsz\u00e1ll\u00edt\u00f3 \u00fcgy\u00e9ben - H\u00edrhangya\",\"isPartOf\":{\"@id\":\"https:\/\/hirhangya.hu\/#website\"},\"primaryImageOfPage\":{\"@id\":\"https:\/\/hirhangya.hu\/index.php\/2026\/04\/08\/penzmosas-miatt-nyomoz-a-nav-az-ukran-penzszallito-ugyeben\/#primaryimage\"},\"image\":{\"@id\":\"https:\/\/hirhangya.hu\/index.php\/2026\/04\/08\/penzmosas-miatt-nyomoz-a-nav-az-ukran-penzszallito-ugyeben\/#primaryimage\"},\"thumbnailUrl\":\"https:\/\/hirhangya.hu\/wp-content\/uploads\/2026\/04\/8JWFbxliog20ocO0s-K9oaOa.png\",\"datePublished\":\"2026-04-08T09:11:36+00:00\",\"breadcrumb\":{\"@id\":\"https:\/\/hirhangya.hu\/index.php\/2026\/04\/08\/penzmosas-miatt-nyomoz-a-nav-az-ukran-penzszallito-ugyeben\/#breadcrumb\"},\"inLanguage\":\"hu\",\"potentialAction\":[{\"@type\":\"ReadAction\",\"target\":[\"https:\/\/hirhangya.hu\/index.php\/2026\/04\/08\/penzmosas-miatt-nyomoz-a-nav-az-ukran-penzszallito-ugyeben\/\"]}]},{\"@type\":\"ImageObject\",\"inLanguage\":\"hu\",\"@id\":\"https:\/\/hirhangya.hu\/index.php\/2026\/04\/08\/penzmosas-miatt-nyomoz-a-nav-az-ukran-penzszallito-ugyeben\/#primaryimage\",\"url\":\"https:\/\/hirhangya.hu\/wp-content\/uploads\/2026\/04\/8JWFbxliog20ocO0s-K9oaOa.png\",\"contentUrl\":\"https:\/\/hirhangya.hu\/wp-content\/uploads\/2026\/04\/8JWFbxliog20ocO0s-K9oaOa.png\",\"width\":2000,\"height\":948},{\"@type\":\"BreadcrumbList\",\"@id\":\"https:\/\/hirhangya.hu\/index.php\/2026\/04\/08\/penzmosas-miatt-nyomoz-a-nav-az-ukran-penzszallito-ugyeben\/#breadcrumb\",\"itemListElement\":[{\"@type\":\"ListItem\",\"position\":1,\"name\":\"Home\",\"item\":\"https:\/\/hirhangya.hu\/\"},{\"@type\":\"ListItem\",\"position\":2,\"name\":\"P\u00e9nzmos\u00e1s miatt nyomoz a NAV az ukr\u00e1n p\u00e9nzsz\u00e1ll\u00edt\u00f3 \u00fcgy\u00e9ben\"}]},{\"@type\":\"WebSite\",\"@id\":\"https:\/\/hirhangya.hu\/#website\",\"url\":\"https:\/\/hirhangya.hu\/\",\"name\":\"H\u00edrhangya\",\"description\":\"Szorgalmasan \u00f6sszehordjuk a legfrissebb h\u00edreket\",\"publisher\":{\"@id\":\"https:\/\/hirhangya.hu\/#organization\"},\"potentialAction\":[{\"@type\":\"SearchAction\",\"target\":{\"@type\":\"EntryPoint\",\"urlTemplate\":\"https:\/\/hirhangya.hu\/?s={search_term_string}\"},\"query-input\":{\"@type\":\"PropertyValueSpecification\",\"valueRequired\":true,\"valueName\":\"search_term_string\"}}],\"inLanguage\":\"hu\"},{\"@type\":\"Organization\",\"@id\":\"https:\/\/hirhangya.hu\/#organization\",\"name\":\"H\u00edrhangya\",\"url\":\"https:\/\/hirhangya.hu\/\",\"logo\":{\"@type\":\"ImageObject\",\"inLanguage\":\"hu\",\"@id\":\"https:\/\/hirhangya.hu\/#\/schema\/logo\/image\/\",\"url\":\"https:\/\/hirhangya.hu\/wp-content\/uploads\/2025\/06\/cropped-cropped-hirhangya-logo-szoveges-scaled-1-e1750064323596.jpg\",\"contentUrl\":\"https:\/\/hirhangya.hu\/wp-content\/uploads\/2025\/06\/cropped-cropped-hirhangya-logo-szoveges-scaled-1-e1750064323596.jpg\",\"width\":350,\"height\":100,\"caption\":\"H\u00edrhangya\"},\"image\":{\"@id\":\"https:\/\/hirhangya.hu\/#\/schema\/logo\/image\/\"}},{\"@type\":\"Person\",\"@id\":\"https:\/\/hirhangya.hu\/#\/schema\/person\/ad1b32f6cde48eb8bc14fa7efd4d70b5\",\"name\":\"Nemes Gabor\",\"image\":{\"@type\":\"ImageObject\",\"inLanguage\":\"hu\",\"@id\":\"https:\/\/hirhangya.hu\/#\/schema\/person\/image\/\",\"url\":\"https:\/\/secure.gravatar.com\/avatar\/92c2a9c67399a3a1c5444228b3ae3f850f3218d7c18ff5ed44a84130d5b474f3?s=96&d=mm&r=g\",\"contentUrl\":\"https:\/\/secure.gravatar.com\/avatar\/92c2a9c67399a3a1c5444228b3ae3f850f3218d7c18ff5ed44a84130d5b474f3?s=96&d=mm&r=g\",\"caption\":\"Nemes Gabor\"},\"url\":\"https:\/\/hirhangya.hu\/index.php\/author\/hex324\/\"}]}<\/script>\n<!-- \/ Yoast SEO Premium plugin. -->","yoast_head_json":{"title":"P\u00e9nzmos\u00e1s miatt nyomoz a NAV az ukr\u00e1n p\u00e9nzsz\u00e1ll\u00edt\u00f3 \u00fcgy\u00e9ben - H\u00edrhangya","robots":{"index":"index","follow":"follow","max-snippet":"max-snippet:-1","max-image-preview":"max-image-preview:large","max-video-preview":"max-video-preview:-1"},"canonical":"https:\/\/hirhangya.hu\/index.php\/2026\/04\/08\/penzmosas-miatt-nyomoz-a-nav-az-ukran-penzszallito-ugyeben\/","og_locale":"hu_HU","og_type":"article","og_title":"P\u00e9nzmos\u00e1s miatt nyomoz a NAV az ukr\u00e1n p\u00e9nzsz\u00e1ll\u00edt\u00f3 \u00fcgy\u00e9ben","og_description":"Az ukr\u00e1n m\u00e1rciusban lefoglalt p\u00e9nzsz\u00e1ll\u00edt\u00f3 \u00fcgye rendk\u00edv\u00fcl zavaros: Lacz\u00f3 Adrienn, az ukr\u00e1n Oschadbankot \u00e9s a kitiltott ukr\u00e1n \u00e1llampolg\u00e1rokat k\u00e9pvisel\u0151 \u00fcgyv\u00e9d a 444-nek azt mondta, hogy b\u00e1r felmer\u00fclt a p\u00e9nzmos\u00e1s gyan\u00faja, az k\u00e9s\u0151bb \u201eelhalt\u201d, \u00e9s nem tud arr\u00f3l, hogy p\u00e9nzmos\u00e1s miatt nyomozn\u00e1nak. Szerinte nem sz\u00fcletett lefoglal\u00e1si hat\u00e1rozat a sz\u00e1ll\u00edtm\u00e1nyra, pedig p\u00e9nzmos\u00e1s eset\u00e9n erre lenne lehet\u0151s\u00e9g, \u00e9s [&hellip;]","og_url":"https:\/\/hirhangya.hu\/index.php\/2026\/04\/08\/penzmosas-miatt-nyomoz-a-nav-az-ukran-penzszallito-ugyeben\/","og_site_name":"H\u00edrhangya","article_published_time":"2026-04-08T09:11:36+00:00","author":"Nemes Gabor","twitter_card":"summary_large_image","twitter_misc":{"Szerz\u0151:":"Nemes Gabor","Becs\u00fclt olvas\u00e1si id\u0151":"2 perc"},"schema":{"@context":"https:\/\/schema.org","@graph":[{"@type":"Article","@id":"https:\/\/hirhangya.hu\/index.php\/2026\/04\/08\/penzmosas-miatt-nyomoz-a-nav-az-ukran-penzszallito-ugyeben\/#article","isPartOf":{"@id":"https:\/\/hirhangya.hu\/index.php\/2026\/04\/08\/penzmosas-miatt-nyomoz-a-nav-az-ukran-penzszallito-ugyeben\/"},"author":{"name":"Nemes Gabor","@id":"https:\/\/hirhangya.hu\/#\/schema\/person\/ad1b32f6cde48eb8bc14fa7efd4d70b5"},"headline":"P\u00e9nzmos\u00e1s miatt nyomoz a NAV az ukr\u00e1n p\u00e9nzsz\u00e1ll\u00edt\u00f3 \u00fcgy\u00e9ben","datePublished":"2026-04-08T09:11:36+00:00","mainEntityOfPage":{"@id":"https:\/\/hirhangya.hu\/index.php\/2026\/04\/08\/penzmosas-miatt-nyomoz-a-nav-az-ukran-penzszallito-ugyeben\/"},"wordCount":371,"commentCount":0,"publisher":{"@id":"https:\/\/hirhangya.hu\/#organization"},"image":{"@id":"https:\/\/hirhangya.hu\/index.php\/2026\/04\/08\/penzmosas-miatt-nyomoz-a-nav-az-ukran-penzszallito-ugyeben\/#primaryimage"},"thumbnailUrl":"https:\/\/hirhangya.hu\/wp-content\/uploads\/2026\/04\/8JWFbxliog20ocO0s-K9oaOa.png","articleSection":["\u00c1ltal\u00e1nos"],"inLanguage":"hu","potentialAction":[{"@type":"CommentAction","name":"Comment","target":["https:\/\/hirhangya.hu\/index.php\/2026\/04\/08\/penzmosas-miatt-nyomoz-a-nav-az-ukran-penzszallito-ugyeben\/#respond"]}]},{"@type":"WebPage","@id":"https:\/\/hirhangya.hu\/index.php\/2026\/04\/08\/penzmosas-miatt-nyomoz-a-nav-az-ukran-penzszallito-ugyeben\/","url":"https:\/\/hirhangya.hu\/index.php\/2026\/04\/08\/penzmosas-miatt-nyomoz-a-nav-az-ukran-penzszallito-ugyeben\/","name":"P\u00e9nzmos\u00e1s miatt nyomoz a NAV az ukr\u00e1n p\u00e9nzsz\u00e1ll\u00edt\u00f3 \u00fcgy\u00e9ben - H\u00edrhangya","isPartOf":{"@id":"https:\/\/hirhangya.hu\/#website"},"primaryImageOfPage":{"@id":"https:\/\/hirhangya.hu\/index.php\/2026\/04\/08\/penzmosas-miatt-nyomoz-a-nav-az-ukran-penzszallito-ugyeben\/#primaryimage"},"image":{"@id":"https:\/\/hirhangya.hu\/index.php\/2026\/04\/08\/penzmosas-miatt-nyomoz-a-nav-az-ukran-penzszallito-ugyeben\/#primaryimage"},"thumbnailUrl":"https:\/\/hirhangya.hu\/wp-content\/uploads\/2026\/04\/8JWFbxliog20ocO0s-K9oaOa.png","datePublished":"2026-04-08T09:11:36+00:00","breadcrumb":{"@id":"https:\/\/hirhangya.hu\/index.php\/2026\/04\/08\/penzmosas-miatt-nyomoz-a-nav-az-ukran-penzszallito-ugyeben\/#breadcrumb"},"inLanguage":"hu","potentialAction":[{"@type":"ReadAction","target":["https:\/\/hirhangya.hu\/index.php\/2026\/04\/08\/penzmosas-miatt-nyomoz-a-nav-az-ukran-penzszallito-ugyeben\/"]}]},{"@type":"ImageObject","inLanguage":"hu","@id":"https:\/\/hirhangya.hu\/index.php\/2026\/04\/08\/penzmosas-miatt-nyomoz-a-nav-az-ukran-penzszallito-ugyeben\/#primaryimage","url":"https:\/\/hirhangya.hu\/wp-content\/uploads\/2026\/04\/8JWFbxliog20ocO0s-K9oaOa.png","contentUrl":"https:\/\/hirhangya.hu\/wp-content\/uploads\/2026\/04\/8JWFbxliog20ocO0s-K9oaOa.png","width":2000,"height":948},{"@type":"BreadcrumbList","@id":"https:\/\/hirhangya.hu\/index.php\/2026\/04\/08\/penzmosas-miatt-nyomoz-a-nav-az-ukran-penzszallito-ugyeben\/#breadcrumb","itemListElement":[{"@type":"ListItem","position":1,"name":"Home","item":"https:\/\/hirhangya.hu\/"},{"@type":"ListItem","position":2,"name":"P\u00e9nzmos\u00e1s miatt nyomoz a NAV az ukr\u00e1n p\u00e9nzsz\u00e1ll\u00edt\u00f3 \u00fcgy\u00e9ben"}]},{"@type":"WebSite","@id":"https:\/\/hirhangya.hu\/#website","url":"https:\/\/hirhangya.hu\/","name":"H\u00edrhangya","description":"Szorgalmasan \u00f6sszehordjuk a legfrissebb h\u00edreket","publisher":{"@id":"https:\/\/hirhangya.hu\/#organization"},"potentialAction":[{"@type":"SearchAction","target":{"@type":"EntryPoint","urlTemplate":"https:\/\/hirhangya.hu\/?s={search_term_string}"},"query-input":{"@type":"PropertyValueSpecification","valueRequired":true,"valueName":"search_term_string"}}],"inLanguage":"hu"},{"@type":"Organization","@id":"https:\/\/hirhangya.hu\/#organization","name":"H\u00edrhangya","url":"https:\/\/hirhangya.hu\/","logo":{"@type":"ImageObject","inLanguage":"hu","@id":"https:\/\/hirhangya.hu\/#\/schema\/logo\/image\/","url":"https:\/\/hirhangya.hu\/wp-content\/uploads\/2025\/06\/cropped-cropped-hirhangya-logo-szoveges-scaled-1-e1750064323596.jpg","contentUrl":"https:\/\/hirhangya.hu\/wp-content\/uploads\/2025\/06\/cropped-cropped-hirhangya-logo-szoveges-scaled-1-e1750064323596.jpg","width":350,"height":100,"caption":"H\u00edrhangya"},"image":{"@id":"https:\/\/hirhangya.hu\/#\/schema\/logo\/image\/"}},{"@type":"Person","@id":"https:\/\/hirhangya.hu\/#\/schema\/person\/ad1b32f6cde48eb8bc14fa7efd4d70b5","name":"Nemes Gabor","image":{"@type":"ImageObject","inLanguage":"hu","@id":"https:\/\/hirhangya.hu\/#\/schema\/person\/image\/","url":"https:\/\/secure.gravatar.com\/avatar\/92c2a9c67399a3a1c5444228b3ae3f850f3218d7c18ff5ed44a84130d5b474f3?s=96&d=mm&r=g","contentUrl":"https:\/\/secure.gravatar.com\/avatar\/92c2a9c67399a3a1c5444228b3ae3f850f3218d7c18ff5ed44a84130d5b474f3?s=96&d=mm&r=g","caption":"Nemes Gabor"},"url":"https:\/\/hirhangya.hu\/index.php\/author\/hex324\/"}]}},"_links":{"self":[{"href":"https:\/\/hirhangya.hu\/index.php\/wp-json\/wp\/v2\/posts\/87441","targetHints":{"allow":["GET"]}}],"collection":[{"href":"https:\/\/hirhangya.hu\/index.php\/wp-json\/wp\/v2\/posts"}],"about":[{"href":"https:\/\/hirhangya.hu\/index.php\/wp-json\/wp\/v2\/types\/post"}],"author":[{"embeddable":true,"href":"https:\/\/hirhangya.hu\/index.php\/wp-json\/wp\/v2\/users\/2"}],"replies":[{"embeddable":true,"href":"https:\/\/hirhangya.hu\/index.php\/wp-json\/wp\/v2\/comments?post=87441"}],"version-history":[{"count":0,"href":"https:\/\/hirhangya.hu\/index.php\/wp-json\/wp\/v2\/posts\/87441\/revisions"}],"wp:featuredmedia":[{"embeddable":true,"href":"https:\/\/hirhangya.hu\/index.php\/wp-json\/wp\/v2\/media\/87442"}],"wp:attachment":[{"href":"https:\/\/hirhangya.hu\/index.php\/wp-json\/wp\/v2\/media?parent=87441"}],"wp:term":[{"taxonomy":"category","embeddable":true,"href":"https:\/\/hirhangya.hu\/index.php\/wp-json\/wp\/v2\/categories?post=87441"},{"taxonomy":"post_tag","embeddable":true,"href":"https:\/\/hirhangya.hu\/index.php\/wp-json\/wp\/v2\/tags?post=87441"}],"curies":[{"name":"wp","href":"https:\/\/api.w.org\/{rel}","templated":true}]}}