{"id":88996,"date":"2026-04-13T09:10:28","date_gmt":"2026-04-13T09:10:28","guid":{"rendered":"https:\/\/hirhangya.hu\/index.php\/2026\/04\/13\/orban-bukasanak-magyarorszagon-tulnyulo-kovetkezmenyei-lesznek-kulfoldi-lapok-a-valasztasrol\/"},"modified":"2026-04-13T09:10:28","modified_gmt":"2026-04-13T09:10:28","slug":"orban-bukasanak-magyarorszagon-tulnyulo-kovetkezmenyei-lesznek-kulfoldi-lapok-a-valasztasrol","status":"publish","type":"post","link":"https:\/\/hirhangya.hu\/index.php\/2026\/04\/13\/orban-bukasanak-magyarorszagon-tulnyulo-kovetkezmenyei-lesznek-kulfoldi-lapok-a-valasztasrol\/","title":{"rendered":"Orb\u00e1n buk\u00e1s\u00e1nak Magyarorsz\u00e1gon t\u00falny\u00fal\u00f3 k\u00f6vetkezm\u00e9nyei lesznek \u2013 k\u00fclf\u00f6ldi lapok a v\u00e1laszt\u00e1sr\u00f3l"},"content":{"rendered":"<p>C\u00edmoldalon foglalkoznak a vil\u00e1g vezet\u0151 lapjai a magyar v\u00e1laszt\u00e1si eredm\u00e9nnyel. A legt\u00f6bb nyugati lap helysz\u00edni tud\u00f3s\u00edt\u00e1sokat, \u00e9s politikai elemz\u00e9seket is k\u00f6z\u00f6l.PoliticoSem az \u00e1tszabott v\u00e1laszt\u00e1si rendszer, sem az amerikai t\u00e1mogat\u00e1s nem tudta megmenteni Orb\u00e1n Viktort a veres\u00e9gt\u0151l \u2013 \u00edrja a Politico. Az amerikai lap br\u00fcsszeli kiad\u00e1sa szerint a v\u00e1lasz\u00f3k belef\u00e1radtak Orb\u00e1n \u00e9s a Fidesz 16 \u00e9ves uralm\u00e1ba, melyet a haverok helyzetbe hoz\u00e1sa \u00e9s a korrupci\u00f3 jellemzett, \u00e9s ezek hozz\u00e1j\u00e1rultak ahhoz, hogy milyen rossz helyzetbe ker\u00fclt a gazdas\u00e1g.Orb\u00e1n nem tudott reag\u00e1lni a megv\u00e1ltozott k\u00f6zhangulatra, ragaszkodott ahhoz a kor\u00e1bbi v\u00e1laszt\u00e1sokon m\u00e1r bev\u00e1lt forgat\u00f3k\u00f6nyvh\u00f6z: \u0151 az egyetlen, aki k\u00e9pes megv\u00e9deni Magyarorsz\u00e1got a k\u00fcls\u0151 fenyeget\u00e9st\u0151l. A populista vezet\u0151 elvesztette kapcsolatot v\u00e1laszt\u00f3ival, \u00e9s nem ismerte fel, hogy a korrupci\u00f3, a roml\u00f3 infrastrukt\u00fara al\u00e1\u00e1ss\u00e1k hatalm\u00e1t.Magyar viszont kamp\u00e1nya sor\u00e1n v\u00e9gig a mindennapi meg\u00e9lhet\u00e9st \u00e9rint\u0151 k\u00e9rd\u00e9sekre koncentr\u00e1lt, t\u00e1madta a fideszes korrupci\u00f3t, \u00e9s r\u00e1mutatott arra, hogy Orb\u00e1n csal\u00e1dja \u00e9s bar\u00e1tai egyre gazdagabbak lettek, mik\u00f6zben az \u00e1tlagember elszeg\u00e9nyedett. A lap h\u00edrlevele arr\u00f3l is besz\u00e1mol, hogy Br\u00fcsszelben megk\u00f6nnyebb\u00fclten fogadt\u00e1k az eredm\u00e9nyt, mert Orb\u00e1n \u00e9vek \u00f3ta akad\u00e1lyozza a k\u00f6z\u00f6s d\u00f6nt\u00e9shozatalt, \u00e9s oroszbar\u00e1t k\u00fclpolitik\u00e1t vitt. A veres\u00e9g csap\u00e1s Donald Trumpnak \u00e9s Vlagyimir Putyinnak is, akik v\u00e9gig t\u00e1mogatt\u00e1k Orb\u00e1nt. The AtlanticMagyarorsz\u00e1g lev\u00e1ltotta a lev\u00e1lthatatlannak hitt vezet\u0151t c\u00edmmel sz\u00e1molt be a v\u00e1laszt\u00e1si eredm\u00e9nyr\u0151l az Atlantic. Az amerikai lap szerint Orb\u00e1n m\u00f6g\u00f6tt ott volt Moszkva \u00e9s Washington t\u00e1mogat\u00e1sa, de a saj\u00e1t n\u00e9pe nem \u00e1llt m\u00f6g\u00e9.Magyar k\u00e9tharmados gy\u0151zelme azt jelenti, lebonthatja az Orb\u00e1n \u00e1ltal ki\u00e9p\u00edtett illiber\u00e1lis \u00e1llam elemeit, melyek a magyar minisztereln\u00f6k\u00f6t a vil\u00e1g populista vezet\u0151inek p\u00e9ldak\u00e9p\u00e9v\u00e9 tett\u00e9k. Buk\u00e1s\u00e1val Orb\u00e1n egy \u201eritka politikai faj\u201d p\u00e9ld\u00e1ny\u00e1v\u00e1 v\u00e1lt: egy v\u00e1laszt\u00e1son megbuktatott autokrata.Felid\u00e9zik, hogy Orb\u00e1n 2010 \u00f3ta \u00e1t\u00edrta a v\u00e1laszt\u00e1si szab\u00e1lyokat, le\u00e9p\u00edtette a hatalm\u00e1t korl\u00e1toz\u00f3 ellens\u00falyokat, megfojtotta a civil t\u00e1rsadalmat, \u00e9s kiterjesztette hatalm\u00e1t a m\u00e9dia jelent\u0151s r\u00e9sz\u00e9re. Bar\u00e1tai \u00e9s csal\u00e1dja gazdagodtak a korrupci\u00f3s rendszeren, mik\u00f6zben a t\u00e1rsadalom elszeg\u00e9nyedett. Az Eur\u00f3pai Parlament Magyarorsz\u00e1got \u201ev\u00e1laszt\u00e1si autokr\u00e1ci\u00e1nak\u201d nevezi, teh\u00e1t vannak v\u00e1laszt\u00e1sok, de azok nem demokratikus felt\u00e9telek k\u00f6z\u00f6tt zajlik. Ez ugyan hat\u00e1ssal van a v\u00e1laszt\u00e1si eredm\u00e9nyekre, de a magyar szavaz\u00f3k bebizony\u00edtott\u00e1k, nem teszi lehetetlenn\u00e9 a gy\u0151zelmet. \u201eMa v\u00e1laszt\u00e1s buktatott meg egy olyan korm\u00e1nyt, amelynek el\u0151ny\u00e9t az Egyes\u00fclt \u00c1llamok \u00e9s Oroszorsz\u00e1g korm\u00e1nyainak t\u00e1mogat\u00e1sa is er\u0151s\u00edtette.\u201dA minisztereln\u00f6k veres\u00e9ge s\u00falyos csap\u00e1s Donald Trumpnak \u00e9s J. D. Vance-nek is, akik r\u00e9szben szint\u00e9n Orb\u00e1n korm\u00e1nyz\u00e1s\u00e1t vett\u00e9k mint\u00e1nak, ?<\/p>\n<p>Eredeti cikk: <a href=\"https:\/\/444.hu\/2026\/04\/13\/orban-bukasanak-magyarorszagon-tulnyulo-kovetkezmenyei-lesznek-kulfoldi-lapok-a-valasztasrol?utm_source=rss_feed&amp;utm_medium=rss&amp;utm_campaign=rss_syndication\" target=\"_blank\" class=\"feedzy-rss-link-icon\">elolvasom<\/a><\/p>\n","protected":false},"excerpt":{"rendered":"<p>C\u00edmoldalon foglalkoznak a vil\u00e1g vezet\u0151 lapjai a magyar v\u00e1laszt\u00e1si eredm\u00e9nnyel. A legt\u00f6bb nyugati lap helysz\u00edni tud\u00f3s\u00edt\u00e1sokat, \u00e9s politikai elemz\u00e9seket is k\u00f6z\u00f6l.PoliticoSem az \u00e1tszabott v\u00e1laszt\u00e1si rendszer, sem az amerikai t\u00e1mogat\u00e1s nem tudta megmenteni Orb\u00e1n Viktort a veres\u00e9gt\u0151l \u2013 \u00edrja a Politico. Az amerikai lap br\u00fcsszeli kiad\u00e1sa szerint a v\u00e1lasz\u00f3k belef\u00e1radtak Orb\u00e1n \u00e9s a Fidesz 16 \u00e9ves [&hellip;]<\/p>\n","protected":false},"author":2,"featured_media":88997,"comment_status":"open","ping_status":"open","sticky":false,"template":"","format":"standard","meta":{"footnotes":""},"categories":[147],"tags":[],"class_list":["post-88996","post","type-post","status-publish","format-standard","has-post-thumbnail","hentry","category-altalanos"],"yoast_head":"<!-- This site is optimized with the Yoast SEO Premium plugin v26.2 (Yoast SEO v26.3) - https:\/\/yoast.com\/wordpress\/plugins\/seo\/ -->\n<title>Orb\u00e1n buk\u00e1s\u00e1nak Magyarorsz\u00e1gon t\u00falny\u00fal\u00f3 k\u00f6vetkezm\u00e9nyei lesznek \u2013 k\u00fclf\u00f6ldi lapok a v\u00e1laszt\u00e1sr\u00f3l - H\u00edrhangya<\/title>\n<meta name=\"robots\" content=\"index, follow, max-snippet:-1, max-image-preview:large, max-video-preview:-1\" \/>\n<link rel=\"canonical\" href=\"https:\/\/hirhangya.hu\/index.php\/2026\/04\/13\/orban-bukasanak-magyarorszagon-tulnyulo-kovetkezmenyei-lesznek-kulfoldi-lapok-a-valasztasrol\/\" \/>\n<meta property=\"og:locale\" content=\"hu_HU\" \/>\n<meta property=\"og:type\" content=\"article\" \/>\n<meta property=\"og:title\" content=\"Orb\u00e1n buk\u00e1s\u00e1nak Magyarorsz\u00e1gon t\u00falny\u00fal\u00f3 k\u00f6vetkezm\u00e9nyei lesznek \u2013 k\u00fclf\u00f6ldi lapok a v\u00e1laszt\u00e1sr\u00f3l\" \/>\n<meta property=\"og:description\" content=\"C\u00edmoldalon foglalkoznak a vil\u00e1g vezet\u0151 lapjai a magyar v\u00e1laszt\u00e1si eredm\u00e9nnyel. A legt\u00f6bb nyugati lap helysz\u00edni tud\u00f3s\u00edt\u00e1sokat, \u00e9s politikai elemz\u00e9seket is k\u00f6z\u00f6l.PoliticoSem az \u00e1tszabott v\u00e1laszt\u00e1si rendszer, sem az amerikai t\u00e1mogat\u00e1s nem tudta megmenteni Orb\u00e1n Viktort a veres\u00e9gt\u0151l \u2013 \u00edrja a Politico. Az amerikai lap br\u00fcsszeli kiad\u00e1sa szerint a v\u00e1lasz\u00f3k belef\u00e1radtak Orb\u00e1n \u00e9s a Fidesz 16 \u00e9ves [&hellip;]\" \/>\n<meta property=\"og:url\" content=\"https:\/\/hirhangya.hu\/index.php\/2026\/04\/13\/orban-bukasanak-magyarorszagon-tulnyulo-kovetkezmenyei-lesznek-kulfoldi-lapok-a-valasztasrol\/\" \/>\n<meta property=\"og:site_name\" content=\"H\u00edrhangya\" \/>\n<meta property=\"article:published_time\" content=\"2026-04-13T09:10:28+00:00\" \/>\n<meta name=\"author\" content=\"Nemes Gabor\" \/>\n<meta name=\"twitter:card\" content=\"summary_large_image\" \/>\n<meta name=\"twitter:label1\" content=\"Szerz\u0151:\" \/>\n\t<meta name=\"twitter:data1\" content=\"Nemes Gabor\" \/>\n\t<meta name=\"twitter:label2\" content=\"Becs\u00fclt olvas\u00e1si id\u0151\" \/>\n\t<meta name=\"twitter:data2\" content=\"3 perc\" \/>\n<script type=\"application\/ld+json\" class=\"yoast-schema-graph\">{\"@context\":\"https:\/\/schema.org\",\"@graph\":[{\"@type\":\"Article\",\"@id\":\"https:\/\/hirhangya.hu\/index.php\/2026\/04\/13\/orban-bukasanak-magyarorszagon-tulnyulo-kovetkezmenyei-lesznek-kulfoldi-lapok-a-valasztasrol\/#article\",\"isPartOf\":{\"@id\":\"https:\/\/hirhangya.hu\/index.php\/2026\/04\/13\/orban-bukasanak-magyarorszagon-tulnyulo-kovetkezmenyei-lesznek-kulfoldi-lapok-a-valasztasrol\/\"},\"author\":{\"name\":\"Nemes Gabor\",\"@id\":\"https:\/\/hirhangya.hu\/#\/schema\/person\/ad1b32f6cde48eb8bc14fa7efd4d70b5\"},\"headline\":\"Orb\u00e1n buk\u00e1s\u00e1nak Magyarorsz\u00e1gon t\u00falny\u00fal\u00f3 k\u00f6vetkezm\u00e9nyei lesznek \u2013 k\u00fclf\u00f6ldi lapok a v\u00e1laszt\u00e1sr\u00f3l\",\"datePublished\":\"2026-04-13T09:10:28+00:00\",\"mainEntityOfPage\":{\"@id\":\"https:\/\/hirhangya.hu\/index.php\/2026\/04\/13\/orban-bukasanak-magyarorszagon-tulnyulo-kovetkezmenyei-lesznek-kulfoldi-lapok-a-valasztasrol\/\"},\"wordCount\":588,\"commentCount\":0,\"publisher\":{\"@id\":\"https:\/\/hirhangya.hu\/#organization\"},\"image\":{\"@id\":\"https:\/\/hirhangya.hu\/index.php\/2026\/04\/13\/orban-bukasanak-magyarorszagon-tulnyulo-kovetkezmenyei-lesznek-kulfoldi-lapok-a-valasztasrol\/#primaryimage\"},\"thumbnailUrl\":\"https:\/\/hirhangya.hu\/wp-content\/uploads\/2026\/04\/8KQL29nuFxh5mOWHs-AHdZJN.jpg\",\"articleSection\":[\"\u00c1ltal\u00e1nos\"],\"inLanguage\":\"hu\",\"potentialAction\":[{\"@type\":\"CommentAction\",\"name\":\"Comment\",\"target\":[\"https:\/\/hirhangya.hu\/index.php\/2026\/04\/13\/orban-bukasanak-magyarorszagon-tulnyulo-kovetkezmenyei-lesznek-kulfoldi-lapok-a-valasztasrol\/#respond\"]}]},{\"@type\":\"WebPage\",\"@id\":\"https:\/\/hirhangya.hu\/index.php\/2026\/04\/13\/orban-bukasanak-magyarorszagon-tulnyulo-kovetkezmenyei-lesznek-kulfoldi-lapok-a-valasztasrol\/\",\"url\":\"https:\/\/hirhangya.hu\/index.php\/2026\/04\/13\/orban-bukasanak-magyarorszagon-tulnyulo-kovetkezmenyei-lesznek-kulfoldi-lapok-a-valasztasrol\/\",\"name\":\"Orb\u00e1n buk\u00e1s\u00e1nak Magyarorsz\u00e1gon t\u00falny\u00fal\u00f3 k\u00f6vetkezm\u00e9nyei lesznek \u2013 k\u00fclf\u00f6ldi lapok a v\u00e1laszt\u00e1sr\u00f3l - H\u00edrhangya\",\"isPartOf\":{\"@id\":\"https:\/\/hirhangya.hu\/#website\"},\"primaryImageOfPage\":{\"@id\":\"https:\/\/hirhangya.hu\/index.php\/2026\/04\/13\/orban-bukasanak-magyarorszagon-tulnyulo-kovetkezmenyei-lesznek-kulfoldi-lapok-a-valasztasrol\/#primaryimage\"},\"image\":{\"@id\":\"https:\/\/hirhangya.hu\/index.php\/2026\/04\/13\/orban-bukasanak-magyarorszagon-tulnyulo-kovetkezmenyei-lesznek-kulfoldi-lapok-a-valasztasrol\/#primaryimage\"},\"thumbnailUrl\":\"https:\/\/hirhangya.hu\/wp-content\/uploads\/2026\/04\/8KQL29nuFxh5mOWHs-AHdZJN.jpg\",\"datePublished\":\"2026-04-13T09:10:28+00:00\",\"breadcrumb\":{\"@id\":\"https:\/\/hirhangya.hu\/index.php\/2026\/04\/13\/orban-bukasanak-magyarorszagon-tulnyulo-kovetkezmenyei-lesznek-kulfoldi-lapok-a-valasztasrol\/#breadcrumb\"},\"inLanguage\":\"hu\",\"potentialAction\":[{\"@type\":\"ReadAction\",\"target\":[\"https:\/\/hirhangya.hu\/index.php\/2026\/04\/13\/orban-bukasanak-magyarorszagon-tulnyulo-kovetkezmenyei-lesznek-kulfoldi-lapok-a-valasztasrol\/\"]}]},{\"@type\":\"ImageObject\",\"inLanguage\":\"hu\",\"@id\":\"https:\/\/hirhangya.hu\/index.php\/2026\/04\/13\/orban-bukasanak-magyarorszagon-tulnyulo-kovetkezmenyei-lesznek-kulfoldi-lapok-a-valasztasrol\/#primaryimage\",\"url\":\"https:\/\/hirhangya.hu\/wp-content\/uploads\/2026\/04\/8KQL29nuFxh5mOWHs-AHdZJN.jpg\",\"contentUrl\":\"https:\/\/hirhangya.hu\/wp-content\/uploads\/2026\/04\/8KQL29nuFxh5mOWHs-AHdZJN.jpg\",\"width\":2000,\"height\":1334},{\"@type\":\"BreadcrumbList\",\"@id\":\"https:\/\/hirhangya.hu\/index.php\/2026\/04\/13\/orban-bukasanak-magyarorszagon-tulnyulo-kovetkezmenyei-lesznek-kulfoldi-lapok-a-valasztasrol\/#breadcrumb\",\"itemListElement\":[{\"@type\":\"ListItem\",\"position\":1,\"name\":\"Home\",\"item\":\"https:\/\/hirhangya.hu\/\"},{\"@type\":\"ListItem\",\"position\":2,\"name\":\"Orb\u00e1n buk\u00e1s\u00e1nak Magyarorsz\u00e1gon t\u00falny\u00fal\u00f3 k\u00f6vetkezm\u00e9nyei lesznek \u2013 k\u00fclf\u00f6ldi lapok a v\u00e1laszt\u00e1sr\u00f3l\"}]},{\"@type\":\"WebSite\",\"@id\":\"https:\/\/hirhangya.hu\/#website\",\"url\":\"https:\/\/hirhangya.hu\/\",\"name\":\"H\u00edrhangya\",\"description\":\"Szorgalmasan \u00f6sszehordjuk a legfrissebb h\u00edreket\",\"publisher\":{\"@id\":\"https:\/\/hirhangya.hu\/#organization\"},\"potentialAction\":[{\"@type\":\"SearchAction\",\"target\":{\"@type\":\"EntryPoint\",\"urlTemplate\":\"https:\/\/hirhangya.hu\/?s={search_term_string}\"},\"query-input\":{\"@type\":\"PropertyValueSpecification\",\"valueRequired\":true,\"valueName\":\"search_term_string\"}}],\"inLanguage\":\"hu\"},{\"@type\":\"Organization\",\"@id\":\"https:\/\/hirhangya.hu\/#organization\",\"name\":\"H\u00edrhangya\",\"url\":\"https:\/\/hirhangya.hu\/\",\"logo\":{\"@type\":\"ImageObject\",\"inLanguage\":\"hu\",\"@id\":\"https:\/\/hirhangya.hu\/#\/schema\/logo\/image\/\",\"url\":\"https:\/\/hirhangya.hu\/wp-content\/uploads\/2025\/06\/cropped-cropped-hirhangya-logo-szoveges-scaled-1-e1750064323596.jpg\",\"contentUrl\":\"https:\/\/hirhangya.hu\/wp-content\/uploads\/2025\/06\/cropped-cropped-hirhangya-logo-szoveges-scaled-1-e1750064323596.jpg\",\"width\":350,\"height\":100,\"caption\":\"H\u00edrhangya\"},\"image\":{\"@id\":\"https:\/\/hirhangya.hu\/#\/schema\/logo\/image\/\"}},{\"@type\":\"Person\",\"@id\":\"https:\/\/hirhangya.hu\/#\/schema\/person\/ad1b32f6cde48eb8bc14fa7efd4d70b5\",\"name\":\"Nemes Gabor\",\"image\":{\"@type\":\"ImageObject\",\"inLanguage\":\"hu\",\"@id\":\"https:\/\/hirhangya.hu\/#\/schema\/person\/image\/\",\"url\":\"https:\/\/secure.gravatar.com\/avatar\/92c2a9c67399a3a1c5444228b3ae3f850f3218d7c18ff5ed44a84130d5b474f3?s=96&d=mm&r=g\",\"contentUrl\":\"https:\/\/secure.gravatar.com\/avatar\/92c2a9c67399a3a1c5444228b3ae3f850f3218d7c18ff5ed44a84130d5b474f3?s=96&d=mm&r=g\",\"caption\":\"Nemes Gabor\"},\"url\":\"https:\/\/hirhangya.hu\/index.php\/author\/hex324\/\"}]}<\/script>\n<!-- \/ Yoast SEO Premium plugin. -->","yoast_head_json":{"title":"Orb\u00e1n buk\u00e1s\u00e1nak Magyarorsz\u00e1gon t\u00falny\u00fal\u00f3 k\u00f6vetkezm\u00e9nyei lesznek \u2013 k\u00fclf\u00f6ldi lapok a v\u00e1laszt\u00e1sr\u00f3l - H\u00edrhangya","robots":{"index":"index","follow":"follow","max-snippet":"max-snippet:-1","max-image-preview":"max-image-preview:large","max-video-preview":"max-video-preview:-1"},"canonical":"https:\/\/hirhangya.hu\/index.php\/2026\/04\/13\/orban-bukasanak-magyarorszagon-tulnyulo-kovetkezmenyei-lesznek-kulfoldi-lapok-a-valasztasrol\/","og_locale":"hu_HU","og_type":"article","og_title":"Orb\u00e1n buk\u00e1s\u00e1nak Magyarorsz\u00e1gon t\u00falny\u00fal\u00f3 k\u00f6vetkezm\u00e9nyei lesznek \u2013 k\u00fclf\u00f6ldi lapok a v\u00e1laszt\u00e1sr\u00f3l","og_description":"C\u00edmoldalon foglalkoznak a vil\u00e1g vezet\u0151 lapjai a magyar v\u00e1laszt\u00e1si eredm\u00e9nnyel. A legt\u00f6bb nyugati lap helysz\u00edni tud\u00f3s\u00edt\u00e1sokat, \u00e9s politikai elemz\u00e9seket is k\u00f6z\u00f6l.PoliticoSem az \u00e1tszabott v\u00e1laszt\u00e1si rendszer, sem az amerikai t\u00e1mogat\u00e1s nem tudta megmenteni Orb\u00e1n Viktort a veres\u00e9gt\u0151l \u2013 \u00edrja a Politico. Az amerikai lap br\u00fcsszeli kiad\u00e1sa szerint a v\u00e1lasz\u00f3k belef\u00e1radtak Orb\u00e1n \u00e9s a Fidesz 16 \u00e9ves [&hellip;]","og_url":"https:\/\/hirhangya.hu\/index.php\/2026\/04\/13\/orban-bukasanak-magyarorszagon-tulnyulo-kovetkezmenyei-lesznek-kulfoldi-lapok-a-valasztasrol\/","og_site_name":"H\u00edrhangya","article_published_time":"2026-04-13T09:10:28+00:00","author":"Nemes Gabor","twitter_card":"summary_large_image","twitter_misc":{"Szerz\u0151:":"Nemes Gabor","Becs\u00fclt olvas\u00e1si id\u0151":"3 perc"},"schema":{"@context":"https:\/\/schema.org","@graph":[{"@type":"Article","@id":"https:\/\/hirhangya.hu\/index.php\/2026\/04\/13\/orban-bukasanak-magyarorszagon-tulnyulo-kovetkezmenyei-lesznek-kulfoldi-lapok-a-valasztasrol\/#article","isPartOf":{"@id":"https:\/\/hirhangya.hu\/index.php\/2026\/04\/13\/orban-bukasanak-magyarorszagon-tulnyulo-kovetkezmenyei-lesznek-kulfoldi-lapok-a-valasztasrol\/"},"author":{"name":"Nemes Gabor","@id":"https:\/\/hirhangya.hu\/#\/schema\/person\/ad1b32f6cde48eb8bc14fa7efd4d70b5"},"headline":"Orb\u00e1n buk\u00e1s\u00e1nak Magyarorsz\u00e1gon t\u00falny\u00fal\u00f3 k\u00f6vetkezm\u00e9nyei lesznek \u2013 k\u00fclf\u00f6ldi lapok a v\u00e1laszt\u00e1sr\u00f3l","datePublished":"2026-04-13T09:10:28+00:00","mainEntityOfPage":{"@id":"https:\/\/hirhangya.hu\/index.php\/2026\/04\/13\/orban-bukasanak-magyarorszagon-tulnyulo-kovetkezmenyei-lesznek-kulfoldi-lapok-a-valasztasrol\/"},"wordCount":588,"commentCount":0,"publisher":{"@id":"https:\/\/hirhangya.hu\/#organization"},"image":{"@id":"https:\/\/hirhangya.hu\/index.php\/2026\/04\/13\/orban-bukasanak-magyarorszagon-tulnyulo-kovetkezmenyei-lesznek-kulfoldi-lapok-a-valasztasrol\/#primaryimage"},"thumbnailUrl":"https:\/\/hirhangya.hu\/wp-content\/uploads\/2026\/04\/8KQL29nuFxh5mOWHs-AHdZJN.jpg","articleSection":["\u00c1ltal\u00e1nos"],"inLanguage":"hu","potentialAction":[{"@type":"CommentAction","name":"Comment","target":["https:\/\/hirhangya.hu\/index.php\/2026\/04\/13\/orban-bukasanak-magyarorszagon-tulnyulo-kovetkezmenyei-lesznek-kulfoldi-lapok-a-valasztasrol\/#respond"]}]},{"@type":"WebPage","@id":"https:\/\/hirhangya.hu\/index.php\/2026\/04\/13\/orban-bukasanak-magyarorszagon-tulnyulo-kovetkezmenyei-lesznek-kulfoldi-lapok-a-valasztasrol\/","url":"https:\/\/hirhangya.hu\/index.php\/2026\/04\/13\/orban-bukasanak-magyarorszagon-tulnyulo-kovetkezmenyei-lesznek-kulfoldi-lapok-a-valasztasrol\/","name":"Orb\u00e1n buk\u00e1s\u00e1nak Magyarorsz\u00e1gon t\u00falny\u00fal\u00f3 k\u00f6vetkezm\u00e9nyei lesznek \u2013 k\u00fclf\u00f6ldi lapok a v\u00e1laszt\u00e1sr\u00f3l - H\u00edrhangya","isPartOf":{"@id":"https:\/\/hirhangya.hu\/#website"},"primaryImageOfPage":{"@id":"https:\/\/hirhangya.hu\/index.php\/2026\/04\/13\/orban-bukasanak-magyarorszagon-tulnyulo-kovetkezmenyei-lesznek-kulfoldi-lapok-a-valasztasrol\/#primaryimage"},"image":{"@id":"https:\/\/hirhangya.hu\/index.php\/2026\/04\/13\/orban-bukasanak-magyarorszagon-tulnyulo-kovetkezmenyei-lesznek-kulfoldi-lapok-a-valasztasrol\/#primaryimage"},"thumbnailUrl":"https:\/\/hirhangya.hu\/wp-content\/uploads\/2026\/04\/8KQL29nuFxh5mOWHs-AHdZJN.jpg","datePublished":"2026-04-13T09:10:28+00:00","breadcrumb":{"@id":"https:\/\/hirhangya.hu\/index.php\/2026\/04\/13\/orban-bukasanak-magyarorszagon-tulnyulo-kovetkezmenyei-lesznek-kulfoldi-lapok-a-valasztasrol\/#breadcrumb"},"inLanguage":"hu","potentialAction":[{"@type":"ReadAction","target":["https:\/\/hirhangya.hu\/index.php\/2026\/04\/13\/orban-bukasanak-magyarorszagon-tulnyulo-kovetkezmenyei-lesznek-kulfoldi-lapok-a-valasztasrol\/"]}]},{"@type":"ImageObject","inLanguage":"hu","@id":"https:\/\/hirhangya.hu\/index.php\/2026\/04\/13\/orban-bukasanak-magyarorszagon-tulnyulo-kovetkezmenyei-lesznek-kulfoldi-lapok-a-valasztasrol\/#primaryimage","url":"https:\/\/hirhangya.hu\/wp-content\/uploads\/2026\/04\/8KQL29nuFxh5mOWHs-AHdZJN.jpg","contentUrl":"https:\/\/hirhangya.hu\/wp-content\/uploads\/2026\/04\/8KQL29nuFxh5mOWHs-AHdZJN.jpg","width":2000,"height":1334},{"@type":"BreadcrumbList","@id":"https:\/\/hirhangya.hu\/index.php\/2026\/04\/13\/orban-bukasanak-magyarorszagon-tulnyulo-kovetkezmenyei-lesznek-kulfoldi-lapok-a-valasztasrol\/#breadcrumb","itemListElement":[{"@type":"ListItem","position":1,"name":"Home","item":"https:\/\/hirhangya.hu\/"},{"@type":"ListItem","position":2,"name":"Orb\u00e1n buk\u00e1s\u00e1nak Magyarorsz\u00e1gon t\u00falny\u00fal\u00f3 k\u00f6vetkezm\u00e9nyei lesznek \u2013 k\u00fclf\u00f6ldi lapok a v\u00e1laszt\u00e1sr\u00f3l"}]},{"@type":"WebSite","@id":"https:\/\/hirhangya.hu\/#website","url":"https:\/\/hirhangya.hu\/","name":"H\u00edrhangya","description":"Szorgalmasan \u00f6sszehordjuk a legfrissebb h\u00edreket","publisher":{"@id":"https:\/\/hirhangya.hu\/#organization"},"potentialAction":[{"@type":"SearchAction","target":{"@type":"EntryPoint","urlTemplate":"https:\/\/hirhangya.hu\/?s={search_term_string}"},"query-input":{"@type":"PropertyValueSpecification","valueRequired":true,"valueName":"search_term_string"}}],"inLanguage":"hu"},{"@type":"Organization","@id":"https:\/\/hirhangya.hu\/#organization","name":"H\u00edrhangya","url":"https:\/\/hirhangya.hu\/","logo":{"@type":"ImageObject","inLanguage":"hu","@id":"https:\/\/hirhangya.hu\/#\/schema\/logo\/image\/","url":"https:\/\/hirhangya.hu\/wp-content\/uploads\/2025\/06\/cropped-cropped-hirhangya-logo-szoveges-scaled-1-e1750064323596.jpg","contentUrl":"https:\/\/hirhangya.hu\/wp-content\/uploads\/2025\/06\/cropped-cropped-hirhangya-logo-szoveges-scaled-1-e1750064323596.jpg","width":350,"height":100,"caption":"H\u00edrhangya"},"image":{"@id":"https:\/\/hirhangya.hu\/#\/schema\/logo\/image\/"}},{"@type":"Person","@id":"https:\/\/hirhangya.hu\/#\/schema\/person\/ad1b32f6cde48eb8bc14fa7efd4d70b5","name":"Nemes Gabor","image":{"@type":"ImageObject","inLanguage":"hu","@id":"https:\/\/hirhangya.hu\/#\/schema\/person\/image\/","url":"https:\/\/secure.gravatar.com\/avatar\/92c2a9c67399a3a1c5444228b3ae3f850f3218d7c18ff5ed44a84130d5b474f3?s=96&d=mm&r=g","contentUrl":"https:\/\/secure.gravatar.com\/avatar\/92c2a9c67399a3a1c5444228b3ae3f850f3218d7c18ff5ed44a84130d5b474f3?s=96&d=mm&r=g","caption":"Nemes Gabor"},"url":"https:\/\/hirhangya.hu\/index.php\/author\/hex324\/"}]}},"_links":{"self":[{"href":"https:\/\/hirhangya.hu\/index.php\/wp-json\/wp\/v2\/posts\/88996","targetHints":{"allow":["GET"]}}],"collection":[{"href":"https:\/\/hirhangya.hu\/index.php\/wp-json\/wp\/v2\/posts"}],"about":[{"href":"https:\/\/hirhangya.hu\/index.php\/wp-json\/wp\/v2\/types\/post"}],"author":[{"embeddable":true,"href":"https:\/\/hirhangya.hu\/index.php\/wp-json\/wp\/v2\/users\/2"}],"replies":[{"embeddable":true,"href":"https:\/\/hirhangya.hu\/index.php\/wp-json\/wp\/v2\/comments?post=88996"}],"version-history":[{"count":0,"href":"https:\/\/hirhangya.hu\/index.php\/wp-json\/wp\/v2\/posts\/88996\/revisions"}],"wp:featuredmedia":[{"embeddable":true,"href":"https:\/\/hirhangya.hu\/index.php\/wp-json\/wp\/v2\/media\/88997"}],"wp:attachment":[{"href":"https:\/\/hirhangya.hu\/index.php\/wp-json\/wp\/v2\/media?parent=88996"}],"wp:term":[{"taxonomy":"category","embeddable":true,"href":"https:\/\/hirhangya.hu\/index.php\/wp-json\/wp\/v2\/categories?post=88996"},{"taxonomy":"post_tag","embeddable":true,"href":"https:\/\/hirhangya.hu\/index.php\/wp-json\/wp\/v2\/tags?post=88996"}],"curies":[{"name":"wp","href":"https:\/\/api.w.org\/{rel}","templated":true}]}}