{"id":88998,"date":"2026-04-13T09:10:45","date_gmt":"2026-04-13T09:10:45","guid":{"rendered":"https:\/\/hirhangya.hu\/index.php\/2026\/04\/13\/orban-kulfoldi-influenszerei-tessek-igenis-demokracia\/"},"modified":"2026-04-13T09:10:45","modified_gmt":"2026-04-13T09:10:45","slug":"orban-kulfoldi-influenszerei-tessek-igenis-demokracia","status":"publish","type":"post","link":"https:\/\/hirhangya.hu\/index.php\/2026\/04\/13\/orban-kulfoldi-influenszerei-tessek-igenis-demokracia\/","title":{"rendered":"Orb\u00e1n k\u00fclf\u00f6ldi influenszerei: Tess\u00e9k, igenis demokr\u00e1cia!"},"content":{"rendered":"<p>Amint vas\u00e1rnap este kider\u00fclt a v\u00e1laszt\u00e1s eredm\u00e9nye, aktiviz\u00e1l\u00f3dtak azok a k\u00fclf\u00f6ldi influenszerek \u00e9s v\u00e9lem\u00e9nyvez\u00e9rek, akiket az Orb\u00e1n-korm\u00e1ny 2010\u201326 k\u00f6z\u00f6tt mag\u00e1hoz \u00e9desgetett: r\u00e9szben Magyarorsz\u00e1gon \u00e9lnek, zs\u00edros \u00e1ll\u00e1sokat \u00e9s ad\u00f3fizet\u0151i milli\u00e1rdokb\u00f3l fenntartott think tankokat, konferenci\u00e1kat kapnak, \u00e9s az \u00e9rtelmis\u00e9gi l\u00e9t k\u00fcls\u0151s\u00e9geivel vannak k\u00f6r\u00fclv\u00e9ve, \u00e9s most hasonl\u00f3 magyar\u00e1zatokkal reag\u00e1lnak az esem\u00e9nyekre, mintha el\u0151re egyeztetett volna vel\u00fck valaki.<\/p>\n<p>A legismertebbek k\u00f6zt eml\u00edtik Rod Dreher-t, aki kapcsolatk\u00e9nt szolg\u00e1lt az Orb\u00e1n-korm\u00e1ny \u00e9s amerikai elvbar\u00e1tai, k\u00f6zt\u00fck J.D. Vance aleln\u00f6k k\u00f6z\u00f6tt; Dreher az X-en olyan posztot tett k\u00f6zz\u00e9, amelyben a nyugati szak\u00e9rt\u0151k \u00e9s \u00fajs\u00e1g\u00edr\u00f3k kijelent\u00e9seit k\u00e9rd\u0151jelezi meg Orb\u00e1nr\u00f3l. Hasonl\u00f3 \u00fczenetet osztott meg Boris K\u00e1lnoky, aki kor\u00e1bban \u00fajs\u00e1g\u00edr\u00f3 volt, ma az MCC m\u00e9diaiskol\u00e1j\u00e1t vezeti, valamint John O&#8217;Sullivan, a Danube Institute eln\u00f6ke. M\u00e1sok enn\u00e9l szabadabb elm\u00e9leteket terjesztenek: Gladden Pappin megosztotta Elon Musk posztj\u00e1t, amely szerint a \u201eSoros-szervezet \u00e1tvette a hatalmat Magyarorsz\u00e1gon\u201d, \u00e9s Bryan E. Leib (az Alapjogok\u00e9rt K\u00f6zpont munkat\u00e1rsa) is a Soroshoz k\u00f6thet\u0151 \u00f6r\u00f6m\u00f6t firtatja.<\/p>\n<p>Eredeti cikk: <a href=\"https:\/\/444.hu\/2026\/04\/13\/orban-kulfoldi-influenszerei-tessek-igenis-demokracia?utm_source=rss_feed&amp;utm_medium=rss&amp;utm_campaign=rss_syndication\" target=\"_blank\" class=\"feedzy-rss-link-icon\">elolvasom<\/a><\/p>\n","protected":false},"excerpt":{"rendered":"<p>Amint vas\u00e1rnap este kider\u00fclt a v\u00e1laszt\u00e1s eredm\u00e9nye, aktiviz\u00e1l\u00f3dtak azok a k\u00fclf\u00f6ldi influenszerek \u00e9s v\u00e9lem\u00e9nyvez\u00e9rek, akiket az Orb\u00e1n-korm\u00e1ny 2010\u201326 k\u00f6z\u00f6tt mag\u00e1hoz \u00e9desgetett: r\u00e9szben Magyarorsz\u00e1gon \u00e9lnek, zs\u00edros \u00e1ll\u00e1sokat \u00e9s ad\u00f3fizet\u0151i milli\u00e1rdokb\u00f3l fenntartott think tankokat, konferenci\u00e1kat kapnak, \u00e9s az \u00e9rtelmis\u00e9gi l\u00e9t k\u00fcls\u0151s\u00e9geivel vannak k\u00f6r\u00fclv\u00e9ve, \u00e9s most hasonl\u00f3 magyar\u00e1zatokkal reag\u00e1lnak az esem\u00e9nyekre, mintha el\u0151re egyeztetett volna vel\u00fck valaki. A [&hellip;]<\/p>\n","protected":false},"author":2,"featured_media":88999,"comment_status":"open","ping_status":"open","sticky":false,"template":"","format":"standard","meta":{"footnotes":""},"categories":[147],"tags":[],"class_list":["post-88998","post","type-post","status-publish","format-standard","has-post-thumbnail","hentry","category-altalanos"],"yoast_head":"<!-- This site is optimized with the Yoast SEO Premium plugin v26.2 (Yoast SEO v26.3) - https:\/\/yoast.com\/wordpress\/plugins\/seo\/ -->\n<title>Orb\u00e1n k\u00fclf\u00f6ldi influenszerei: Tess\u00e9k, igenis demokr\u00e1cia! - H\u00edrhangya<\/title>\n<meta name=\"robots\" content=\"index, follow, max-snippet:-1, max-image-preview:large, max-video-preview:-1\" \/>\n<link rel=\"canonical\" href=\"https:\/\/hirhangya.hu\/index.php\/2026\/04\/13\/orban-kulfoldi-influenszerei-tessek-igenis-demokracia\/\" \/>\n<meta property=\"og:locale\" content=\"hu_HU\" \/>\n<meta property=\"og:type\" content=\"article\" \/>\n<meta property=\"og:title\" content=\"Orb\u00e1n k\u00fclf\u00f6ldi influenszerei: Tess\u00e9k, igenis demokr\u00e1cia!\" \/>\n<meta property=\"og:description\" content=\"Amint vas\u00e1rnap este kider\u00fclt a v\u00e1laszt\u00e1s eredm\u00e9nye, aktiviz\u00e1l\u00f3dtak azok a k\u00fclf\u00f6ldi influenszerek \u00e9s v\u00e9lem\u00e9nyvez\u00e9rek, akiket az Orb\u00e1n-korm\u00e1ny 2010\u201326 k\u00f6z\u00f6tt mag\u00e1hoz \u00e9desgetett: r\u00e9szben Magyarorsz\u00e1gon \u00e9lnek, zs\u00edros \u00e1ll\u00e1sokat \u00e9s ad\u00f3fizet\u0151i milli\u00e1rdokb\u00f3l fenntartott think tankokat, konferenci\u00e1kat kapnak, \u00e9s az \u00e9rtelmis\u00e9gi l\u00e9t k\u00fcls\u0151s\u00e9geivel vannak k\u00f6r\u00fclv\u00e9ve, \u00e9s most hasonl\u00f3 magyar\u00e1zatokkal reag\u00e1lnak az esem\u00e9nyekre, mintha el\u0151re egyeztetett volna vel\u00fck valaki. A [&hellip;]\" \/>\n<meta property=\"og:url\" content=\"https:\/\/hirhangya.hu\/index.php\/2026\/04\/13\/orban-kulfoldi-influenszerei-tessek-igenis-demokracia\/\" \/>\n<meta property=\"og:site_name\" content=\"H\u00edrhangya\" \/>\n<meta property=\"article:published_time\" content=\"2026-04-13T09:10:45+00:00\" \/>\n<meta name=\"author\" content=\"Nemes Gabor\" \/>\n<meta name=\"twitter:card\" content=\"summary_large_image\" \/>\n<meta name=\"twitter:label1\" content=\"Szerz\u0151:\" \/>\n\t<meta name=\"twitter:data1\" content=\"Nemes Gabor\" \/>\n\t<meta name=\"twitter:label2\" content=\"Becs\u00fclt olvas\u00e1si id\u0151\" \/>\n\t<meta name=\"twitter:data2\" content=\"1 perc\" \/>\n<script type=\"application\/ld+json\" class=\"yoast-schema-graph\">{\"@context\":\"https:\/\/schema.org\",\"@graph\":[{\"@type\":\"Article\",\"@id\":\"https:\/\/hirhangya.hu\/index.php\/2026\/04\/13\/orban-kulfoldi-influenszerei-tessek-igenis-demokracia\/#article\",\"isPartOf\":{\"@id\":\"https:\/\/hirhangya.hu\/index.php\/2026\/04\/13\/orban-kulfoldi-influenszerei-tessek-igenis-demokracia\/\"},\"author\":{\"name\":\"Nemes Gabor\",\"@id\":\"https:\/\/hirhangya.hu\/#\/schema\/person\/ad1b32f6cde48eb8bc14fa7efd4d70b5\"},\"headline\":\"Orb\u00e1n k\u00fclf\u00f6ldi influenszerei: Tess\u00e9k, igenis demokr\u00e1cia!\",\"datePublished\":\"2026-04-13T09:10:45+00:00\",\"mainEntityOfPage\":{\"@id\":\"https:\/\/hirhangya.hu\/index.php\/2026\/04\/13\/orban-kulfoldi-influenszerei-tessek-igenis-demokracia\/\"},\"wordCount\":241,\"commentCount\":0,\"publisher\":{\"@id\":\"https:\/\/hirhangya.hu\/#organization\"},\"image\":{\"@id\":\"https:\/\/hirhangya.hu\/index.php\/2026\/04\/13\/orban-kulfoldi-influenszerei-tessek-igenis-demokracia\/#primaryimage\"},\"thumbnailUrl\":\"https:\/\/hirhangya.hu\/wp-content\/uploads\/2026\/04\/7ss6swelZ4bhwCcms-0kvE3d.jpg\",\"articleSection\":[\"\u00c1ltal\u00e1nos\"],\"inLanguage\":\"hu\",\"potentialAction\":[{\"@type\":\"CommentAction\",\"name\":\"Comment\",\"target\":[\"https:\/\/hirhangya.hu\/index.php\/2026\/04\/13\/orban-kulfoldi-influenszerei-tessek-igenis-demokracia\/#respond\"]}]},{\"@type\":\"WebPage\",\"@id\":\"https:\/\/hirhangya.hu\/index.php\/2026\/04\/13\/orban-kulfoldi-influenszerei-tessek-igenis-demokracia\/\",\"url\":\"https:\/\/hirhangya.hu\/index.php\/2026\/04\/13\/orban-kulfoldi-influenszerei-tessek-igenis-demokracia\/\",\"name\":\"Orb\u00e1n k\u00fclf\u00f6ldi influenszerei: Tess\u00e9k, igenis demokr\u00e1cia! - H\u00edrhangya\",\"isPartOf\":{\"@id\":\"https:\/\/hirhangya.hu\/#website\"},\"primaryImageOfPage\":{\"@id\":\"https:\/\/hirhangya.hu\/index.php\/2026\/04\/13\/orban-kulfoldi-influenszerei-tessek-igenis-demokracia\/#primaryimage\"},\"image\":{\"@id\":\"https:\/\/hirhangya.hu\/index.php\/2026\/04\/13\/orban-kulfoldi-influenszerei-tessek-igenis-demokracia\/#primaryimage\"},\"thumbnailUrl\":\"https:\/\/hirhangya.hu\/wp-content\/uploads\/2026\/04\/7ss6swelZ4bhwCcms-0kvE3d.jpg\",\"datePublished\":\"2026-04-13T09:10:45+00:00\",\"breadcrumb\":{\"@id\":\"https:\/\/hirhangya.hu\/index.php\/2026\/04\/13\/orban-kulfoldi-influenszerei-tessek-igenis-demokracia\/#breadcrumb\"},\"inLanguage\":\"hu\",\"potentialAction\":[{\"@type\":\"ReadAction\",\"target\":[\"https:\/\/hirhangya.hu\/index.php\/2026\/04\/13\/orban-kulfoldi-influenszerei-tessek-igenis-demokracia\/\"]}]},{\"@type\":\"ImageObject\",\"inLanguage\":\"hu\",\"@id\":\"https:\/\/hirhangya.hu\/index.php\/2026\/04\/13\/orban-kulfoldi-influenszerei-tessek-igenis-demokracia\/#primaryimage\",\"url\":\"https:\/\/hirhangya.hu\/wp-content\/uploads\/2026\/04\/7ss6swelZ4bhwCcms-0kvE3d.jpg\",\"contentUrl\":\"https:\/\/hirhangya.hu\/wp-content\/uploads\/2026\/04\/7ss6swelZ4bhwCcms-0kvE3d.jpg\",\"width\":2000,\"height\":1333},{\"@type\":\"BreadcrumbList\",\"@id\":\"https:\/\/hirhangya.hu\/index.php\/2026\/04\/13\/orban-kulfoldi-influenszerei-tessek-igenis-demokracia\/#breadcrumb\",\"itemListElement\":[{\"@type\":\"ListItem\",\"position\":1,\"name\":\"Home\",\"item\":\"https:\/\/hirhangya.hu\/\"},{\"@type\":\"ListItem\",\"position\":2,\"name\":\"Orb\u00e1n k\u00fclf\u00f6ldi influenszerei: Tess\u00e9k, igenis demokr\u00e1cia!\"}]},{\"@type\":\"WebSite\",\"@id\":\"https:\/\/hirhangya.hu\/#website\",\"url\":\"https:\/\/hirhangya.hu\/\",\"name\":\"H\u00edrhangya\",\"description\":\"Szorgalmasan \u00f6sszehordjuk a legfrissebb h\u00edreket\",\"publisher\":{\"@id\":\"https:\/\/hirhangya.hu\/#organization\"},\"potentialAction\":[{\"@type\":\"SearchAction\",\"target\":{\"@type\":\"EntryPoint\",\"urlTemplate\":\"https:\/\/hirhangya.hu\/?s={search_term_string}\"},\"query-input\":{\"@type\":\"PropertyValueSpecification\",\"valueRequired\":true,\"valueName\":\"search_term_string\"}}],\"inLanguage\":\"hu\"},{\"@type\":\"Organization\",\"@id\":\"https:\/\/hirhangya.hu\/#organization\",\"name\":\"H\u00edrhangya\",\"url\":\"https:\/\/hirhangya.hu\/\",\"logo\":{\"@type\":\"ImageObject\",\"inLanguage\":\"hu\",\"@id\":\"https:\/\/hirhangya.hu\/#\/schema\/logo\/image\/\",\"url\":\"https:\/\/hirhangya.hu\/wp-content\/uploads\/2025\/06\/cropped-cropped-hirhangya-logo-szoveges-scaled-1-e1750064323596.jpg\",\"contentUrl\":\"https:\/\/hirhangya.hu\/wp-content\/uploads\/2025\/06\/cropped-cropped-hirhangya-logo-szoveges-scaled-1-e1750064323596.jpg\",\"width\":350,\"height\":100,\"caption\":\"H\u00edrhangya\"},\"image\":{\"@id\":\"https:\/\/hirhangya.hu\/#\/schema\/logo\/image\/\"}},{\"@type\":\"Person\",\"@id\":\"https:\/\/hirhangya.hu\/#\/schema\/person\/ad1b32f6cde48eb8bc14fa7efd4d70b5\",\"name\":\"Nemes Gabor\",\"image\":{\"@type\":\"ImageObject\",\"inLanguage\":\"hu\",\"@id\":\"https:\/\/hirhangya.hu\/#\/schema\/person\/image\/\",\"url\":\"https:\/\/secure.gravatar.com\/avatar\/92c2a9c67399a3a1c5444228b3ae3f850f3218d7c18ff5ed44a84130d5b474f3?s=96&d=mm&r=g\",\"contentUrl\":\"https:\/\/secure.gravatar.com\/avatar\/92c2a9c67399a3a1c5444228b3ae3f850f3218d7c18ff5ed44a84130d5b474f3?s=96&d=mm&r=g\",\"caption\":\"Nemes Gabor\"},\"url\":\"https:\/\/hirhangya.hu\/index.php\/author\/hex324\/\"}]}<\/script>\n<!-- \/ Yoast SEO Premium plugin. -->","yoast_head_json":{"title":"Orb\u00e1n k\u00fclf\u00f6ldi influenszerei: Tess\u00e9k, igenis demokr\u00e1cia! - H\u00edrhangya","robots":{"index":"index","follow":"follow","max-snippet":"max-snippet:-1","max-image-preview":"max-image-preview:large","max-video-preview":"max-video-preview:-1"},"canonical":"https:\/\/hirhangya.hu\/index.php\/2026\/04\/13\/orban-kulfoldi-influenszerei-tessek-igenis-demokracia\/","og_locale":"hu_HU","og_type":"article","og_title":"Orb\u00e1n k\u00fclf\u00f6ldi influenszerei: Tess\u00e9k, igenis demokr\u00e1cia!","og_description":"Amint vas\u00e1rnap este kider\u00fclt a v\u00e1laszt\u00e1s eredm\u00e9nye, aktiviz\u00e1l\u00f3dtak azok a k\u00fclf\u00f6ldi influenszerek \u00e9s v\u00e9lem\u00e9nyvez\u00e9rek, akiket az Orb\u00e1n-korm\u00e1ny 2010\u201326 k\u00f6z\u00f6tt mag\u00e1hoz \u00e9desgetett: r\u00e9szben Magyarorsz\u00e1gon \u00e9lnek, zs\u00edros \u00e1ll\u00e1sokat \u00e9s ad\u00f3fizet\u0151i milli\u00e1rdokb\u00f3l fenntartott think tankokat, konferenci\u00e1kat kapnak, \u00e9s az \u00e9rtelmis\u00e9gi l\u00e9t k\u00fcls\u0151s\u00e9geivel vannak k\u00f6r\u00fclv\u00e9ve, \u00e9s most hasonl\u00f3 magyar\u00e1zatokkal reag\u00e1lnak az esem\u00e9nyekre, mintha el\u0151re egyeztetett volna vel\u00fck valaki. A [&hellip;]","og_url":"https:\/\/hirhangya.hu\/index.php\/2026\/04\/13\/orban-kulfoldi-influenszerei-tessek-igenis-demokracia\/","og_site_name":"H\u00edrhangya","article_published_time":"2026-04-13T09:10:45+00:00","author":"Nemes Gabor","twitter_card":"summary_large_image","twitter_misc":{"Szerz\u0151:":"Nemes Gabor","Becs\u00fclt olvas\u00e1si id\u0151":"1 perc"},"schema":{"@context":"https:\/\/schema.org","@graph":[{"@type":"Article","@id":"https:\/\/hirhangya.hu\/index.php\/2026\/04\/13\/orban-kulfoldi-influenszerei-tessek-igenis-demokracia\/#article","isPartOf":{"@id":"https:\/\/hirhangya.hu\/index.php\/2026\/04\/13\/orban-kulfoldi-influenszerei-tessek-igenis-demokracia\/"},"author":{"name":"Nemes Gabor","@id":"https:\/\/hirhangya.hu\/#\/schema\/person\/ad1b32f6cde48eb8bc14fa7efd4d70b5"},"headline":"Orb\u00e1n k\u00fclf\u00f6ldi influenszerei: Tess\u00e9k, igenis demokr\u00e1cia!","datePublished":"2026-04-13T09:10:45+00:00","mainEntityOfPage":{"@id":"https:\/\/hirhangya.hu\/index.php\/2026\/04\/13\/orban-kulfoldi-influenszerei-tessek-igenis-demokracia\/"},"wordCount":241,"commentCount":0,"publisher":{"@id":"https:\/\/hirhangya.hu\/#organization"},"image":{"@id":"https:\/\/hirhangya.hu\/index.php\/2026\/04\/13\/orban-kulfoldi-influenszerei-tessek-igenis-demokracia\/#primaryimage"},"thumbnailUrl":"https:\/\/hirhangya.hu\/wp-content\/uploads\/2026\/04\/7ss6swelZ4bhwCcms-0kvE3d.jpg","articleSection":["\u00c1ltal\u00e1nos"],"inLanguage":"hu","potentialAction":[{"@type":"CommentAction","name":"Comment","target":["https:\/\/hirhangya.hu\/index.php\/2026\/04\/13\/orban-kulfoldi-influenszerei-tessek-igenis-demokracia\/#respond"]}]},{"@type":"WebPage","@id":"https:\/\/hirhangya.hu\/index.php\/2026\/04\/13\/orban-kulfoldi-influenszerei-tessek-igenis-demokracia\/","url":"https:\/\/hirhangya.hu\/index.php\/2026\/04\/13\/orban-kulfoldi-influenszerei-tessek-igenis-demokracia\/","name":"Orb\u00e1n k\u00fclf\u00f6ldi influenszerei: Tess\u00e9k, igenis demokr\u00e1cia! - H\u00edrhangya","isPartOf":{"@id":"https:\/\/hirhangya.hu\/#website"},"primaryImageOfPage":{"@id":"https:\/\/hirhangya.hu\/index.php\/2026\/04\/13\/orban-kulfoldi-influenszerei-tessek-igenis-demokracia\/#primaryimage"},"image":{"@id":"https:\/\/hirhangya.hu\/index.php\/2026\/04\/13\/orban-kulfoldi-influenszerei-tessek-igenis-demokracia\/#primaryimage"},"thumbnailUrl":"https:\/\/hirhangya.hu\/wp-content\/uploads\/2026\/04\/7ss6swelZ4bhwCcms-0kvE3d.jpg","datePublished":"2026-04-13T09:10:45+00:00","breadcrumb":{"@id":"https:\/\/hirhangya.hu\/index.php\/2026\/04\/13\/orban-kulfoldi-influenszerei-tessek-igenis-demokracia\/#breadcrumb"},"inLanguage":"hu","potentialAction":[{"@type":"ReadAction","target":["https:\/\/hirhangya.hu\/index.php\/2026\/04\/13\/orban-kulfoldi-influenszerei-tessek-igenis-demokracia\/"]}]},{"@type":"ImageObject","inLanguage":"hu","@id":"https:\/\/hirhangya.hu\/index.php\/2026\/04\/13\/orban-kulfoldi-influenszerei-tessek-igenis-demokracia\/#primaryimage","url":"https:\/\/hirhangya.hu\/wp-content\/uploads\/2026\/04\/7ss6swelZ4bhwCcms-0kvE3d.jpg","contentUrl":"https:\/\/hirhangya.hu\/wp-content\/uploads\/2026\/04\/7ss6swelZ4bhwCcms-0kvE3d.jpg","width":2000,"height":1333},{"@type":"BreadcrumbList","@id":"https:\/\/hirhangya.hu\/index.php\/2026\/04\/13\/orban-kulfoldi-influenszerei-tessek-igenis-demokracia\/#breadcrumb","itemListElement":[{"@type":"ListItem","position":1,"name":"Home","item":"https:\/\/hirhangya.hu\/"},{"@type":"ListItem","position":2,"name":"Orb\u00e1n k\u00fclf\u00f6ldi influenszerei: Tess\u00e9k, igenis demokr\u00e1cia!"}]},{"@type":"WebSite","@id":"https:\/\/hirhangya.hu\/#website","url":"https:\/\/hirhangya.hu\/","name":"H\u00edrhangya","description":"Szorgalmasan \u00f6sszehordjuk a legfrissebb h\u00edreket","publisher":{"@id":"https:\/\/hirhangya.hu\/#organization"},"potentialAction":[{"@type":"SearchAction","target":{"@type":"EntryPoint","urlTemplate":"https:\/\/hirhangya.hu\/?s={search_term_string}"},"query-input":{"@type":"PropertyValueSpecification","valueRequired":true,"valueName":"search_term_string"}}],"inLanguage":"hu"},{"@type":"Organization","@id":"https:\/\/hirhangya.hu\/#organization","name":"H\u00edrhangya","url":"https:\/\/hirhangya.hu\/","logo":{"@type":"ImageObject","inLanguage":"hu","@id":"https:\/\/hirhangya.hu\/#\/schema\/logo\/image\/","url":"https:\/\/hirhangya.hu\/wp-content\/uploads\/2025\/06\/cropped-cropped-hirhangya-logo-szoveges-scaled-1-e1750064323596.jpg","contentUrl":"https:\/\/hirhangya.hu\/wp-content\/uploads\/2025\/06\/cropped-cropped-hirhangya-logo-szoveges-scaled-1-e1750064323596.jpg","width":350,"height":100,"caption":"H\u00edrhangya"},"image":{"@id":"https:\/\/hirhangya.hu\/#\/schema\/logo\/image\/"}},{"@type":"Person","@id":"https:\/\/hirhangya.hu\/#\/schema\/person\/ad1b32f6cde48eb8bc14fa7efd4d70b5","name":"Nemes Gabor","image":{"@type":"ImageObject","inLanguage":"hu","@id":"https:\/\/hirhangya.hu\/#\/schema\/person\/image\/","url":"https:\/\/secure.gravatar.com\/avatar\/92c2a9c67399a3a1c5444228b3ae3f850f3218d7c18ff5ed44a84130d5b474f3?s=96&d=mm&r=g","contentUrl":"https:\/\/secure.gravatar.com\/avatar\/92c2a9c67399a3a1c5444228b3ae3f850f3218d7c18ff5ed44a84130d5b474f3?s=96&d=mm&r=g","caption":"Nemes Gabor"},"url":"https:\/\/hirhangya.hu\/index.php\/author\/hex324\/"}]}},"_links":{"self":[{"href":"https:\/\/hirhangya.hu\/index.php\/wp-json\/wp\/v2\/posts\/88998","targetHints":{"allow":["GET"]}}],"collection":[{"href":"https:\/\/hirhangya.hu\/index.php\/wp-json\/wp\/v2\/posts"}],"about":[{"href":"https:\/\/hirhangya.hu\/index.php\/wp-json\/wp\/v2\/types\/post"}],"author":[{"embeddable":true,"href":"https:\/\/hirhangya.hu\/index.php\/wp-json\/wp\/v2\/users\/2"}],"replies":[{"embeddable":true,"href":"https:\/\/hirhangya.hu\/index.php\/wp-json\/wp\/v2\/comments?post=88998"}],"version-history":[{"count":0,"href":"https:\/\/hirhangya.hu\/index.php\/wp-json\/wp\/v2\/posts\/88998\/revisions"}],"wp:featuredmedia":[{"embeddable":true,"href":"https:\/\/hirhangya.hu\/index.php\/wp-json\/wp\/v2\/media\/88999"}],"wp:attachment":[{"href":"https:\/\/hirhangya.hu\/index.php\/wp-json\/wp\/v2\/media?parent=88998"}],"wp:term":[{"taxonomy":"category","embeddable":true,"href":"https:\/\/hirhangya.hu\/index.php\/wp-json\/wp\/v2\/categories?post=88998"},{"taxonomy":"post_tag","embeddable":true,"href":"https:\/\/hirhangya.hu\/index.php\/wp-json\/wp\/v2\/tags?post=88998"}],"curies":[{"name":"wp","href":"https:\/\/api.w.org\/{rel}","templated":true}]}}