{"id":93316,"date":"2026-04-26T09:10:34","date_gmt":"2026-04-26T09:10:34","guid":{"rendered":"https:\/\/hirhangya.hu\/index.php\/2026\/04\/26\/a-fideszes-banki-erik-sem-ul-be-a-parlamentbe\/"},"modified":"2026-04-26T09:10:34","modified_gmt":"2026-04-26T09:10:34","slug":"a-fideszes-banki-erik-sem-ul-be-a-parlamentbe","status":"publish","type":"post","link":"https:\/\/hirhangya.hu\/index.php\/2026\/04\/26\/a-fideszes-banki-erik-sem-ul-be-a-parlamentbe\/","title":{"rendered":"A fideszes B\u00e1nki Erik sem \u00fcl be a parlamentbe"},"content":{"rendered":"<p>B\u00e1nki Erik bejelentette, hogy nem \u00fcl be az \u00faj parlamentbe, \u00e9s visszavonul a \u201efrontpolitik\u00e1t\u00f3l\u201d; d\u00f6nt\u00e9s\u00e9nek indokait hamarosan r\u00e9szletesen k\u00f6zli k\u00f6z\u00f6ss\u00e9gi oldal\u00e1n. A Fideszbe 1989-ben, 19 \u00e9vesen l\u00e9pett be, a moh\u00e1csi csoport egyik alap\u00edt\u00f3ja, 1998 \u00f3ta folyamatosan orsz\u00e1ggy\u0171l\u00e9si k\u00e9pvisel\u0151 volt (kiv\u00e9ve 2012\u20132014 k\u00f6z\u00f6tti r\u00f6vid eur\u00f3pai parlamenti mand\u00e1tum\u00e1t), id\u00e9n pedig a p\u00e1rt orsz\u00e1gos list\u00e1j\u00e1n a 30. helyr\u0151l ker\u00fclt volna be.<\/p>\n<p>B\u00e1nkihoz k\u00f6thet\u0151 t\u00f6bb vitatott int\u00e9zked\u00e9s \u00e9s \u00fcgy: \u0151 dolgozta ki a tao-rendszert, neve t\u00f6bbsz\u00f6r felmer\u00fclt a t\u00fal\u00e1razott p\u00e9csi buszv\u00e1s\u00e1rl\u00e1s (Volvo-gate) kapcs\u00e1n, javasolta, hogy a jegybank alap\u00edtv\u00e1nyaiba tett 250 milli\u00e1rd forint \u201eelvesz\u00edtse k\u00f6zp\u00e9nz jelleg\u00e9t\u201d, \u00e9s olyan t\u00f6rv\u00e9nym\u00f3dos\u00edt\u00e1st is t\u00e1mogatott, amely r\u00e9szben mentette a Magyar Post\u00e1t a nyilv\u00e1nos elsz\u00e1mol\u00e1s al\u00f3l; hasonl\u00f3 k\u00f6d\u00f6s\u00edt\u00e9st alkalmaz v\u00e1llalkoz\u00e1sain\u00e1l is. Nagy f\u00f6ldbirtokosk\u00e9nt tartj\u00e1k sz\u00e1mon: tavaly f\u00e9lmilli\u00e1rdos tartoz\u00e1sa mellett 200 milli\u00f3 forint hitelt kapott t\u00f6bb mint 100 hekt\u00e1r megv\u00e1s\u00e1rl\u00e1s\u00e1ra, emellett fia is nagyobb ter\u00fcletet vett; a csal\u00e1d \u00edgy felker\u00fclt a NER eredeti t\u0151kefelhalmoz\u00e1s\u00e1t bemutat\u00f3 list\u00e1ra.<\/p>\n<p>B\u00e1nki nem az egyetlen, aki nem veszi fel list\u00e1s mand\u00e1tum\u00e1t: Orb\u00e1n Viktor mellett m\u00e1r tudni lehet, hogy Semj\u00e9n Zsolt, Latorcai J\u00e1nos \u00e9s Solt\u00e9sz Mikl\u00f3s sem \u00fcl be. A Fidesz\u2013KDNP 52 parlamenti helyet szerzett: t\u00edz egy\u00e9ni v\u00e1laszt\u00f3ker\u00fcleti gy\u0151ztesnek biztos helye van, a fennmarad\u00f3 42 hely elvileg a p\u00e1rt orsz\u00e1gos list\u00e1j\u00e1nak els\u0151 42 hely\u00e9n \u00e1ll\u00f3knak j\u00e1r, de \u0151k lemondhatnak a mand\u00e1tumr\u00f3l, ilyenkor a lista tov\u00e1bbi tagjai ker\u00fclnek be. .<\/p>\n<p>Eredeti cikk: <a href=\"https:\/\/444.hu\/2026\/04\/26\/a-fideszes-banki-erik-sem-ul-be-a-parlamentbe?utm_source=rss_feed&amp;utm_medium=rss&amp;utm_campaign=rss_syndication\" target=\"_blank\" class=\"feedzy-rss-link-icon\">elolvasom<\/a><\/p>\n","protected":false},"excerpt":{"rendered":"<p>B\u00e1nki Erik bejelentette, hogy nem \u00fcl be az \u00faj parlamentbe, \u00e9s visszavonul a \u201efrontpolitik\u00e1t\u00f3l\u201d; d\u00f6nt\u00e9s\u00e9nek indokait hamarosan r\u00e9szletesen k\u00f6zli k\u00f6z\u00f6ss\u00e9gi oldal\u00e1n. A Fideszbe 1989-ben, 19 \u00e9vesen l\u00e9pett be, a moh\u00e1csi csoport egyik alap\u00edt\u00f3ja, 1998 \u00f3ta folyamatosan orsz\u00e1ggy\u0171l\u00e9si k\u00e9pvisel\u0151 volt (kiv\u00e9ve 2012\u20132014 k\u00f6z\u00f6tti r\u00f6vid eur\u00f3pai parlamenti mand\u00e1tum\u00e1t), id\u00e9n pedig a p\u00e1rt orsz\u00e1gos list\u00e1j\u00e1n a 30. helyr\u0151l [&hellip;]<\/p>\n","protected":false},"author":2,"featured_media":93317,"comment_status":"open","ping_status":"open","sticky":false,"template":"","format":"standard","meta":{"footnotes":""},"categories":[147],"tags":[],"class_list":["post-93316","post","type-post","status-publish","format-standard","has-post-thumbnail","hentry","category-altalanos"],"yoast_head":"<!-- This site is optimized with the Yoast SEO Premium plugin v26.2 (Yoast SEO v26.3) - https:\/\/yoast.com\/wordpress\/plugins\/seo\/ -->\n<title>A fideszes B\u00e1nki Erik sem \u00fcl be a parlamentbe - H\u00edrhangya<\/title>\n<meta name=\"robots\" content=\"index, follow, max-snippet:-1, max-image-preview:large, max-video-preview:-1\" \/>\n<link rel=\"canonical\" href=\"https:\/\/hirhangya.hu\/index.php\/2026\/04\/26\/a-fideszes-banki-erik-sem-ul-be-a-parlamentbe\/\" \/>\n<meta property=\"og:locale\" content=\"hu_HU\" \/>\n<meta property=\"og:type\" content=\"article\" \/>\n<meta property=\"og:title\" content=\"A fideszes B\u00e1nki Erik sem \u00fcl be a parlamentbe\" \/>\n<meta property=\"og:description\" content=\"B\u00e1nki Erik bejelentette, hogy nem \u00fcl be az \u00faj parlamentbe, \u00e9s visszavonul a \u201efrontpolitik\u00e1t\u00f3l\u201d; d\u00f6nt\u00e9s\u00e9nek indokait hamarosan r\u00e9szletesen k\u00f6zli k\u00f6z\u00f6ss\u00e9gi oldal\u00e1n. A Fideszbe 1989-ben, 19 \u00e9vesen l\u00e9pett be, a moh\u00e1csi csoport egyik alap\u00edt\u00f3ja, 1998 \u00f3ta folyamatosan orsz\u00e1ggy\u0171l\u00e9si k\u00e9pvisel\u0151 volt (kiv\u00e9ve 2012\u20132014 k\u00f6z\u00f6tti r\u00f6vid eur\u00f3pai parlamenti mand\u00e1tum\u00e1t), id\u00e9n pedig a p\u00e1rt orsz\u00e1gos list\u00e1j\u00e1n a 30. helyr\u0151l [&hellip;]\" \/>\n<meta property=\"og:url\" content=\"https:\/\/hirhangya.hu\/index.php\/2026\/04\/26\/a-fideszes-banki-erik-sem-ul-be-a-parlamentbe\/\" \/>\n<meta property=\"og:site_name\" content=\"H\u00edrhangya\" \/>\n<meta property=\"article:published_time\" content=\"2026-04-26T09:10:34+00:00\" \/>\n<meta name=\"author\" content=\"Nemes Gabor\" \/>\n<meta name=\"twitter:card\" content=\"summary_large_image\" \/>\n<meta name=\"twitter:label1\" content=\"Szerz\u0151:\" \/>\n\t<meta name=\"twitter:data1\" content=\"Nemes Gabor\" \/>\n\t<meta name=\"twitter:label2\" content=\"Becs\u00fclt olvas\u00e1si id\u0151\" \/>\n\t<meta name=\"twitter:data2\" content=\"2 perc\" \/>\n<script type=\"application\/ld+json\" class=\"yoast-schema-graph\">{\"@context\":\"https:\/\/schema.org\",\"@graph\":[{\"@type\":\"Article\",\"@id\":\"https:\/\/hirhangya.hu\/index.php\/2026\/04\/26\/a-fideszes-banki-erik-sem-ul-be-a-parlamentbe\/#article\",\"isPartOf\":{\"@id\":\"https:\/\/hirhangya.hu\/index.php\/2026\/04\/26\/a-fideszes-banki-erik-sem-ul-be-a-parlamentbe\/\"},\"author\":{\"name\":\"Nemes Gabor\",\"@id\":\"https:\/\/hirhangya.hu\/#\/schema\/person\/ad1b32f6cde48eb8bc14fa7efd4d70b5\"},\"headline\":\"A fideszes B\u00e1nki Erik sem \u00fcl be a parlamentbe\",\"datePublished\":\"2026-04-26T09:10:34+00:00\",\"mainEntityOfPage\":{\"@id\":\"https:\/\/hirhangya.hu\/index.php\/2026\/04\/26\/a-fideszes-banki-erik-sem-ul-be-a-parlamentbe\/\"},\"wordCount\":336,\"commentCount\":0,\"publisher\":{\"@id\":\"https:\/\/hirhangya.hu\/#organization\"},\"image\":{\"@id\":\"https:\/\/hirhangya.hu\/index.php\/2026\/04\/26\/a-fideszes-banki-erik-sem-ul-be-a-parlamentbe\/#primaryimage\"},\"thumbnailUrl\":\"https:\/\/hirhangya.hu\/wp-content\/uploads\/2026\/04\/8JbfhxlwHX421KptDs-h71uSr.jpg\",\"articleSection\":[\"\u00c1ltal\u00e1nos\"],\"inLanguage\":\"hu\",\"potentialAction\":[{\"@type\":\"CommentAction\",\"name\":\"Comment\",\"target\":[\"https:\/\/hirhangya.hu\/index.php\/2026\/04\/26\/a-fideszes-banki-erik-sem-ul-be-a-parlamentbe\/#respond\"]}]},{\"@type\":\"WebPage\",\"@id\":\"https:\/\/hirhangya.hu\/index.php\/2026\/04\/26\/a-fideszes-banki-erik-sem-ul-be-a-parlamentbe\/\",\"url\":\"https:\/\/hirhangya.hu\/index.php\/2026\/04\/26\/a-fideszes-banki-erik-sem-ul-be-a-parlamentbe\/\",\"name\":\"A fideszes B\u00e1nki Erik sem \u00fcl be a parlamentbe - H\u00edrhangya\",\"isPartOf\":{\"@id\":\"https:\/\/hirhangya.hu\/#website\"},\"primaryImageOfPage\":{\"@id\":\"https:\/\/hirhangya.hu\/index.php\/2026\/04\/26\/a-fideszes-banki-erik-sem-ul-be-a-parlamentbe\/#primaryimage\"},\"image\":{\"@id\":\"https:\/\/hirhangya.hu\/index.php\/2026\/04\/26\/a-fideszes-banki-erik-sem-ul-be-a-parlamentbe\/#primaryimage\"},\"thumbnailUrl\":\"https:\/\/hirhangya.hu\/wp-content\/uploads\/2026\/04\/8JbfhxlwHX421KptDs-h71uSr.jpg\",\"datePublished\":\"2026-04-26T09:10:34+00:00\",\"breadcrumb\":{\"@id\":\"https:\/\/hirhangya.hu\/index.php\/2026\/04\/26\/a-fideszes-banki-erik-sem-ul-be-a-parlamentbe\/#breadcrumb\"},\"inLanguage\":\"hu\",\"potentialAction\":[{\"@type\":\"ReadAction\",\"target\":[\"https:\/\/hirhangya.hu\/index.php\/2026\/04\/26\/a-fideszes-banki-erik-sem-ul-be-a-parlamentbe\/\"]}]},{\"@type\":\"ImageObject\",\"inLanguage\":\"hu\",\"@id\":\"https:\/\/hirhangya.hu\/index.php\/2026\/04\/26\/a-fideszes-banki-erik-sem-ul-be-a-parlamentbe\/#primaryimage\",\"url\":\"https:\/\/hirhangya.hu\/wp-content\/uploads\/2026\/04\/8JbfhxlwHX421KptDs-h71uSr.jpg\",\"contentUrl\":\"https:\/\/hirhangya.hu\/wp-content\/uploads\/2026\/04\/8JbfhxlwHX421KptDs-h71uSr.jpg\",\"width\":2000,\"height\":1333},{\"@type\":\"BreadcrumbList\",\"@id\":\"https:\/\/hirhangya.hu\/index.php\/2026\/04\/26\/a-fideszes-banki-erik-sem-ul-be-a-parlamentbe\/#breadcrumb\",\"itemListElement\":[{\"@type\":\"ListItem\",\"position\":1,\"name\":\"Home\",\"item\":\"https:\/\/hirhangya.hu\/\"},{\"@type\":\"ListItem\",\"position\":2,\"name\":\"A fideszes B\u00e1nki Erik sem \u00fcl be a parlamentbe\"}]},{\"@type\":\"WebSite\",\"@id\":\"https:\/\/hirhangya.hu\/#website\",\"url\":\"https:\/\/hirhangya.hu\/\",\"name\":\"H\u00edrhangya\",\"description\":\"Szorgalmasan \u00f6sszehordjuk a legfrissebb h\u00edreket\",\"publisher\":{\"@id\":\"https:\/\/hirhangya.hu\/#organization\"},\"potentialAction\":[{\"@type\":\"SearchAction\",\"target\":{\"@type\":\"EntryPoint\",\"urlTemplate\":\"https:\/\/hirhangya.hu\/?s={search_term_string}\"},\"query-input\":{\"@type\":\"PropertyValueSpecification\",\"valueRequired\":true,\"valueName\":\"search_term_string\"}}],\"inLanguage\":\"hu\"},{\"@type\":\"Organization\",\"@id\":\"https:\/\/hirhangya.hu\/#organization\",\"name\":\"H\u00edrhangya\",\"url\":\"https:\/\/hirhangya.hu\/\",\"logo\":{\"@type\":\"ImageObject\",\"inLanguage\":\"hu\",\"@id\":\"https:\/\/hirhangya.hu\/#\/schema\/logo\/image\/\",\"url\":\"https:\/\/hirhangya.hu\/wp-content\/uploads\/2025\/06\/cropped-cropped-hirhangya-logo-szoveges-scaled-1-e1750064323596.jpg\",\"contentUrl\":\"https:\/\/hirhangya.hu\/wp-content\/uploads\/2025\/06\/cropped-cropped-hirhangya-logo-szoveges-scaled-1-e1750064323596.jpg\",\"width\":350,\"height\":100,\"caption\":\"H\u00edrhangya\"},\"image\":{\"@id\":\"https:\/\/hirhangya.hu\/#\/schema\/logo\/image\/\"}},{\"@type\":\"Person\",\"@id\":\"https:\/\/hirhangya.hu\/#\/schema\/person\/ad1b32f6cde48eb8bc14fa7efd4d70b5\",\"name\":\"Nemes Gabor\",\"image\":{\"@type\":\"ImageObject\",\"inLanguage\":\"hu\",\"@id\":\"https:\/\/hirhangya.hu\/#\/schema\/person\/image\/\",\"url\":\"https:\/\/secure.gravatar.com\/avatar\/92c2a9c67399a3a1c5444228b3ae3f850f3218d7c18ff5ed44a84130d5b474f3?s=96&d=mm&r=g\",\"contentUrl\":\"https:\/\/secure.gravatar.com\/avatar\/92c2a9c67399a3a1c5444228b3ae3f850f3218d7c18ff5ed44a84130d5b474f3?s=96&d=mm&r=g\",\"caption\":\"Nemes Gabor\"},\"url\":\"https:\/\/hirhangya.hu\/index.php\/author\/hex324\/\"}]}<\/script>\n<!-- \/ Yoast SEO Premium plugin. -->","yoast_head_json":{"title":"A fideszes B\u00e1nki Erik sem \u00fcl be a parlamentbe - H\u00edrhangya","robots":{"index":"index","follow":"follow","max-snippet":"max-snippet:-1","max-image-preview":"max-image-preview:large","max-video-preview":"max-video-preview:-1"},"canonical":"https:\/\/hirhangya.hu\/index.php\/2026\/04\/26\/a-fideszes-banki-erik-sem-ul-be-a-parlamentbe\/","og_locale":"hu_HU","og_type":"article","og_title":"A fideszes B\u00e1nki Erik sem \u00fcl be a parlamentbe","og_description":"B\u00e1nki Erik bejelentette, hogy nem \u00fcl be az \u00faj parlamentbe, \u00e9s visszavonul a \u201efrontpolitik\u00e1t\u00f3l\u201d; d\u00f6nt\u00e9s\u00e9nek indokait hamarosan r\u00e9szletesen k\u00f6zli k\u00f6z\u00f6ss\u00e9gi oldal\u00e1n. A Fideszbe 1989-ben, 19 \u00e9vesen l\u00e9pett be, a moh\u00e1csi csoport egyik alap\u00edt\u00f3ja, 1998 \u00f3ta folyamatosan orsz\u00e1ggy\u0171l\u00e9si k\u00e9pvisel\u0151 volt (kiv\u00e9ve 2012\u20132014 k\u00f6z\u00f6tti r\u00f6vid eur\u00f3pai parlamenti mand\u00e1tum\u00e1t), id\u00e9n pedig a p\u00e1rt orsz\u00e1gos list\u00e1j\u00e1n a 30. helyr\u0151l [&hellip;]","og_url":"https:\/\/hirhangya.hu\/index.php\/2026\/04\/26\/a-fideszes-banki-erik-sem-ul-be-a-parlamentbe\/","og_site_name":"H\u00edrhangya","article_published_time":"2026-04-26T09:10:34+00:00","author":"Nemes Gabor","twitter_card":"summary_large_image","twitter_misc":{"Szerz\u0151:":"Nemes Gabor","Becs\u00fclt olvas\u00e1si id\u0151":"2 perc"},"schema":{"@context":"https:\/\/schema.org","@graph":[{"@type":"Article","@id":"https:\/\/hirhangya.hu\/index.php\/2026\/04\/26\/a-fideszes-banki-erik-sem-ul-be-a-parlamentbe\/#article","isPartOf":{"@id":"https:\/\/hirhangya.hu\/index.php\/2026\/04\/26\/a-fideszes-banki-erik-sem-ul-be-a-parlamentbe\/"},"author":{"name":"Nemes Gabor","@id":"https:\/\/hirhangya.hu\/#\/schema\/person\/ad1b32f6cde48eb8bc14fa7efd4d70b5"},"headline":"A fideszes B\u00e1nki Erik sem \u00fcl be a parlamentbe","datePublished":"2026-04-26T09:10:34+00:00","mainEntityOfPage":{"@id":"https:\/\/hirhangya.hu\/index.php\/2026\/04\/26\/a-fideszes-banki-erik-sem-ul-be-a-parlamentbe\/"},"wordCount":336,"commentCount":0,"publisher":{"@id":"https:\/\/hirhangya.hu\/#organization"},"image":{"@id":"https:\/\/hirhangya.hu\/index.php\/2026\/04\/26\/a-fideszes-banki-erik-sem-ul-be-a-parlamentbe\/#primaryimage"},"thumbnailUrl":"https:\/\/hirhangya.hu\/wp-content\/uploads\/2026\/04\/8JbfhxlwHX421KptDs-h71uSr.jpg","articleSection":["\u00c1ltal\u00e1nos"],"inLanguage":"hu","potentialAction":[{"@type":"CommentAction","name":"Comment","target":["https:\/\/hirhangya.hu\/index.php\/2026\/04\/26\/a-fideszes-banki-erik-sem-ul-be-a-parlamentbe\/#respond"]}]},{"@type":"WebPage","@id":"https:\/\/hirhangya.hu\/index.php\/2026\/04\/26\/a-fideszes-banki-erik-sem-ul-be-a-parlamentbe\/","url":"https:\/\/hirhangya.hu\/index.php\/2026\/04\/26\/a-fideszes-banki-erik-sem-ul-be-a-parlamentbe\/","name":"A fideszes B\u00e1nki Erik sem \u00fcl be a parlamentbe - H\u00edrhangya","isPartOf":{"@id":"https:\/\/hirhangya.hu\/#website"},"primaryImageOfPage":{"@id":"https:\/\/hirhangya.hu\/index.php\/2026\/04\/26\/a-fideszes-banki-erik-sem-ul-be-a-parlamentbe\/#primaryimage"},"image":{"@id":"https:\/\/hirhangya.hu\/index.php\/2026\/04\/26\/a-fideszes-banki-erik-sem-ul-be-a-parlamentbe\/#primaryimage"},"thumbnailUrl":"https:\/\/hirhangya.hu\/wp-content\/uploads\/2026\/04\/8JbfhxlwHX421KptDs-h71uSr.jpg","datePublished":"2026-04-26T09:10:34+00:00","breadcrumb":{"@id":"https:\/\/hirhangya.hu\/index.php\/2026\/04\/26\/a-fideszes-banki-erik-sem-ul-be-a-parlamentbe\/#breadcrumb"},"inLanguage":"hu","potentialAction":[{"@type":"ReadAction","target":["https:\/\/hirhangya.hu\/index.php\/2026\/04\/26\/a-fideszes-banki-erik-sem-ul-be-a-parlamentbe\/"]}]},{"@type":"ImageObject","inLanguage":"hu","@id":"https:\/\/hirhangya.hu\/index.php\/2026\/04\/26\/a-fideszes-banki-erik-sem-ul-be-a-parlamentbe\/#primaryimage","url":"https:\/\/hirhangya.hu\/wp-content\/uploads\/2026\/04\/8JbfhxlwHX421KptDs-h71uSr.jpg","contentUrl":"https:\/\/hirhangya.hu\/wp-content\/uploads\/2026\/04\/8JbfhxlwHX421KptDs-h71uSr.jpg","width":2000,"height":1333},{"@type":"BreadcrumbList","@id":"https:\/\/hirhangya.hu\/index.php\/2026\/04\/26\/a-fideszes-banki-erik-sem-ul-be-a-parlamentbe\/#breadcrumb","itemListElement":[{"@type":"ListItem","position":1,"name":"Home","item":"https:\/\/hirhangya.hu\/"},{"@type":"ListItem","position":2,"name":"A fideszes B\u00e1nki Erik sem \u00fcl be a parlamentbe"}]},{"@type":"WebSite","@id":"https:\/\/hirhangya.hu\/#website","url":"https:\/\/hirhangya.hu\/","name":"H\u00edrhangya","description":"Szorgalmasan \u00f6sszehordjuk a legfrissebb h\u00edreket","publisher":{"@id":"https:\/\/hirhangya.hu\/#organization"},"potentialAction":[{"@type":"SearchAction","target":{"@type":"EntryPoint","urlTemplate":"https:\/\/hirhangya.hu\/?s={search_term_string}"},"query-input":{"@type":"PropertyValueSpecification","valueRequired":true,"valueName":"search_term_string"}}],"inLanguage":"hu"},{"@type":"Organization","@id":"https:\/\/hirhangya.hu\/#organization","name":"H\u00edrhangya","url":"https:\/\/hirhangya.hu\/","logo":{"@type":"ImageObject","inLanguage":"hu","@id":"https:\/\/hirhangya.hu\/#\/schema\/logo\/image\/","url":"https:\/\/hirhangya.hu\/wp-content\/uploads\/2025\/06\/cropped-cropped-hirhangya-logo-szoveges-scaled-1-e1750064323596.jpg","contentUrl":"https:\/\/hirhangya.hu\/wp-content\/uploads\/2025\/06\/cropped-cropped-hirhangya-logo-szoveges-scaled-1-e1750064323596.jpg","width":350,"height":100,"caption":"H\u00edrhangya"},"image":{"@id":"https:\/\/hirhangya.hu\/#\/schema\/logo\/image\/"}},{"@type":"Person","@id":"https:\/\/hirhangya.hu\/#\/schema\/person\/ad1b32f6cde48eb8bc14fa7efd4d70b5","name":"Nemes Gabor","image":{"@type":"ImageObject","inLanguage":"hu","@id":"https:\/\/hirhangya.hu\/#\/schema\/person\/image\/","url":"https:\/\/secure.gravatar.com\/avatar\/92c2a9c67399a3a1c5444228b3ae3f850f3218d7c18ff5ed44a84130d5b474f3?s=96&d=mm&r=g","contentUrl":"https:\/\/secure.gravatar.com\/avatar\/92c2a9c67399a3a1c5444228b3ae3f850f3218d7c18ff5ed44a84130d5b474f3?s=96&d=mm&r=g","caption":"Nemes Gabor"},"url":"https:\/\/hirhangya.hu\/index.php\/author\/hex324\/"}]}},"_links":{"self":[{"href":"https:\/\/hirhangya.hu\/index.php\/wp-json\/wp\/v2\/posts\/93316","targetHints":{"allow":["GET"]}}],"collection":[{"href":"https:\/\/hirhangya.hu\/index.php\/wp-json\/wp\/v2\/posts"}],"about":[{"href":"https:\/\/hirhangya.hu\/index.php\/wp-json\/wp\/v2\/types\/post"}],"author":[{"embeddable":true,"href":"https:\/\/hirhangya.hu\/index.php\/wp-json\/wp\/v2\/users\/2"}],"replies":[{"embeddable":true,"href":"https:\/\/hirhangya.hu\/index.php\/wp-json\/wp\/v2\/comments?post=93316"}],"version-history":[{"count":0,"href":"https:\/\/hirhangya.hu\/index.php\/wp-json\/wp\/v2\/posts\/93316\/revisions"}],"wp:featuredmedia":[{"embeddable":true,"href":"https:\/\/hirhangya.hu\/index.php\/wp-json\/wp\/v2\/media\/93317"}],"wp:attachment":[{"href":"https:\/\/hirhangya.hu\/index.php\/wp-json\/wp\/v2\/media?parent=93316"}],"wp:term":[{"taxonomy":"category","embeddable":true,"href":"https:\/\/hirhangya.hu\/index.php\/wp-json\/wp\/v2\/categories?post=93316"},{"taxonomy":"post_tag","embeddable":true,"href":"https:\/\/hirhangya.hu\/index.php\/wp-json\/wp\/v2\/tags?post=93316"}],"curies":[{"name":"wp","href":"https:\/\/api.w.org\/{rel}","templated":true}]}}