{"id":93650,"date":"2026-04-27T09:12:06","date_gmt":"2026-04-27T09:12:06","guid":{"rendered":"https:\/\/hirhangya.hu\/index.php\/2026\/04\/27\/varga-judit-nem-tett-vallomast-a-magyar-peterrel-kapcsolatos-allitasai-ugyeben\/"},"modified":"2026-04-27T09:12:06","modified_gmt":"2026-04-27T09:12:06","slug":"varga-judit-nem-tett-vallomast-a-magyar-peterrel-kapcsolatos-allitasai-ugyeben","status":"publish","type":"post","link":"https:\/\/hirhangya.hu\/index.php\/2026\/04\/27\/varga-judit-nem-tett-vallomast-a-magyar-peterrel-kapcsolatos-allitasai-ugyeben\/","title":{"rendered":"Varga Judit nem tett vallom\u00e1st a Magyar P\u00e9terrel kapcsolatos \u00e1ll\u00edt\u00e1sai \u00fcgy\u00e9ben"},"content":{"rendered":"<p>A T\u00e9nyi Istv\u00e1n \u00e1ltal 2024. m\u00e1rcius 27-\u00e9n tett feljelent\u00e9s nyom\u00e1n indult elj\u00e1r\u00e1st, amely Varga Judit volt igazs\u00e1g\u00fcgyi miniszter egy interj\u00faj\u00e1ban elhangzott \u00e1ll\u00edt\u00e1saira reag\u00e1lt, bizony\u00edtotts\u00e1g hi\u00e1ny\u00e1ban megsz\u00fcntett\u00e9k. Varga az interj\u00faban azt \u00e1ll\u00edtotta, hogy m\u00e9g h\u00e1zass\u00e1gban Magyar P\u00e9terrel egyszer bez\u00e1rta \u0151t egy szob\u00e1ba, \u00e9s csak gyerekei seg\u00edts\u00e9g\u00e9vel tudott kijutni; a feljelent\u00e9s szem\u00e9lyi szabads\u00e1g megs\u00e9rt\u00e9s\u00e9re \u00e9s kiskor\u00fa vesz\u00e9lyeztet\u00e9s\u00e9re ir\u00e1nyult. A Nemzeti Nyomoz\u00f3 Iroda mindk\u00e9t gyan\u00fat elutas\u00edtotta, mert nem \u00e1lltak rendelkez\u00e9sre elegend\u0151 adatok, az \u00fcgy 2024 december\u00e9ben a F\u0151v\u00e1rosi Nyomoz\u00f3 \u00dcgy\u00e9szs\u00e9ghez ker\u00fclt \u00e1t, Varga nem tett vallom\u00e1st \u00e9s rend\u0151ri int\u00e9zked\u00e9s sem t\u00f6rt\u00e9nt, ez\u00e9rt mivel nem maradt olyan elj\u00e1r\u00e1si l\u00e9p\u00e9s, amely \u00e9rdemben hozz\u00e1j\u00e1rulhatna az \u00fcgy tiszt\u00e1z\u00e1s\u00e1hoz, \u00e9s a rendelkez\u00e9sre \u00e1ll\u00f3 adatok alapj\u00e1n nem \u00e1llap\u00edthat\u00f3 meg k\u00e9ts\u00e9get kiz\u00e1r\u00f3an b\u0171ncselekm\u00e9ny, az elj\u00e1r\u00e1st megsz\u00fcntett\u00e9k.<\/p>\n<p>Ha b\u00e1ntalmaz\u00e1s \u00e1ldozata, joga van seg\u00edts\u00e9get k\u00e9rni; az Orsz\u00e1gos Kr\u00edziskezel\u0151 \u00e9s Inform\u00e1ci\u00f3s Telefonszolg\u00e1lat napi 24 \u00f3r\u00e1ban, Magyarorsz\u00e1gr\u00f3l ingyenesen h\u00edvhat\u00f3 a 06 80 205 520-as sz\u00e1mon, a NANE seg\u00e9lyvonal b\u00e1ntalmazott n\u0151knek: 06 80 505 101, a PATENT Egyes\u00fclet jogseg\u00e9ly-szolg\u00e1lata: 06 80 808 081.<\/p>\n<p>Eredeti cikk: <a href=\"https:\/\/444.hu\/2026\/04\/27\/varga-judit-nem-tett-vallomast-a-magyar-peterrel-kapcsolatos-allitasai-ugyeben?utm_source=rss_feed&amp;utm_medium=rss&amp;utm_campaign=rss_syndication\" target=\"_blank\" class=\"feedzy-rss-link-icon\">elolvasom<\/a><\/p>\n","protected":false},"excerpt":{"rendered":"<p>A T\u00e9nyi Istv\u00e1n \u00e1ltal 2024. m\u00e1rcius 27-\u00e9n tett feljelent\u00e9s nyom\u00e1n indult elj\u00e1r\u00e1st, amely Varga Judit volt igazs\u00e1g\u00fcgyi miniszter egy interj\u00faj\u00e1ban elhangzott \u00e1ll\u00edt\u00e1saira reag\u00e1lt, bizony\u00edtotts\u00e1g hi\u00e1ny\u00e1ban megsz\u00fcntett\u00e9k. Varga az interj\u00faban azt \u00e1ll\u00edtotta, hogy m\u00e9g h\u00e1zass\u00e1gban Magyar P\u00e9terrel egyszer bez\u00e1rta \u0151t egy szob\u00e1ba, \u00e9s csak gyerekei seg\u00edts\u00e9g\u00e9vel tudott kijutni; a feljelent\u00e9s szem\u00e9lyi szabads\u00e1g megs\u00e9rt\u00e9s\u00e9re \u00e9s kiskor\u00fa vesz\u00e9lyeztet\u00e9s\u00e9re [&hellip;]<\/p>\n","protected":false},"author":2,"featured_media":93651,"comment_status":"open","ping_status":"open","sticky":false,"template":"","format":"standard","meta":{"footnotes":""},"categories":[147],"tags":[],"class_list":["post-93650","post","type-post","status-publish","format-standard","has-post-thumbnail","hentry","category-altalanos"],"yoast_head":"<!-- This site is optimized with the Yoast SEO Premium plugin v26.2 (Yoast SEO v26.3) - https:\/\/yoast.com\/wordpress\/plugins\/seo\/ -->\n<title>Varga Judit nem tett vallom\u00e1st a Magyar P\u00e9terrel kapcsolatos \u00e1ll\u00edt\u00e1sai \u00fcgy\u00e9ben - H\u00edrhangya<\/title>\n<meta name=\"robots\" content=\"index, follow, max-snippet:-1, max-image-preview:large, max-video-preview:-1\" \/>\n<link rel=\"canonical\" href=\"https:\/\/hirhangya.hu\/index.php\/2026\/04\/27\/varga-judit-nem-tett-vallomast-a-magyar-peterrel-kapcsolatos-allitasai-ugyeben\/\" \/>\n<meta property=\"og:locale\" content=\"hu_HU\" \/>\n<meta property=\"og:type\" content=\"article\" \/>\n<meta property=\"og:title\" content=\"Varga Judit nem tett vallom\u00e1st a Magyar P\u00e9terrel kapcsolatos \u00e1ll\u00edt\u00e1sai \u00fcgy\u00e9ben\" \/>\n<meta property=\"og:description\" content=\"A T\u00e9nyi Istv\u00e1n \u00e1ltal 2024. m\u00e1rcius 27-\u00e9n tett feljelent\u00e9s nyom\u00e1n indult elj\u00e1r\u00e1st, amely Varga Judit volt igazs\u00e1g\u00fcgyi miniszter egy interj\u00faj\u00e1ban elhangzott \u00e1ll\u00edt\u00e1saira reag\u00e1lt, bizony\u00edtotts\u00e1g hi\u00e1ny\u00e1ban megsz\u00fcntett\u00e9k. Varga az interj\u00faban azt \u00e1ll\u00edtotta, hogy m\u00e9g h\u00e1zass\u00e1gban Magyar P\u00e9terrel egyszer bez\u00e1rta \u0151t egy szob\u00e1ba, \u00e9s csak gyerekei seg\u00edts\u00e9g\u00e9vel tudott kijutni; a feljelent\u00e9s szem\u00e9lyi szabads\u00e1g megs\u00e9rt\u00e9s\u00e9re \u00e9s kiskor\u00fa vesz\u00e9lyeztet\u00e9s\u00e9re [&hellip;]\" \/>\n<meta property=\"og:url\" content=\"https:\/\/hirhangya.hu\/index.php\/2026\/04\/27\/varga-judit-nem-tett-vallomast-a-magyar-peterrel-kapcsolatos-allitasai-ugyeben\/\" \/>\n<meta property=\"og:site_name\" content=\"H\u00edrhangya\" \/>\n<meta property=\"article:published_time\" content=\"2026-04-27T09:12:06+00:00\" \/>\n<meta name=\"author\" content=\"Nemes Gabor\" \/>\n<meta name=\"twitter:card\" content=\"summary_large_image\" \/>\n<meta name=\"twitter:label1\" content=\"Szerz\u0151:\" \/>\n\t<meta name=\"twitter:data1\" content=\"Nemes Gabor\" \/>\n\t<meta name=\"twitter:label2\" content=\"Becs\u00fclt olvas\u00e1si id\u0151\" \/>\n\t<meta name=\"twitter:data2\" content=\"1 perc\" \/>\n<script type=\"application\/ld+json\" class=\"yoast-schema-graph\">{\"@context\":\"https:\/\/schema.org\",\"@graph\":[{\"@type\":\"Article\",\"@id\":\"https:\/\/hirhangya.hu\/index.php\/2026\/04\/27\/varga-judit-nem-tett-vallomast-a-magyar-peterrel-kapcsolatos-allitasai-ugyeben\/#article\",\"isPartOf\":{\"@id\":\"https:\/\/hirhangya.hu\/index.php\/2026\/04\/27\/varga-judit-nem-tett-vallomast-a-magyar-peterrel-kapcsolatos-allitasai-ugyeben\/\"},\"author\":{\"name\":\"Nemes Gabor\",\"@id\":\"https:\/\/hirhangya.hu\/#\/schema\/person\/ad1b32f6cde48eb8bc14fa7efd4d70b5\"},\"headline\":\"Varga Judit nem tett vallom\u00e1st a Magyar P\u00e9terrel kapcsolatos \u00e1ll\u00edt\u00e1sai \u00fcgy\u00e9ben\",\"datePublished\":\"2026-04-27T09:12:06+00:00\",\"mainEntityOfPage\":{\"@id\":\"https:\/\/hirhangya.hu\/index.php\/2026\/04\/27\/varga-judit-nem-tett-vallomast-a-magyar-peterrel-kapcsolatos-allitasai-ugyeben\/\"},\"wordCount\":265,\"commentCount\":0,\"publisher\":{\"@id\":\"https:\/\/hirhangya.hu\/#organization\"},\"image\":{\"@id\":\"https:\/\/hirhangya.hu\/index.php\/2026\/04\/27\/varga-judit-nem-tett-vallomast-a-magyar-peterrel-kapcsolatos-allitasai-ugyeben\/#primaryimage\"},\"thumbnailUrl\":\"https:\/\/hirhangya.hu\/wp-content\/uploads\/2026\/04\/81gOIXcwVQsBhiP2s-JjTEi1.jpg\",\"articleSection\":[\"\u00c1ltal\u00e1nos\"],\"inLanguage\":\"hu\",\"potentialAction\":[{\"@type\":\"CommentAction\",\"name\":\"Comment\",\"target\":[\"https:\/\/hirhangya.hu\/index.php\/2026\/04\/27\/varga-judit-nem-tett-vallomast-a-magyar-peterrel-kapcsolatos-allitasai-ugyeben\/#respond\"]}]},{\"@type\":\"WebPage\",\"@id\":\"https:\/\/hirhangya.hu\/index.php\/2026\/04\/27\/varga-judit-nem-tett-vallomast-a-magyar-peterrel-kapcsolatos-allitasai-ugyeben\/\",\"url\":\"https:\/\/hirhangya.hu\/index.php\/2026\/04\/27\/varga-judit-nem-tett-vallomast-a-magyar-peterrel-kapcsolatos-allitasai-ugyeben\/\",\"name\":\"Varga Judit nem tett vallom\u00e1st a Magyar P\u00e9terrel kapcsolatos \u00e1ll\u00edt\u00e1sai \u00fcgy\u00e9ben - H\u00edrhangya\",\"isPartOf\":{\"@id\":\"https:\/\/hirhangya.hu\/#website\"},\"primaryImageOfPage\":{\"@id\":\"https:\/\/hirhangya.hu\/index.php\/2026\/04\/27\/varga-judit-nem-tett-vallomast-a-magyar-peterrel-kapcsolatos-allitasai-ugyeben\/#primaryimage\"},\"image\":{\"@id\":\"https:\/\/hirhangya.hu\/index.php\/2026\/04\/27\/varga-judit-nem-tett-vallomast-a-magyar-peterrel-kapcsolatos-allitasai-ugyeben\/#primaryimage\"},\"thumbnailUrl\":\"https:\/\/hirhangya.hu\/wp-content\/uploads\/2026\/04\/81gOIXcwVQsBhiP2s-JjTEi1.jpg\",\"datePublished\":\"2026-04-27T09:12:06+00:00\",\"breadcrumb\":{\"@id\":\"https:\/\/hirhangya.hu\/index.php\/2026\/04\/27\/varga-judit-nem-tett-vallomast-a-magyar-peterrel-kapcsolatos-allitasai-ugyeben\/#breadcrumb\"},\"inLanguage\":\"hu\",\"potentialAction\":[{\"@type\":\"ReadAction\",\"target\":[\"https:\/\/hirhangya.hu\/index.php\/2026\/04\/27\/varga-judit-nem-tett-vallomast-a-magyar-peterrel-kapcsolatos-allitasai-ugyeben\/\"]}]},{\"@type\":\"ImageObject\",\"inLanguage\":\"hu\",\"@id\":\"https:\/\/hirhangya.hu\/index.php\/2026\/04\/27\/varga-judit-nem-tett-vallomast-a-magyar-peterrel-kapcsolatos-allitasai-ugyeben\/#primaryimage\",\"url\":\"https:\/\/hirhangya.hu\/wp-content\/uploads\/2026\/04\/81gOIXcwVQsBhiP2s-JjTEi1.jpg\",\"contentUrl\":\"https:\/\/hirhangya.hu\/wp-content\/uploads\/2026\/04\/81gOIXcwVQsBhiP2s-JjTEi1.jpg\",\"width\":2000,\"height\":1145},{\"@type\":\"BreadcrumbList\",\"@id\":\"https:\/\/hirhangya.hu\/index.php\/2026\/04\/27\/varga-judit-nem-tett-vallomast-a-magyar-peterrel-kapcsolatos-allitasai-ugyeben\/#breadcrumb\",\"itemListElement\":[{\"@type\":\"ListItem\",\"position\":1,\"name\":\"Home\",\"item\":\"https:\/\/hirhangya.hu\/\"},{\"@type\":\"ListItem\",\"position\":2,\"name\":\"Varga Judit nem tett vallom\u00e1st a Magyar P\u00e9terrel kapcsolatos \u00e1ll\u00edt\u00e1sai \u00fcgy\u00e9ben\"}]},{\"@type\":\"WebSite\",\"@id\":\"https:\/\/hirhangya.hu\/#website\",\"url\":\"https:\/\/hirhangya.hu\/\",\"name\":\"H\u00edrhangya\",\"description\":\"Szorgalmasan \u00f6sszehordjuk a legfrissebb h\u00edreket\",\"publisher\":{\"@id\":\"https:\/\/hirhangya.hu\/#organization\"},\"potentialAction\":[{\"@type\":\"SearchAction\",\"target\":{\"@type\":\"EntryPoint\",\"urlTemplate\":\"https:\/\/hirhangya.hu\/?s={search_term_string}\"},\"query-input\":{\"@type\":\"PropertyValueSpecification\",\"valueRequired\":true,\"valueName\":\"search_term_string\"}}],\"inLanguage\":\"hu\"},{\"@type\":\"Organization\",\"@id\":\"https:\/\/hirhangya.hu\/#organization\",\"name\":\"H\u00edrhangya\",\"url\":\"https:\/\/hirhangya.hu\/\",\"logo\":{\"@type\":\"ImageObject\",\"inLanguage\":\"hu\",\"@id\":\"https:\/\/hirhangya.hu\/#\/schema\/logo\/image\/\",\"url\":\"https:\/\/hirhangya.hu\/wp-content\/uploads\/2025\/06\/cropped-cropped-hirhangya-logo-szoveges-scaled-1-e1750064323596.jpg\",\"contentUrl\":\"https:\/\/hirhangya.hu\/wp-content\/uploads\/2025\/06\/cropped-cropped-hirhangya-logo-szoveges-scaled-1-e1750064323596.jpg\",\"width\":350,\"height\":100,\"caption\":\"H\u00edrhangya\"},\"image\":{\"@id\":\"https:\/\/hirhangya.hu\/#\/schema\/logo\/image\/\"}},{\"@type\":\"Person\",\"@id\":\"https:\/\/hirhangya.hu\/#\/schema\/person\/ad1b32f6cde48eb8bc14fa7efd4d70b5\",\"name\":\"Nemes Gabor\",\"image\":{\"@type\":\"ImageObject\",\"inLanguage\":\"hu\",\"@id\":\"https:\/\/hirhangya.hu\/#\/schema\/person\/image\/\",\"url\":\"https:\/\/secure.gravatar.com\/avatar\/92c2a9c67399a3a1c5444228b3ae3f850f3218d7c18ff5ed44a84130d5b474f3?s=96&d=mm&r=g\",\"contentUrl\":\"https:\/\/secure.gravatar.com\/avatar\/92c2a9c67399a3a1c5444228b3ae3f850f3218d7c18ff5ed44a84130d5b474f3?s=96&d=mm&r=g\",\"caption\":\"Nemes Gabor\"},\"url\":\"https:\/\/hirhangya.hu\/index.php\/author\/hex324\/\"}]}<\/script>\n<!-- \/ Yoast SEO Premium plugin. -->","yoast_head_json":{"title":"Varga Judit nem tett vallom\u00e1st a Magyar P\u00e9terrel kapcsolatos \u00e1ll\u00edt\u00e1sai \u00fcgy\u00e9ben - H\u00edrhangya","robots":{"index":"index","follow":"follow","max-snippet":"max-snippet:-1","max-image-preview":"max-image-preview:large","max-video-preview":"max-video-preview:-1"},"canonical":"https:\/\/hirhangya.hu\/index.php\/2026\/04\/27\/varga-judit-nem-tett-vallomast-a-magyar-peterrel-kapcsolatos-allitasai-ugyeben\/","og_locale":"hu_HU","og_type":"article","og_title":"Varga Judit nem tett vallom\u00e1st a Magyar P\u00e9terrel kapcsolatos \u00e1ll\u00edt\u00e1sai \u00fcgy\u00e9ben","og_description":"A T\u00e9nyi Istv\u00e1n \u00e1ltal 2024. m\u00e1rcius 27-\u00e9n tett feljelent\u00e9s nyom\u00e1n indult elj\u00e1r\u00e1st, amely Varga Judit volt igazs\u00e1g\u00fcgyi miniszter egy interj\u00faj\u00e1ban elhangzott \u00e1ll\u00edt\u00e1saira reag\u00e1lt, bizony\u00edtotts\u00e1g hi\u00e1ny\u00e1ban megsz\u00fcntett\u00e9k. Varga az interj\u00faban azt \u00e1ll\u00edtotta, hogy m\u00e9g h\u00e1zass\u00e1gban Magyar P\u00e9terrel egyszer bez\u00e1rta \u0151t egy szob\u00e1ba, \u00e9s csak gyerekei seg\u00edts\u00e9g\u00e9vel tudott kijutni; a feljelent\u00e9s szem\u00e9lyi szabads\u00e1g megs\u00e9rt\u00e9s\u00e9re \u00e9s kiskor\u00fa vesz\u00e9lyeztet\u00e9s\u00e9re [&hellip;]","og_url":"https:\/\/hirhangya.hu\/index.php\/2026\/04\/27\/varga-judit-nem-tett-vallomast-a-magyar-peterrel-kapcsolatos-allitasai-ugyeben\/","og_site_name":"H\u00edrhangya","article_published_time":"2026-04-27T09:12:06+00:00","author":"Nemes Gabor","twitter_card":"summary_large_image","twitter_misc":{"Szerz\u0151:":"Nemes Gabor","Becs\u00fclt olvas\u00e1si id\u0151":"1 perc"},"schema":{"@context":"https:\/\/schema.org","@graph":[{"@type":"Article","@id":"https:\/\/hirhangya.hu\/index.php\/2026\/04\/27\/varga-judit-nem-tett-vallomast-a-magyar-peterrel-kapcsolatos-allitasai-ugyeben\/#article","isPartOf":{"@id":"https:\/\/hirhangya.hu\/index.php\/2026\/04\/27\/varga-judit-nem-tett-vallomast-a-magyar-peterrel-kapcsolatos-allitasai-ugyeben\/"},"author":{"name":"Nemes Gabor","@id":"https:\/\/hirhangya.hu\/#\/schema\/person\/ad1b32f6cde48eb8bc14fa7efd4d70b5"},"headline":"Varga Judit nem tett vallom\u00e1st a Magyar P\u00e9terrel kapcsolatos \u00e1ll\u00edt\u00e1sai \u00fcgy\u00e9ben","datePublished":"2026-04-27T09:12:06+00:00","mainEntityOfPage":{"@id":"https:\/\/hirhangya.hu\/index.php\/2026\/04\/27\/varga-judit-nem-tett-vallomast-a-magyar-peterrel-kapcsolatos-allitasai-ugyeben\/"},"wordCount":265,"commentCount":0,"publisher":{"@id":"https:\/\/hirhangya.hu\/#organization"},"image":{"@id":"https:\/\/hirhangya.hu\/index.php\/2026\/04\/27\/varga-judit-nem-tett-vallomast-a-magyar-peterrel-kapcsolatos-allitasai-ugyeben\/#primaryimage"},"thumbnailUrl":"https:\/\/hirhangya.hu\/wp-content\/uploads\/2026\/04\/81gOIXcwVQsBhiP2s-JjTEi1.jpg","articleSection":["\u00c1ltal\u00e1nos"],"inLanguage":"hu","potentialAction":[{"@type":"CommentAction","name":"Comment","target":["https:\/\/hirhangya.hu\/index.php\/2026\/04\/27\/varga-judit-nem-tett-vallomast-a-magyar-peterrel-kapcsolatos-allitasai-ugyeben\/#respond"]}]},{"@type":"WebPage","@id":"https:\/\/hirhangya.hu\/index.php\/2026\/04\/27\/varga-judit-nem-tett-vallomast-a-magyar-peterrel-kapcsolatos-allitasai-ugyeben\/","url":"https:\/\/hirhangya.hu\/index.php\/2026\/04\/27\/varga-judit-nem-tett-vallomast-a-magyar-peterrel-kapcsolatos-allitasai-ugyeben\/","name":"Varga Judit nem tett vallom\u00e1st a Magyar P\u00e9terrel kapcsolatos \u00e1ll\u00edt\u00e1sai \u00fcgy\u00e9ben - H\u00edrhangya","isPartOf":{"@id":"https:\/\/hirhangya.hu\/#website"},"primaryImageOfPage":{"@id":"https:\/\/hirhangya.hu\/index.php\/2026\/04\/27\/varga-judit-nem-tett-vallomast-a-magyar-peterrel-kapcsolatos-allitasai-ugyeben\/#primaryimage"},"image":{"@id":"https:\/\/hirhangya.hu\/index.php\/2026\/04\/27\/varga-judit-nem-tett-vallomast-a-magyar-peterrel-kapcsolatos-allitasai-ugyeben\/#primaryimage"},"thumbnailUrl":"https:\/\/hirhangya.hu\/wp-content\/uploads\/2026\/04\/81gOIXcwVQsBhiP2s-JjTEi1.jpg","datePublished":"2026-04-27T09:12:06+00:00","breadcrumb":{"@id":"https:\/\/hirhangya.hu\/index.php\/2026\/04\/27\/varga-judit-nem-tett-vallomast-a-magyar-peterrel-kapcsolatos-allitasai-ugyeben\/#breadcrumb"},"inLanguage":"hu","potentialAction":[{"@type":"ReadAction","target":["https:\/\/hirhangya.hu\/index.php\/2026\/04\/27\/varga-judit-nem-tett-vallomast-a-magyar-peterrel-kapcsolatos-allitasai-ugyeben\/"]}]},{"@type":"ImageObject","inLanguage":"hu","@id":"https:\/\/hirhangya.hu\/index.php\/2026\/04\/27\/varga-judit-nem-tett-vallomast-a-magyar-peterrel-kapcsolatos-allitasai-ugyeben\/#primaryimage","url":"https:\/\/hirhangya.hu\/wp-content\/uploads\/2026\/04\/81gOIXcwVQsBhiP2s-JjTEi1.jpg","contentUrl":"https:\/\/hirhangya.hu\/wp-content\/uploads\/2026\/04\/81gOIXcwVQsBhiP2s-JjTEi1.jpg","width":2000,"height":1145},{"@type":"BreadcrumbList","@id":"https:\/\/hirhangya.hu\/index.php\/2026\/04\/27\/varga-judit-nem-tett-vallomast-a-magyar-peterrel-kapcsolatos-allitasai-ugyeben\/#breadcrumb","itemListElement":[{"@type":"ListItem","position":1,"name":"Home","item":"https:\/\/hirhangya.hu\/"},{"@type":"ListItem","position":2,"name":"Varga Judit nem tett vallom\u00e1st a Magyar P\u00e9terrel kapcsolatos \u00e1ll\u00edt\u00e1sai \u00fcgy\u00e9ben"}]},{"@type":"WebSite","@id":"https:\/\/hirhangya.hu\/#website","url":"https:\/\/hirhangya.hu\/","name":"H\u00edrhangya","description":"Szorgalmasan \u00f6sszehordjuk a legfrissebb h\u00edreket","publisher":{"@id":"https:\/\/hirhangya.hu\/#organization"},"potentialAction":[{"@type":"SearchAction","target":{"@type":"EntryPoint","urlTemplate":"https:\/\/hirhangya.hu\/?s={search_term_string}"},"query-input":{"@type":"PropertyValueSpecification","valueRequired":true,"valueName":"search_term_string"}}],"inLanguage":"hu"},{"@type":"Organization","@id":"https:\/\/hirhangya.hu\/#organization","name":"H\u00edrhangya","url":"https:\/\/hirhangya.hu\/","logo":{"@type":"ImageObject","inLanguage":"hu","@id":"https:\/\/hirhangya.hu\/#\/schema\/logo\/image\/","url":"https:\/\/hirhangya.hu\/wp-content\/uploads\/2025\/06\/cropped-cropped-hirhangya-logo-szoveges-scaled-1-e1750064323596.jpg","contentUrl":"https:\/\/hirhangya.hu\/wp-content\/uploads\/2025\/06\/cropped-cropped-hirhangya-logo-szoveges-scaled-1-e1750064323596.jpg","width":350,"height":100,"caption":"H\u00edrhangya"},"image":{"@id":"https:\/\/hirhangya.hu\/#\/schema\/logo\/image\/"}},{"@type":"Person","@id":"https:\/\/hirhangya.hu\/#\/schema\/person\/ad1b32f6cde48eb8bc14fa7efd4d70b5","name":"Nemes Gabor","image":{"@type":"ImageObject","inLanguage":"hu","@id":"https:\/\/hirhangya.hu\/#\/schema\/person\/image\/","url":"https:\/\/secure.gravatar.com\/avatar\/92c2a9c67399a3a1c5444228b3ae3f850f3218d7c18ff5ed44a84130d5b474f3?s=96&d=mm&r=g","contentUrl":"https:\/\/secure.gravatar.com\/avatar\/92c2a9c67399a3a1c5444228b3ae3f850f3218d7c18ff5ed44a84130d5b474f3?s=96&d=mm&r=g","caption":"Nemes Gabor"},"url":"https:\/\/hirhangya.hu\/index.php\/author\/hex324\/"}]}},"_links":{"self":[{"href":"https:\/\/hirhangya.hu\/index.php\/wp-json\/wp\/v2\/posts\/93650","targetHints":{"allow":["GET"]}}],"collection":[{"href":"https:\/\/hirhangya.hu\/index.php\/wp-json\/wp\/v2\/posts"}],"about":[{"href":"https:\/\/hirhangya.hu\/index.php\/wp-json\/wp\/v2\/types\/post"}],"author":[{"embeddable":true,"href":"https:\/\/hirhangya.hu\/index.php\/wp-json\/wp\/v2\/users\/2"}],"replies":[{"embeddable":true,"href":"https:\/\/hirhangya.hu\/index.php\/wp-json\/wp\/v2\/comments?post=93650"}],"version-history":[{"count":0,"href":"https:\/\/hirhangya.hu\/index.php\/wp-json\/wp\/v2\/posts\/93650\/revisions"}],"wp:featuredmedia":[{"embeddable":true,"href":"https:\/\/hirhangya.hu\/index.php\/wp-json\/wp\/v2\/media\/93651"}],"wp:attachment":[{"href":"https:\/\/hirhangya.hu\/index.php\/wp-json\/wp\/v2\/media?parent=93650"}],"wp:term":[{"taxonomy":"category","embeddable":true,"href":"https:\/\/hirhangya.hu\/index.php\/wp-json\/wp\/v2\/categories?post=93650"},{"taxonomy":"post_tag","embeddable":true,"href":"https:\/\/hirhangya.hu\/index.php\/wp-json\/wp\/v2\/tags?post=93650"}],"curies":[{"name":"wp","href":"https:\/\/api.w.org\/{rel}","templated":true}]}}