{"id":94172,"date":"2026-04-28T21:11:38","date_gmt":"2026-04-28T21:11:38","guid":{"rendered":"https:\/\/hirhangya.hu\/index.php\/2026\/04\/28\/fiam-nem-fogsz-bortonbe-menni-kiabalta-szabo-bence-apja-a-telefonba-a-valasztas-ejszakajan\/"},"modified":"2026-04-28T21:11:38","modified_gmt":"2026-04-28T21:11:38","slug":"fiam-nem-fogsz-bortonbe-menni-kiabalta-szabo-bence-apja-a-telefonba-a-valasztas-ejszakajan","status":"publish","type":"post","link":"https:\/\/hirhangya.hu\/index.php\/2026\/04\/28\/fiam-nem-fogsz-bortonbe-menni-kiabalta-szabo-bence-apja-a-telefonba-a-valasztas-ejszakajan\/","title":{"rendered":"\u201eFiam, nem fogsz b\u00f6rt\u00f6nbe menni!\u201d \u2013 kiab\u00e1lta Szab\u00f3 Bence apja a telefonba a v\u00e1laszt\u00e1s \u00e9jszak\u00e1j\u00e1n"},"content":{"rendered":"<p>Szab\u00f3 Bence, a volt NNI-s sz\u00e1zados \u00fajabb, hossz\u00fa interj\u00fat adott a Telexnek, amelyben felid\u00e9zte az orsz\u00e1ggy\u0171l\u00e9si v\u00e1laszt\u00e1sok napj\u00e1t \u00e9s azt is, amikor Orb\u00e1n Viktor k\u00fcl\u00f6n megfenyegette, ami miatt att\u00f3l tartott, hogy a korm\u00e1ny marad\u00e1sa eset\u00e9n nem sz\u00e1m\u00edthat tisztess\u00e9ges elj\u00e1r\u00e1sra a b\u00fcntet\u0151\u00fcgy\u00e9ben. A korai, p\u00e1r sz\u00e1zal\u00e9kos feldolgozotts\u00e1g\u00fa eredm\u00e9nyekn\u00e9l nagy volt a szorong\u00e1s, k\u00e9s\u0151bb azonban megk\u00f6nnyebb\u00fclt; apja, szint\u00e9n rend\u0151r, a Batthy\u00e1ny t\u00e9ri t\u00f6megben felh\u00edvta \u00e9s biztos\u00edtotta, hogy \u201eFiam, nem fogsz b\u00f6rt\u00f6nbe menni!\u201d. Szab\u00f3 elmond\u00e1sa szerint ugyan nem sz\u00e1m\u00edt arra, hogy b\u00f6rt\u00f6nbe ker\u00fcl, de fel van k\u00e9sz\u00fclve \u00e9s el is v\u00e1rja, hogy az \u00fcgy\u00e9ben tov\u00e1bb folytass\u00e1k a nyomoz\u00e1st. A Direkt36 cikke szerint az Alkotm\u00e1nyv\u00e9delmi Hivatal nyom\u00e1s\u00e1ra kamu pedofilv\u00e1d miatt kellett nyomozniuk k\u00e9t, a Tisza-p\u00e1rthoz k\u00f6t\u0151d\u0151 informatikus ellen; miut\u00e1n Szab\u00f3t mint f\u0151 forr\u00e1st bevitt\u00e9k az \u00fcgy\u00e9szs\u00e9gre, febru\u00e1rban k\u00e9sz\u00fclt arccal \u00e9s n\u00e9vvel v\u00e1llalt vide\u00f3interj\u00faja is napvil\u00e1gra ker\u00fclt, amelyet k\u00f6zel h\u00e1rommilli\u00f3szor ind\u00edtottak el. A vide\u00f3 ut\u00e1n a Nemzeti Nyomoz\u00f3 Iroda kiberb\u0171n\u00f6z\u00e9s elleni f\u0151oszt\u00e1ly\u00e1nak kiemelt nyomoz\u00f3j\u00e1t azonnal elbocs\u00e1tott\u00e1k, \u00e9s a K\u00f6zponti Nyomoz\u00f3 F\u0151\u00fcgy\u00e9szs\u00e9g hivatali vissza\u00e9l\u00e9s miatt gyan\u00fas\u00edtotta meg; ezut\u00e1n meglep\u0151en sok t\u00e1mogat\u00e1s \u00e9rkezett, a befolyt 260 milli\u00f3 nagy r\u00e9sz\u00e9t Szab\u00f3 sz\u00e9tosztotta. Fel\u00e1llt a Rendszerbont\u00f3 Nagykoncert sz\u00ednpad\u00e1ra is, ahol P\u00e1link\u00e1s Szilveszterrel egy\u00fctt \u00fcnnepelt\u00e9k, \u00e9s az\u00f3ta napi kapcsolatban vannak, bar\u00e1ts\u00e1g alakult ki k\u00f6zt\u00fck; a koncert egyben Szab\u00f3 34. sz\u00fclet\u00e9snapj\u00e1ra esett. A botr\u00e1ny kirobban\u00e1sa \u00f3ta r\u00f3la m\u00e1s jelleg\u0171 h\u00edrek is megjelentek.<\/p>\n<p>Szab\u00f3 panaszt ny\u00fajtott be elbocs\u00e1t\u00e1sa ellen, \u00e9s nyomoz\u00e1s indult az interj\u00faj\u00e1ban elmondottak miatt; nem tartja elk\u00e9pzelhetetlennek, hogy az\u00e9rt is szankcion\u00e1lj\u00e1k, mert inform\u00e1ci\u00f3kat szolg\u00e1ltatott a sajt\u00f3nak. A folyamatban l\u00e9v\u0151 b\u00fcntet\u0151\u00fcgy szerinte megakad\u00e1lyozza, hogy visszat\u00e9rjen az \u00e1llom\u00e1nyba, amit nagyon szeretne, \u00e9s amire t\u00f6bbek k\u00f6zt Magyar P\u00e9ter is \u00f6szt\u00f6n\u00f6zte; elmond\u00e1sa szerint ha egyszer felvenn\u00e9k a Nemzeti Vagyonvisszaszerz\u00e9si Hivatalba, sok r\u00e9gi, kor\u00e1bbi NAV-os \u00fcgyet venne el\u0151 \u00fajra, b\u00e1r az \u00fcgysz\u00e1mokra nem eml\u00e9kszik, a t\u00e9m\u00e1kra igen..<\/p>\n<p>Eredeti cikk: <a href=\"https:\/\/444.hu\/2026\/04\/28\/fiam-nem-fogsz-bortonbe-menni-kiabalta-szabo-bence-apja-a-telefonba-a-valasztas-ejszakajan?utm_source=rss_feed&amp;utm_medium=rss&amp;utm_campaign=rss_syndication\" target=\"_blank\" class=\"feedzy-rss-link-icon\">elolvasom<\/a><\/p>\n","protected":false},"excerpt":{"rendered":"<p>Szab\u00f3 Bence, a volt NNI-s sz\u00e1zados \u00fajabb, hossz\u00fa interj\u00fat adott a Telexnek, amelyben felid\u00e9zte az orsz\u00e1ggy\u0171l\u00e9si v\u00e1laszt\u00e1sok napj\u00e1t \u00e9s azt is, amikor Orb\u00e1n Viktor k\u00fcl\u00f6n megfenyegette, ami miatt att\u00f3l tartott, hogy a korm\u00e1ny marad\u00e1sa eset\u00e9n nem sz\u00e1m\u00edthat tisztess\u00e9ges elj\u00e1r\u00e1sra a b\u00fcntet\u0151\u00fcgy\u00e9ben. A korai, p\u00e1r sz\u00e1zal\u00e9kos feldolgozotts\u00e1g\u00fa eredm\u00e9nyekn\u00e9l nagy volt a szorong\u00e1s, k\u00e9s\u0151bb azonban megk\u00f6nnyebb\u00fclt; apja, [&hellip;]<\/p>\n","protected":false},"author":2,"featured_media":94173,"comment_status":"open","ping_status":"open","sticky":false,"template":"","format":"standard","meta":{"footnotes":""},"categories":[147],"tags":[],"class_list":["post-94172","post","type-post","status-publish","format-standard","has-post-thumbnail","hentry","category-altalanos"],"yoast_head":"<!-- This site is optimized with the Yoast SEO Premium plugin v26.2 (Yoast SEO v26.3) - https:\/\/yoast.com\/wordpress\/plugins\/seo\/ -->\n<title>\u201eFiam, nem fogsz b\u00f6rt\u00f6nbe menni!\u201d \u2013 kiab\u00e1lta Szab\u00f3 Bence apja a telefonba a v\u00e1laszt\u00e1s \u00e9jszak\u00e1j\u00e1n - H\u00edrhangya<\/title>\n<meta name=\"robots\" content=\"index, follow, max-snippet:-1, max-image-preview:large, max-video-preview:-1\" \/>\n<link rel=\"canonical\" href=\"https:\/\/hirhangya.hu\/index.php\/2026\/04\/28\/fiam-nem-fogsz-bortonbe-menni-kiabalta-szabo-bence-apja-a-telefonba-a-valasztas-ejszakajan\/\" \/>\n<meta property=\"og:locale\" content=\"hu_HU\" \/>\n<meta property=\"og:type\" content=\"article\" \/>\n<meta property=\"og:title\" content=\"\u201eFiam, nem fogsz b\u00f6rt\u00f6nbe menni!\u201d \u2013 kiab\u00e1lta Szab\u00f3 Bence apja a telefonba a v\u00e1laszt\u00e1s \u00e9jszak\u00e1j\u00e1n\" \/>\n<meta property=\"og:description\" content=\"Szab\u00f3 Bence, a volt NNI-s sz\u00e1zados \u00fajabb, hossz\u00fa interj\u00fat adott a Telexnek, amelyben felid\u00e9zte az orsz\u00e1ggy\u0171l\u00e9si v\u00e1laszt\u00e1sok napj\u00e1t \u00e9s azt is, amikor Orb\u00e1n Viktor k\u00fcl\u00f6n megfenyegette, ami miatt att\u00f3l tartott, hogy a korm\u00e1ny marad\u00e1sa eset\u00e9n nem sz\u00e1m\u00edthat tisztess\u00e9ges elj\u00e1r\u00e1sra a b\u00fcntet\u0151\u00fcgy\u00e9ben. A korai, p\u00e1r sz\u00e1zal\u00e9kos feldolgozotts\u00e1g\u00fa eredm\u00e9nyekn\u00e9l nagy volt a szorong\u00e1s, k\u00e9s\u0151bb azonban megk\u00f6nnyebb\u00fclt; apja, [&hellip;]\" \/>\n<meta property=\"og:url\" content=\"https:\/\/hirhangya.hu\/index.php\/2026\/04\/28\/fiam-nem-fogsz-bortonbe-menni-kiabalta-szabo-bence-apja-a-telefonba-a-valasztas-ejszakajan\/\" \/>\n<meta property=\"og:site_name\" content=\"H\u00edrhangya\" \/>\n<meta property=\"article:published_time\" content=\"2026-04-28T21:11:38+00:00\" \/>\n<meta name=\"author\" content=\"Nemes Gabor\" \/>\n<meta name=\"twitter:card\" content=\"summary_large_image\" \/>\n<meta name=\"twitter:label1\" content=\"Szerz\u0151:\" \/>\n\t<meta name=\"twitter:data1\" content=\"Nemes Gabor\" \/>\n\t<meta name=\"twitter:label2\" content=\"Becs\u00fclt olvas\u00e1si id\u0151\" \/>\n\t<meta name=\"twitter:data2\" content=\"2 perc\" \/>\n<script type=\"application\/ld+json\" class=\"yoast-schema-graph\">{\"@context\":\"https:\/\/schema.org\",\"@graph\":[{\"@type\":\"Article\",\"@id\":\"https:\/\/hirhangya.hu\/index.php\/2026\/04\/28\/fiam-nem-fogsz-bortonbe-menni-kiabalta-szabo-bence-apja-a-telefonba-a-valasztas-ejszakajan\/#article\",\"isPartOf\":{\"@id\":\"https:\/\/hirhangya.hu\/index.php\/2026\/04\/28\/fiam-nem-fogsz-bortonbe-menni-kiabalta-szabo-bence-apja-a-telefonba-a-valasztas-ejszakajan\/\"},\"author\":{\"name\":\"Nemes Gabor\",\"@id\":\"https:\/\/hirhangya.hu\/#\/schema\/person\/ad1b32f6cde48eb8bc14fa7efd4d70b5\"},\"headline\":\"\u201eFiam, nem fogsz b\u00f6rt\u00f6nbe menni!\u201d \u2013 kiab\u00e1lta Szab\u00f3 Bence apja a telefonba a v\u00e1laszt\u00e1s \u00e9jszak\u00e1j\u00e1n\",\"datePublished\":\"2026-04-28T21:11:38+00:00\",\"mainEntityOfPage\":{\"@id\":\"https:\/\/hirhangya.hu\/index.php\/2026\/04\/28\/fiam-nem-fogsz-bortonbe-menni-kiabalta-szabo-bence-apja-a-telefonba-a-valasztas-ejszakajan\/\"},\"wordCount\":470,\"commentCount\":0,\"publisher\":{\"@id\":\"https:\/\/hirhangya.hu\/#organization\"},\"image\":{\"@id\":\"https:\/\/hirhangya.hu\/index.php\/2026\/04\/28\/fiam-nem-fogsz-bortonbe-menni-kiabalta-szabo-bence-apja-a-telefonba-a-valasztas-ejszakajan\/#primaryimage\"},\"thumbnailUrl\":\"https:\/\/hirhangya.hu\/wp-content\/uploads\/2026\/04\/8KpAvHNjAb87O0GGs-sMdlIE.jpg\",\"articleSection\":[\"\u00c1ltal\u00e1nos\"],\"inLanguage\":\"hu\",\"potentialAction\":[{\"@type\":\"CommentAction\",\"name\":\"Comment\",\"target\":[\"https:\/\/hirhangya.hu\/index.php\/2026\/04\/28\/fiam-nem-fogsz-bortonbe-menni-kiabalta-szabo-bence-apja-a-telefonba-a-valasztas-ejszakajan\/#respond\"]}]},{\"@type\":\"WebPage\",\"@id\":\"https:\/\/hirhangya.hu\/index.php\/2026\/04\/28\/fiam-nem-fogsz-bortonbe-menni-kiabalta-szabo-bence-apja-a-telefonba-a-valasztas-ejszakajan\/\",\"url\":\"https:\/\/hirhangya.hu\/index.php\/2026\/04\/28\/fiam-nem-fogsz-bortonbe-menni-kiabalta-szabo-bence-apja-a-telefonba-a-valasztas-ejszakajan\/\",\"name\":\"\u201eFiam, nem fogsz b\u00f6rt\u00f6nbe menni!\u201d \u2013 kiab\u00e1lta Szab\u00f3 Bence apja a telefonba a v\u00e1laszt\u00e1s \u00e9jszak\u00e1j\u00e1n - H\u00edrhangya\",\"isPartOf\":{\"@id\":\"https:\/\/hirhangya.hu\/#website\"},\"primaryImageOfPage\":{\"@id\":\"https:\/\/hirhangya.hu\/index.php\/2026\/04\/28\/fiam-nem-fogsz-bortonbe-menni-kiabalta-szabo-bence-apja-a-telefonba-a-valasztas-ejszakajan\/#primaryimage\"},\"image\":{\"@id\":\"https:\/\/hirhangya.hu\/index.php\/2026\/04\/28\/fiam-nem-fogsz-bortonbe-menni-kiabalta-szabo-bence-apja-a-telefonba-a-valasztas-ejszakajan\/#primaryimage\"},\"thumbnailUrl\":\"https:\/\/hirhangya.hu\/wp-content\/uploads\/2026\/04\/8KpAvHNjAb87O0GGs-sMdlIE.jpg\",\"datePublished\":\"2026-04-28T21:11:38+00:00\",\"breadcrumb\":{\"@id\":\"https:\/\/hirhangya.hu\/index.php\/2026\/04\/28\/fiam-nem-fogsz-bortonbe-menni-kiabalta-szabo-bence-apja-a-telefonba-a-valasztas-ejszakajan\/#breadcrumb\"},\"inLanguage\":\"hu\",\"potentialAction\":[{\"@type\":\"ReadAction\",\"target\":[\"https:\/\/hirhangya.hu\/index.php\/2026\/04\/28\/fiam-nem-fogsz-bortonbe-menni-kiabalta-szabo-bence-apja-a-telefonba-a-valasztas-ejszakajan\/\"]}]},{\"@type\":\"ImageObject\",\"inLanguage\":\"hu\",\"@id\":\"https:\/\/hirhangya.hu\/index.php\/2026\/04\/28\/fiam-nem-fogsz-bortonbe-menni-kiabalta-szabo-bence-apja-a-telefonba-a-valasztas-ejszakajan\/#primaryimage\",\"url\":\"https:\/\/hirhangya.hu\/wp-content\/uploads\/2026\/04\/8KpAvHNjAb87O0GGs-sMdlIE.jpg\",\"contentUrl\":\"https:\/\/hirhangya.hu\/wp-content\/uploads\/2026\/04\/8KpAvHNjAb87O0GGs-sMdlIE.jpg\",\"width\":1488,\"height\":1008},{\"@type\":\"BreadcrumbList\",\"@id\":\"https:\/\/hirhangya.hu\/index.php\/2026\/04\/28\/fiam-nem-fogsz-bortonbe-menni-kiabalta-szabo-bence-apja-a-telefonba-a-valasztas-ejszakajan\/#breadcrumb\",\"itemListElement\":[{\"@type\":\"ListItem\",\"position\":1,\"name\":\"Home\",\"item\":\"https:\/\/hirhangya.hu\/\"},{\"@type\":\"ListItem\",\"position\":2,\"name\":\"\u201eFiam, nem fogsz b\u00f6rt\u00f6nbe menni!\u201d \u2013 kiab\u00e1lta Szab\u00f3 Bence apja a telefonba a v\u00e1laszt\u00e1s \u00e9jszak\u00e1j\u00e1n\"}]},{\"@type\":\"WebSite\",\"@id\":\"https:\/\/hirhangya.hu\/#website\",\"url\":\"https:\/\/hirhangya.hu\/\",\"name\":\"H\u00edrhangya\",\"description\":\"Szorgalmasan \u00f6sszehordjuk a legfrissebb h\u00edreket\",\"publisher\":{\"@id\":\"https:\/\/hirhangya.hu\/#organization\"},\"potentialAction\":[{\"@type\":\"SearchAction\",\"target\":{\"@type\":\"EntryPoint\",\"urlTemplate\":\"https:\/\/hirhangya.hu\/?s={search_term_string}\"},\"query-input\":{\"@type\":\"PropertyValueSpecification\",\"valueRequired\":true,\"valueName\":\"search_term_string\"}}],\"inLanguage\":\"hu\"},{\"@type\":\"Organization\",\"@id\":\"https:\/\/hirhangya.hu\/#organization\",\"name\":\"H\u00edrhangya\",\"url\":\"https:\/\/hirhangya.hu\/\",\"logo\":{\"@type\":\"ImageObject\",\"inLanguage\":\"hu\",\"@id\":\"https:\/\/hirhangya.hu\/#\/schema\/logo\/image\/\",\"url\":\"https:\/\/hirhangya.hu\/wp-content\/uploads\/2025\/06\/cropped-cropped-hirhangya-logo-szoveges-scaled-1-e1750064323596.jpg\",\"contentUrl\":\"https:\/\/hirhangya.hu\/wp-content\/uploads\/2025\/06\/cropped-cropped-hirhangya-logo-szoveges-scaled-1-e1750064323596.jpg\",\"width\":350,\"height\":100,\"caption\":\"H\u00edrhangya\"},\"image\":{\"@id\":\"https:\/\/hirhangya.hu\/#\/schema\/logo\/image\/\"}},{\"@type\":\"Person\",\"@id\":\"https:\/\/hirhangya.hu\/#\/schema\/person\/ad1b32f6cde48eb8bc14fa7efd4d70b5\",\"name\":\"Nemes Gabor\",\"image\":{\"@type\":\"ImageObject\",\"inLanguage\":\"hu\",\"@id\":\"https:\/\/hirhangya.hu\/#\/schema\/person\/image\/\",\"url\":\"https:\/\/secure.gravatar.com\/avatar\/92c2a9c67399a3a1c5444228b3ae3f850f3218d7c18ff5ed44a84130d5b474f3?s=96&d=mm&r=g\",\"contentUrl\":\"https:\/\/secure.gravatar.com\/avatar\/92c2a9c67399a3a1c5444228b3ae3f850f3218d7c18ff5ed44a84130d5b474f3?s=96&d=mm&r=g\",\"caption\":\"Nemes Gabor\"},\"url\":\"https:\/\/hirhangya.hu\/index.php\/author\/hex324\/\"}]}<\/script>\n<!-- \/ Yoast SEO Premium plugin. -->","yoast_head_json":{"title":"\u201eFiam, nem fogsz b\u00f6rt\u00f6nbe menni!\u201d \u2013 kiab\u00e1lta Szab\u00f3 Bence apja a telefonba a v\u00e1laszt\u00e1s \u00e9jszak\u00e1j\u00e1n - H\u00edrhangya","robots":{"index":"index","follow":"follow","max-snippet":"max-snippet:-1","max-image-preview":"max-image-preview:large","max-video-preview":"max-video-preview:-1"},"canonical":"https:\/\/hirhangya.hu\/index.php\/2026\/04\/28\/fiam-nem-fogsz-bortonbe-menni-kiabalta-szabo-bence-apja-a-telefonba-a-valasztas-ejszakajan\/","og_locale":"hu_HU","og_type":"article","og_title":"\u201eFiam, nem fogsz b\u00f6rt\u00f6nbe menni!\u201d \u2013 kiab\u00e1lta Szab\u00f3 Bence apja a telefonba a v\u00e1laszt\u00e1s \u00e9jszak\u00e1j\u00e1n","og_description":"Szab\u00f3 Bence, a volt NNI-s sz\u00e1zados \u00fajabb, hossz\u00fa interj\u00fat adott a Telexnek, amelyben felid\u00e9zte az orsz\u00e1ggy\u0171l\u00e9si v\u00e1laszt\u00e1sok napj\u00e1t \u00e9s azt is, amikor Orb\u00e1n Viktor k\u00fcl\u00f6n megfenyegette, ami miatt att\u00f3l tartott, hogy a korm\u00e1ny marad\u00e1sa eset\u00e9n nem sz\u00e1m\u00edthat tisztess\u00e9ges elj\u00e1r\u00e1sra a b\u00fcntet\u0151\u00fcgy\u00e9ben. A korai, p\u00e1r sz\u00e1zal\u00e9kos feldolgozotts\u00e1g\u00fa eredm\u00e9nyekn\u00e9l nagy volt a szorong\u00e1s, k\u00e9s\u0151bb azonban megk\u00f6nnyebb\u00fclt; apja, [&hellip;]","og_url":"https:\/\/hirhangya.hu\/index.php\/2026\/04\/28\/fiam-nem-fogsz-bortonbe-menni-kiabalta-szabo-bence-apja-a-telefonba-a-valasztas-ejszakajan\/","og_site_name":"H\u00edrhangya","article_published_time":"2026-04-28T21:11:38+00:00","author":"Nemes Gabor","twitter_card":"summary_large_image","twitter_misc":{"Szerz\u0151:":"Nemes Gabor","Becs\u00fclt olvas\u00e1si id\u0151":"2 perc"},"schema":{"@context":"https:\/\/schema.org","@graph":[{"@type":"Article","@id":"https:\/\/hirhangya.hu\/index.php\/2026\/04\/28\/fiam-nem-fogsz-bortonbe-menni-kiabalta-szabo-bence-apja-a-telefonba-a-valasztas-ejszakajan\/#article","isPartOf":{"@id":"https:\/\/hirhangya.hu\/index.php\/2026\/04\/28\/fiam-nem-fogsz-bortonbe-menni-kiabalta-szabo-bence-apja-a-telefonba-a-valasztas-ejszakajan\/"},"author":{"name":"Nemes Gabor","@id":"https:\/\/hirhangya.hu\/#\/schema\/person\/ad1b32f6cde48eb8bc14fa7efd4d70b5"},"headline":"\u201eFiam, nem fogsz b\u00f6rt\u00f6nbe menni!\u201d \u2013 kiab\u00e1lta Szab\u00f3 Bence apja a telefonba a v\u00e1laszt\u00e1s \u00e9jszak\u00e1j\u00e1n","datePublished":"2026-04-28T21:11:38+00:00","mainEntityOfPage":{"@id":"https:\/\/hirhangya.hu\/index.php\/2026\/04\/28\/fiam-nem-fogsz-bortonbe-menni-kiabalta-szabo-bence-apja-a-telefonba-a-valasztas-ejszakajan\/"},"wordCount":470,"commentCount":0,"publisher":{"@id":"https:\/\/hirhangya.hu\/#organization"},"image":{"@id":"https:\/\/hirhangya.hu\/index.php\/2026\/04\/28\/fiam-nem-fogsz-bortonbe-menni-kiabalta-szabo-bence-apja-a-telefonba-a-valasztas-ejszakajan\/#primaryimage"},"thumbnailUrl":"https:\/\/hirhangya.hu\/wp-content\/uploads\/2026\/04\/8KpAvHNjAb87O0GGs-sMdlIE.jpg","articleSection":["\u00c1ltal\u00e1nos"],"inLanguage":"hu","potentialAction":[{"@type":"CommentAction","name":"Comment","target":["https:\/\/hirhangya.hu\/index.php\/2026\/04\/28\/fiam-nem-fogsz-bortonbe-menni-kiabalta-szabo-bence-apja-a-telefonba-a-valasztas-ejszakajan\/#respond"]}]},{"@type":"WebPage","@id":"https:\/\/hirhangya.hu\/index.php\/2026\/04\/28\/fiam-nem-fogsz-bortonbe-menni-kiabalta-szabo-bence-apja-a-telefonba-a-valasztas-ejszakajan\/","url":"https:\/\/hirhangya.hu\/index.php\/2026\/04\/28\/fiam-nem-fogsz-bortonbe-menni-kiabalta-szabo-bence-apja-a-telefonba-a-valasztas-ejszakajan\/","name":"\u201eFiam, nem fogsz b\u00f6rt\u00f6nbe menni!\u201d \u2013 kiab\u00e1lta Szab\u00f3 Bence apja a telefonba a v\u00e1laszt\u00e1s \u00e9jszak\u00e1j\u00e1n - H\u00edrhangya","isPartOf":{"@id":"https:\/\/hirhangya.hu\/#website"},"primaryImageOfPage":{"@id":"https:\/\/hirhangya.hu\/index.php\/2026\/04\/28\/fiam-nem-fogsz-bortonbe-menni-kiabalta-szabo-bence-apja-a-telefonba-a-valasztas-ejszakajan\/#primaryimage"},"image":{"@id":"https:\/\/hirhangya.hu\/index.php\/2026\/04\/28\/fiam-nem-fogsz-bortonbe-menni-kiabalta-szabo-bence-apja-a-telefonba-a-valasztas-ejszakajan\/#primaryimage"},"thumbnailUrl":"https:\/\/hirhangya.hu\/wp-content\/uploads\/2026\/04\/8KpAvHNjAb87O0GGs-sMdlIE.jpg","datePublished":"2026-04-28T21:11:38+00:00","breadcrumb":{"@id":"https:\/\/hirhangya.hu\/index.php\/2026\/04\/28\/fiam-nem-fogsz-bortonbe-menni-kiabalta-szabo-bence-apja-a-telefonba-a-valasztas-ejszakajan\/#breadcrumb"},"inLanguage":"hu","potentialAction":[{"@type":"ReadAction","target":["https:\/\/hirhangya.hu\/index.php\/2026\/04\/28\/fiam-nem-fogsz-bortonbe-menni-kiabalta-szabo-bence-apja-a-telefonba-a-valasztas-ejszakajan\/"]}]},{"@type":"ImageObject","inLanguage":"hu","@id":"https:\/\/hirhangya.hu\/index.php\/2026\/04\/28\/fiam-nem-fogsz-bortonbe-menni-kiabalta-szabo-bence-apja-a-telefonba-a-valasztas-ejszakajan\/#primaryimage","url":"https:\/\/hirhangya.hu\/wp-content\/uploads\/2026\/04\/8KpAvHNjAb87O0GGs-sMdlIE.jpg","contentUrl":"https:\/\/hirhangya.hu\/wp-content\/uploads\/2026\/04\/8KpAvHNjAb87O0GGs-sMdlIE.jpg","width":1488,"height":1008},{"@type":"BreadcrumbList","@id":"https:\/\/hirhangya.hu\/index.php\/2026\/04\/28\/fiam-nem-fogsz-bortonbe-menni-kiabalta-szabo-bence-apja-a-telefonba-a-valasztas-ejszakajan\/#breadcrumb","itemListElement":[{"@type":"ListItem","position":1,"name":"Home","item":"https:\/\/hirhangya.hu\/"},{"@type":"ListItem","position":2,"name":"\u201eFiam, nem fogsz b\u00f6rt\u00f6nbe menni!\u201d \u2013 kiab\u00e1lta Szab\u00f3 Bence apja a telefonba a v\u00e1laszt\u00e1s \u00e9jszak\u00e1j\u00e1n"}]},{"@type":"WebSite","@id":"https:\/\/hirhangya.hu\/#website","url":"https:\/\/hirhangya.hu\/","name":"H\u00edrhangya","description":"Szorgalmasan \u00f6sszehordjuk a legfrissebb h\u00edreket","publisher":{"@id":"https:\/\/hirhangya.hu\/#organization"},"potentialAction":[{"@type":"SearchAction","target":{"@type":"EntryPoint","urlTemplate":"https:\/\/hirhangya.hu\/?s={search_term_string}"},"query-input":{"@type":"PropertyValueSpecification","valueRequired":true,"valueName":"search_term_string"}}],"inLanguage":"hu"},{"@type":"Organization","@id":"https:\/\/hirhangya.hu\/#organization","name":"H\u00edrhangya","url":"https:\/\/hirhangya.hu\/","logo":{"@type":"ImageObject","inLanguage":"hu","@id":"https:\/\/hirhangya.hu\/#\/schema\/logo\/image\/","url":"https:\/\/hirhangya.hu\/wp-content\/uploads\/2025\/06\/cropped-cropped-hirhangya-logo-szoveges-scaled-1-e1750064323596.jpg","contentUrl":"https:\/\/hirhangya.hu\/wp-content\/uploads\/2025\/06\/cropped-cropped-hirhangya-logo-szoveges-scaled-1-e1750064323596.jpg","width":350,"height":100,"caption":"H\u00edrhangya"},"image":{"@id":"https:\/\/hirhangya.hu\/#\/schema\/logo\/image\/"}},{"@type":"Person","@id":"https:\/\/hirhangya.hu\/#\/schema\/person\/ad1b32f6cde48eb8bc14fa7efd4d70b5","name":"Nemes Gabor","image":{"@type":"ImageObject","inLanguage":"hu","@id":"https:\/\/hirhangya.hu\/#\/schema\/person\/image\/","url":"https:\/\/secure.gravatar.com\/avatar\/92c2a9c67399a3a1c5444228b3ae3f850f3218d7c18ff5ed44a84130d5b474f3?s=96&d=mm&r=g","contentUrl":"https:\/\/secure.gravatar.com\/avatar\/92c2a9c67399a3a1c5444228b3ae3f850f3218d7c18ff5ed44a84130d5b474f3?s=96&d=mm&r=g","caption":"Nemes Gabor"},"url":"https:\/\/hirhangya.hu\/index.php\/author\/hex324\/"}]}},"_links":{"self":[{"href":"https:\/\/hirhangya.hu\/index.php\/wp-json\/wp\/v2\/posts\/94172","targetHints":{"allow":["GET"]}}],"collection":[{"href":"https:\/\/hirhangya.hu\/index.php\/wp-json\/wp\/v2\/posts"}],"about":[{"href":"https:\/\/hirhangya.hu\/index.php\/wp-json\/wp\/v2\/types\/post"}],"author":[{"embeddable":true,"href":"https:\/\/hirhangya.hu\/index.php\/wp-json\/wp\/v2\/users\/2"}],"replies":[{"embeddable":true,"href":"https:\/\/hirhangya.hu\/index.php\/wp-json\/wp\/v2\/comments?post=94172"}],"version-history":[{"count":0,"href":"https:\/\/hirhangya.hu\/index.php\/wp-json\/wp\/v2\/posts\/94172\/revisions"}],"wp:featuredmedia":[{"embeddable":true,"href":"https:\/\/hirhangya.hu\/index.php\/wp-json\/wp\/v2\/media\/94173"}],"wp:attachment":[{"href":"https:\/\/hirhangya.hu\/index.php\/wp-json\/wp\/v2\/media?parent=94172"}],"wp:term":[{"taxonomy":"category","embeddable":true,"href":"https:\/\/hirhangya.hu\/index.php\/wp-json\/wp\/v2\/categories?post=94172"},{"taxonomy":"post_tag","embeddable":true,"href":"https:\/\/hirhangya.hu\/index.php\/wp-json\/wp\/v2\/tags?post=94172"}],"curies":[{"name":"wp","href":"https:\/\/api.w.org\/{rel}","templated":true}]}}