{"id":94200,"date":"2026-04-29T04:59:07","date_gmt":"2026-04-29T04:59:07","guid":{"rendered":"https:\/\/hirhangya.hu\/index.php\/2026\/04\/29\/vilaghiru-focistaval-puszizkodott-ossze-a-samsung\/"},"modified":"2026-04-29T04:59:07","modified_gmt":"2026-04-29T04:59:07","slug":"vilaghiru-focistaval-puszizkodott-ossze-a-samsung","status":"publish","type":"post","link":"https:\/\/hirhangya.hu\/index.php\/2026\/04\/29\/vilaghiru-focistaval-puszizkodott-ossze-a-samsung\/","title":{"rendered":"Vil\u00e1gh\u00edr\u0171 focist\u00e1val puszizkodott \u00f6ssze a Samsung"},"content":{"rendered":"<p>A Samsung Electronics nagyszab\u00e1s\u00fa kamp\u00e1nnyal \u00fcnnepli, hogy 20 \u00e9ve meghat\u00e1roz\u00f3 szerepl\u0151je a glob\u00e1lis telev\u00edzi\u00f3s piacnak, \u00e9s ehhez a futballikon Thierry Henryt h\u00edvta partnernek. A kamp\u00e1ny azt hangs\u00falyozza, hogy a technol\u00f3gia nemcsak k\u00f6zvet\u00edti, hanem gazdag\u00edtja is a sport\u00e9lm\u00e9nyeket, \u00e9s a k\u00f6zelg\u0151 ny\u00e1ri futballesem\u00e9nyek ide\u00e1lis alkalmat k\u00edn\u00e1lnak arra, hogy megmutass\u00e1k, mik\u00e9nt teszi intenz\u00edvebb\u00e9 a k\u00f6z\u00f6s szurkol\u00e1st.<\/p>\n<p>Thierry Henry szem\u00e9lyes besz\u00e1mol\u00f3in \u00e9s szok\u00e1sain kereszt\u00fcl a n\u00e9z\u0151k betekint\u00e9st kapnak abba, hogyan k\u00f6veti a m\u00e9rk\u0151z\u00e9seket \u00e9s mi\u00e9rt v\u00e1lasztja a Samsung t\u00e9v\u00e9it; a v\u00e1llalat pedig a pr\u00e9mium, mesters\u00e9ges intelligenci\u00e1ra \u00e9p\u00fcl\u0151 k\u00e9p- \u00e9s hangtechnol\u00f3gi\u00e1t emeli ki, amely \u00e1ll\u00edt\u00e1suk szerint \u00faj szintre emeli a meccsn\u00e9z\u00e9s \u00e9lm\u00e9ny\u00e9t. A kamp\u00e1ny c\u00e9lja, hogy a k\u00f6z\u00f6s pillanatok maradand\u00f3 eml\u00e9kekk\u00e9 v\u00e1ljanak, \u00e9s \u00f6szt\u00f6n\u00f6zze a felhaszn\u00e1l\u00f3kat a Samsung telev\u00edzi\u00f3k lehet\u0151s\u00e9geinek felfedez\u00e9s\u00e9re.Eredeti cikk: <a href=\"https:\/\/techworld.hu\/2026\/04\/28\/samsung-henry\/\" target=\"_blank\" class=\"feedzy-rss-link-icon\">elolvasom<\/a><\/p>\n","protected":false},"excerpt":{"rendered":"<p>A Samsung Electronics nagyszab\u00e1s\u00fa kamp\u00e1nnyal \u00fcnnepli, hogy 20 \u00e9ve meghat\u00e1roz\u00f3 szerepl\u0151je a glob\u00e1lis telev\u00edzi\u00f3s piacnak, \u00e9s ehhez a futballikon Thierry Henryt h\u00edvta partnernek. A kamp\u00e1ny azt hangs\u00falyozza, hogy a technol\u00f3gia nemcsak k\u00f6zvet\u00edti, hanem gazdag\u00edtja is a sport\u00e9lm\u00e9nyeket, \u00e9s a k\u00f6zelg\u0151 ny\u00e1ri futballesem\u00e9nyek ide\u00e1lis alkalmat k\u00edn\u00e1lnak arra, hogy megmutass\u00e1k, mik\u00e9nt teszi intenz\u00edvebb\u00e9 a k\u00f6z\u00f6s szurkol\u00e1st. Thierry [&hellip;]<\/p>\n","protected":false},"author":2,"featured_media":94201,"comment_status":"open","ping_status":"open","sticky":false,"template":"","format":"standard","meta":{"footnotes":""},"categories":[1],"tags":[],"class_list":["post-94200","post","type-post","status-publish","format-standard","has-post-thumbnail","hentry","category-uncategorized"],"yoast_head":"<!-- This site is optimized with the Yoast SEO Premium plugin v26.2 (Yoast SEO v26.3) - https:\/\/yoast.com\/wordpress\/plugins\/seo\/ -->\n<title>Vil\u00e1gh\u00edr\u0171 focist\u00e1val puszizkodott \u00f6ssze a Samsung - H\u00edrhangya<\/title>\n<meta name=\"robots\" content=\"index, follow, max-snippet:-1, max-image-preview:large, max-video-preview:-1\" \/>\n<link rel=\"canonical\" href=\"https:\/\/hirhangya.hu\/index.php\/2026\/04\/29\/vilaghiru-focistaval-puszizkodott-ossze-a-samsung\/\" \/>\n<meta property=\"og:locale\" content=\"hu_HU\" \/>\n<meta property=\"og:type\" content=\"article\" \/>\n<meta property=\"og:title\" content=\"Vil\u00e1gh\u00edr\u0171 focist\u00e1val puszizkodott \u00f6ssze a Samsung\" \/>\n<meta property=\"og:description\" content=\"A Samsung Electronics nagyszab\u00e1s\u00fa kamp\u00e1nnyal \u00fcnnepli, hogy 20 \u00e9ve meghat\u00e1roz\u00f3 szerepl\u0151je a glob\u00e1lis telev\u00edzi\u00f3s piacnak, \u00e9s ehhez a futballikon Thierry Henryt h\u00edvta partnernek. A kamp\u00e1ny azt hangs\u00falyozza, hogy a technol\u00f3gia nemcsak k\u00f6zvet\u00edti, hanem gazdag\u00edtja is a sport\u00e9lm\u00e9nyeket, \u00e9s a k\u00f6zelg\u0151 ny\u00e1ri futballesem\u00e9nyek ide\u00e1lis alkalmat k\u00edn\u00e1lnak arra, hogy megmutass\u00e1k, mik\u00e9nt teszi intenz\u00edvebb\u00e9 a k\u00f6z\u00f6s szurkol\u00e1st. Thierry [&hellip;]\" \/>\n<meta property=\"og:url\" content=\"https:\/\/hirhangya.hu\/index.php\/2026\/04\/29\/vilaghiru-focistaval-puszizkodott-ossze-a-samsung\/\" \/>\n<meta property=\"og:site_name\" content=\"H\u00edrhangya\" \/>\n<meta property=\"article:published_time\" content=\"2026-04-29T04:59:07+00:00\" \/>\n<meta name=\"author\" content=\"Nemes Gabor\" \/>\n<meta name=\"twitter:card\" content=\"summary_large_image\" \/>\n<meta name=\"twitter:label1\" content=\"Szerz\u0151:\" \/>\n\t<meta name=\"twitter:data1\" content=\"Nemes Gabor\" \/>\n\t<meta name=\"twitter:label2\" content=\"Becs\u00fclt olvas\u00e1si id\u0151\" \/>\n\t<meta name=\"twitter:data2\" content=\"1 perc\" \/>\n<script type=\"application\/ld+json\" class=\"yoast-schema-graph\">{\"@context\":\"https:\/\/schema.org\",\"@graph\":[{\"@type\":\"Article\",\"@id\":\"https:\/\/hirhangya.hu\/index.php\/2026\/04\/29\/vilaghiru-focistaval-puszizkodott-ossze-a-samsung\/#article\",\"isPartOf\":{\"@id\":\"https:\/\/hirhangya.hu\/index.php\/2026\/04\/29\/vilaghiru-focistaval-puszizkodott-ossze-a-samsung\/\"},\"author\":{\"name\":\"Nemes Gabor\",\"@id\":\"https:\/\/hirhangya.hu\/#\/schema\/person\/ad1b32f6cde48eb8bc14fa7efd4d70b5\"},\"headline\":\"Vil\u00e1gh\u00edr\u0171 focist\u00e1val puszizkodott \u00f6ssze a Samsung\",\"datePublished\":\"2026-04-29T04:59:07+00:00\",\"mainEntityOfPage\":{\"@id\":\"https:\/\/hirhangya.hu\/index.php\/2026\/04\/29\/vilaghiru-focistaval-puszizkodott-ossze-a-samsung\/\"},\"wordCount\":202,\"commentCount\":0,\"publisher\":{\"@id\":\"https:\/\/hirhangya.hu\/#organization\"},\"image\":{\"@id\":\"https:\/\/hirhangya.hu\/index.php\/2026\/04\/29\/vilaghiru-focistaval-puszizkodott-ossze-a-samsung\/#primaryimage\"},\"thumbnailUrl\":\"https:\/\/hirhangya.hu\/wp-content\/uploads\/2026\/04\/henry-samsung-1200x643-INCAEp.jpg\",\"articleSection\":[\"Uncategorized\"],\"inLanguage\":\"hu\",\"potentialAction\":[{\"@type\":\"CommentAction\",\"name\":\"Comment\",\"target\":[\"https:\/\/hirhangya.hu\/index.php\/2026\/04\/29\/vilaghiru-focistaval-puszizkodott-ossze-a-samsung\/#respond\"]}]},{\"@type\":\"WebPage\",\"@id\":\"https:\/\/hirhangya.hu\/index.php\/2026\/04\/29\/vilaghiru-focistaval-puszizkodott-ossze-a-samsung\/\",\"url\":\"https:\/\/hirhangya.hu\/index.php\/2026\/04\/29\/vilaghiru-focistaval-puszizkodott-ossze-a-samsung\/\",\"name\":\"Vil\u00e1gh\u00edr\u0171 focist\u00e1val puszizkodott \u00f6ssze a Samsung - H\u00edrhangya\",\"isPartOf\":{\"@id\":\"https:\/\/hirhangya.hu\/#website\"},\"primaryImageOfPage\":{\"@id\":\"https:\/\/hirhangya.hu\/index.php\/2026\/04\/29\/vilaghiru-focistaval-puszizkodott-ossze-a-samsung\/#primaryimage\"},\"image\":{\"@id\":\"https:\/\/hirhangya.hu\/index.php\/2026\/04\/29\/vilaghiru-focistaval-puszizkodott-ossze-a-samsung\/#primaryimage\"},\"thumbnailUrl\":\"https:\/\/hirhangya.hu\/wp-content\/uploads\/2026\/04\/henry-samsung-1200x643-INCAEp.jpg\",\"datePublished\":\"2026-04-29T04:59:07+00:00\",\"breadcrumb\":{\"@id\":\"https:\/\/hirhangya.hu\/index.php\/2026\/04\/29\/vilaghiru-focistaval-puszizkodott-ossze-a-samsung\/#breadcrumb\"},\"inLanguage\":\"hu\",\"potentialAction\":[{\"@type\":\"ReadAction\",\"target\":[\"https:\/\/hirhangya.hu\/index.php\/2026\/04\/29\/vilaghiru-focistaval-puszizkodott-ossze-a-samsung\/\"]}]},{\"@type\":\"ImageObject\",\"inLanguage\":\"hu\",\"@id\":\"https:\/\/hirhangya.hu\/index.php\/2026\/04\/29\/vilaghiru-focistaval-puszizkodott-ossze-a-samsung\/#primaryimage\",\"url\":\"https:\/\/hirhangya.hu\/wp-content\/uploads\/2026\/04\/henry-samsung-1200x643-INCAEp.jpg\",\"contentUrl\":\"https:\/\/hirhangya.hu\/wp-content\/uploads\/2026\/04\/henry-samsung-1200x643-INCAEp.jpg\",\"width\":1200,\"height\":643},{\"@type\":\"BreadcrumbList\",\"@id\":\"https:\/\/hirhangya.hu\/index.php\/2026\/04\/29\/vilaghiru-focistaval-puszizkodott-ossze-a-samsung\/#breadcrumb\",\"itemListElement\":[{\"@type\":\"ListItem\",\"position\":1,\"name\":\"Home\",\"item\":\"https:\/\/hirhangya.hu\/\"},{\"@type\":\"ListItem\",\"position\":2,\"name\":\"Vil\u00e1gh\u00edr\u0171 focist\u00e1val puszizkodott \u00f6ssze a Samsung\"}]},{\"@type\":\"WebSite\",\"@id\":\"https:\/\/hirhangya.hu\/#website\",\"url\":\"https:\/\/hirhangya.hu\/\",\"name\":\"H\u00edrhangya\",\"description\":\"Szorgalmasan \u00f6sszehordjuk a legfrissebb h\u00edreket\",\"publisher\":{\"@id\":\"https:\/\/hirhangya.hu\/#organization\"},\"potentialAction\":[{\"@type\":\"SearchAction\",\"target\":{\"@type\":\"EntryPoint\",\"urlTemplate\":\"https:\/\/hirhangya.hu\/?s={search_term_string}\"},\"query-input\":{\"@type\":\"PropertyValueSpecification\",\"valueRequired\":true,\"valueName\":\"search_term_string\"}}],\"inLanguage\":\"hu\"},{\"@type\":\"Organization\",\"@id\":\"https:\/\/hirhangya.hu\/#organization\",\"name\":\"H\u00edrhangya\",\"url\":\"https:\/\/hirhangya.hu\/\",\"logo\":{\"@type\":\"ImageObject\",\"inLanguage\":\"hu\",\"@id\":\"https:\/\/hirhangya.hu\/#\/schema\/logo\/image\/\",\"url\":\"https:\/\/hirhangya.hu\/wp-content\/uploads\/2025\/06\/cropped-cropped-hirhangya-logo-szoveges-scaled-1-e1750064323596.jpg\",\"contentUrl\":\"https:\/\/hirhangya.hu\/wp-content\/uploads\/2025\/06\/cropped-cropped-hirhangya-logo-szoveges-scaled-1-e1750064323596.jpg\",\"width\":350,\"height\":100,\"caption\":\"H\u00edrhangya\"},\"image\":{\"@id\":\"https:\/\/hirhangya.hu\/#\/schema\/logo\/image\/\"}},{\"@type\":\"Person\",\"@id\":\"https:\/\/hirhangya.hu\/#\/schema\/person\/ad1b32f6cde48eb8bc14fa7efd4d70b5\",\"name\":\"Nemes Gabor\",\"image\":{\"@type\":\"ImageObject\",\"inLanguage\":\"hu\",\"@id\":\"https:\/\/hirhangya.hu\/#\/schema\/person\/image\/\",\"url\":\"https:\/\/secure.gravatar.com\/avatar\/92c2a9c67399a3a1c5444228b3ae3f850f3218d7c18ff5ed44a84130d5b474f3?s=96&d=mm&r=g\",\"contentUrl\":\"https:\/\/secure.gravatar.com\/avatar\/92c2a9c67399a3a1c5444228b3ae3f850f3218d7c18ff5ed44a84130d5b474f3?s=96&d=mm&r=g\",\"caption\":\"Nemes Gabor\"},\"url\":\"https:\/\/hirhangya.hu\/index.php\/author\/hex324\/\"}]}<\/script>\n<!-- \/ Yoast SEO Premium plugin. -->","yoast_head_json":{"title":"Vil\u00e1gh\u00edr\u0171 focist\u00e1val puszizkodott \u00f6ssze a Samsung - H\u00edrhangya","robots":{"index":"index","follow":"follow","max-snippet":"max-snippet:-1","max-image-preview":"max-image-preview:large","max-video-preview":"max-video-preview:-1"},"canonical":"https:\/\/hirhangya.hu\/index.php\/2026\/04\/29\/vilaghiru-focistaval-puszizkodott-ossze-a-samsung\/","og_locale":"hu_HU","og_type":"article","og_title":"Vil\u00e1gh\u00edr\u0171 focist\u00e1val puszizkodott \u00f6ssze a Samsung","og_description":"A Samsung Electronics nagyszab\u00e1s\u00fa kamp\u00e1nnyal \u00fcnnepli, hogy 20 \u00e9ve meghat\u00e1roz\u00f3 szerepl\u0151je a glob\u00e1lis telev\u00edzi\u00f3s piacnak, \u00e9s ehhez a futballikon Thierry Henryt h\u00edvta partnernek. A kamp\u00e1ny azt hangs\u00falyozza, hogy a technol\u00f3gia nemcsak k\u00f6zvet\u00edti, hanem gazdag\u00edtja is a sport\u00e9lm\u00e9nyeket, \u00e9s a k\u00f6zelg\u0151 ny\u00e1ri futballesem\u00e9nyek ide\u00e1lis alkalmat k\u00edn\u00e1lnak arra, hogy megmutass\u00e1k, mik\u00e9nt teszi intenz\u00edvebb\u00e9 a k\u00f6z\u00f6s szurkol\u00e1st. Thierry [&hellip;]","og_url":"https:\/\/hirhangya.hu\/index.php\/2026\/04\/29\/vilaghiru-focistaval-puszizkodott-ossze-a-samsung\/","og_site_name":"H\u00edrhangya","article_published_time":"2026-04-29T04:59:07+00:00","author":"Nemes Gabor","twitter_card":"summary_large_image","twitter_misc":{"Szerz\u0151:":"Nemes Gabor","Becs\u00fclt olvas\u00e1si id\u0151":"1 perc"},"schema":{"@context":"https:\/\/schema.org","@graph":[{"@type":"Article","@id":"https:\/\/hirhangya.hu\/index.php\/2026\/04\/29\/vilaghiru-focistaval-puszizkodott-ossze-a-samsung\/#article","isPartOf":{"@id":"https:\/\/hirhangya.hu\/index.php\/2026\/04\/29\/vilaghiru-focistaval-puszizkodott-ossze-a-samsung\/"},"author":{"name":"Nemes Gabor","@id":"https:\/\/hirhangya.hu\/#\/schema\/person\/ad1b32f6cde48eb8bc14fa7efd4d70b5"},"headline":"Vil\u00e1gh\u00edr\u0171 focist\u00e1val puszizkodott \u00f6ssze a Samsung","datePublished":"2026-04-29T04:59:07+00:00","mainEntityOfPage":{"@id":"https:\/\/hirhangya.hu\/index.php\/2026\/04\/29\/vilaghiru-focistaval-puszizkodott-ossze-a-samsung\/"},"wordCount":202,"commentCount":0,"publisher":{"@id":"https:\/\/hirhangya.hu\/#organization"},"image":{"@id":"https:\/\/hirhangya.hu\/index.php\/2026\/04\/29\/vilaghiru-focistaval-puszizkodott-ossze-a-samsung\/#primaryimage"},"thumbnailUrl":"https:\/\/hirhangya.hu\/wp-content\/uploads\/2026\/04\/henry-samsung-1200x643-INCAEp.jpg","articleSection":["Uncategorized"],"inLanguage":"hu","potentialAction":[{"@type":"CommentAction","name":"Comment","target":["https:\/\/hirhangya.hu\/index.php\/2026\/04\/29\/vilaghiru-focistaval-puszizkodott-ossze-a-samsung\/#respond"]}]},{"@type":"WebPage","@id":"https:\/\/hirhangya.hu\/index.php\/2026\/04\/29\/vilaghiru-focistaval-puszizkodott-ossze-a-samsung\/","url":"https:\/\/hirhangya.hu\/index.php\/2026\/04\/29\/vilaghiru-focistaval-puszizkodott-ossze-a-samsung\/","name":"Vil\u00e1gh\u00edr\u0171 focist\u00e1val puszizkodott \u00f6ssze a Samsung - H\u00edrhangya","isPartOf":{"@id":"https:\/\/hirhangya.hu\/#website"},"primaryImageOfPage":{"@id":"https:\/\/hirhangya.hu\/index.php\/2026\/04\/29\/vilaghiru-focistaval-puszizkodott-ossze-a-samsung\/#primaryimage"},"image":{"@id":"https:\/\/hirhangya.hu\/index.php\/2026\/04\/29\/vilaghiru-focistaval-puszizkodott-ossze-a-samsung\/#primaryimage"},"thumbnailUrl":"https:\/\/hirhangya.hu\/wp-content\/uploads\/2026\/04\/henry-samsung-1200x643-INCAEp.jpg","datePublished":"2026-04-29T04:59:07+00:00","breadcrumb":{"@id":"https:\/\/hirhangya.hu\/index.php\/2026\/04\/29\/vilaghiru-focistaval-puszizkodott-ossze-a-samsung\/#breadcrumb"},"inLanguage":"hu","potentialAction":[{"@type":"ReadAction","target":["https:\/\/hirhangya.hu\/index.php\/2026\/04\/29\/vilaghiru-focistaval-puszizkodott-ossze-a-samsung\/"]}]},{"@type":"ImageObject","inLanguage":"hu","@id":"https:\/\/hirhangya.hu\/index.php\/2026\/04\/29\/vilaghiru-focistaval-puszizkodott-ossze-a-samsung\/#primaryimage","url":"https:\/\/hirhangya.hu\/wp-content\/uploads\/2026\/04\/henry-samsung-1200x643-INCAEp.jpg","contentUrl":"https:\/\/hirhangya.hu\/wp-content\/uploads\/2026\/04\/henry-samsung-1200x643-INCAEp.jpg","width":1200,"height":643},{"@type":"BreadcrumbList","@id":"https:\/\/hirhangya.hu\/index.php\/2026\/04\/29\/vilaghiru-focistaval-puszizkodott-ossze-a-samsung\/#breadcrumb","itemListElement":[{"@type":"ListItem","position":1,"name":"Home","item":"https:\/\/hirhangya.hu\/"},{"@type":"ListItem","position":2,"name":"Vil\u00e1gh\u00edr\u0171 focist\u00e1val puszizkodott \u00f6ssze a Samsung"}]},{"@type":"WebSite","@id":"https:\/\/hirhangya.hu\/#website","url":"https:\/\/hirhangya.hu\/","name":"H\u00edrhangya","description":"Szorgalmasan \u00f6sszehordjuk a legfrissebb h\u00edreket","publisher":{"@id":"https:\/\/hirhangya.hu\/#organization"},"potentialAction":[{"@type":"SearchAction","target":{"@type":"EntryPoint","urlTemplate":"https:\/\/hirhangya.hu\/?s={search_term_string}"},"query-input":{"@type":"PropertyValueSpecification","valueRequired":true,"valueName":"search_term_string"}}],"inLanguage":"hu"},{"@type":"Organization","@id":"https:\/\/hirhangya.hu\/#organization","name":"H\u00edrhangya","url":"https:\/\/hirhangya.hu\/","logo":{"@type":"ImageObject","inLanguage":"hu","@id":"https:\/\/hirhangya.hu\/#\/schema\/logo\/image\/","url":"https:\/\/hirhangya.hu\/wp-content\/uploads\/2025\/06\/cropped-cropped-hirhangya-logo-szoveges-scaled-1-e1750064323596.jpg","contentUrl":"https:\/\/hirhangya.hu\/wp-content\/uploads\/2025\/06\/cropped-cropped-hirhangya-logo-szoveges-scaled-1-e1750064323596.jpg","width":350,"height":100,"caption":"H\u00edrhangya"},"image":{"@id":"https:\/\/hirhangya.hu\/#\/schema\/logo\/image\/"}},{"@type":"Person","@id":"https:\/\/hirhangya.hu\/#\/schema\/person\/ad1b32f6cde48eb8bc14fa7efd4d70b5","name":"Nemes Gabor","image":{"@type":"ImageObject","inLanguage":"hu","@id":"https:\/\/hirhangya.hu\/#\/schema\/person\/image\/","url":"https:\/\/secure.gravatar.com\/avatar\/92c2a9c67399a3a1c5444228b3ae3f850f3218d7c18ff5ed44a84130d5b474f3?s=96&d=mm&r=g","contentUrl":"https:\/\/secure.gravatar.com\/avatar\/92c2a9c67399a3a1c5444228b3ae3f850f3218d7c18ff5ed44a84130d5b474f3?s=96&d=mm&r=g","caption":"Nemes Gabor"},"url":"https:\/\/hirhangya.hu\/index.php\/author\/hex324\/"}]}},"_links":{"self":[{"href":"https:\/\/hirhangya.hu\/index.php\/wp-json\/wp\/v2\/posts\/94200","targetHints":{"allow":["GET"]}}],"collection":[{"href":"https:\/\/hirhangya.hu\/index.php\/wp-json\/wp\/v2\/posts"}],"about":[{"href":"https:\/\/hirhangya.hu\/index.php\/wp-json\/wp\/v2\/types\/post"}],"author":[{"embeddable":true,"href":"https:\/\/hirhangya.hu\/index.php\/wp-json\/wp\/v2\/users\/2"}],"replies":[{"embeddable":true,"href":"https:\/\/hirhangya.hu\/index.php\/wp-json\/wp\/v2\/comments?post=94200"}],"version-history":[{"count":0,"href":"https:\/\/hirhangya.hu\/index.php\/wp-json\/wp\/v2\/posts\/94200\/revisions"}],"wp:featuredmedia":[{"embeddable":true,"href":"https:\/\/hirhangya.hu\/index.php\/wp-json\/wp\/v2\/media\/94201"}],"wp:attachment":[{"href":"https:\/\/hirhangya.hu\/index.php\/wp-json\/wp\/v2\/media?parent=94200"}],"wp:term":[{"taxonomy":"category","embeddable":true,"href":"https:\/\/hirhangya.hu\/index.php\/wp-json\/wp\/v2\/categories?post=94200"},{"taxonomy":"post_tag","embeddable":true,"href":"https:\/\/hirhangya.hu\/index.php\/wp-json\/wp\/v2\/tags?post=94200"}],"curies":[{"name":"wp","href":"https:\/\/api.w.org\/{rel}","templated":true}]}}