{"id":94202,"date":"2026-04-29T04:59:24","date_gmt":"2026-04-29T04:59:24","guid":{"rendered":"https:\/\/hirhangya.hu\/index.php\/2026\/04\/29\/ket-uj-ultra-modellel-tarolna-az-apple\/"},"modified":"2026-04-29T04:59:24","modified_gmt":"2026-04-29T04:59:24","slug":"ket-uj-ultra-modellel-tarolna-az-apple","status":"publish","type":"post","link":"https:\/\/hirhangya.hu\/index.php\/2026\/04\/29\/ket-uj-ultra-modellel-tarolna-az-apple\/","title":{"rendered":"K\u00e9t \u00faj Ultra modellel tarolna az Apple"},"content":{"rendered":"<p>Az Apple 2026 \u0151sz\u00e9n v\u00e1rhat\u00f3an az \u201eUltra\u201d elnevez\u00e9ssel l\u00e9p a hajl\u00edthat\u00f3 k\u00e9sz\u00fcl\u00e9kek piac\u00e1ra: a pletyk\u00e1k szerint az els\u0151 k\u00f6nyvszer\u0171en nyithat\u00f3 modell nem iPhone Fold, hanem iPhone Ultra n\u00e9ven deb\u00fct\u00e1l, jelezve, hogy a Pro szint f\u00f6l\u00e9 poz\u00edcion\u00e1lj\u00e1k. A k\u00e9sz\u00fcl\u00e9k bels\u0151 kijelz\u0151je k\u00f6r\u00fclbel\u00fcl 7,8 h\u00fcvelykes lesz, alig l\u00e1that\u00f3 gy\u0171r\u0151d\u00e9ssel \u00e9s tit\u00e1n\u2013alum\u00ednium v\u00e1zzal, \u00e1ra pedig \u00e1tl\u00e9pheti a 2000 doll\u00e1ros hat\u00e1rt; a bejelent\u00e9s szeptemberre v\u00e1rhat\u00f3, de a glob\u00e1lis mem\u00f3riahi\u00e1ny miatt a t\u00e9nyleges piacra ker\u00fcl\u00e9s ak\u00e1r decemberre is cs\u00faszhat. <\/p>\n<p>A term\u00e9kportf\u00f3li\u00f3n bel\u00fcl egy m\u00e1sik nagy \u00fajdons\u00e1g lehet a MacBook Ultra: OLED \u00e9rint\u0151kijelz\u0151s, Dynamic Island megold\u00e1ssal a notch helyett, amely alapjaiban k\u00fcl\u00f6n\u00fclne el a jelenlegi MacBook Pro vonalt\u00f3l, \u00e9s az Apple els\u0151 \u00e9rint\u00e9s\u00e9rz\u00e9keny hordozhat\u00f3 g\u00e9pe lenne. Eredetileg 2026 v\u00e9g\u00e9re j\u00f3solt\u00e1k a premiert, de a chipgy\u00e1rt\u00e1si neh\u00e9zs\u00e9gek miatt ez ak\u00e1r 2027 els\u0151 fel\u00e9re tol\u00f3dhat; a MacBook Ultra \u00e1ll\u00edt\u00f3lag a TSMC 2 nm-es elj\u00e1r\u00e1s\u00e1val gy\u00e1rtott M6 Pro \u00e9s M6 Max chipeket kapn\u00e1.<\/p>\n<p>Vezet\u0151i szinten is fordulat v\u00e1rhat\u00f3: John Ternus, az Apple hardverfejleszt\u00e9s\u00e9rt felel\u0151s aleln\u00f6ke 2026. szeptember 1-j\u00e9n veszi \u00e1t a vez\u00e9rigazgat\u00f3i posztot Tim Cookt\u00f3l, \u00e9s Ternus \u201eUltra-strat\u00e9gi\u00e1ja\u201d \u2014 bele\u00e9rtve a pletyk\u00e1lt be\u00e9p\u00edtett kamer\u00e1s AirPods Ultr\u00e1t \u2014 \u00faj ir\u00e1nyt szabhat a c\u00e9gnek. B\u00e1r kritikusok szerint a hajl\u00edthat\u00f3s\u00e1g vagy az \u00e9rint\u0151kijelz\u0151 \u00f6nmag\u00e1ban nem tesz valakit professzion\u00e1lisabb felhaszn\u00e1l\u00f3v\u00e1, az Apple marketingje az Ultr\u00e1t a luxus \u00e9s a j\u00f6v\u0151 technol\u00f3gi\u00e1j\u00e1nak szinonim\u00e1j\u00e1v\u00e1 k\u00edv\u00e1nja tenni, reag\u00e1lva a Samsung Galaxy S26 Ultra \u00e9s a Huawei Pura X kih\u00edv\u00e1s\u00e1ra.Eredeti cikk: <a href=\"https:\/\/techworld.hu\/2026\/04\/28\/ket-uj-ultra-modellel-tarolna-az-apple\/\" target=\"_blank\" class=\"feedzy-rss-link-icon\">elolvasom<\/a><\/p>\n","protected":false},"excerpt":{"rendered":"<p>Az Apple 2026 \u0151sz\u00e9n v\u00e1rhat\u00f3an az \u201eUltra\u201d elnevez\u00e9ssel l\u00e9p a hajl\u00edthat\u00f3 k\u00e9sz\u00fcl\u00e9kek piac\u00e1ra: a pletyk\u00e1k szerint az els\u0151 k\u00f6nyvszer\u0171en nyithat\u00f3 modell nem iPhone Fold, hanem iPhone Ultra n\u00e9ven deb\u00fct\u00e1l, jelezve, hogy a Pro szint f\u00f6l\u00e9 poz\u00edcion\u00e1lj\u00e1k. A k\u00e9sz\u00fcl\u00e9k bels\u0151 kijelz\u0151je k\u00f6r\u00fclbel\u00fcl 7,8 h\u00fcvelykes lesz, alig l\u00e1that\u00f3 gy\u0171r\u0151d\u00e9ssel \u00e9s tit\u00e1n\u2013alum\u00ednium v\u00e1zzal, \u00e1ra pedig \u00e1tl\u00e9pheti a 2000 [&hellip;]<\/p>\n","protected":false},"author":2,"featured_media":94203,"comment_status":"open","ping_status":"open","sticky":false,"template":"","format":"standard","meta":{"footnotes":""},"categories":[1],"tags":[],"class_list":["post-94202","post","type-post","status-publish","format-standard","has-post-thumbnail","hentry","category-uncategorized"],"yoast_head":"<!-- This site is optimized with the Yoast SEO Premium plugin v26.2 (Yoast SEO v26.3) - https:\/\/yoast.com\/wordpress\/plugins\/seo\/ -->\n<title>K\u00e9t \u00faj Ultra modellel tarolna az Apple - H\u00edrhangya<\/title>\n<meta name=\"robots\" content=\"index, follow, max-snippet:-1, max-image-preview:large, max-video-preview:-1\" \/>\n<link rel=\"canonical\" href=\"https:\/\/hirhangya.hu\/index.php\/2026\/04\/29\/ket-uj-ultra-modellel-tarolna-az-apple\/\" \/>\n<meta property=\"og:locale\" content=\"hu_HU\" \/>\n<meta property=\"og:type\" content=\"article\" \/>\n<meta property=\"og:title\" content=\"K\u00e9t \u00faj Ultra modellel tarolna az Apple\" \/>\n<meta property=\"og:description\" content=\"Az Apple 2026 \u0151sz\u00e9n v\u00e1rhat\u00f3an az \u201eUltra\u201d elnevez\u00e9ssel l\u00e9p a hajl\u00edthat\u00f3 k\u00e9sz\u00fcl\u00e9kek piac\u00e1ra: a pletyk\u00e1k szerint az els\u0151 k\u00f6nyvszer\u0171en nyithat\u00f3 modell nem iPhone Fold, hanem iPhone Ultra n\u00e9ven deb\u00fct\u00e1l, jelezve, hogy a Pro szint f\u00f6l\u00e9 poz\u00edcion\u00e1lj\u00e1k. A k\u00e9sz\u00fcl\u00e9k bels\u0151 kijelz\u0151je k\u00f6r\u00fclbel\u00fcl 7,8 h\u00fcvelykes lesz, alig l\u00e1that\u00f3 gy\u0171r\u0151d\u00e9ssel \u00e9s tit\u00e1n\u2013alum\u00ednium v\u00e1zzal, \u00e1ra pedig \u00e1tl\u00e9pheti a 2000 [&hellip;]\" \/>\n<meta property=\"og:url\" content=\"https:\/\/hirhangya.hu\/index.php\/2026\/04\/29\/ket-uj-ultra-modellel-tarolna-az-apple\/\" \/>\n<meta property=\"og:site_name\" content=\"H\u00edrhangya\" \/>\n<meta property=\"article:published_time\" content=\"2026-04-29T04:59:24+00:00\" \/>\n<meta name=\"author\" content=\"Nemes Gabor\" \/>\n<meta name=\"twitter:card\" content=\"summary_large_image\" \/>\n<meta name=\"twitter:label1\" content=\"Szerz\u0151:\" \/>\n\t<meta name=\"twitter:data1\" content=\"Nemes Gabor\" \/>\n\t<meta name=\"twitter:label2\" content=\"Becs\u00fclt olvas\u00e1si id\u0151\" \/>\n\t<meta name=\"twitter:data2\" content=\"2 perc\" \/>\n<script type=\"application\/ld+json\" class=\"yoast-schema-graph\">{\"@context\":\"https:\/\/schema.org\",\"@graph\":[{\"@type\":\"Article\",\"@id\":\"https:\/\/hirhangya.hu\/index.php\/2026\/04\/29\/ket-uj-ultra-modellel-tarolna-az-apple\/#article\",\"isPartOf\":{\"@id\":\"https:\/\/hirhangya.hu\/index.php\/2026\/04\/29\/ket-uj-ultra-modellel-tarolna-az-apple\/\"},\"author\":{\"name\":\"Nemes Gabor\",\"@id\":\"https:\/\/hirhangya.hu\/#\/schema\/person\/ad1b32f6cde48eb8bc14fa7efd4d70b5\"},\"headline\":\"K\u00e9t \u00faj Ultra modellel tarolna az Apple\",\"datePublished\":\"2026-04-29T04:59:24+00:00\",\"mainEntityOfPage\":{\"@id\":\"https:\/\/hirhangya.hu\/index.php\/2026\/04\/29\/ket-uj-ultra-modellel-tarolna-az-apple\/\"},\"wordCount\":350,\"commentCount\":0,\"publisher\":{\"@id\":\"https:\/\/hirhangya.hu\/#organization\"},\"image\":{\"@id\":\"https:\/\/hirhangya.hu\/index.php\/2026\/04\/29\/ket-uj-ultra-modellel-tarolna-az-apple\/#primaryimage\"},\"thumbnailUrl\":\"https:\/\/hirhangya.hu\/wp-content\/uploads\/2026\/04\/iphone-fold-20251219.webp2_-G3597S.webp\",\"articleSection\":[\"Uncategorized\"],\"inLanguage\":\"hu\",\"potentialAction\":[{\"@type\":\"CommentAction\",\"name\":\"Comment\",\"target\":[\"https:\/\/hirhangya.hu\/index.php\/2026\/04\/29\/ket-uj-ultra-modellel-tarolna-az-apple\/#respond\"]}]},{\"@type\":\"WebPage\",\"@id\":\"https:\/\/hirhangya.hu\/index.php\/2026\/04\/29\/ket-uj-ultra-modellel-tarolna-az-apple\/\",\"url\":\"https:\/\/hirhangya.hu\/index.php\/2026\/04\/29\/ket-uj-ultra-modellel-tarolna-az-apple\/\",\"name\":\"K\u00e9t \u00faj Ultra modellel tarolna az Apple - H\u00edrhangya\",\"isPartOf\":{\"@id\":\"https:\/\/hirhangya.hu\/#website\"},\"primaryImageOfPage\":{\"@id\":\"https:\/\/hirhangya.hu\/index.php\/2026\/04\/29\/ket-uj-ultra-modellel-tarolna-az-apple\/#primaryimage\"},\"image\":{\"@id\":\"https:\/\/hirhangya.hu\/index.php\/2026\/04\/29\/ket-uj-ultra-modellel-tarolna-az-apple\/#primaryimage\"},\"thumbnailUrl\":\"https:\/\/hirhangya.hu\/wp-content\/uploads\/2026\/04\/iphone-fold-20251219.webp2_-G3597S.webp\",\"datePublished\":\"2026-04-29T04:59:24+00:00\",\"breadcrumb\":{\"@id\":\"https:\/\/hirhangya.hu\/index.php\/2026\/04\/29\/ket-uj-ultra-modellel-tarolna-az-apple\/#breadcrumb\"},\"inLanguage\":\"hu\",\"potentialAction\":[{\"@type\":\"ReadAction\",\"target\":[\"https:\/\/hirhangya.hu\/index.php\/2026\/04\/29\/ket-uj-ultra-modellel-tarolna-az-apple\/\"]}]},{\"@type\":\"ImageObject\",\"inLanguage\":\"hu\",\"@id\":\"https:\/\/hirhangya.hu\/index.php\/2026\/04\/29\/ket-uj-ultra-modellel-tarolna-az-apple\/#primaryimage\",\"url\":\"https:\/\/hirhangya.hu\/wp-content\/uploads\/2026\/04\/iphone-fold-20251219.webp2_-G3597S.webp\",\"contentUrl\":\"https:\/\/hirhangya.hu\/wp-content\/uploads\/2026\/04\/iphone-fold-20251219.webp2_-G3597S.webp\",\"width\":1000,\"height\":519},{\"@type\":\"BreadcrumbList\",\"@id\":\"https:\/\/hirhangya.hu\/index.php\/2026\/04\/29\/ket-uj-ultra-modellel-tarolna-az-apple\/#breadcrumb\",\"itemListElement\":[{\"@type\":\"ListItem\",\"position\":1,\"name\":\"Home\",\"item\":\"https:\/\/hirhangya.hu\/\"},{\"@type\":\"ListItem\",\"position\":2,\"name\":\"K\u00e9t \u00faj Ultra modellel tarolna az Apple\"}]},{\"@type\":\"WebSite\",\"@id\":\"https:\/\/hirhangya.hu\/#website\",\"url\":\"https:\/\/hirhangya.hu\/\",\"name\":\"H\u00edrhangya\",\"description\":\"Szorgalmasan \u00f6sszehordjuk a legfrissebb h\u00edreket\",\"publisher\":{\"@id\":\"https:\/\/hirhangya.hu\/#organization\"},\"potentialAction\":[{\"@type\":\"SearchAction\",\"target\":{\"@type\":\"EntryPoint\",\"urlTemplate\":\"https:\/\/hirhangya.hu\/?s={search_term_string}\"},\"query-input\":{\"@type\":\"PropertyValueSpecification\",\"valueRequired\":true,\"valueName\":\"search_term_string\"}}],\"inLanguage\":\"hu\"},{\"@type\":\"Organization\",\"@id\":\"https:\/\/hirhangya.hu\/#organization\",\"name\":\"H\u00edrhangya\",\"url\":\"https:\/\/hirhangya.hu\/\",\"logo\":{\"@type\":\"ImageObject\",\"inLanguage\":\"hu\",\"@id\":\"https:\/\/hirhangya.hu\/#\/schema\/logo\/image\/\",\"url\":\"https:\/\/hirhangya.hu\/wp-content\/uploads\/2025\/06\/cropped-cropped-hirhangya-logo-szoveges-scaled-1-e1750064323596.jpg\",\"contentUrl\":\"https:\/\/hirhangya.hu\/wp-content\/uploads\/2025\/06\/cropped-cropped-hirhangya-logo-szoveges-scaled-1-e1750064323596.jpg\",\"width\":350,\"height\":100,\"caption\":\"H\u00edrhangya\"},\"image\":{\"@id\":\"https:\/\/hirhangya.hu\/#\/schema\/logo\/image\/\"}},{\"@type\":\"Person\",\"@id\":\"https:\/\/hirhangya.hu\/#\/schema\/person\/ad1b32f6cde48eb8bc14fa7efd4d70b5\",\"name\":\"Nemes Gabor\",\"image\":{\"@type\":\"ImageObject\",\"inLanguage\":\"hu\",\"@id\":\"https:\/\/hirhangya.hu\/#\/schema\/person\/image\/\",\"url\":\"https:\/\/secure.gravatar.com\/avatar\/92c2a9c67399a3a1c5444228b3ae3f850f3218d7c18ff5ed44a84130d5b474f3?s=96&d=mm&r=g\",\"contentUrl\":\"https:\/\/secure.gravatar.com\/avatar\/92c2a9c67399a3a1c5444228b3ae3f850f3218d7c18ff5ed44a84130d5b474f3?s=96&d=mm&r=g\",\"caption\":\"Nemes Gabor\"},\"url\":\"https:\/\/hirhangya.hu\/index.php\/author\/hex324\/\"}]}<\/script>\n<!-- \/ Yoast SEO Premium plugin. -->","yoast_head_json":{"title":"K\u00e9t \u00faj Ultra modellel tarolna az Apple - H\u00edrhangya","robots":{"index":"index","follow":"follow","max-snippet":"max-snippet:-1","max-image-preview":"max-image-preview:large","max-video-preview":"max-video-preview:-1"},"canonical":"https:\/\/hirhangya.hu\/index.php\/2026\/04\/29\/ket-uj-ultra-modellel-tarolna-az-apple\/","og_locale":"hu_HU","og_type":"article","og_title":"K\u00e9t \u00faj Ultra modellel tarolna az Apple","og_description":"Az Apple 2026 \u0151sz\u00e9n v\u00e1rhat\u00f3an az \u201eUltra\u201d elnevez\u00e9ssel l\u00e9p a hajl\u00edthat\u00f3 k\u00e9sz\u00fcl\u00e9kek piac\u00e1ra: a pletyk\u00e1k szerint az els\u0151 k\u00f6nyvszer\u0171en nyithat\u00f3 modell nem iPhone Fold, hanem iPhone Ultra n\u00e9ven deb\u00fct\u00e1l, jelezve, hogy a Pro szint f\u00f6l\u00e9 poz\u00edcion\u00e1lj\u00e1k. A k\u00e9sz\u00fcl\u00e9k bels\u0151 kijelz\u0151je k\u00f6r\u00fclbel\u00fcl 7,8 h\u00fcvelykes lesz, alig l\u00e1that\u00f3 gy\u0171r\u0151d\u00e9ssel \u00e9s tit\u00e1n\u2013alum\u00ednium v\u00e1zzal, \u00e1ra pedig \u00e1tl\u00e9pheti a 2000 [&hellip;]","og_url":"https:\/\/hirhangya.hu\/index.php\/2026\/04\/29\/ket-uj-ultra-modellel-tarolna-az-apple\/","og_site_name":"H\u00edrhangya","article_published_time":"2026-04-29T04:59:24+00:00","author":"Nemes Gabor","twitter_card":"summary_large_image","twitter_misc":{"Szerz\u0151:":"Nemes Gabor","Becs\u00fclt olvas\u00e1si id\u0151":"2 perc"},"schema":{"@context":"https:\/\/schema.org","@graph":[{"@type":"Article","@id":"https:\/\/hirhangya.hu\/index.php\/2026\/04\/29\/ket-uj-ultra-modellel-tarolna-az-apple\/#article","isPartOf":{"@id":"https:\/\/hirhangya.hu\/index.php\/2026\/04\/29\/ket-uj-ultra-modellel-tarolna-az-apple\/"},"author":{"name":"Nemes Gabor","@id":"https:\/\/hirhangya.hu\/#\/schema\/person\/ad1b32f6cde48eb8bc14fa7efd4d70b5"},"headline":"K\u00e9t \u00faj Ultra modellel tarolna az Apple","datePublished":"2026-04-29T04:59:24+00:00","mainEntityOfPage":{"@id":"https:\/\/hirhangya.hu\/index.php\/2026\/04\/29\/ket-uj-ultra-modellel-tarolna-az-apple\/"},"wordCount":350,"commentCount":0,"publisher":{"@id":"https:\/\/hirhangya.hu\/#organization"},"image":{"@id":"https:\/\/hirhangya.hu\/index.php\/2026\/04\/29\/ket-uj-ultra-modellel-tarolna-az-apple\/#primaryimage"},"thumbnailUrl":"https:\/\/hirhangya.hu\/wp-content\/uploads\/2026\/04\/iphone-fold-20251219.webp2_-G3597S.webp","articleSection":["Uncategorized"],"inLanguage":"hu","potentialAction":[{"@type":"CommentAction","name":"Comment","target":["https:\/\/hirhangya.hu\/index.php\/2026\/04\/29\/ket-uj-ultra-modellel-tarolna-az-apple\/#respond"]}]},{"@type":"WebPage","@id":"https:\/\/hirhangya.hu\/index.php\/2026\/04\/29\/ket-uj-ultra-modellel-tarolna-az-apple\/","url":"https:\/\/hirhangya.hu\/index.php\/2026\/04\/29\/ket-uj-ultra-modellel-tarolna-az-apple\/","name":"K\u00e9t \u00faj Ultra modellel tarolna az Apple - H\u00edrhangya","isPartOf":{"@id":"https:\/\/hirhangya.hu\/#website"},"primaryImageOfPage":{"@id":"https:\/\/hirhangya.hu\/index.php\/2026\/04\/29\/ket-uj-ultra-modellel-tarolna-az-apple\/#primaryimage"},"image":{"@id":"https:\/\/hirhangya.hu\/index.php\/2026\/04\/29\/ket-uj-ultra-modellel-tarolna-az-apple\/#primaryimage"},"thumbnailUrl":"https:\/\/hirhangya.hu\/wp-content\/uploads\/2026\/04\/iphone-fold-20251219.webp2_-G3597S.webp","datePublished":"2026-04-29T04:59:24+00:00","breadcrumb":{"@id":"https:\/\/hirhangya.hu\/index.php\/2026\/04\/29\/ket-uj-ultra-modellel-tarolna-az-apple\/#breadcrumb"},"inLanguage":"hu","potentialAction":[{"@type":"ReadAction","target":["https:\/\/hirhangya.hu\/index.php\/2026\/04\/29\/ket-uj-ultra-modellel-tarolna-az-apple\/"]}]},{"@type":"ImageObject","inLanguage":"hu","@id":"https:\/\/hirhangya.hu\/index.php\/2026\/04\/29\/ket-uj-ultra-modellel-tarolna-az-apple\/#primaryimage","url":"https:\/\/hirhangya.hu\/wp-content\/uploads\/2026\/04\/iphone-fold-20251219.webp2_-G3597S.webp","contentUrl":"https:\/\/hirhangya.hu\/wp-content\/uploads\/2026\/04\/iphone-fold-20251219.webp2_-G3597S.webp","width":1000,"height":519},{"@type":"BreadcrumbList","@id":"https:\/\/hirhangya.hu\/index.php\/2026\/04\/29\/ket-uj-ultra-modellel-tarolna-az-apple\/#breadcrumb","itemListElement":[{"@type":"ListItem","position":1,"name":"Home","item":"https:\/\/hirhangya.hu\/"},{"@type":"ListItem","position":2,"name":"K\u00e9t \u00faj Ultra modellel tarolna az Apple"}]},{"@type":"WebSite","@id":"https:\/\/hirhangya.hu\/#website","url":"https:\/\/hirhangya.hu\/","name":"H\u00edrhangya","description":"Szorgalmasan \u00f6sszehordjuk a legfrissebb h\u00edreket","publisher":{"@id":"https:\/\/hirhangya.hu\/#organization"},"potentialAction":[{"@type":"SearchAction","target":{"@type":"EntryPoint","urlTemplate":"https:\/\/hirhangya.hu\/?s={search_term_string}"},"query-input":{"@type":"PropertyValueSpecification","valueRequired":true,"valueName":"search_term_string"}}],"inLanguage":"hu"},{"@type":"Organization","@id":"https:\/\/hirhangya.hu\/#organization","name":"H\u00edrhangya","url":"https:\/\/hirhangya.hu\/","logo":{"@type":"ImageObject","inLanguage":"hu","@id":"https:\/\/hirhangya.hu\/#\/schema\/logo\/image\/","url":"https:\/\/hirhangya.hu\/wp-content\/uploads\/2025\/06\/cropped-cropped-hirhangya-logo-szoveges-scaled-1-e1750064323596.jpg","contentUrl":"https:\/\/hirhangya.hu\/wp-content\/uploads\/2025\/06\/cropped-cropped-hirhangya-logo-szoveges-scaled-1-e1750064323596.jpg","width":350,"height":100,"caption":"H\u00edrhangya"},"image":{"@id":"https:\/\/hirhangya.hu\/#\/schema\/logo\/image\/"}},{"@type":"Person","@id":"https:\/\/hirhangya.hu\/#\/schema\/person\/ad1b32f6cde48eb8bc14fa7efd4d70b5","name":"Nemes Gabor","image":{"@type":"ImageObject","inLanguage":"hu","@id":"https:\/\/hirhangya.hu\/#\/schema\/person\/image\/","url":"https:\/\/secure.gravatar.com\/avatar\/92c2a9c67399a3a1c5444228b3ae3f850f3218d7c18ff5ed44a84130d5b474f3?s=96&d=mm&r=g","contentUrl":"https:\/\/secure.gravatar.com\/avatar\/92c2a9c67399a3a1c5444228b3ae3f850f3218d7c18ff5ed44a84130d5b474f3?s=96&d=mm&r=g","caption":"Nemes Gabor"},"url":"https:\/\/hirhangya.hu\/index.php\/author\/hex324\/"}]}},"_links":{"self":[{"href":"https:\/\/hirhangya.hu\/index.php\/wp-json\/wp\/v2\/posts\/94202","targetHints":{"allow":["GET"]}}],"collection":[{"href":"https:\/\/hirhangya.hu\/index.php\/wp-json\/wp\/v2\/posts"}],"about":[{"href":"https:\/\/hirhangya.hu\/index.php\/wp-json\/wp\/v2\/types\/post"}],"author":[{"embeddable":true,"href":"https:\/\/hirhangya.hu\/index.php\/wp-json\/wp\/v2\/users\/2"}],"replies":[{"embeddable":true,"href":"https:\/\/hirhangya.hu\/index.php\/wp-json\/wp\/v2\/comments?post=94202"}],"version-history":[{"count":0,"href":"https:\/\/hirhangya.hu\/index.php\/wp-json\/wp\/v2\/posts\/94202\/revisions"}],"wp:featuredmedia":[{"embeddable":true,"href":"https:\/\/hirhangya.hu\/index.php\/wp-json\/wp\/v2\/media\/94203"}],"wp:attachment":[{"href":"https:\/\/hirhangya.hu\/index.php\/wp-json\/wp\/v2\/media?parent=94202"}],"wp:term":[{"taxonomy":"category","embeddable":true,"href":"https:\/\/hirhangya.hu\/index.php\/wp-json\/wp\/v2\/categories?post=94202"},{"taxonomy":"post_tag","embeddable":true,"href":"https:\/\/hirhangya.hu\/index.php\/wp-json\/wp\/v2\/tags?post=94202"}],"curies":[{"name":"wp","href":"https:\/\/api.w.org\/{rel}","templated":true}]}}