{"id":94204,"date":"2026-04-29T04:59:38","date_gmt":"2026-04-29T04:59:38","guid":{"rendered":"https:\/\/hirhangya.hu\/index.php\/2026\/04\/29\/gyilkos-szamokkal-tamad-a-vivo\/"},"modified":"2026-04-29T04:59:38","modified_gmt":"2026-04-29T04:59:38","slug":"gyilkos-szamokkal-tamad-a-vivo","status":"publish","type":"post","link":"https:\/\/hirhangya.hu\/index.php\/2026\/04\/29\/gyilkos-szamokkal-tamad-a-vivo\/","title":{"rendered":"Gyilkos sz\u00e1mokkal t\u00e1mad a Vivo"},"content":{"rendered":"<p>A Vivo kihagyja az X400-as sorozatot \u00e9s k\u00f6zvetlen\u00fcl az X300 ut\u00e1n az X500-at hozza, r\u00e9szben a k\u00ednai piacokon elterjedt \u201etetraf\u00f3bia\u201d miatt. A sziv\u00e1rg\u00e1sok szerint a sorozat 2026 szeptember\u00e9ben \u00e9rkezik h\u00e1rom modellel: egy kompakt, 6,37 h\u00fcvelykes Pro Minivel, egy k\u00f6z\u00e9pm\u00e9ret\u0171 alapmodellel \u00e9s egy hatalmas, 6,9 h\u00fcvelykes X500 Pro Maxszal.<\/p>\n<p>A f\u0151 \u00fajdons\u00e1gok a kamera \u00e9s a hardver ter\u00e9n v\u00e1rhat\u00f3k: az alap\u00e9rz\u00e9kel\u0151n\u00e9l a Vivo a megapixelek hajszol\u00e1sa helyett a LOFIC (Lateral Overflow Integration Capacitor) technol\u00f3gi\u00e1t alkalmazza egy 50 megapixeles szenzorn\u00e1l, ami jelent\u0151sen n\u00f6veli a dinamikatartom\u00e1nyt. Ezt egy tov\u00e1bbfejlesztett periszk\u00f3pos zoomkamera eg\u00e9sz\u00edti ki, a Pro Maxn\u00e1l pedig megmarad a m\u00e1r kor\u00e1bban bemutatott, 200 megapixeles t\u00e1vcs\u0151-objekt\u00edv.<\/p>\n<p>A teljes\u00edtm\u00e9ny oldal\u00e1n a sorozat lehet az els\u0151k k\u00f6z\u00f6tt, amely a MediaTek \u00e1ll\u00edt\u00f3lagos, 2 nm-es gy\u00e1rt\u00e1stechnol\u00f3gi\u00e1val k\u00e9sz\u00fcl\u0151 Dimensity 9600 lapk\u00e1j\u00e1t haszn\u00e1lja, v\u00e9lhet\u0151en \u201e2+3+3\u201d magfel\u00e9p\u00edt\u00e9ssel, k\u00f6zvetlen riv\u00e1lisa lesz a Snapdragon 8 Elite Gen 6-nak. A 2 nm-es gy\u00e1rt\u00e1stechnol\u00f3gia miatt az \u00e1rak emelked\u00e9se v\u00e1rhat\u00f3, de a Vivo 7000 mAh-s akkumul\u00e1tort \u00e9s \u00faj gener\u00e1ci\u00f3s GPU-t \u00edg\u00e9r, hogy a fot\u00f3z\u00e1s \u00e9s a j\u00e1t\u00e9kok ter\u00e9n is kiemelked\u0151 teljes\u00edtm\u00e9nyt ny\u00fajtson.Eredeti cikk: <a href=\"https:\/\/techworld.hu\/2026\/04\/28\/gyilkos-szamokkal-tamad-a-vivo\/\" target=\"_blank\" class=\"feedzy-rss-link-icon\">elolvasom<\/a><\/p>\n","protected":false},"excerpt":{"rendered":"<p>A Vivo kihagyja az X400-as sorozatot \u00e9s k\u00f6zvetlen\u00fcl az X300 ut\u00e1n az X500-at hozza, r\u00e9szben a k\u00ednai piacokon elterjedt \u201etetraf\u00f3bia\u201d miatt. A sziv\u00e1rg\u00e1sok szerint a sorozat 2026 szeptember\u00e9ben \u00e9rkezik h\u00e1rom modellel: egy kompakt, 6,37 h\u00fcvelykes Pro Minivel, egy k\u00f6z\u00e9pm\u00e9ret\u0171 alapmodellel \u00e9s egy hatalmas, 6,9 h\u00fcvelykes X500 Pro Maxszal. A f\u0151 \u00fajdons\u00e1gok a kamera \u00e9s a [&hellip;]<\/p>\n","protected":false},"author":2,"featured_media":94205,"comment_status":"open","ping_status":"open","sticky":false,"template":"","format":"standard","meta":{"footnotes":""},"categories":[1],"tags":[],"class_list":["post-94204","post","type-post","status-publish","format-standard","has-post-thumbnail","hentry","category-uncategorized"],"yoast_head":"<!-- This site is optimized with the Yoast SEO Premium plugin v26.2 (Yoast SEO v26.3) - https:\/\/yoast.com\/wordpress\/plugins\/seo\/ -->\n<title>Gyilkos sz\u00e1mokkal t\u00e1mad a Vivo - H\u00edrhangya<\/title>\n<meta name=\"robots\" content=\"index, follow, max-snippet:-1, max-image-preview:large, max-video-preview:-1\" \/>\n<link rel=\"canonical\" href=\"https:\/\/hirhangya.hu\/index.php\/2026\/04\/29\/gyilkos-szamokkal-tamad-a-vivo\/\" \/>\n<meta property=\"og:locale\" content=\"hu_HU\" \/>\n<meta property=\"og:type\" content=\"article\" \/>\n<meta property=\"og:title\" content=\"Gyilkos sz\u00e1mokkal t\u00e1mad a Vivo\" \/>\n<meta property=\"og:description\" content=\"A Vivo kihagyja az X400-as sorozatot \u00e9s k\u00f6zvetlen\u00fcl az X300 ut\u00e1n az X500-at hozza, r\u00e9szben a k\u00ednai piacokon elterjedt \u201etetraf\u00f3bia\u201d miatt. A sziv\u00e1rg\u00e1sok szerint a sorozat 2026 szeptember\u00e9ben \u00e9rkezik h\u00e1rom modellel: egy kompakt, 6,37 h\u00fcvelykes Pro Minivel, egy k\u00f6z\u00e9pm\u00e9ret\u0171 alapmodellel \u00e9s egy hatalmas, 6,9 h\u00fcvelykes X500 Pro Maxszal. A f\u0151 \u00fajdons\u00e1gok a kamera \u00e9s a [&hellip;]\" \/>\n<meta property=\"og:url\" content=\"https:\/\/hirhangya.hu\/index.php\/2026\/04\/29\/gyilkos-szamokkal-tamad-a-vivo\/\" \/>\n<meta property=\"og:site_name\" content=\"H\u00edrhangya\" \/>\n<meta property=\"article:published_time\" content=\"2026-04-29T04:59:38+00:00\" \/>\n<meta name=\"author\" content=\"Nemes Gabor\" \/>\n<meta name=\"twitter:card\" content=\"summary_large_image\" \/>\n<meta name=\"twitter:label1\" content=\"Szerz\u0151:\" \/>\n\t<meta name=\"twitter:data1\" content=\"Nemes Gabor\" \/>\n\t<meta name=\"twitter:label2\" content=\"Becs\u00fclt olvas\u00e1si id\u0151\" \/>\n\t<meta name=\"twitter:data2\" content=\"1 perc\" \/>\n<script type=\"application\/ld+json\" class=\"yoast-schema-graph\">{\"@context\":\"https:\/\/schema.org\",\"@graph\":[{\"@type\":\"Article\",\"@id\":\"https:\/\/hirhangya.hu\/index.php\/2026\/04\/29\/gyilkos-szamokkal-tamad-a-vivo\/#article\",\"isPartOf\":{\"@id\":\"https:\/\/hirhangya.hu\/index.php\/2026\/04\/29\/gyilkos-szamokkal-tamad-a-vivo\/\"},\"author\":{\"name\":\"Nemes Gabor\",\"@id\":\"https:\/\/hirhangya.hu\/#\/schema\/person\/ad1b32f6cde48eb8bc14fa7efd4d70b5\"},\"headline\":\"Gyilkos sz\u00e1mokkal t\u00e1mad a Vivo\",\"datePublished\":\"2026-04-29T04:59:38+00:00\",\"mainEntityOfPage\":{\"@id\":\"https:\/\/hirhangya.hu\/index.php\/2026\/04\/29\/gyilkos-szamokkal-tamad-a-vivo\/\"},\"wordCount\":248,\"commentCount\":0,\"publisher\":{\"@id\":\"https:\/\/hirhangya.hu\/#organization\"},\"image\":{\"@id\":\"https:\/\/hirhangya.hu\/index.php\/2026\/04\/29\/gyilkos-szamokkal-tamad-a-vivo\/#primaryimage\"},\"thumbnailUrl\":\"https:\/\/hirhangya.hu\/wp-content\/uploads\/2026\/04\/vivo-x300-fe-U4BG04.webp\",\"articleSection\":[\"Uncategorized\"],\"inLanguage\":\"hu\",\"potentialAction\":[{\"@type\":\"CommentAction\",\"name\":\"Comment\",\"target\":[\"https:\/\/hirhangya.hu\/index.php\/2026\/04\/29\/gyilkos-szamokkal-tamad-a-vivo\/#respond\"]}]},{\"@type\":\"WebPage\",\"@id\":\"https:\/\/hirhangya.hu\/index.php\/2026\/04\/29\/gyilkos-szamokkal-tamad-a-vivo\/\",\"url\":\"https:\/\/hirhangya.hu\/index.php\/2026\/04\/29\/gyilkos-szamokkal-tamad-a-vivo\/\",\"name\":\"Gyilkos sz\u00e1mokkal t\u00e1mad a Vivo - H\u00edrhangya\",\"isPartOf\":{\"@id\":\"https:\/\/hirhangya.hu\/#website\"},\"primaryImageOfPage\":{\"@id\":\"https:\/\/hirhangya.hu\/index.php\/2026\/04\/29\/gyilkos-szamokkal-tamad-a-vivo\/#primaryimage\"},\"image\":{\"@id\":\"https:\/\/hirhangya.hu\/index.php\/2026\/04\/29\/gyilkos-szamokkal-tamad-a-vivo\/#primaryimage\"},\"thumbnailUrl\":\"https:\/\/hirhangya.hu\/wp-content\/uploads\/2026\/04\/vivo-x300-fe-U4BG04.webp\",\"datePublished\":\"2026-04-29T04:59:38+00:00\",\"breadcrumb\":{\"@id\":\"https:\/\/hirhangya.hu\/index.php\/2026\/04\/29\/gyilkos-szamokkal-tamad-a-vivo\/#breadcrumb\"},\"inLanguage\":\"hu\",\"potentialAction\":[{\"@type\":\"ReadAction\",\"target\":[\"https:\/\/hirhangya.hu\/index.php\/2026\/04\/29\/gyilkos-szamokkal-tamad-a-vivo\/\"]}]},{\"@type\":\"ImageObject\",\"inLanguage\":\"hu\",\"@id\":\"https:\/\/hirhangya.hu\/index.php\/2026\/04\/29\/gyilkos-szamokkal-tamad-a-vivo\/#primaryimage\",\"url\":\"https:\/\/hirhangya.hu\/wp-content\/uploads\/2026\/04\/vivo-x300-fe-U4BG04.webp\",\"contentUrl\":\"https:\/\/hirhangya.hu\/wp-content\/uploads\/2026\/04\/vivo-x300-fe-U4BG04.webp\",\"width\":1200,\"height\":675},{\"@type\":\"BreadcrumbList\",\"@id\":\"https:\/\/hirhangya.hu\/index.php\/2026\/04\/29\/gyilkos-szamokkal-tamad-a-vivo\/#breadcrumb\",\"itemListElement\":[{\"@type\":\"ListItem\",\"position\":1,\"name\":\"Home\",\"item\":\"https:\/\/hirhangya.hu\/\"},{\"@type\":\"ListItem\",\"position\":2,\"name\":\"Gyilkos sz\u00e1mokkal t\u00e1mad a Vivo\"}]},{\"@type\":\"WebSite\",\"@id\":\"https:\/\/hirhangya.hu\/#website\",\"url\":\"https:\/\/hirhangya.hu\/\",\"name\":\"H\u00edrhangya\",\"description\":\"Szorgalmasan \u00f6sszehordjuk a legfrissebb h\u00edreket\",\"publisher\":{\"@id\":\"https:\/\/hirhangya.hu\/#organization\"},\"potentialAction\":[{\"@type\":\"SearchAction\",\"target\":{\"@type\":\"EntryPoint\",\"urlTemplate\":\"https:\/\/hirhangya.hu\/?s={search_term_string}\"},\"query-input\":{\"@type\":\"PropertyValueSpecification\",\"valueRequired\":true,\"valueName\":\"search_term_string\"}}],\"inLanguage\":\"hu\"},{\"@type\":\"Organization\",\"@id\":\"https:\/\/hirhangya.hu\/#organization\",\"name\":\"H\u00edrhangya\",\"url\":\"https:\/\/hirhangya.hu\/\",\"logo\":{\"@type\":\"ImageObject\",\"inLanguage\":\"hu\",\"@id\":\"https:\/\/hirhangya.hu\/#\/schema\/logo\/image\/\",\"url\":\"https:\/\/hirhangya.hu\/wp-content\/uploads\/2025\/06\/cropped-cropped-hirhangya-logo-szoveges-scaled-1-e1750064323596.jpg\",\"contentUrl\":\"https:\/\/hirhangya.hu\/wp-content\/uploads\/2025\/06\/cropped-cropped-hirhangya-logo-szoveges-scaled-1-e1750064323596.jpg\",\"width\":350,\"height\":100,\"caption\":\"H\u00edrhangya\"},\"image\":{\"@id\":\"https:\/\/hirhangya.hu\/#\/schema\/logo\/image\/\"}},{\"@type\":\"Person\",\"@id\":\"https:\/\/hirhangya.hu\/#\/schema\/person\/ad1b32f6cde48eb8bc14fa7efd4d70b5\",\"name\":\"Nemes Gabor\",\"image\":{\"@type\":\"ImageObject\",\"inLanguage\":\"hu\",\"@id\":\"https:\/\/hirhangya.hu\/#\/schema\/person\/image\/\",\"url\":\"https:\/\/secure.gravatar.com\/avatar\/92c2a9c67399a3a1c5444228b3ae3f850f3218d7c18ff5ed44a84130d5b474f3?s=96&d=mm&r=g\",\"contentUrl\":\"https:\/\/secure.gravatar.com\/avatar\/92c2a9c67399a3a1c5444228b3ae3f850f3218d7c18ff5ed44a84130d5b474f3?s=96&d=mm&r=g\",\"caption\":\"Nemes Gabor\"},\"url\":\"https:\/\/hirhangya.hu\/index.php\/author\/hex324\/\"}]}<\/script>\n<!-- \/ Yoast SEO Premium plugin. -->","yoast_head_json":{"title":"Gyilkos sz\u00e1mokkal t\u00e1mad a Vivo - H\u00edrhangya","robots":{"index":"index","follow":"follow","max-snippet":"max-snippet:-1","max-image-preview":"max-image-preview:large","max-video-preview":"max-video-preview:-1"},"canonical":"https:\/\/hirhangya.hu\/index.php\/2026\/04\/29\/gyilkos-szamokkal-tamad-a-vivo\/","og_locale":"hu_HU","og_type":"article","og_title":"Gyilkos sz\u00e1mokkal t\u00e1mad a Vivo","og_description":"A Vivo kihagyja az X400-as sorozatot \u00e9s k\u00f6zvetlen\u00fcl az X300 ut\u00e1n az X500-at hozza, r\u00e9szben a k\u00ednai piacokon elterjedt \u201etetraf\u00f3bia\u201d miatt. A sziv\u00e1rg\u00e1sok szerint a sorozat 2026 szeptember\u00e9ben \u00e9rkezik h\u00e1rom modellel: egy kompakt, 6,37 h\u00fcvelykes Pro Minivel, egy k\u00f6z\u00e9pm\u00e9ret\u0171 alapmodellel \u00e9s egy hatalmas, 6,9 h\u00fcvelykes X500 Pro Maxszal. A f\u0151 \u00fajdons\u00e1gok a kamera \u00e9s a [&hellip;]","og_url":"https:\/\/hirhangya.hu\/index.php\/2026\/04\/29\/gyilkos-szamokkal-tamad-a-vivo\/","og_site_name":"H\u00edrhangya","article_published_time":"2026-04-29T04:59:38+00:00","author":"Nemes Gabor","twitter_card":"summary_large_image","twitter_misc":{"Szerz\u0151:":"Nemes Gabor","Becs\u00fclt olvas\u00e1si id\u0151":"1 perc"},"schema":{"@context":"https:\/\/schema.org","@graph":[{"@type":"Article","@id":"https:\/\/hirhangya.hu\/index.php\/2026\/04\/29\/gyilkos-szamokkal-tamad-a-vivo\/#article","isPartOf":{"@id":"https:\/\/hirhangya.hu\/index.php\/2026\/04\/29\/gyilkos-szamokkal-tamad-a-vivo\/"},"author":{"name":"Nemes Gabor","@id":"https:\/\/hirhangya.hu\/#\/schema\/person\/ad1b32f6cde48eb8bc14fa7efd4d70b5"},"headline":"Gyilkos sz\u00e1mokkal t\u00e1mad a Vivo","datePublished":"2026-04-29T04:59:38+00:00","mainEntityOfPage":{"@id":"https:\/\/hirhangya.hu\/index.php\/2026\/04\/29\/gyilkos-szamokkal-tamad-a-vivo\/"},"wordCount":248,"commentCount":0,"publisher":{"@id":"https:\/\/hirhangya.hu\/#organization"},"image":{"@id":"https:\/\/hirhangya.hu\/index.php\/2026\/04\/29\/gyilkos-szamokkal-tamad-a-vivo\/#primaryimage"},"thumbnailUrl":"https:\/\/hirhangya.hu\/wp-content\/uploads\/2026\/04\/vivo-x300-fe-U4BG04.webp","articleSection":["Uncategorized"],"inLanguage":"hu","potentialAction":[{"@type":"CommentAction","name":"Comment","target":["https:\/\/hirhangya.hu\/index.php\/2026\/04\/29\/gyilkos-szamokkal-tamad-a-vivo\/#respond"]}]},{"@type":"WebPage","@id":"https:\/\/hirhangya.hu\/index.php\/2026\/04\/29\/gyilkos-szamokkal-tamad-a-vivo\/","url":"https:\/\/hirhangya.hu\/index.php\/2026\/04\/29\/gyilkos-szamokkal-tamad-a-vivo\/","name":"Gyilkos sz\u00e1mokkal t\u00e1mad a Vivo - H\u00edrhangya","isPartOf":{"@id":"https:\/\/hirhangya.hu\/#website"},"primaryImageOfPage":{"@id":"https:\/\/hirhangya.hu\/index.php\/2026\/04\/29\/gyilkos-szamokkal-tamad-a-vivo\/#primaryimage"},"image":{"@id":"https:\/\/hirhangya.hu\/index.php\/2026\/04\/29\/gyilkos-szamokkal-tamad-a-vivo\/#primaryimage"},"thumbnailUrl":"https:\/\/hirhangya.hu\/wp-content\/uploads\/2026\/04\/vivo-x300-fe-U4BG04.webp","datePublished":"2026-04-29T04:59:38+00:00","breadcrumb":{"@id":"https:\/\/hirhangya.hu\/index.php\/2026\/04\/29\/gyilkos-szamokkal-tamad-a-vivo\/#breadcrumb"},"inLanguage":"hu","potentialAction":[{"@type":"ReadAction","target":["https:\/\/hirhangya.hu\/index.php\/2026\/04\/29\/gyilkos-szamokkal-tamad-a-vivo\/"]}]},{"@type":"ImageObject","inLanguage":"hu","@id":"https:\/\/hirhangya.hu\/index.php\/2026\/04\/29\/gyilkos-szamokkal-tamad-a-vivo\/#primaryimage","url":"https:\/\/hirhangya.hu\/wp-content\/uploads\/2026\/04\/vivo-x300-fe-U4BG04.webp","contentUrl":"https:\/\/hirhangya.hu\/wp-content\/uploads\/2026\/04\/vivo-x300-fe-U4BG04.webp","width":1200,"height":675},{"@type":"BreadcrumbList","@id":"https:\/\/hirhangya.hu\/index.php\/2026\/04\/29\/gyilkos-szamokkal-tamad-a-vivo\/#breadcrumb","itemListElement":[{"@type":"ListItem","position":1,"name":"Home","item":"https:\/\/hirhangya.hu\/"},{"@type":"ListItem","position":2,"name":"Gyilkos sz\u00e1mokkal t\u00e1mad a Vivo"}]},{"@type":"WebSite","@id":"https:\/\/hirhangya.hu\/#website","url":"https:\/\/hirhangya.hu\/","name":"H\u00edrhangya","description":"Szorgalmasan \u00f6sszehordjuk a legfrissebb h\u00edreket","publisher":{"@id":"https:\/\/hirhangya.hu\/#organization"},"potentialAction":[{"@type":"SearchAction","target":{"@type":"EntryPoint","urlTemplate":"https:\/\/hirhangya.hu\/?s={search_term_string}"},"query-input":{"@type":"PropertyValueSpecification","valueRequired":true,"valueName":"search_term_string"}}],"inLanguage":"hu"},{"@type":"Organization","@id":"https:\/\/hirhangya.hu\/#organization","name":"H\u00edrhangya","url":"https:\/\/hirhangya.hu\/","logo":{"@type":"ImageObject","inLanguage":"hu","@id":"https:\/\/hirhangya.hu\/#\/schema\/logo\/image\/","url":"https:\/\/hirhangya.hu\/wp-content\/uploads\/2025\/06\/cropped-cropped-hirhangya-logo-szoveges-scaled-1-e1750064323596.jpg","contentUrl":"https:\/\/hirhangya.hu\/wp-content\/uploads\/2025\/06\/cropped-cropped-hirhangya-logo-szoveges-scaled-1-e1750064323596.jpg","width":350,"height":100,"caption":"H\u00edrhangya"},"image":{"@id":"https:\/\/hirhangya.hu\/#\/schema\/logo\/image\/"}},{"@type":"Person","@id":"https:\/\/hirhangya.hu\/#\/schema\/person\/ad1b32f6cde48eb8bc14fa7efd4d70b5","name":"Nemes Gabor","image":{"@type":"ImageObject","inLanguage":"hu","@id":"https:\/\/hirhangya.hu\/#\/schema\/person\/image\/","url":"https:\/\/secure.gravatar.com\/avatar\/92c2a9c67399a3a1c5444228b3ae3f850f3218d7c18ff5ed44a84130d5b474f3?s=96&d=mm&r=g","contentUrl":"https:\/\/secure.gravatar.com\/avatar\/92c2a9c67399a3a1c5444228b3ae3f850f3218d7c18ff5ed44a84130d5b474f3?s=96&d=mm&r=g","caption":"Nemes Gabor"},"url":"https:\/\/hirhangya.hu\/index.php\/author\/hex324\/"}]}},"_links":{"self":[{"href":"https:\/\/hirhangya.hu\/index.php\/wp-json\/wp\/v2\/posts\/94204","targetHints":{"allow":["GET"]}}],"collection":[{"href":"https:\/\/hirhangya.hu\/index.php\/wp-json\/wp\/v2\/posts"}],"about":[{"href":"https:\/\/hirhangya.hu\/index.php\/wp-json\/wp\/v2\/types\/post"}],"author":[{"embeddable":true,"href":"https:\/\/hirhangya.hu\/index.php\/wp-json\/wp\/v2\/users\/2"}],"replies":[{"embeddable":true,"href":"https:\/\/hirhangya.hu\/index.php\/wp-json\/wp\/v2\/comments?post=94204"}],"version-history":[{"count":0,"href":"https:\/\/hirhangya.hu\/index.php\/wp-json\/wp\/v2\/posts\/94204\/revisions"}],"wp:featuredmedia":[{"embeddable":true,"href":"https:\/\/hirhangya.hu\/index.php\/wp-json\/wp\/v2\/media\/94205"}],"wp:attachment":[{"href":"https:\/\/hirhangya.hu\/index.php\/wp-json\/wp\/v2\/media?parent=94204"}],"wp:term":[{"taxonomy":"category","embeddable":true,"href":"https:\/\/hirhangya.hu\/index.php\/wp-json\/wp\/v2\/categories?post=94204"},{"taxonomy":"post_tag","embeddable":true,"href":"https:\/\/hirhangya.hu\/index.php\/wp-json\/wp\/v2\/tags?post=94204"}],"curies":[{"name":"wp","href":"https:\/\/api.w.org\/{rel}","templated":true}]}}