{"id":94342,"date":"2026-04-29T09:10:26","date_gmt":"2026-04-29T09:10:26","guid":{"rendered":"https:\/\/hirhangya.hu\/index.php\/2026\/04\/29\/revesz-mariusz-vitezyrol-mennyire-normalis-hogy-egy-lekoszono-allamtitkar-orul-egy-kovetkezo-kormany-kozlekedesi-miniszterenek\/"},"modified":"2026-04-29T09:10:26","modified_gmt":"2026-04-29T09:10:26","slug":"revesz-mariusz-vitezyrol-mennyire-normalis-hogy-egy-lekoszono-allamtitkar-orul-egy-kovetkezo-kormany-kozlekedesi-miniszterenek","status":"publish","type":"post","link":"https:\/\/hirhangya.hu\/index.php\/2026\/04\/29\/revesz-mariusz-vitezyrol-mennyire-normalis-hogy-egy-lekoszono-allamtitkar-orul-egy-kovetkezo-kormany-kozlekedesi-miniszterenek\/","title":{"rendered":"R\u00e9v\u00e9sz M\u00e1riusz Vit\u00e9zyr\u0151l: Mennyire norm\u00e1lis, hogy egy lek\u00f6sz\u00f6n\u0151 \u00e1llamtitk\u00e1r \u00f6r\u00fcl egy k\u00f6vetkez\u0151 korm\u00e1ny k\u00f6zleked\u00e9si miniszter\u00e9nek?"},"content":{"rendered":"<p>R\u00e9v\u00e9sz M\u00e1riusz Facebook-bejegyz\u00e9s\u00e9t a c\u00edmben olvashat\u00f3 k\u00e9rd\u00e9ssel kezdi, megeml\u00edtve, hogy hezit\u00e1lt, mennyire norm\u00e1lis mindezt le\u00edrni, de hozz\u00e1t\u00e9ve: \u201eDe egy norm\u00e1lis vil\u00e1gban ilyen el\u0151fordulhat.\u201d Azt \u00edrja, hogy a 2010-es \u00e9vek eleje \u00f3ta dolgoztak egy\u00fctt Vit\u00e9zyvel, m\u00e9ltatva annak szak\u00e9rtelm\u00e9t; sajn\u00e1lta, hogy elvesztett\u00e9k mint k\u00f6zleked\u00e9si \u00e1llamtitk\u00e1rt, \u00e9s hogy a f\u0151polg\u00e1rmester-v\u00e1laszt\u00e1son mind\u00f6ssze n\u00e9h\u00e1ny szavazattal maradt alul, mert szerinte Budapest jobban \u00e1llna Vit\u00e9zy vezet\u00e9s\u00e9vel. B\u00edr\u00e1lta, hogy a Tisza p\u00e1rt \u00e9s a Fidesz nem \u00e1llt mell\u00e9, pedig szerinte auton\u00f3m, saj\u00e1t \u00fatj\u00e1t j\u00e1r\u00f3 ember volt; Vit\u00e9zyt haz\u00e1nk legfelk\u00e9sz\u00fcltebb k\u00f6zleked\u00e9si szakpolitikusak\u00e9nt jellemezte, \u00e9s azt k\u00edv\u00e1nta, hogy siker\u00fclj\u00f6n jav\u00edtani els\u0151sorban a k\u00f6z\u00f6ss\u00e9gi \u00e9s fenntarthat\u00f3 k\u00f6zleked\u00e9s helyzet\u00e9n, mert ez mindannyiunk \u00e9rdeke.<\/p>\n<p>Eredeti cikk: <a href=\"https:\/\/444.hu\/2026\/04\/29\/revesz-mariusz-vitezyrol-mennyire-normalis-hogy-egy-lekoszono-allamtitkar-orul-egy-kovetkezo-kormany-kozlekedesi-miniszterenek?utm_source=rss_feed&amp;utm_medium=rss&amp;utm_campaign=rss_syndication\" target=\"_blank\" class=\"feedzy-rss-link-icon\">elolvasom<\/a><\/p>\n","protected":false},"excerpt":{"rendered":"<p>R\u00e9v\u00e9sz M\u00e1riusz Facebook-bejegyz\u00e9s\u00e9t a c\u00edmben olvashat\u00f3 k\u00e9rd\u00e9ssel kezdi, megeml\u00edtve, hogy hezit\u00e1lt, mennyire norm\u00e1lis mindezt le\u00edrni, de hozz\u00e1t\u00e9ve: \u201eDe egy norm\u00e1lis vil\u00e1gban ilyen el\u0151fordulhat.\u201d Azt \u00edrja, hogy a 2010-es \u00e9vek eleje \u00f3ta dolgoztak egy\u00fctt Vit\u00e9zyvel, m\u00e9ltatva annak szak\u00e9rtelm\u00e9t; sajn\u00e1lta, hogy elvesztett\u00e9k mint k\u00f6zleked\u00e9si \u00e1llamtitk\u00e1rt, \u00e9s hogy a f\u0151polg\u00e1rmester-v\u00e1laszt\u00e1son mind\u00f6ssze n\u00e9h\u00e1ny szavazattal maradt alul, mert szerinte Budapest [&hellip;]<\/p>\n","protected":false},"author":2,"featured_media":94343,"comment_status":"open","ping_status":"open","sticky":false,"template":"","format":"standard","meta":{"footnotes":""},"categories":[147],"tags":[],"class_list":["post-94342","post","type-post","status-publish","format-standard","has-post-thumbnail","hentry","category-altalanos"],"yoast_head":"<!-- This site is optimized with the Yoast SEO Premium plugin v26.2 (Yoast SEO v26.3) - https:\/\/yoast.com\/wordpress\/plugins\/seo\/ -->\n<title>R\u00e9v\u00e9sz M\u00e1riusz Vit\u00e9zyr\u0151l: Mennyire norm\u00e1lis, hogy egy lek\u00f6sz\u00f6n\u0151 \u00e1llamtitk\u00e1r \u00f6r\u00fcl egy k\u00f6vetkez\u0151 korm\u00e1ny k\u00f6zleked\u00e9si miniszter\u00e9nek? - H\u00edrhangya<\/title>\n<meta name=\"robots\" content=\"index, follow, max-snippet:-1, max-image-preview:large, max-video-preview:-1\" \/>\n<link rel=\"canonical\" href=\"https:\/\/hirhangya.hu\/index.php\/2026\/04\/29\/revesz-mariusz-vitezyrol-mennyire-normalis-hogy-egy-lekoszono-allamtitkar-orul-egy-kovetkezo-kormany-kozlekedesi-miniszterenek\/\" \/>\n<meta property=\"og:locale\" content=\"hu_HU\" \/>\n<meta property=\"og:type\" content=\"article\" \/>\n<meta property=\"og:title\" content=\"R\u00e9v\u00e9sz M\u00e1riusz Vit\u00e9zyr\u0151l: Mennyire norm\u00e1lis, hogy egy lek\u00f6sz\u00f6n\u0151 \u00e1llamtitk\u00e1r \u00f6r\u00fcl egy k\u00f6vetkez\u0151 korm\u00e1ny k\u00f6zleked\u00e9si miniszter\u00e9nek?\" \/>\n<meta property=\"og:description\" content=\"R\u00e9v\u00e9sz M\u00e1riusz Facebook-bejegyz\u00e9s\u00e9t a c\u00edmben olvashat\u00f3 k\u00e9rd\u00e9ssel kezdi, megeml\u00edtve, hogy hezit\u00e1lt, mennyire norm\u00e1lis mindezt le\u00edrni, de hozz\u00e1t\u00e9ve: \u201eDe egy norm\u00e1lis vil\u00e1gban ilyen el\u0151fordulhat.\u201d Azt \u00edrja, hogy a 2010-es \u00e9vek eleje \u00f3ta dolgoztak egy\u00fctt Vit\u00e9zyvel, m\u00e9ltatva annak szak\u00e9rtelm\u00e9t; sajn\u00e1lta, hogy elvesztett\u00e9k mint k\u00f6zleked\u00e9si \u00e1llamtitk\u00e1rt, \u00e9s hogy a f\u0151polg\u00e1rmester-v\u00e1laszt\u00e1son mind\u00f6ssze n\u00e9h\u00e1ny szavazattal maradt alul, mert szerinte Budapest [&hellip;]\" \/>\n<meta property=\"og:url\" content=\"https:\/\/hirhangya.hu\/index.php\/2026\/04\/29\/revesz-mariusz-vitezyrol-mennyire-normalis-hogy-egy-lekoszono-allamtitkar-orul-egy-kovetkezo-kormany-kozlekedesi-miniszterenek\/\" \/>\n<meta property=\"og:site_name\" content=\"H\u00edrhangya\" \/>\n<meta property=\"article:published_time\" content=\"2026-04-29T09:10:26+00:00\" \/>\n<meta name=\"author\" content=\"Nemes Gabor\" \/>\n<meta name=\"twitter:card\" content=\"summary_large_image\" \/>\n<meta name=\"twitter:label1\" content=\"Szerz\u0151:\" \/>\n\t<meta name=\"twitter:data1\" content=\"Nemes Gabor\" \/>\n\t<meta name=\"twitter:label2\" content=\"Becs\u00fclt olvas\u00e1si id\u0151\" \/>\n\t<meta name=\"twitter:data2\" content=\"1 perc\" \/>\n<script type=\"application\/ld+json\" class=\"yoast-schema-graph\">{\"@context\":\"https:\/\/schema.org\",\"@graph\":[{\"@type\":\"Article\",\"@id\":\"https:\/\/hirhangya.hu\/index.php\/2026\/04\/29\/revesz-mariusz-vitezyrol-mennyire-normalis-hogy-egy-lekoszono-allamtitkar-orul-egy-kovetkezo-kormany-kozlekedesi-miniszterenek\/#article\",\"isPartOf\":{\"@id\":\"https:\/\/hirhangya.hu\/index.php\/2026\/04\/29\/revesz-mariusz-vitezyrol-mennyire-normalis-hogy-egy-lekoszono-allamtitkar-orul-egy-kovetkezo-kormany-kozlekedesi-miniszterenek\/\"},\"author\":{\"name\":\"Nemes Gabor\",\"@id\":\"https:\/\/hirhangya.hu\/#\/schema\/person\/ad1b32f6cde48eb8bc14fa7efd4d70b5\"},\"headline\":\"R\u00e9v\u00e9sz M\u00e1riusz Vit\u00e9zyr\u0151l: Mennyire norm\u00e1lis, hogy egy lek\u00f6sz\u00f6n\u0151 \u00e1llamtitk\u00e1r \u00f6r\u00fcl egy k\u00f6vetkez\u0151 korm\u00e1ny k\u00f6zleked\u00e9si miniszter\u00e9nek?\",\"datePublished\":\"2026-04-29T09:10:26+00:00\",\"mainEntityOfPage\":{\"@id\":\"https:\/\/hirhangya.hu\/index.php\/2026\/04\/29\/revesz-mariusz-vitezyrol-mennyire-normalis-hogy-egy-lekoszono-allamtitkar-orul-egy-kovetkezo-kormany-kozlekedesi-miniszterenek\/\"},\"wordCount\":197,\"commentCount\":0,\"publisher\":{\"@id\":\"https:\/\/hirhangya.hu\/#organization\"},\"image\":{\"@id\":\"https:\/\/hirhangya.hu\/index.php\/2026\/04\/29\/revesz-mariusz-vitezyrol-mennyire-normalis-hogy-egy-lekoszono-allamtitkar-orul-egy-kovetkezo-kormany-kozlekedesi-miniszterenek\/#primaryimage\"},\"thumbnailUrl\":\"https:\/\/hirhangya.hu\/wp-content\/uploads\/2026\/04\/8Kq4wa9mczPWSuIms-S2nQEA.png\",\"articleSection\":[\"\u00c1ltal\u00e1nos\"],\"inLanguage\":\"hu\",\"potentialAction\":[{\"@type\":\"CommentAction\",\"name\":\"Comment\",\"target\":[\"https:\/\/hirhangya.hu\/index.php\/2026\/04\/29\/revesz-mariusz-vitezyrol-mennyire-normalis-hogy-egy-lekoszono-allamtitkar-orul-egy-kovetkezo-kormany-kozlekedesi-miniszterenek\/#respond\"]}]},{\"@type\":\"WebPage\",\"@id\":\"https:\/\/hirhangya.hu\/index.php\/2026\/04\/29\/revesz-mariusz-vitezyrol-mennyire-normalis-hogy-egy-lekoszono-allamtitkar-orul-egy-kovetkezo-kormany-kozlekedesi-miniszterenek\/\",\"url\":\"https:\/\/hirhangya.hu\/index.php\/2026\/04\/29\/revesz-mariusz-vitezyrol-mennyire-normalis-hogy-egy-lekoszono-allamtitkar-orul-egy-kovetkezo-kormany-kozlekedesi-miniszterenek\/\",\"name\":\"R\u00e9v\u00e9sz M\u00e1riusz Vit\u00e9zyr\u0151l: Mennyire norm\u00e1lis, hogy egy lek\u00f6sz\u00f6n\u0151 \u00e1llamtitk\u00e1r \u00f6r\u00fcl egy k\u00f6vetkez\u0151 korm\u00e1ny k\u00f6zleked\u00e9si miniszter\u00e9nek? - H\u00edrhangya\",\"isPartOf\":{\"@id\":\"https:\/\/hirhangya.hu\/#website\"},\"primaryImageOfPage\":{\"@id\":\"https:\/\/hirhangya.hu\/index.php\/2026\/04\/29\/revesz-mariusz-vitezyrol-mennyire-normalis-hogy-egy-lekoszono-allamtitkar-orul-egy-kovetkezo-kormany-kozlekedesi-miniszterenek\/#primaryimage\"},\"image\":{\"@id\":\"https:\/\/hirhangya.hu\/index.php\/2026\/04\/29\/revesz-mariusz-vitezyrol-mennyire-normalis-hogy-egy-lekoszono-allamtitkar-orul-egy-kovetkezo-kormany-kozlekedesi-miniszterenek\/#primaryimage\"},\"thumbnailUrl\":\"https:\/\/hirhangya.hu\/wp-content\/uploads\/2026\/04\/8Kq4wa9mczPWSuIms-S2nQEA.png\",\"datePublished\":\"2026-04-29T09:10:26+00:00\",\"breadcrumb\":{\"@id\":\"https:\/\/hirhangya.hu\/index.php\/2026\/04\/29\/revesz-mariusz-vitezyrol-mennyire-normalis-hogy-egy-lekoszono-allamtitkar-orul-egy-kovetkezo-kormany-kozlekedesi-miniszterenek\/#breadcrumb\"},\"inLanguage\":\"hu\",\"potentialAction\":[{\"@type\":\"ReadAction\",\"target\":[\"https:\/\/hirhangya.hu\/index.php\/2026\/04\/29\/revesz-mariusz-vitezyrol-mennyire-normalis-hogy-egy-lekoszono-allamtitkar-orul-egy-kovetkezo-kormany-kozlekedesi-miniszterenek\/\"]}]},{\"@type\":\"ImageObject\",\"inLanguage\":\"hu\",\"@id\":\"https:\/\/hirhangya.hu\/index.php\/2026\/04\/29\/revesz-mariusz-vitezyrol-mennyire-normalis-hogy-egy-lekoszono-allamtitkar-orul-egy-kovetkezo-kormany-kozlekedesi-miniszterenek\/#primaryimage\",\"url\":\"https:\/\/hirhangya.hu\/wp-content\/uploads\/2026\/04\/8Kq4wa9mczPWSuIms-S2nQEA.png\",\"contentUrl\":\"https:\/\/hirhangya.hu\/wp-content\/uploads\/2026\/04\/8Kq4wa9mczPWSuIms-S2nQEA.png\",\"width\":1792,\"height\":1164},{\"@type\":\"BreadcrumbList\",\"@id\":\"https:\/\/hirhangya.hu\/index.php\/2026\/04\/29\/revesz-mariusz-vitezyrol-mennyire-normalis-hogy-egy-lekoszono-allamtitkar-orul-egy-kovetkezo-kormany-kozlekedesi-miniszterenek\/#breadcrumb\",\"itemListElement\":[{\"@type\":\"ListItem\",\"position\":1,\"name\":\"Home\",\"item\":\"https:\/\/hirhangya.hu\/\"},{\"@type\":\"ListItem\",\"position\":2,\"name\":\"R\u00e9v\u00e9sz M\u00e1riusz Vit\u00e9zyr\u0151l: Mennyire norm\u00e1lis, hogy egy lek\u00f6sz\u00f6n\u0151 \u00e1llamtitk\u00e1r \u00f6r\u00fcl egy k\u00f6vetkez\u0151 korm\u00e1ny k\u00f6zleked\u00e9si miniszter\u00e9nek?\"}]},{\"@type\":\"WebSite\",\"@id\":\"https:\/\/hirhangya.hu\/#website\",\"url\":\"https:\/\/hirhangya.hu\/\",\"name\":\"H\u00edrhangya\",\"description\":\"Szorgalmasan \u00f6sszehordjuk a legfrissebb h\u00edreket\",\"publisher\":{\"@id\":\"https:\/\/hirhangya.hu\/#organization\"},\"potentialAction\":[{\"@type\":\"SearchAction\",\"target\":{\"@type\":\"EntryPoint\",\"urlTemplate\":\"https:\/\/hirhangya.hu\/?s={search_term_string}\"},\"query-input\":{\"@type\":\"PropertyValueSpecification\",\"valueRequired\":true,\"valueName\":\"search_term_string\"}}],\"inLanguage\":\"hu\"},{\"@type\":\"Organization\",\"@id\":\"https:\/\/hirhangya.hu\/#organization\",\"name\":\"H\u00edrhangya\",\"url\":\"https:\/\/hirhangya.hu\/\",\"logo\":{\"@type\":\"ImageObject\",\"inLanguage\":\"hu\",\"@id\":\"https:\/\/hirhangya.hu\/#\/schema\/logo\/image\/\",\"url\":\"https:\/\/hirhangya.hu\/wp-content\/uploads\/2025\/06\/cropped-cropped-hirhangya-logo-szoveges-scaled-1-e1750064323596.jpg\",\"contentUrl\":\"https:\/\/hirhangya.hu\/wp-content\/uploads\/2025\/06\/cropped-cropped-hirhangya-logo-szoveges-scaled-1-e1750064323596.jpg\",\"width\":350,\"height\":100,\"caption\":\"H\u00edrhangya\"},\"image\":{\"@id\":\"https:\/\/hirhangya.hu\/#\/schema\/logo\/image\/\"}},{\"@type\":\"Person\",\"@id\":\"https:\/\/hirhangya.hu\/#\/schema\/person\/ad1b32f6cde48eb8bc14fa7efd4d70b5\",\"name\":\"Nemes Gabor\",\"image\":{\"@type\":\"ImageObject\",\"inLanguage\":\"hu\",\"@id\":\"https:\/\/hirhangya.hu\/#\/schema\/person\/image\/\",\"url\":\"https:\/\/secure.gravatar.com\/avatar\/92c2a9c67399a3a1c5444228b3ae3f850f3218d7c18ff5ed44a84130d5b474f3?s=96&d=mm&r=g\",\"contentUrl\":\"https:\/\/secure.gravatar.com\/avatar\/92c2a9c67399a3a1c5444228b3ae3f850f3218d7c18ff5ed44a84130d5b474f3?s=96&d=mm&r=g\",\"caption\":\"Nemes Gabor\"},\"url\":\"https:\/\/hirhangya.hu\/index.php\/author\/hex324\/\"}]}<\/script>\n<!-- \/ Yoast SEO Premium plugin. -->","yoast_head_json":{"title":"R\u00e9v\u00e9sz M\u00e1riusz Vit\u00e9zyr\u0151l: Mennyire norm\u00e1lis, hogy egy lek\u00f6sz\u00f6n\u0151 \u00e1llamtitk\u00e1r \u00f6r\u00fcl egy k\u00f6vetkez\u0151 korm\u00e1ny k\u00f6zleked\u00e9si miniszter\u00e9nek? - H\u00edrhangya","robots":{"index":"index","follow":"follow","max-snippet":"max-snippet:-1","max-image-preview":"max-image-preview:large","max-video-preview":"max-video-preview:-1"},"canonical":"https:\/\/hirhangya.hu\/index.php\/2026\/04\/29\/revesz-mariusz-vitezyrol-mennyire-normalis-hogy-egy-lekoszono-allamtitkar-orul-egy-kovetkezo-kormany-kozlekedesi-miniszterenek\/","og_locale":"hu_HU","og_type":"article","og_title":"R\u00e9v\u00e9sz M\u00e1riusz Vit\u00e9zyr\u0151l: Mennyire norm\u00e1lis, hogy egy lek\u00f6sz\u00f6n\u0151 \u00e1llamtitk\u00e1r \u00f6r\u00fcl egy k\u00f6vetkez\u0151 korm\u00e1ny k\u00f6zleked\u00e9si miniszter\u00e9nek?","og_description":"R\u00e9v\u00e9sz M\u00e1riusz Facebook-bejegyz\u00e9s\u00e9t a c\u00edmben olvashat\u00f3 k\u00e9rd\u00e9ssel kezdi, megeml\u00edtve, hogy hezit\u00e1lt, mennyire norm\u00e1lis mindezt le\u00edrni, de hozz\u00e1t\u00e9ve: \u201eDe egy norm\u00e1lis vil\u00e1gban ilyen el\u0151fordulhat.\u201d Azt \u00edrja, hogy a 2010-es \u00e9vek eleje \u00f3ta dolgoztak egy\u00fctt Vit\u00e9zyvel, m\u00e9ltatva annak szak\u00e9rtelm\u00e9t; sajn\u00e1lta, hogy elvesztett\u00e9k mint k\u00f6zleked\u00e9si \u00e1llamtitk\u00e1rt, \u00e9s hogy a f\u0151polg\u00e1rmester-v\u00e1laszt\u00e1son mind\u00f6ssze n\u00e9h\u00e1ny szavazattal maradt alul, mert szerinte Budapest [&hellip;]","og_url":"https:\/\/hirhangya.hu\/index.php\/2026\/04\/29\/revesz-mariusz-vitezyrol-mennyire-normalis-hogy-egy-lekoszono-allamtitkar-orul-egy-kovetkezo-kormany-kozlekedesi-miniszterenek\/","og_site_name":"H\u00edrhangya","article_published_time":"2026-04-29T09:10:26+00:00","author":"Nemes Gabor","twitter_card":"summary_large_image","twitter_misc":{"Szerz\u0151:":"Nemes Gabor","Becs\u00fclt olvas\u00e1si id\u0151":"1 perc"},"schema":{"@context":"https:\/\/schema.org","@graph":[{"@type":"Article","@id":"https:\/\/hirhangya.hu\/index.php\/2026\/04\/29\/revesz-mariusz-vitezyrol-mennyire-normalis-hogy-egy-lekoszono-allamtitkar-orul-egy-kovetkezo-kormany-kozlekedesi-miniszterenek\/#article","isPartOf":{"@id":"https:\/\/hirhangya.hu\/index.php\/2026\/04\/29\/revesz-mariusz-vitezyrol-mennyire-normalis-hogy-egy-lekoszono-allamtitkar-orul-egy-kovetkezo-kormany-kozlekedesi-miniszterenek\/"},"author":{"name":"Nemes Gabor","@id":"https:\/\/hirhangya.hu\/#\/schema\/person\/ad1b32f6cde48eb8bc14fa7efd4d70b5"},"headline":"R\u00e9v\u00e9sz M\u00e1riusz Vit\u00e9zyr\u0151l: Mennyire norm\u00e1lis, hogy egy lek\u00f6sz\u00f6n\u0151 \u00e1llamtitk\u00e1r \u00f6r\u00fcl egy k\u00f6vetkez\u0151 korm\u00e1ny k\u00f6zleked\u00e9si miniszter\u00e9nek?","datePublished":"2026-04-29T09:10:26+00:00","mainEntityOfPage":{"@id":"https:\/\/hirhangya.hu\/index.php\/2026\/04\/29\/revesz-mariusz-vitezyrol-mennyire-normalis-hogy-egy-lekoszono-allamtitkar-orul-egy-kovetkezo-kormany-kozlekedesi-miniszterenek\/"},"wordCount":197,"commentCount":0,"publisher":{"@id":"https:\/\/hirhangya.hu\/#organization"},"image":{"@id":"https:\/\/hirhangya.hu\/index.php\/2026\/04\/29\/revesz-mariusz-vitezyrol-mennyire-normalis-hogy-egy-lekoszono-allamtitkar-orul-egy-kovetkezo-kormany-kozlekedesi-miniszterenek\/#primaryimage"},"thumbnailUrl":"https:\/\/hirhangya.hu\/wp-content\/uploads\/2026\/04\/8Kq4wa9mczPWSuIms-S2nQEA.png","articleSection":["\u00c1ltal\u00e1nos"],"inLanguage":"hu","potentialAction":[{"@type":"CommentAction","name":"Comment","target":["https:\/\/hirhangya.hu\/index.php\/2026\/04\/29\/revesz-mariusz-vitezyrol-mennyire-normalis-hogy-egy-lekoszono-allamtitkar-orul-egy-kovetkezo-kormany-kozlekedesi-miniszterenek\/#respond"]}]},{"@type":"WebPage","@id":"https:\/\/hirhangya.hu\/index.php\/2026\/04\/29\/revesz-mariusz-vitezyrol-mennyire-normalis-hogy-egy-lekoszono-allamtitkar-orul-egy-kovetkezo-kormany-kozlekedesi-miniszterenek\/","url":"https:\/\/hirhangya.hu\/index.php\/2026\/04\/29\/revesz-mariusz-vitezyrol-mennyire-normalis-hogy-egy-lekoszono-allamtitkar-orul-egy-kovetkezo-kormany-kozlekedesi-miniszterenek\/","name":"R\u00e9v\u00e9sz M\u00e1riusz Vit\u00e9zyr\u0151l: Mennyire norm\u00e1lis, hogy egy lek\u00f6sz\u00f6n\u0151 \u00e1llamtitk\u00e1r \u00f6r\u00fcl egy k\u00f6vetkez\u0151 korm\u00e1ny k\u00f6zleked\u00e9si miniszter\u00e9nek? - H\u00edrhangya","isPartOf":{"@id":"https:\/\/hirhangya.hu\/#website"},"primaryImageOfPage":{"@id":"https:\/\/hirhangya.hu\/index.php\/2026\/04\/29\/revesz-mariusz-vitezyrol-mennyire-normalis-hogy-egy-lekoszono-allamtitkar-orul-egy-kovetkezo-kormany-kozlekedesi-miniszterenek\/#primaryimage"},"image":{"@id":"https:\/\/hirhangya.hu\/index.php\/2026\/04\/29\/revesz-mariusz-vitezyrol-mennyire-normalis-hogy-egy-lekoszono-allamtitkar-orul-egy-kovetkezo-kormany-kozlekedesi-miniszterenek\/#primaryimage"},"thumbnailUrl":"https:\/\/hirhangya.hu\/wp-content\/uploads\/2026\/04\/8Kq4wa9mczPWSuIms-S2nQEA.png","datePublished":"2026-04-29T09:10:26+00:00","breadcrumb":{"@id":"https:\/\/hirhangya.hu\/index.php\/2026\/04\/29\/revesz-mariusz-vitezyrol-mennyire-normalis-hogy-egy-lekoszono-allamtitkar-orul-egy-kovetkezo-kormany-kozlekedesi-miniszterenek\/#breadcrumb"},"inLanguage":"hu","potentialAction":[{"@type":"ReadAction","target":["https:\/\/hirhangya.hu\/index.php\/2026\/04\/29\/revesz-mariusz-vitezyrol-mennyire-normalis-hogy-egy-lekoszono-allamtitkar-orul-egy-kovetkezo-kormany-kozlekedesi-miniszterenek\/"]}]},{"@type":"ImageObject","inLanguage":"hu","@id":"https:\/\/hirhangya.hu\/index.php\/2026\/04\/29\/revesz-mariusz-vitezyrol-mennyire-normalis-hogy-egy-lekoszono-allamtitkar-orul-egy-kovetkezo-kormany-kozlekedesi-miniszterenek\/#primaryimage","url":"https:\/\/hirhangya.hu\/wp-content\/uploads\/2026\/04\/8Kq4wa9mczPWSuIms-S2nQEA.png","contentUrl":"https:\/\/hirhangya.hu\/wp-content\/uploads\/2026\/04\/8Kq4wa9mczPWSuIms-S2nQEA.png","width":1792,"height":1164},{"@type":"BreadcrumbList","@id":"https:\/\/hirhangya.hu\/index.php\/2026\/04\/29\/revesz-mariusz-vitezyrol-mennyire-normalis-hogy-egy-lekoszono-allamtitkar-orul-egy-kovetkezo-kormany-kozlekedesi-miniszterenek\/#breadcrumb","itemListElement":[{"@type":"ListItem","position":1,"name":"Home","item":"https:\/\/hirhangya.hu\/"},{"@type":"ListItem","position":2,"name":"R\u00e9v\u00e9sz M\u00e1riusz Vit\u00e9zyr\u0151l: Mennyire norm\u00e1lis, hogy egy lek\u00f6sz\u00f6n\u0151 \u00e1llamtitk\u00e1r \u00f6r\u00fcl egy k\u00f6vetkez\u0151 korm\u00e1ny k\u00f6zleked\u00e9si miniszter\u00e9nek?"}]},{"@type":"WebSite","@id":"https:\/\/hirhangya.hu\/#website","url":"https:\/\/hirhangya.hu\/","name":"H\u00edrhangya","description":"Szorgalmasan \u00f6sszehordjuk a legfrissebb h\u00edreket","publisher":{"@id":"https:\/\/hirhangya.hu\/#organization"},"potentialAction":[{"@type":"SearchAction","target":{"@type":"EntryPoint","urlTemplate":"https:\/\/hirhangya.hu\/?s={search_term_string}"},"query-input":{"@type":"PropertyValueSpecification","valueRequired":true,"valueName":"search_term_string"}}],"inLanguage":"hu"},{"@type":"Organization","@id":"https:\/\/hirhangya.hu\/#organization","name":"H\u00edrhangya","url":"https:\/\/hirhangya.hu\/","logo":{"@type":"ImageObject","inLanguage":"hu","@id":"https:\/\/hirhangya.hu\/#\/schema\/logo\/image\/","url":"https:\/\/hirhangya.hu\/wp-content\/uploads\/2025\/06\/cropped-cropped-hirhangya-logo-szoveges-scaled-1-e1750064323596.jpg","contentUrl":"https:\/\/hirhangya.hu\/wp-content\/uploads\/2025\/06\/cropped-cropped-hirhangya-logo-szoveges-scaled-1-e1750064323596.jpg","width":350,"height":100,"caption":"H\u00edrhangya"},"image":{"@id":"https:\/\/hirhangya.hu\/#\/schema\/logo\/image\/"}},{"@type":"Person","@id":"https:\/\/hirhangya.hu\/#\/schema\/person\/ad1b32f6cde48eb8bc14fa7efd4d70b5","name":"Nemes Gabor","image":{"@type":"ImageObject","inLanguage":"hu","@id":"https:\/\/hirhangya.hu\/#\/schema\/person\/image\/","url":"https:\/\/secure.gravatar.com\/avatar\/92c2a9c67399a3a1c5444228b3ae3f850f3218d7c18ff5ed44a84130d5b474f3?s=96&d=mm&r=g","contentUrl":"https:\/\/secure.gravatar.com\/avatar\/92c2a9c67399a3a1c5444228b3ae3f850f3218d7c18ff5ed44a84130d5b474f3?s=96&d=mm&r=g","caption":"Nemes Gabor"},"url":"https:\/\/hirhangya.hu\/index.php\/author\/hex324\/"}]}},"_links":{"self":[{"href":"https:\/\/hirhangya.hu\/index.php\/wp-json\/wp\/v2\/posts\/94342","targetHints":{"allow":["GET"]}}],"collection":[{"href":"https:\/\/hirhangya.hu\/index.php\/wp-json\/wp\/v2\/posts"}],"about":[{"href":"https:\/\/hirhangya.hu\/index.php\/wp-json\/wp\/v2\/types\/post"}],"author":[{"embeddable":true,"href":"https:\/\/hirhangya.hu\/index.php\/wp-json\/wp\/v2\/users\/2"}],"replies":[{"embeddable":true,"href":"https:\/\/hirhangya.hu\/index.php\/wp-json\/wp\/v2\/comments?post=94342"}],"version-history":[{"count":0,"href":"https:\/\/hirhangya.hu\/index.php\/wp-json\/wp\/v2\/posts\/94342\/revisions"}],"wp:featuredmedia":[{"embeddable":true,"href":"https:\/\/hirhangya.hu\/index.php\/wp-json\/wp\/v2\/media\/94343"}],"wp:attachment":[{"href":"https:\/\/hirhangya.hu\/index.php\/wp-json\/wp\/v2\/media?parent=94342"}],"wp:term":[{"taxonomy":"category","embeddable":true,"href":"https:\/\/hirhangya.hu\/index.php\/wp-json\/wp\/v2\/categories?post=94342"},{"taxonomy":"post_tag","embeddable":true,"href":"https:\/\/hirhangya.hu\/index.php\/wp-json\/wp\/v2\/tags?post=94342"}],"curies":[{"name":"wp","href":"https:\/\/api.w.org\/{rel}","templated":true}]}}