{"id":94346,"date":"2026-04-29T09:11:12","date_gmt":"2026-04-29T09:11:12","guid":{"rendered":"https:\/\/hirhangya.hu\/index.php\/2026\/04\/29\/megugrottak-a-katonai-kiadasok-europaban-es-azsiaban-16-eve-nem-koltott-ennyit-fegyverkezesre-a-vilag\/"},"modified":"2026-04-29T09:11:12","modified_gmt":"2026-04-29T09:11:12","slug":"megugrottak-a-katonai-kiadasok-europaban-es-azsiaban-16-eve-nem-koltott-ennyit-fegyverkezesre-a-vilag","status":"publish","type":"post","link":"https:\/\/hirhangya.hu\/index.php\/2026\/04\/29\/megugrottak-a-katonai-kiadasok-europaban-es-azsiaban-16-eve-nem-koltott-ennyit-fegyverkezesre-a-vilag\/","title":{"rendered":"Megugrottak a katonai kiad\u00e1sok Eur\u00f3p\u00e1ban \u00e9s \u00c1zsi\u00e1ban, 16 \u00e9ve nem k\u00f6lt\u00f6tt ennyit fegyverkez\u00e9sre a vil\u00e1g"},"content":{"rendered":"<p>A SIPRI 2025-\u00f6s jelent\u00e9se szerint a glob\u00e1lis katonai kiad\u00e1sok megk\u00f6zel\u00edt\u0151leg 2 900 milli\u00e1rd doll\u00e1rt (903 ezer milli\u00e1rd forintot) \u00e9rtek el, ami 2,9 sz\u00e1zal\u00e9kos n\u00f6veked\u00e9s az el\u0151z\u0151 \u00e9vhez k\u00e9pest \u00e9s a vil\u00e1g GDP-j\u00e9nek 2,5 sz\u00e1zal\u00e9k\u00e1t teszi ki \u2014 a legmagasabb ar\u00e1ny 2009 \u00f3ta. Ez m\u00e1r a 11. egym\u00e1st k\u00f6vet\u0151 \u00e9v, hogy n\u00f6vekednek a katonai k\u00f6lt\u00e9sek; a szak\u00e9rt\u0151k szerint az emelked\u00e9st \u00fajabb h\u00e1bor\u00fak, n\u00f6vekv\u0151 bizonytalans\u00e1g \u00e9s geopolitikai fesz\u00fclts\u00e9gek hajtj\u00e1k, a vil\u00e1g kev\u00e9sb\u00e9 \u00e9rzi mag\u00e1t biztons\u00e1gban.<\/p>\n<p>A b\u0151v\u00fcl\u00e9s f\u0151 hajt\u00f3ereje Eur\u00f3pa \u00e9s \u00c1zsia volt. Eur\u00f3p\u00e1ban a kiad\u00e1sok 14 sz\u00e1zal\u00e9kkal 864 milli\u00e1rd doll\u00e1rra (270 ezer milli\u00e1rd forintra) n\u0151ttek; az ukrajnai h\u00e1bor\u00fa negyedik \u00e9ve sor\u00e1n mind Oroszorsz\u00e1g, mind Ukrajna n\u00f6velte k\u00f6lt\u00e9seit, \u00e9s a trend v\u00e1rhat\u00f3an folytat\u00f3dik. Sz\u00e1mos NATO-orsz\u00e1gban kiugr\u00f3 volt a n\u00f6veked\u00e9s: N\u00e9metorsz\u00e1g 24 sz\u00e1zal\u00e9kkal 114 milli\u00e1rd doll\u00e1rra emelte kiad\u00e1sait, \u00edgy a negyedik legnagyobb katonai k\u00f6ltekez\u0151 lett; jelent\u0151s emelked\u00e9s volt t\u00f6bbek k\u00f6z\u00f6tt Belgiumban, Spanyolorsz\u00e1gban, Norv\u00e9gi\u00e1ban, D\u00e1ni\u00e1ban, Lengyelorsz\u00e1gban \u00e9s Kanad\u00e1ban is. A n\u00f6veked\u00e9st egyszerre vez\u00e9rlik az eur\u00f3pai \u00f6n\u00e1ll\u00f3s\u00e1g er\u0151s\u00edt\u00e9s\u00e9re t\u00f6rekv\u0151 politik\u00e1k \u00e9s az Egyes\u00fclt \u00c1llamok r\u00e9sz\u00e9r\u0151l jelentkez\u0151 tehermegoszt\u00e1si nyom\u00e1s.<\/p>\n<p>\u00c1zsi\u00e1ban \u00e9s \u00d3ce\u00e1ni\u00e1ban a kiad\u00e1sok 8,1 sz\u00e1zal\u00e9kkal 681 milli\u00e1rd doll\u00e1rra emelkedtek, a legnagyobb n\u00f6veked\u00e9s 2009 \u00f3ta. K\u00edna 7,4 sz\u00e1zal\u00e9kkal 336 milli\u00e1rd doll\u00e1rra n\u00f6velte v\u00e9delmi k\u00f6lts\u00e9gvet\u00e9s\u00e9t, imm\u00e1r 31. \u00e9ve n\u00f6velve a katonai kiad\u00e1sokat; Jap\u00e1n\u00e9 9,7 sz\u00e1zal\u00e9kkal n\u0151tt, ami a GDP 1,4 sz\u00e1zal\u00e9k\u00e1nak felel meg \u2014 a legmagasabb ar\u00e1ny 1958 \u00f3ta. Tajvan 14 sz\u00e1zal\u00e9kkal emelte kiad\u00e1sait a fokoz\u00f3d\u00f3 k\u00ednai nyom\u00e1s miatt, \u00e9s a t\u00e9rs\u00e9g m\u00e1s amerikai sz\u00f6vets\u00e9gesei (p\u00e9ld\u00e1ul Ausztr\u00e1lia \u00e9s a F\u00fcl\u00f6p-szigetek) is n\u00f6velt\u00e9k k\u00f6lt\u00e9seiket a region\u00e1lis fesz\u00fclts\u00e9gek \u00e9s az amerikai t\u00e1mogat\u00e1s bizonytalans\u00e1ga miatt.<\/p>\n<p>Az Egyes\u00fclt \u00c1llamok tov\u00e1bbra is a vil\u00e1g legnagyobb katonai k\u00f6ltekez\u0151je.<\/p>\n<p>Eredeti cikk: <a href=\"https:\/\/444.hu\/2026\/04\/29\/megugrottak-a-katonai-kiadasok-europaban-es-azsiaban-16-eve-nem-koltott-ennyit-fegyverkezesre-a-vilag?utm_source=rss_feed&amp;utm_medium=rss&amp;utm_campaign=rss_syndication\" target=\"_blank\" class=\"feedzy-rss-link-icon\">elolvasom<\/a><\/p>\n","protected":false},"excerpt":{"rendered":"<p>A SIPRI 2025-\u00f6s jelent\u00e9se szerint a glob\u00e1lis katonai kiad\u00e1sok megk\u00f6zel\u00edt\u0151leg 2 900 milli\u00e1rd doll\u00e1rt (903 ezer milli\u00e1rd forintot) \u00e9rtek el, ami 2,9 sz\u00e1zal\u00e9kos n\u00f6veked\u00e9s az el\u0151z\u0151 \u00e9vhez k\u00e9pest \u00e9s a vil\u00e1g GDP-j\u00e9nek 2,5 sz\u00e1zal\u00e9k\u00e1t teszi ki \u2014 a legmagasabb ar\u00e1ny 2009 \u00f3ta. Ez m\u00e1r a 11. egym\u00e1st k\u00f6vet\u0151 \u00e9v, hogy n\u00f6vekednek a katonai k\u00f6lt\u00e9sek; a [&hellip;]<\/p>\n","protected":false},"author":2,"featured_media":94347,"comment_status":"open","ping_status":"open","sticky":false,"template":"","format":"standard","meta":{"footnotes":""},"categories":[147],"tags":[],"class_list":["post-94346","post","type-post","status-publish","format-standard","has-post-thumbnail","hentry","category-altalanos"],"yoast_head":"<!-- This site is optimized with the Yoast SEO Premium plugin v26.2 (Yoast SEO v26.3) - https:\/\/yoast.com\/wordpress\/plugins\/seo\/ -->\n<title>Megugrottak a katonai kiad\u00e1sok Eur\u00f3p\u00e1ban \u00e9s \u00c1zsi\u00e1ban, 16 \u00e9ve nem k\u00f6lt\u00f6tt ennyit fegyverkez\u00e9sre a vil\u00e1g - H\u00edrhangya<\/title>\n<meta name=\"robots\" content=\"index, follow, max-snippet:-1, max-image-preview:large, max-video-preview:-1\" \/>\n<link rel=\"canonical\" href=\"https:\/\/hirhangya.hu\/index.php\/2026\/04\/29\/megugrottak-a-katonai-kiadasok-europaban-es-azsiaban-16-eve-nem-koltott-ennyit-fegyverkezesre-a-vilag\/\" \/>\n<meta property=\"og:locale\" content=\"hu_HU\" \/>\n<meta property=\"og:type\" content=\"article\" \/>\n<meta property=\"og:title\" content=\"Megugrottak a katonai kiad\u00e1sok Eur\u00f3p\u00e1ban \u00e9s \u00c1zsi\u00e1ban, 16 \u00e9ve nem k\u00f6lt\u00f6tt ennyit fegyverkez\u00e9sre a vil\u00e1g\" \/>\n<meta property=\"og:description\" content=\"A SIPRI 2025-\u00f6s jelent\u00e9se szerint a glob\u00e1lis katonai kiad\u00e1sok megk\u00f6zel\u00edt\u0151leg 2 900 milli\u00e1rd doll\u00e1rt (903 ezer milli\u00e1rd forintot) \u00e9rtek el, ami 2,9 sz\u00e1zal\u00e9kos n\u00f6veked\u00e9s az el\u0151z\u0151 \u00e9vhez k\u00e9pest \u00e9s a vil\u00e1g GDP-j\u00e9nek 2,5 sz\u00e1zal\u00e9k\u00e1t teszi ki \u2014 a legmagasabb ar\u00e1ny 2009 \u00f3ta. Ez m\u00e1r a 11. egym\u00e1st k\u00f6vet\u0151 \u00e9v, hogy n\u00f6vekednek a katonai k\u00f6lt\u00e9sek; a [&hellip;]\" \/>\n<meta property=\"og:url\" content=\"https:\/\/hirhangya.hu\/index.php\/2026\/04\/29\/megugrottak-a-katonai-kiadasok-europaban-es-azsiaban-16-eve-nem-koltott-ennyit-fegyverkezesre-a-vilag\/\" \/>\n<meta property=\"og:site_name\" content=\"H\u00edrhangya\" \/>\n<meta property=\"article:published_time\" content=\"2026-04-29T09:11:12+00:00\" \/>\n<meta name=\"author\" content=\"Nemes Gabor\" \/>\n<meta name=\"twitter:card\" content=\"summary_large_image\" \/>\n<meta name=\"twitter:label1\" content=\"Szerz\u0151:\" \/>\n\t<meta name=\"twitter:data1\" content=\"Nemes Gabor\" \/>\n\t<meta name=\"twitter:label2\" content=\"Becs\u00fclt olvas\u00e1si id\u0151\" \/>\n\t<meta name=\"twitter:data2\" content=\"2 perc\" \/>\n<script type=\"application\/ld+json\" class=\"yoast-schema-graph\">{\"@context\":\"https:\/\/schema.org\",\"@graph\":[{\"@type\":\"Article\",\"@id\":\"https:\/\/hirhangya.hu\/index.php\/2026\/04\/29\/megugrottak-a-katonai-kiadasok-europaban-es-azsiaban-16-eve-nem-koltott-ennyit-fegyverkezesre-a-vilag\/#article\",\"isPartOf\":{\"@id\":\"https:\/\/hirhangya.hu\/index.php\/2026\/04\/29\/megugrottak-a-katonai-kiadasok-europaban-es-azsiaban-16-eve-nem-koltott-ennyit-fegyverkezesre-a-vilag\/\"},\"author\":{\"name\":\"Nemes Gabor\",\"@id\":\"https:\/\/hirhangya.hu\/#\/schema\/person\/ad1b32f6cde48eb8bc14fa7efd4d70b5\"},\"headline\":\"Megugrottak a katonai kiad\u00e1sok Eur\u00f3p\u00e1ban \u00e9s \u00c1zsi\u00e1ban, 16 \u00e9ve nem k\u00f6lt\u00f6tt ennyit fegyverkez\u00e9sre a vil\u00e1g\",\"datePublished\":\"2026-04-29T09:11:12+00:00\",\"mainEntityOfPage\":{\"@id\":\"https:\/\/hirhangya.hu\/index.php\/2026\/04\/29\/megugrottak-a-katonai-kiadasok-europaban-es-azsiaban-16-eve-nem-koltott-ennyit-fegyverkezesre-a-vilag\/\"},\"wordCount\":427,\"commentCount\":0,\"publisher\":{\"@id\":\"https:\/\/hirhangya.hu\/#organization\"},\"image\":{\"@id\":\"https:\/\/hirhangya.hu\/index.php\/2026\/04\/29\/megugrottak-a-katonai-kiadasok-europaban-es-azsiaban-16-eve-nem-koltott-ennyit-fegyverkezesre-a-vilag\/#primaryimage\"},\"thumbnailUrl\":\"https:\/\/hirhangya.hu\/wp-content\/uploads\/2026\/04\/8JSCtq25dV451Ym12Ws-E5IdeF.jpg\",\"articleSection\":[\"\u00c1ltal\u00e1nos\"],\"inLanguage\":\"hu\",\"potentialAction\":[{\"@type\":\"CommentAction\",\"name\":\"Comment\",\"target\":[\"https:\/\/hirhangya.hu\/index.php\/2026\/04\/29\/megugrottak-a-katonai-kiadasok-europaban-es-azsiaban-16-eve-nem-koltott-ennyit-fegyverkezesre-a-vilag\/#respond\"]}]},{\"@type\":\"WebPage\",\"@id\":\"https:\/\/hirhangya.hu\/index.php\/2026\/04\/29\/megugrottak-a-katonai-kiadasok-europaban-es-azsiaban-16-eve-nem-koltott-ennyit-fegyverkezesre-a-vilag\/\",\"url\":\"https:\/\/hirhangya.hu\/index.php\/2026\/04\/29\/megugrottak-a-katonai-kiadasok-europaban-es-azsiaban-16-eve-nem-koltott-ennyit-fegyverkezesre-a-vilag\/\",\"name\":\"Megugrottak a katonai kiad\u00e1sok Eur\u00f3p\u00e1ban \u00e9s \u00c1zsi\u00e1ban, 16 \u00e9ve nem k\u00f6lt\u00f6tt ennyit fegyverkez\u00e9sre a vil\u00e1g - H\u00edrhangya\",\"isPartOf\":{\"@id\":\"https:\/\/hirhangya.hu\/#website\"},\"primaryImageOfPage\":{\"@id\":\"https:\/\/hirhangya.hu\/index.php\/2026\/04\/29\/megugrottak-a-katonai-kiadasok-europaban-es-azsiaban-16-eve-nem-koltott-ennyit-fegyverkezesre-a-vilag\/#primaryimage\"},\"image\":{\"@id\":\"https:\/\/hirhangya.hu\/index.php\/2026\/04\/29\/megugrottak-a-katonai-kiadasok-europaban-es-azsiaban-16-eve-nem-koltott-ennyit-fegyverkezesre-a-vilag\/#primaryimage\"},\"thumbnailUrl\":\"https:\/\/hirhangya.hu\/wp-content\/uploads\/2026\/04\/8JSCtq25dV451Ym12Ws-E5IdeF.jpg\",\"datePublished\":\"2026-04-29T09:11:12+00:00\",\"breadcrumb\":{\"@id\":\"https:\/\/hirhangya.hu\/index.php\/2026\/04\/29\/megugrottak-a-katonai-kiadasok-europaban-es-azsiaban-16-eve-nem-koltott-ennyit-fegyverkezesre-a-vilag\/#breadcrumb\"},\"inLanguage\":\"hu\",\"potentialAction\":[{\"@type\":\"ReadAction\",\"target\":[\"https:\/\/hirhangya.hu\/index.php\/2026\/04\/29\/megugrottak-a-katonai-kiadasok-europaban-es-azsiaban-16-eve-nem-koltott-ennyit-fegyverkezesre-a-vilag\/\"]}]},{\"@type\":\"ImageObject\",\"inLanguage\":\"hu\",\"@id\":\"https:\/\/hirhangya.hu\/index.php\/2026\/04\/29\/megugrottak-a-katonai-kiadasok-europaban-es-azsiaban-16-eve-nem-koltott-ennyit-fegyverkezesre-a-vilag\/#primaryimage\",\"url\":\"https:\/\/hirhangya.hu\/wp-content\/uploads\/2026\/04\/8JSCtq25dV451Ym12Ws-E5IdeF.jpg\",\"contentUrl\":\"https:\/\/hirhangya.hu\/wp-content\/uploads\/2026\/04\/8JSCtq25dV451Ym12Ws-E5IdeF.jpg\",\"width\":2000,\"height\":1333},{\"@type\":\"BreadcrumbList\",\"@id\":\"https:\/\/hirhangya.hu\/index.php\/2026\/04\/29\/megugrottak-a-katonai-kiadasok-europaban-es-azsiaban-16-eve-nem-koltott-ennyit-fegyverkezesre-a-vilag\/#breadcrumb\",\"itemListElement\":[{\"@type\":\"ListItem\",\"position\":1,\"name\":\"Home\",\"item\":\"https:\/\/hirhangya.hu\/\"},{\"@type\":\"ListItem\",\"position\":2,\"name\":\"Megugrottak a katonai kiad\u00e1sok Eur\u00f3p\u00e1ban \u00e9s \u00c1zsi\u00e1ban, 16 \u00e9ve nem k\u00f6lt\u00f6tt ennyit fegyverkez\u00e9sre a vil\u00e1g\"}]},{\"@type\":\"WebSite\",\"@id\":\"https:\/\/hirhangya.hu\/#website\",\"url\":\"https:\/\/hirhangya.hu\/\",\"name\":\"H\u00edrhangya\",\"description\":\"Szorgalmasan \u00f6sszehordjuk a legfrissebb h\u00edreket\",\"publisher\":{\"@id\":\"https:\/\/hirhangya.hu\/#organization\"},\"potentialAction\":[{\"@type\":\"SearchAction\",\"target\":{\"@type\":\"EntryPoint\",\"urlTemplate\":\"https:\/\/hirhangya.hu\/?s={search_term_string}\"},\"query-input\":{\"@type\":\"PropertyValueSpecification\",\"valueRequired\":true,\"valueName\":\"search_term_string\"}}],\"inLanguage\":\"hu\"},{\"@type\":\"Organization\",\"@id\":\"https:\/\/hirhangya.hu\/#organization\",\"name\":\"H\u00edrhangya\",\"url\":\"https:\/\/hirhangya.hu\/\",\"logo\":{\"@type\":\"ImageObject\",\"inLanguage\":\"hu\",\"@id\":\"https:\/\/hirhangya.hu\/#\/schema\/logo\/image\/\",\"url\":\"https:\/\/hirhangya.hu\/wp-content\/uploads\/2025\/06\/cropped-cropped-hirhangya-logo-szoveges-scaled-1-e1750064323596.jpg\",\"contentUrl\":\"https:\/\/hirhangya.hu\/wp-content\/uploads\/2025\/06\/cropped-cropped-hirhangya-logo-szoveges-scaled-1-e1750064323596.jpg\",\"width\":350,\"height\":100,\"caption\":\"H\u00edrhangya\"},\"image\":{\"@id\":\"https:\/\/hirhangya.hu\/#\/schema\/logo\/image\/\"}},{\"@type\":\"Person\",\"@id\":\"https:\/\/hirhangya.hu\/#\/schema\/person\/ad1b32f6cde48eb8bc14fa7efd4d70b5\",\"name\":\"Nemes Gabor\",\"image\":{\"@type\":\"ImageObject\",\"inLanguage\":\"hu\",\"@id\":\"https:\/\/hirhangya.hu\/#\/schema\/person\/image\/\",\"url\":\"https:\/\/secure.gravatar.com\/avatar\/92c2a9c67399a3a1c5444228b3ae3f850f3218d7c18ff5ed44a84130d5b474f3?s=96&d=mm&r=g\",\"contentUrl\":\"https:\/\/secure.gravatar.com\/avatar\/92c2a9c67399a3a1c5444228b3ae3f850f3218d7c18ff5ed44a84130d5b474f3?s=96&d=mm&r=g\",\"caption\":\"Nemes Gabor\"},\"url\":\"https:\/\/hirhangya.hu\/index.php\/author\/hex324\/\"}]}<\/script>\n<!-- \/ Yoast SEO Premium plugin. -->","yoast_head_json":{"title":"Megugrottak a katonai kiad\u00e1sok Eur\u00f3p\u00e1ban \u00e9s \u00c1zsi\u00e1ban, 16 \u00e9ve nem k\u00f6lt\u00f6tt ennyit fegyverkez\u00e9sre a vil\u00e1g - H\u00edrhangya","robots":{"index":"index","follow":"follow","max-snippet":"max-snippet:-1","max-image-preview":"max-image-preview:large","max-video-preview":"max-video-preview:-1"},"canonical":"https:\/\/hirhangya.hu\/index.php\/2026\/04\/29\/megugrottak-a-katonai-kiadasok-europaban-es-azsiaban-16-eve-nem-koltott-ennyit-fegyverkezesre-a-vilag\/","og_locale":"hu_HU","og_type":"article","og_title":"Megugrottak a katonai kiad\u00e1sok Eur\u00f3p\u00e1ban \u00e9s \u00c1zsi\u00e1ban, 16 \u00e9ve nem k\u00f6lt\u00f6tt ennyit fegyverkez\u00e9sre a vil\u00e1g","og_description":"A SIPRI 2025-\u00f6s jelent\u00e9se szerint a glob\u00e1lis katonai kiad\u00e1sok megk\u00f6zel\u00edt\u0151leg 2 900 milli\u00e1rd doll\u00e1rt (903 ezer milli\u00e1rd forintot) \u00e9rtek el, ami 2,9 sz\u00e1zal\u00e9kos n\u00f6veked\u00e9s az el\u0151z\u0151 \u00e9vhez k\u00e9pest \u00e9s a vil\u00e1g GDP-j\u00e9nek 2,5 sz\u00e1zal\u00e9k\u00e1t teszi ki \u2014 a legmagasabb ar\u00e1ny 2009 \u00f3ta. Ez m\u00e1r a 11. egym\u00e1st k\u00f6vet\u0151 \u00e9v, hogy n\u00f6vekednek a katonai k\u00f6lt\u00e9sek; a [&hellip;]","og_url":"https:\/\/hirhangya.hu\/index.php\/2026\/04\/29\/megugrottak-a-katonai-kiadasok-europaban-es-azsiaban-16-eve-nem-koltott-ennyit-fegyverkezesre-a-vilag\/","og_site_name":"H\u00edrhangya","article_published_time":"2026-04-29T09:11:12+00:00","author":"Nemes Gabor","twitter_card":"summary_large_image","twitter_misc":{"Szerz\u0151:":"Nemes Gabor","Becs\u00fclt olvas\u00e1si id\u0151":"2 perc"},"schema":{"@context":"https:\/\/schema.org","@graph":[{"@type":"Article","@id":"https:\/\/hirhangya.hu\/index.php\/2026\/04\/29\/megugrottak-a-katonai-kiadasok-europaban-es-azsiaban-16-eve-nem-koltott-ennyit-fegyverkezesre-a-vilag\/#article","isPartOf":{"@id":"https:\/\/hirhangya.hu\/index.php\/2026\/04\/29\/megugrottak-a-katonai-kiadasok-europaban-es-azsiaban-16-eve-nem-koltott-ennyit-fegyverkezesre-a-vilag\/"},"author":{"name":"Nemes Gabor","@id":"https:\/\/hirhangya.hu\/#\/schema\/person\/ad1b32f6cde48eb8bc14fa7efd4d70b5"},"headline":"Megugrottak a katonai kiad\u00e1sok Eur\u00f3p\u00e1ban \u00e9s \u00c1zsi\u00e1ban, 16 \u00e9ve nem k\u00f6lt\u00f6tt ennyit fegyverkez\u00e9sre a vil\u00e1g","datePublished":"2026-04-29T09:11:12+00:00","mainEntityOfPage":{"@id":"https:\/\/hirhangya.hu\/index.php\/2026\/04\/29\/megugrottak-a-katonai-kiadasok-europaban-es-azsiaban-16-eve-nem-koltott-ennyit-fegyverkezesre-a-vilag\/"},"wordCount":427,"commentCount":0,"publisher":{"@id":"https:\/\/hirhangya.hu\/#organization"},"image":{"@id":"https:\/\/hirhangya.hu\/index.php\/2026\/04\/29\/megugrottak-a-katonai-kiadasok-europaban-es-azsiaban-16-eve-nem-koltott-ennyit-fegyverkezesre-a-vilag\/#primaryimage"},"thumbnailUrl":"https:\/\/hirhangya.hu\/wp-content\/uploads\/2026\/04\/8JSCtq25dV451Ym12Ws-E5IdeF.jpg","articleSection":["\u00c1ltal\u00e1nos"],"inLanguage":"hu","potentialAction":[{"@type":"CommentAction","name":"Comment","target":["https:\/\/hirhangya.hu\/index.php\/2026\/04\/29\/megugrottak-a-katonai-kiadasok-europaban-es-azsiaban-16-eve-nem-koltott-ennyit-fegyverkezesre-a-vilag\/#respond"]}]},{"@type":"WebPage","@id":"https:\/\/hirhangya.hu\/index.php\/2026\/04\/29\/megugrottak-a-katonai-kiadasok-europaban-es-azsiaban-16-eve-nem-koltott-ennyit-fegyverkezesre-a-vilag\/","url":"https:\/\/hirhangya.hu\/index.php\/2026\/04\/29\/megugrottak-a-katonai-kiadasok-europaban-es-azsiaban-16-eve-nem-koltott-ennyit-fegyverkezesre-a-vilag\/","name":"Megugrottak a katonai kiad\u00e1sok Eur\u00f3p\u00e1ban \u00e9s \u00c1zsi\u00e1ban, 16 \u00e9ve nem k\u00f6lt\u00f6tt ennyit fegyverkez\u00e9sre a vil\u00e1g - H\u00edrhangya","isPartOf":{"@id":"https:\/\/hirhangya.hu\/#website"},"primaryImageOfPage":{"@id":"https:\/\/hirhangya.hu\/index.php\/2026\/04\/29\/megugrottak-a-katonai-kiadasok-europaban-es-azsiaban-16-eve-nem-koltott-ennyit-fegyverkezesre-a-vilag\/#primaryimage"},"image":{"@id":"https:\/\/hirhangya.hu\/index.php\/2026\/04\/29\/megugrottak-a-katonai-kiadasok-europaban-es-azsiaban-16-eve-nem-koltott-ennyit-fegyverkezesre-a-vilag\/#primaryimage"},"thumbnailUrl":"https:\/\/hirhangya.hu\/wp-content\/uploads\/2026\/04\/8JSCtq25dV451Ym12Ws-E5IdeF.jpg","datePublished":"2026-04-29T09:11:12+00:00","breadcrumb":{"@id":"https:\/\/hirhangya.hu\/index.php\/2026\/04\/29\/megugrottak-a-katonai-kiadasok-europaban-es-azsiaban-16-eve-nem-koltott-ennyit-fegyverkezesre-a-vilag\/#breadcrumb"},"inLanguage":"hu","potentialAction":[{"@type":"ReadAction","target":["https:\/\/hirhangya.hu\/index.php\/2026\/04\/29\/megugrottak-a-katonai-kiadasok-europaban-es-azsiaban-16-eve-nem-koltott-ennyit-fegyverkezesre-a-vilag\/"]}]},{"@type":"ImageObject","inLanguage":"hu","@id":"https:\/\/hirhangya.hu\/index.php\/2026\/04\/29\/megugrottak-a-katonai-kiadasok-europaban-es-azsiaban-16-eve-nem-koltott-ennyit-fegyverkezesre-a-vilag\/#primaryimage","url":"https:\/\/hirhangya.hu\/wp-content\/uploads\/2026\/04\/8JSCtq25dV451Ym12Ws-E5IdeF.jpg","contentUrl":"https:\/\/hirhangya.hu\/wp-content\/uploads\/2026\/04\/8JSCtq25dV451Ym12Ws-E5IdeF.jpg","width":2000,"height":1333},{"@type":"BreadcrumbList","@id":"https:\/\/hirhangya.hu\/index.php\/2026\/04\/29\/megugrottak-a-katonai-kiadasok-europaban-es-azsiaban-16-eve-nem-koltott-ennyit-fegyverkezesre-a-vilag\/#breadcrumb","itemListElement":[{"@type":"ListItem","position":1,"name":"Home","item":"https:\/\/hirhangya.hu\/"},{"@type":"ListItem","position":2,"name":"Megugrottak a katonai kiad\u00e1sok Eur\u00f3p\u00e1ban \u00e9s \u00c1zsi\u00e1ban, 16 \u00e9ve nem k\u00f6lt\u00f6tt ennyit fegyverkez\u00e9sre a vil\u00e1g"}]},{"@type":"WebSite","@id":"https:\/\/hirhangya.hu\/#website","url":"https:\/\/hirhangya.hu\/","name":"H\u00edrhangya","description":"Szorgalmasan \u00f6sszehordjuk a legfrissebb h\u00edreket","publisher":{"@id":"https:\/\/hirhangya.hu\/#organization"},"potentialAction":[{"@type":"SearchAction","target":{"@type":"EntryPoint","urlTemplate":"https:\/\/hirhangya.hu\/?s={search_term_string}"},"query-input":{"@type":"PropertyValueSpecification","valueRequired":true,"valueName":"search_term_string"}}],"inLanguage":"hu"},{"@type":"Organization","@id":"https:\/\/hirhangya.hu\/#organization","name":"H\u00edrhangya","url":"https:\/\/hirhangya.hu\/","logo":{"@type":"ImageObject","inLanguage":"hu","@id":"https:\/\/hirhangya.hu\/#\/schema\/logo\/image\/","url":"https:\/\/hirhangya.hu\/wp-content\/uploads\/2025\/06\/cropped-cropped-hirhangya-logo-szoveges-scaled-1-e1750064323596.jpg","contentUrl":"https:\/\/hirhangya.hu\/wp-content\/uploads\/2025\/06\/cropped-cropped-hirhangya-logo-szoveges-scaled-1-e1750064323596.jpg","width":350,"height":100,"caption":"H\u00edrhangya"},"image":{"@id":"https:\/\/hirhangya.hu\/#\/schema\/logo\/image\/"}},{"@type":"Person","@id":"https:\/\/hirhangya.hu\/#\/schema\/person\/ad1b32f6cde48eb8bc14fa7efd4d70b5","name":"Nemes Gabor","image":{"@type":"ImageObject","inLanguage":"hu","@id":"https:\/\/hirhangya.hu\/#\/schema\/person\/image\/","url":"https:\/\/secure.gravatar.com\/avatar\/92c2a9c67399a3a1c5444228b3ae3f850f3218d7c18ff5ed44a84130d5b474f3?s=96&d=mm&r=g","contentUrl":"https:\/\/secure.gravatar.com\/avatar\/92c2a9c67399a3a1c5444228b3ae3f850f3218d7c18ff5ed44a84130d5b474f3?s=96&d=mm&r=g","caption":"Nemes Gabor"},"url":"https:\/\/hirhangya.hu\/index.php\/author\/hex324\/"}]}},"_links":{"self":[{"href":"https:\/\/hirhangya.hu\/index.php\/wp-json\/wp\/v2\/posts\/94346","targetHints":{"allow":["GET"]}}],"collection":[{"href":"https:\/\/hirhangya.hu\/index.php\/wp-json\/wp\/v2\/posts"}],"about":[{"href":"https:\/\/hirhangya.hu\/index.php\/wp-json\/wp\/v2\/types\/post"}],"author":[{"embeddable":true,"href":"https:\/\/hirhangya.hu\/index.php\/wp-json\/wp\/v2\/users\/2"}],"replies":[{"embeddable":true,"href":"https:\/\/hirhangya.hu\/index.php\/wp-json\/wp\/v2\/comments?post=94346"}],"version-history":[{"count":0,"href":"https:\/\/hirhangya.hu\/index.php\/wp-json\/wp\/v2\/posts\/94346\/revisions"}],"wp:featuredmedia":[{"embeddable":true,"href":"https:\/\/hirhangya.hu\/index.php\/wp-json\/wp\/v2\/media\/94347"}],"wp:attachment":[{"href":"https:\/\/hirhangya.hu\/index.php\/wp-json\/wp\/v2\/media?parent=94346"}],"wp:term":[{"taxonomy":"category","embeddable":true,"href":"https:\/\/hirhangya.hu\/index.php\/wp-json\/wp\/v2\/categories?post=94346"},{"taxonomy":"post_tag","embeddable":true,"href":"https:\/\/hirhangya.hu\/index.php\/wp-json\/wp\/v2\/tags?post=94346"}],"curies":[{"name":"wp","href":"https:\/\/api.w.org\/{rel}","templated":true}]}}