{"id":94507,"date":"2026-04-29T21:12:37","date_gmt":"2026-04-29T21:12:37","guid":{"rendered":"https:\/\/hirhangya.hu\/index.php\/2026\/04\/29\/az-orban-rendszerben-boven-van-meg-banyaszni-valo-ujsagiras-es-media-eddig-es-ezutan\/"},"modified":"2026-04-29T21:12:37","modified_gmt":"2026-04-29T21:12:37","slug":"az-orban-rendszerben-boven-van-meg-banyaszni-valo-ujsagiras-es-media-eddig-es-ezutan","status":"publish","type":"post","link":"https:\/\/hirhangya.hu\/index.php\/2026\/04\/29\/az-orban-rendszerben-boven-van-meg-banyaszni-valo-ujsagiras-es-media-eddig-es-ezutan\/","title":{"rendered":"\u201eAz Orb\u00e1n-rendszerben b\u0151ven van m\u00e9g b\u00e1ny\u00e1szni val\u00f3\u201d \u2013 \u00dajs\u00e1g\u00edr\u00e1s \u00e9s m\u00e9dia eddig \u00e9s ezut\u00e1n"},"content":{"rendered":"<p>A magyar f\u00fcggetlen m\u00e9dia t\u00fal\u00e9lte a NER-t, \u00e9s fontos szerepet j\u00e1tszott annak veres\u00e9g\u00e9ben. Most azonban \u00faj helyzetbe ker\u00fcltek az \u00fajs\u00e1g\u00edr\u00f3k: hogyan viszonyuljanak a kor\u00e1bbi hatalom szerepl\u0151ihez, \u00e9s mire sz\u00e1m\u00edthatnak a Tisza vezette \u00faj korm\u00e1nyt\u00f3l, amely kamp\u00e1nyban sokszor \u00e1tl\u00e9pte a hat\u00e1rokat, de korm\u00e1nyon m\u00e1s k\u00f6telezetts\u00e9gei lesznek a v\u00e1laszt\u00f3k fel\u00e9. Err\u0151l Bodrogi Bea m\u00e9diajog\u00e1sszal \u00e9s N\u00e1dori P\u00e9terrel, a Direkt36 operat\u00edv igazgat\u00f3j\u00e1val besz\u00e9lgett\u00fcnk; a besz\u00e9lget\u00e9s podcastk\u00e9nt is el\u00e9rhet\u0151.<\/p>\n<p>A vita felt\u00e1rta, mennyire k\u00fcl\u00f6nleges volt a m\u00e9dia \u00e9s a nyilv\u00e1noss\u00e1g helyzete a NER alatt \u2014 sz\u00f3ba ker\u00fcltek konkr\u00e9t esetek (p\u00e9ld\u00e1ul a Magyar Nemzet helyreigaz\u00edt\u00e1sa), civil \u00e9s szakmai szervezetek szerepe, valamint nemzetk\u00f6zi elemz\u00e9sek, amelyek a \u201espin diktat\u00fara\u201d jelens\u00e9g\u00e9t eml\u00edtik. Megvitattuk, j\u00e1r-e k\u00f6sz\u00f6net az \u00fajs\u00e1g\u00edr\u00f3knak, \u00e9s hogy a magyar f\u00fcggetlen sajt\u00f3 autokr\u00e1ci\u00e1k\u00e9hoz k\u00e9pest mennyire tudott er\u0151s maradni.<\/p>\n<p>Gyakorlati dilemm\u00e1k is el\u0151ker\u00fcltek: hogyan kezelje a m\u00e9dia most a Fidesz \u00e9s m\u00e1s \u00e9rintett politikusok szerepl\u00e9s\u00e9t, milyen p\u00e9ld\u00e1k vannak az el\u0151z\u0151 rendszerv\u00e1lt\u00e1s ut\u00e1ni m\u00e9diamagatart\u00e1sb\u00f3l, \u00e9s hogy j\u00e1r-e \u201eb\u00e9k\u00e9s nyugd\u00edj\u201d olyan szerepl\u0151knek, mint K\u00f3sa vagy Matolcsy, ahogy Biszku\u00e9knak \u00e9s Czineg\u00e9\u00e9knek jutott. Elemz\u0151k \u00e9s riportok (p\u00e9ld\u00e1ul a 444 \u00e9s a Direkt36 anyagai, valamint T\u00f3th P\u00e9ter kamp\u00e1nyf\u0151n\u00f6k nyilatkozata) azt is vizsg\u00e1lt\u00e1k, hogyan viszonyul a Tisza a m\u00e9di\u00e1hoz.<\/p>\n<p>A Tisza-program fontos elemei k\u00f6z\u00f6tt szerepel \u00faj m\u00e9diat\u00f6rv\u00e9ny, k\u00f6zm\u00e9dia \u00fajj\u00e1szervez\u00e9se \u00e9s egy nemzeti sajt\u00f3alap l\u00e9trehoz\u00e1sa, de nem egy\u00e9rtelm\u0171, hogy ezek val\u00f3ban megfelelnek az orsz\u00e1g \u00e9s a m\u00e9dia sz\u00fcks\u00e9gleteinek. T\u00e9m\u00e1k voltak m\u00e9g a k\u00f6zm\u00e9dia finansz\u00edroz\u00e1sa \u00e9s feladatai, az \u00e1llami h\u00edrad\u00f3 \u00e9s \u00e1llami hirdet\u00e9sek le\u00e1ll\u00edt\u00e1s\u00e1nak k\u00e9rd\u00e9se, valamint az, van-e elegend\u0151 p\u00e9nz \u00e9s szakember ahhoz, hogy val\u00f3ban j\u00f3 k\u00f6zm\u00e9di\u00e1t \u00e9p\u00edtsenek. V\u00e9g\u00fcl sz\u00f3ba ker\u00fclt, milyen form\u00e1ban \u00e9rdemes \u00e1llami t\u00e1mogat\u00e1st adni a m\u00e9di\u00e1nak, \u00e9s hogy a f\u00fcggetlen sajt\u00f3 helyzete ezut\u00e1n biztosan javulni fog-e (ide\u00e9rtve a Direkt36 Gyurcs\u00e1nyr\u00f3l sz\u00f3l\u00f3 anyag\u00e1r\u00f3l folytatott megbesz\u00e9l\u00e9st).<\/p>\n<p>Eredeti cikk: <a href=\"https:\/\/444.hu\/2026\/04\/29\/az-orban-rendszerben-boven-van-meg-banyasznivalo-ujsagiras-es-media-eddig-es-ezutan?utm_source=rss_feed&amp;utm_medium=rss&amp;utm_campaign=rss_syndication\" target=\"_blank\" class=\"feedzy-rss-link-icon\">elolvasom<\/a><\/p>\n","protected":false},"excerpt":{"rendered":"<p>A magyar f\u00fcggetlen m\u00e9dia t\u00fal\u00e9lte a NER-t, \u00e9s fontos szerepet j\u00e1tszott annak veres\u00e9g\u00e9ben. Most azonban \u00faj helyzetbe ker\u00fcltek az \u00fajs\u00e1g\u00edr\u00f3k: hogyan viszonyuljanak a kor\u00e1bbi hatalom szerepl\u0151ihez, \u00e9s mire sz\u00e1m\u00edthatnak a Tisza vezette \u00faj korm\u00e1nyt\u00f3l, amely kamp\u00e1nyban sokszor \u00e1tl\u00e9pte a hat\u00e1rokat, de korm\u00e1nyon m\u00e1s k\u00f6telezetts\u00e9gei lesznek a v\u00e1laszt\u00f3k fel\u00e9. Err\u0151l Bodrogi Bea m\u00e9diajog\u00e1sszal \u00e9s N\u00e1dori P\u00e9terrel, [&hellip;]<\/p>\n","protected":false},"author":2,"featured_media":94508,"comment_status":"open","ping_status":"open","sticky":false,"template":"","format":"standard","meta":{"footnotes":""},"categories":[147],"tags":[],"class_list":["post-94507","post","type-post","status-publish","format-standard","has-post-thumbnail","hentry","category-altalanos"],"yoast_head":"<!-- This site is optimized with the Yoast SEO Premium plugin v26.2 (Yoast SEO v26.3) - https:\/\/yoast.com\/wordpress\/plugins\/seo\/ -->\n<title>\u201eAz Orb\u00e1n-rendszerben b\u0151ven van m\u00e9g b\u00e1ny\u00e1szni val\u00f3\u201d \u2013 \u00dajs\u00e1g\u00edr\u00e1s \u00e9s m\u00e9dia eddig \u00e9s ezut\u00e1n - H\u00edrhangya<\/title>\n<meta name=\"robots\" content=\"index, follow, max-snippet:-1, max-image-preview:large, max-video-preview:-1\" \/>\n<link rel=\"canonical\" href=\"https:\/\/hirhangya.hu\/index.php\/2026\/04\/29\/az-orban-rendszerben-boven-van-meg-banyaszni-valo-ujsagiras-es-media-eddig-es-ezutan\/\" \/>\n<meta property=\"og:locale\" content=\"hu_HU\" \/>\n<meta property=\"og:type\" content=\"article\" \/>\n<meta property=\"og:title\" content=\"\u201eAz Orb\u00e1n-rendszerben b\u0151ven van m\u00e9g b\u00e1ny\u00e1szni val\u00f3\u201d \u2013 \u00dajs\u00e1g\u00edr\u00e1s \u00e9s m\u00e9dia eddig \u00e9s ezut\u00e1n\" \/>\n<meta property=\"og:description\" content=\"A magyar f\u00fcggetlen m\u00e9dia t\u00fal\u00e9lte a NER-t, \u00e9s fontos szerepet j\u00e1tszott annak veres\u00e9g\u00e9ben. Most azonban \u00faj helyzetbe ker\u00fcltek az \u00fajs\u00e1g\u00edr\u00f3k: hogyan viszonyuljanak a kor\u00e1bbi hatalom szerepl\u0151ihez, \u00e9s mire sz\u00e1m\u00edthatnak a Tisza vezette \u00faj korm\u00e1nyt\u00f3l, amely kamp\u00e1nyban sokszor \u00e1tl\u00e9pte a hat\u00e1rokat, de korm\u00e1nyon m\u00e1s k\u00f6telezetts\u00e9gei lesznek a v\u00e1laszt\u00f3k fel\u00e9. Err\u0151l Bodrogi Bea m\u00e9diajog\u00e1sszal \u00e9s N\u00e1dori P\u00e9terrel, [&hellip;]\" \/>\n<meta property=\"og:url\" content=\"https:\/\/hirhangya.hu\/index.php\/2026\/04\/29\/az-orban-rendszerben-boven-van-meg-banyaszni-valo-ujsagiras-es-media-eddig-es-ezutan\/\" \/>\n<meta property=\"og:site_name\" content=\"H\u00edrhangya\" \/>\n<meta property=\"article:published_time\" content=\"2026-04-29T21:12:37+00:00\" \/>\n<meta name=\"author\" content=\"Nemes Gabor\" \/>\n<meta name=\"twitter:card\" content=\"summary_large_image\" \/>\n<meta name=\"twitter:label1\" content=\"Szerz\u0151:\" \/>\n\t<meta name=\"twitter:data1\" content=\"Nemes Gabor\" \/>\n\t<meta name=\"twitter:label2\" content=\"Becs\u00fclt olvas\u00e1si id\u0151\" \/>\n\t<meta name=\"twitter:data2\" content=\"2 perc\" \/>\n<script type=\"application\/ld+json\" class=\"yoast-schema-graph\">{\"@context\":\"https:\/\/schema.org\",\"@graph\":[{\"@type\":\"Article\",\"@id\":\"https:\/\/hirhangya.hu\/index.php\/2026\/04\/29\/az-orban-rendszerben-boven-van-meg-banyaszni-valo-ujsagiras-es-media-eddig-es-ezutan\/#article\",\"isPartOf\":{\"@id\":\"https:\/\/hirhangya.hu\/index.php\/2026\/04\/29\/az-orban-rendszerben-boven-van-meg-banyaszni-valo-ujsagiras-es-media-eddig-es-ezutan\/\"},\"author\":{\"name\":\"Nemes Gabor\",\"@id\":\"https:\/\/hirhangya.hu\/#\/schema\/person\/ad1b32f6cde48eb8bc14fa7efd4d70b5\"},\"headline\":\"\u201eAz Orb\u00e1n-rendszerben b\u0151ven van m\u00e9g b\u00e1ny\u00e1szni val\u00f3\u201d \u2013 \u00dajs\u00e1g\u00edr\u00e1s \u00e9s m\u00e9dia eddig \u00e9s ezut\u00e1n\",\"datePublished\":\"2026-04-29T21:12:37+00:00\",\"mainEntityOfPage\":{\"@id\":\"https:\/\/hirhangya.hu\/index.php\/2026\/04\/29\/az-orban-rendszerben-boven-van-meg-banyaszni-valo-ujsagiras-es-media-eddig-es-ezutan\/\"},\"wordCount\":460,\"commentCount\":0,\"publisher\":{\"@id\":\"https:\/\/hirhangya.hu\/#organization\"},\"image\":{\"@id\":\"https:\/\/hirhangya.hu\/index.php\/2026\/04\/29\/az-orban-rendszerben-boven-van-meg-banyaszni-valo-ujsagiras-es-media-eddig-es-ezutan\/#primaryimage\"},\"thumbnailUrl\":\"https:\/\/hirhangya.hu\/wp-content\/uploads\/2026\/04\/8Kq5WWfrHvURzwYqs-U0T66a.jpg\",\"articleSection\":[\"\u00c1ltal\u00e1nos\"],\"inLanguage\":\"hu\",\"potentialAction\":[{\"@type\":\"CommentAction\",\"name\":\"Comment\",\"target\":[\"https:\/\/hirhangya.hu\/index.php\/2026\/04\/29\/az-orban-rendszerben-boven-van-meg-banyaszni-valo-ujsagiras-es-media-eddig-es-ezutan\/#respond\"]}]},{\"@type\":\"WebPage\",\"@id\":\"https:\/\/hirhangya.hu\/index.php\/2026\/04\/29\/az-orban-rendszerben-boven-van-meg-banyaszni-valo-ujsagiras-es-media-eddig-es-ezutan\/\",\"url\":\"https:\/\/hirhangya.hu\/index.php\/2026\/04\/29\/az-orban-rendszerben-boven-van-meg-banyaszni-valo-ujsagiras-es-media-eddig-es-ezutan\/\",\"name\":\"\u201eAz Orb\u00e1n-rendszerben b\u0151ven van m\u00e9g b\u00e1ny\u00e1szni val\u00f3\u201d \u2013 \u00dajs\u00e1g\u00edr\u00e1s \u00e9s m\u00e9dia eddig \u00e9s ezut\u00e1n - H\u00edrhangya\",\"isPartOf\":{\"@id\":\"https:\/\/hirhangya.hu\/#website\"},\"primaryImageOfPage\":{\"@id\":\"https:\/\/hirhangya.hu\/index.php\/2026\/04\/29\/az-orban-rendszerben-boven-van-meg-banyaszni-valo-ujsagiras-es-media-eddig-es-ezutan\/#primaryimage\"},\"image\":{\"@id\":\"https:\/\/hirhangya.hu\/index.php\/2026\/04\/29\/az-orban-rendszerben-boven-van-meg-banyaszni-valo-ujsagiras-es-media-eddig-es-ezutan\/#primaryimage\"},\"thumbnailUrl\":\"https:\/\/hirhangya.hu\/wp-content\/uploads\/2026\/04\/8Kq5WWfrHvURzwYqs-U0T66a.jpg\",\"datePublished\":\"2026-04-29T21:12:37+00:00\",\"breadcrumb\":{\"@id\":\"https:\/\/hirhangya.hu\/index.php\/2026\/04\/29\/az-orban-rendszerben-boven-van-meg-banyaszni-valo-ujsagiras-es-media-eddig-es-ezutan\/#breadcrumb\"},\"inLanguage\":\"hu\",\"potentialAction\":[{\"@type\":\"ReadAction\",\"target\":[\"https:\/\/hirhangya.hu\/index.php\/2026\/04\/29\/az-orban-rendszerben-boven-van-meg-banyaszni-valo-ujsagiras-es-media-eddig-es-ezutan\/\"]}]},{\"@type\":\"ImageObject\",\"inLanguage\":\"hu\",\"@id\":\"https:\/\/hirhangya.hu\/index.php\/2026\/04\/29\/az-orban-rendszerben-boven-van-meg-banyaszni-valo-ujsagiras-es-media-eddig-es-ezutan\/#primaryimage\",\"url\":\"https:\/\/hirhangya.hu\/wp-content\/uploads\/2026\/04\/8Kq5WWfrHvURzwYqs-U0T66a.jpg\",\"contentUrl\":\"https:\/\/hirhangya.hu\/wp-content\/uploads\/2026\/04\/8Kq5WWfrHvURzwYqs-U0T66a.jpg\",\"width\":2000,\"height\":1125},{\"@type\":\"BreadcrumbList\",\"@id\":\"https:\/\/hirhangya.hu\/index.php\/2026\/04\/29\/az-orban-rendszerben-boven-van-meg-banyaszni-valo-ujsagiras-es-media-eddig-es-ezutan\/#breadcrumb\",\"itemListElement\":[{\"@type\":\"ListItem\",\"position\":1,\"name\":\"Home\",\"item\":\"https:\/\/hirhangya.hu\/\"},{\"@type\":\"ListItem\",\"position\":2,\"name\":\"\u201eAz Orb\u00e1n-rendszerben b\u0151ven van m\u00e9g b\u00e1ny\u00e1szni val\u00f3\u201d \u2013 \u00dajs\u00e1g\u00edr\u00e1s \u00e9s m\u00e9dia eddig \u00e9s ezut\u00e1n\"}]},{\"@type\":\"WebSite\",\"@id\":\"https:\/\/hirhangya.hu\/#website\",\"url\":\"https:\/\/hirhangya.hu\/\",\"name\":\"H\u00edrhangya\",\"description\":\"Szorgalmasan \u00f6sszehordjuk a legfrissebb h\u00edreket\",\"publisher\":{\"@id\":\"https:\/\/hirhangya.hu\/#organization\"},\"potentialAction\":[{\"@type\":\"SearchAction\",\"target\":{\"@type\":\"EntryPoint\",\"urlTemplate\":\"https:\/\/hirhangya.hu\/?s={search_term_string}\"},\"query-input\":{\"@type\":\"PropertyValueSpecification\",\"valueRequired\":true,\"valueName\":\"search_term_string\"}}],\"inLanguage\":\"hu\"},{\"@type\":\"Organization\",\"@id\":\"https:\/\/hirhangya.hu\/#organization\",\"name\":\"H\u00edrhangya\",\"url\":\"https:\/\/hirhangya.hu\/\",\"logo\":{\"@type\":\"ImageObject\",\"inLanguage\":\"hu\",\"@id\":\"https:\/\/hirhangya.hu\/#\/schema\/logo\/image\/\",\"url\":\"https:\/\/hirhangya.hu\/wp-content\/uploads\/2025\/06\/cropped-cropped-hirhangya-logo-szoveges-scaled-1-e1750064323596.jpg\",\"contentUrl\":\"https:\/\/hirhangya.hu\/wp-content\/uploads\/2025\/06\/cropped-cropped-hirhangya-logo-szoveges-scaled-1-e1750064323596.jpg\",\"width\":350,\"height\":100,\"caption\":\"H\u00edrhangya\"},\"image\":{\"@id\":\"https:\/\/hirhangya.hu\/#\/schema\/logo\/image\/\"}},{\"@type\":\"Person\",\"@id\":\"https:\/\/hirhangya.hu\/#\/schema\/person\/ad1b32f6cde48eb8bc14fa7efd4d70b5\",\"name\":\"Nemes Gabor\",\"image\":{\"@type\":\"ImageObject\",\"inLanguage\":\"hu\",\"@id\":\"https:\/\/hirhangya.hu\/#\/schema\/person\/image\/\",\"url\":\"https:\/\/secure.gravatar.com\/avatar\/92c2a9c67399a3a1c5444228b3ae3f850f3218d7c18ff5ed44a84130d5b474f3?s=96&d=mm&r=g\",\"contentUrl\":\"https:\/\/secure.gravatar.com\/avatar\/92c2a9c67399a3a1c5444228b3ae3f850f3218d7c18ff5ed44a84130d5b474f3?s=96&d=mm&r=g\",\"caption\":\"Nemes Gabor\"},\"url\":\"https:\/\/hirhangya.hu\/index.php\/author\/hex324\/\"}]}<\/script>\n<!-- \/ Yoast SEO Premium plugin. -->","yoast_head_json":{"title":"\u201eAz Orb\u00e1n-rendszerben b\u0151ven van m\u00e9g b\u00e1ny\u00e1szni val\u00f3\u201d \u2013 \u00dajs\u00e1g\u00edr\u00e1s \u00e9s m\u00e9dia eddig \u00e9s ezut\u00e1n - H\u00edrhangya","robots":{"index":"index","follow":"follow","max-snippet":"max-snippet:-1","max-image-preview":"max-image-preview:large","max-video-preview":"max-video-preview:-1"},"canonical":"https:\/\/hirhangya.hu\/index.php\/2026\/04\/29\/az-orban-rendszerben-boven-van-meg-banyaszni-valo-ujsagiras-es-media-eddig-es-ezutan\/","og_locale":"hu_HU","og_type":"article","og_title":"\u201eAz Orb\u00e1n-rendszerben b\u0151ven van m\u00e9g b\u00e1ny\u00e1szni val\u00f3\u201d \u2013 \u00dajs\u00e1g\u00edr\u00e1s \u00e9s m\u00e9dia eddig \u00e9s ezut\u00e1n","og_description":"A magyar f\u00fcggetlen m\u00e9dia t\u00fal\u00e9lte a NER-t, \u00e9s fontos szerepet j\u00e1tszott annak veres\u00e9g\u00e9ben. Most azonban \u00faj helyzetbe ker\u00fcltek az \u00fajs\u00e1g\u00edr\u00f3k: hogyan viszonyuljanak a kor\u00e1bbi hatalom szerepl\u0151ihez, \u00e9s mire sz\u00e1m\u00edthatnak a Tisza vezette \u00faj korm\u00e1nyt\u00f3l, amely kamp\u00e1nyban sokszor \u00e1tl\u00e9pte a hat\u00e1rokat, de korm\u00e1nyon m\u00e1s k\u00f6telezetts\u00e9gei lesznek a v\u00e1laszt\u00f3k fel\u00e9. Err\u0151l Bodrogi Bea m\u00e9diajog\u00e1sszal \u00e9s N\u00e1dori P\u00e9terrel, [&hellip;]","og_url":"https:\/\/hirhangya.hu\/index.php\/2026\/04\/29\/az-orban-rendszerben-boven-van-meg-banyaszni-valo-ujsagiras-es-media-eddig-es-ezutan\/","og_site_name":"H\u00edrhangya","article_published_time":"2026-04-29T21:12:37+00:00","author":"Nemes Gabor","twitter_card":"summary_large_image","twitter_misc":{"Szerz\u0151:":"Nemes Gabor","Becs\u00fclt olvas\u00e1si id\u0151":"2 perc"},"schema":{"@context":"https:\/\/schema.org","@graph":[{"@type":"Article","@id":"https:\/\/hirhangya.hu\/index.php\/2026\/04\/29\/az-orban-rendszerben-boven-van-meg-banyaszni-valo-ujsagiras-es-media-eddig-es-ezutan\/#article","isPartOf":{"@id":"https:\/\/hirhangya.hu\/index.php\/2026\/04\/29\/az-orban-rendszerben-boven-van-meg-banyaszni-valo-ujsagiras-es-media-eddig-es-ezutan\/"},"author":{"name":"Nemes Gabor","@id":"https:\/\/hirhangya.hu\/#\/schema\/person\/ad1b32f6cde48eb8bc14fa7efd4d70b5"},"headline":"\u201eAz Orb\u00e1n-rendszerben b\u0151ven van m\u00e9g b\u00e1ny\u00e1szni val\u00f3\u201d \u2013 \u00dajs\u00e1g\u00edr\u00e1s \u00e9s m\u00e9dia eddig \u00e9s ezut\u00e1n","datePublished":"2026-04-29T21:12:37+00:00","mainEntityOfPage":{"@id":"https:\/\/hirhangya.hu\/index.php\/2026\/04\/29\/az-orban-rendszerben-boven-van-meg-banyaszni-valo-ujsagiras-es-media-eddig-es-ezutan\/"},"wordCount":460,"commentCount":0,"publisher":{"@id":"https:\/\/hirhangya.hu\/#organization"},"image":{"@id":"https:\/\/hirhangya.hu\/index.php\/2026\/04\/29\/az-orban-rendszerben-boven-van-meg-banyaszni-valo-ujsagiras-es-media-eddig-es-ezutan\/#primaryimage"},"thumbnailUrl":"https:\/\/hirhangya.hu\/wp-content\/uploads\/2026\/04\/8Kq5WWfrHvURzwYqs-U0T66a.jpg","articleSection":["\u00c1ltal\u00e1nos"],"inLanguage":"hu","potentialAction":[{"@type":"CommentAction","name":"Comment","target":["https:\/\/hirhangya.hu\/index.php\/2026\/04\/29\/az-orban-rendszerben-boven-van-meg-banyaszni-valo-ujsagiras-es-media-eddig-es-ezutan\/#respond"]}]},{"@type":"WebPage","@id":"https:\/\/hirhangya.hu\/index.php\/2026\/04\/29\/az-orban-rendszerben-boven-van-meg-banyaszni-valo-ujsagiras-es-media-eddig-es-ezutan\/","url":"https:\/\/hirhangya.hu\/index.php\/2026\/04\/29\/az-orban-rendszerben-boven-van-meg-banyaszni-valo-ujsagiras-es-media-eddig-es-ezutan\/","name":"\u201eAz Orb\u00e1n-rendszerben b\u0151ven van m\u00e9g b\u00e1ny\u00e1szni val\u00f3\u201d \u2013 \u00dajs\u00e1g\u00edr\u00e1s \u00e9s m\u00e9dia eddig \u00e9s ezut\u00e1n - H\u00edrhangya","isPartOf":{"@id":"https:\/\/hirhangya.hu\/#website"},"primaryImageOfPage":{"@id":"https:\/\/hirhangya.hu\/index.php\/2026\/04\/29\/az-orban-rendszerben-boven-van-meg-banyaszni-valo-ujsagiras-es-media-eddig-es-ezutan\/#primaryimage"},"image":{"@id":"https:\/\/hirhangya.hu\/index.php\/2026\/04\/29\/az-orban-rendszerben-boven-van-meg-banyaszni-valo-ujsagiras-es-media-eddig-es-ezutan\/#primaryimage"},"thumbnailUrl":"https:\/\/hirhangya.hu\/wp-content\/uploads\/2026\/04\/8Kq5WWfrHvURzwYqs-U0T66a.jpg","datePublished":"2026-04-29T21:12:37+00:00","breadcrumb":{"@id":"https:\/\/hirhangya.hu\/index.php\/2026\/04\/29\/az-orban-rendszerben-boven-van-meg-banyaszni-valo-ujsagiras-es-media-eddig-es-ezutan\/#breadcrumb"},"inLanguage":"hu","potentialAction":[{"@type":"ReadAction","target":["https:\/\/hirhangya.hu\/index.php\/2026\/04\/29\/az-orban-rendszerben-boven-van-meg-banyaszni-valo-ujsagiras-es-media-eddig-es-ezutan\/"]}]},{"@type":"ImageObject","inLanguage":"hu","@id":"https:\/\/hirhangya.hu\/index.php\/2026\/04\/29\/az-orban-rendszerben-boven-van-meg-banyaszni-valo-ujsagiras-es-media-eddig-es-ezutan\/#primaryimage","url":"https:\/\/hirhangya.hu\/wp-content\/uploads\/2026\/04\/8Kq5WWfrHvURzwYqs-U0T66a.jpg","contentUrl":"https:\/\/hirhangya.hu\/wp-content\/uploads\/2026\/04\/8Kq5WWfrHvURzwYqs-U0T66a.jpg","width":2000,"height":1125},{"@type":"BreadcrumbList","@id":"https:\/\/hirhangya.hu\/index.php\/2026\/04\/29\/az-orban-rendszerben-boven-van-meg-banyaszni-valo-ujsagiras-es-media-eddig-es-ezutan\/#breadcrumb","itemListElement":[{"@type":"ListItem","position":1,"name":"Home","item":"https:\/\/hirhangya.hu\/"},{"@type":"ListItem","position":2,"name":"\u201eAz Orb\u00e1n-rendszerben b\u0151ven van m\u00e9g b\u00e1ny\u00e1szni val\u00f3\u201d \u2013 \u00dajs\u00e1g\u00edr\u00e1s \u00e9s m\u00e9dia eddig \u00e9s ezut\u00e1n"}]},{"@type":"WebSite","@id":"https:\/\/hirhangya.hu\/#website","url":"https:\/\/hirhangya.hu\/","name":"H\u00edrhangya","description":"Szorgalmasan \u00f6sszehordjuk a legfrissebb h\u00edreket","publisher":{"@id":"https:\/\/hirhangya.hu\/#organization"},"potentialAction":[{"@type":"SearchAction","target":{"@type":"EntryPoint","urlTemplate":"https:\/\/hirhangya.hu\/?s={search_term_string}"},"query-input":{"@type":"PropertyValueSpecification","valueRequired":true,"valueName":"search_term_string"}}],"inLanguage":"hu"},{"@type":"Organization","@id":"https:\/\/hirhangya.hu\/#organization","name":"H\u00edrhangya","url":"https:\/\/hirhangya.hu\/","logo":{"@type":"ImageObject","inLanguage":"hu","@id":"https:\/\/hirhangya.hu\/#\/schema\/logo\/image\/","url":"https:\/\/hirhangya.hu\/wp-content\/uploads\/2025\/06\/cropped-cropped-hirhangya-logo-szoveges-scaled-1-e1750064323596.jpg","contentUrl":"https:\/\/hirhangya.hu\/wp-content\/uploads\/2025\/06\/cropped-cropped-hirhangya-logo-szoveges-scaled-1-e1750064323596.jpg","width":350,"height":100,"caption":"H\u00edrhangya"},"image":{"@id":"https:\/\/hirhangya.hu\/#\/schema\/logo\/image\/"}},{"@type":"Person","@id":"https:\/\/hirhangya.hu\/#\/schema\/person\/ad1b32f6cde48eb8bc14fa7efd4d70b5","name":"Nemes Gabor","image":{"@type":"ImageObject","inLanguage":"hu","@id":"https:\/\/hirhangya.hu\/#\/schema\/person\/image\/","url":"https:\/\/secure.gravatar.com\/avatar\/92c2a9c67399a3a1c5444228b3ae3f850f3218d7c18ff5ed44a84130d5b474f3?s=96&d=mm&r=g","contentUrl":"https:\/\/secure.gravatar.com\/avatar\/92c2a9c67399a3a1c5444228b3ae3f850f3218d7c18ff5ed44a84130d5b474f3?s=96&d=mm&r=g","caption":"Nemes Gabor"},"url":"https:\/\/hirhangya.hu\/index.php\/author\/hex324\/"}]}},"_links":{"self":[{"href":"https:\/\/hirhangya.hu\/index.php\/wp-json\/wp\/v2\/posts\/94507","targetHints":{"allow":["GET"]}}],"collection":[{"href":"https:\/\/hirhangya.hu\/index.php\/wp-json\/wp\/v2\/posts"}],"about":[{"href":"https:\/\/hirhangya.hu\/index.php\/wp-json\/wp\/v2\/types\/post"}],"author":[{"embeddable":true,"href":"https:\/\/hirhangya.hu\/index.php\/wp-json\/wp\/v2\/users\/2"}],"replies":[{"embeddable":true,"href":"https:\/\/hirhangya.hu\/index.php\/wp-json\/wp\/v2\/comments?post=94507"}],"version-history":[{"count":0,"href":"https:\/\/hirhangya.hu\/index.php\/wp-json\/wp\/v2\/posts\/94507\/revisions"}],"wp:featuredmedia":[{"embeddable":true,"href":"https:\/\/hirhangya.hu\/index.php\/wp-json\/wp\/v2\/media\/94508"}],"wp:attachment":[{"href":"https:\/\/hirhangya.hu\/index.php\/wp-json\/wp\/v2\/media?parent=94507"}],"wp:term":[{"taxonomy":"category","embeddable":true,"href":"https:\/\/hirhangya.hu\/index.php\/wp-json\/wp\/v2\/categories?post=94507"},{"taxonomy":"post_tag","embeddable":true,"href":"https:\/\/hirhangya.hu\/index.php\/wp-json\/wp\/v2\/tags?post=94507"}],"curies":[{"name":"wp","href":"https:\/\/api.w.org\/{rel}","templated":true}]}}