{"id":94509,"date":"2026-04-29T21:13:04","date_gmt":"2026-04-29T21:13:04","guid":{"rendered":"https:\/\/hirhangya.hu\/index.php\/2026\/04\/29\/egy-fideszes-kepviselo-annyira-kiakadt-pocs-janos-parlamentbe-jutasan-hogy-majdnem-elsirta-magat-a-jaszberenyi-kepviselo-testuletben\/"},"modified":"2026-04-29T21:13:04","modified_gmt":"2026-04-29T21:13:04","slug":"egy-fideszes-kepviselo-annyira-kiakadt-pocs-janos-parlamentbe-jutasan-hogy-majdnem-elsirta-magat-a-jaszberenyi-kepviselo-testuletben","status":"publish","type":"post","link":"https:\/\/hirhangya.hu\/index.php\/2026\/04\/29\/egy-fideszes-kepviselo-annyira-kiakadt-pocs-janos-parlamentbe-jutasan-hogy-majdnem-elsirta-magat-a-jaszberenyi-kepviselo-testuletben\/","title":{"rendered":"Egy fideszes k\u00e9pvisel\u0151 annyira kiakadt P\u00f3cs J\u00e1nos parlamentbe jut\u00e1s\u00e1n, hogy majdnem els\u00edrta mag\u00e1t a j\u00e1szber\u00e9nyi k\u00e9pvisel\u0151-test\u00fcletben"},"content":{"rendered":"<p>Ritk\u00e1n l\u00e1tott jelenet zajlott a szerdai j\u00e1szber\u00e9nyi k\u00e9pvisel\u0151-test\u00fcleti \u00fcl\u00e9sen, amikor a helyi Fidesz-k\u00e9pvisel\u0151, a 2024-es polg\u00e1rmesterv\u00e1laszt\u00e1son vesztes Hajnal-Nagy G\u00e1bor ny\u00edltan kiakadt p\u00e1rtt\u00e1rsa, P\u00f3cs J\u00e1nos parlamentbe jut\u00e1sa miatt, \u00e9s a kamer\u00e1k el\u0151tt majdnem s\u00edrva fakadt. Hajnal-Nagy eml\u00e9keztetett, hogy 2019 \u00f3ta J\u00e1szber\u00e9nyben ugyanaz a helyzet van, mint orsz\u00e1gosan: a helyi Fidesz t\u00f6bbsz\u00f6r is veres\u00e9get szenvedett, \u00e9s szerinte P\u00f3cs azzal, hogy a 2019-es, 14 szavazattal elvesz\u00edtett polg\u00e1rmester-v\u00e1laszt\u00e1s ut\u00e1n a helyi szervezet megk\u00e9rdez\u00e9se n\u00e9lk\u00fcl megt\u00e1madta az eredm\u00e9nyt, \u201em\u00e1rt\u00edrt\u201d csin\u00e1lt Budai L\u00f3r\u00e1ntb\u00f3l, \u00e9s ezzel hozz\u00e1j\u00e1rult a p\u00e1rt helyi gyeng\u00e9lked\u00e9s\u00e9hez. Besz\u00e9d\u00e9ben az \u00f3zdi 2014-es esetet eml\u00edtette, amikor egy hasonl\u00f3 t\u00e1mad\u00e1s ut\u00e1n a Fidesz v\u00e9g\u00fcl sim\u00e1n kikapott, \u00e9s azt mondta, megal\u00e1z\u00f3nak tartja, hogy az, aki ezeket a l\u00e9p\u00e9seket megtette, ism\u00e9t a parlamentben \u00fcl; majd eln\u00e9z\u00e9st k\u00e9rt \u00e9s elhagyta a termet, mert majdnem els\u00edrta mag\u00e1t.<\/p>\n<p>Nem sokkal k\u00e9s\u0151bb visszat\u00e9rt, egy bekeretezett, Budai L\u00f3r\u00e1ntot \u00e1br\u00e1zol\u00f3, v\u00e1laszt\u00e1si csal\u00e1ssal v\u00e1dol\u00f3 plak\u00e1ttal, amelyet \u00e1tadott a polg\u00e1rmesternek, \u00e9s P\u00f3csra utalva kijelentette, hogy a plak\u00e1t \u201eennek a g\u00e9niusznak a term\u00e9ke\u201d, amelyet nem engedhettek volna az utc\u00e1ra, mert szerinte hazugs\u00e1g \u00e9s mindenkihez m\u00e9ltatlan. P\u00f3cs J\u00e1nos az \u00e1prilis 12-ei v\u00e1laszt\u00e1son sim\u00e1n elvesztette a j\u00e1szber\u00e9nyi k\u00f6rzetet Halmai Ferenc ellen, de b\u00e1r eredetileg nem volt bejut\u00f3 helyen, v\u00e9g\u00fcl helyet kapott a Fidesz frakci\u00f3j\u00e1ban.<\/p>\n<p>Eredeti cikk: <a href=\"https:\/\/444.hu\/2026\/04\/29\/egy-fideszes-kepviselo-annyira-kiakadt-pocs-janos-parlamentbe-jutasan-hogy-majdnem-elsirta-magat-a-jaszberenyi-kozgyulesen?utm_source=rss_feed&amp;utm_medium=rss&amp;utm_campaign=rss_syndication\" target=\"_blank\" class=\"feedzy-rss-link-icon\">elolvasom<\/a><\/p>\n","protected":false},"excerpt":{"rendered":"<p>Ritk\u00e1n l\u00e1tott jelenet zajlott a szerdai j\u00e1szber\u00e9nyi k\u00e9pvisel\u0151-test\u00fcleti \u00fcl\u00e9sen, amikor a helyi Fidesz-k\u00e9pvisel\u0151, a 2024-es polg\u00e1rmesterv\u00e1laszt\u00e1son vesztes Hajnal-Nagy G\u00e1bor ny\u00edltan kiakadt p\u00e1rtt\u00e1rsa, P\u00f3cs J\u00e1nos parlamentbe jut\u00e1sa miatt, \u00e9s a kamer\u00e1k el\u0151tt majdnem s\u00edrva fakadt. Hajnal-Nagy eml\u00e9keztetett, hogy 2019 \u00f3ta J\u00e1szber\u00e9nyben ugyanaz a helyzet van, mint orsz\u00e1gosan: a helyi Fidesz t\u00f6bbsz\u00f6r is veres\u00e9get szenvedett, \u00e9s szerinte [&hellip;]<\/p>\n","protected":false},"author":2,"featured_media":94510,"comment_status":"open","ping_status":"open","sticky":false,"template":"","format":"standard","meta":{"footnotes":""},"categories":[147],"tags":[],"class_list":["post-94509","post","type-post","status-publish","format-standard","has-post-thumbnail","hentry","category-altalanos"],"yoast_head":"<!-- This site is optimized with the Yoast SEO Premium plugin v26.2 (Yoast SEO v26.3) - https:\/\/yoast.com\/wordpress\/plugins\/seo\/ -->\n<title>Egy fideszes k\u00e9pvisel\u0151 annyira kiakadt P\u00f3cs J\u00e1nos parlamentbe jut\u00e1s\u00e1n, hogy majdnem els\u00edrta mag\u00e1t a j\u00e1szber\u00e9nyi k\u00e9pvisel\u0151-test\u00fcletben - H\u00edrhangya<\/title>\n<meta name=\"robots\" content=\"index, follow, max-snippet:-1, max-image-preview:large, max-video-preview:-1\" \/>\n<link rel=\"canonical\" href=\"https:\/\/hirhangya.hu\/index.php\/2026\/04\/29\/egy-fideszes-kepviselo-annyira-kiakadt-pocs-janos-parlamentbe-jutasan-hogy-majdnem-elsirta-magat-a-jaszberenyi-kepviselo-testuletben\/\" \/>\n<meta property=\"og:locale\" content=\"hu_HU\" \/>\n<meta property=\"og:type\" content=\"article\" \/>\n<meta property=\"og:title\" content=\"Egy fideszes k\u00e9pvisel\u0151 annyira kiakadt P\u00f3cs J\u00e1nos parlamentbe jut\u00e1s\u00e1n, hogy majdnem els\u00edrta mag\u00e1t a j\u00e1szber\u00e9nyi k\u00e9pvisel\u0151-test\u00fcletben\" \/>\n<meta property=\"og:description\" content=\"Ritk\u00e1n l\u00e1tott jelenet zajlott a szerdai j\u00e1szber\u00e9nyi k\u00e9pvisel\u0151-test\u00fcleti \u00fcl\u00e9sen, amikor a helyi Fidesz-k\u00e9pvisel\u0151, a 2024-es polg\u00e1rmesterv\u00e1laszt\u00e1son vesztes Hajnal-Nagy G\u00e1bor ny\u00edltan kiakadt p\u00e1rtt\u00e1rsa, P\u00f3cs J\u00e1nos parlamentbe jut\u00e1sa miatt, \u00e9s a kamer\u00e1k el\u0151tt majdnem s\u00edrva fakadt. Hajnal-Nagy eml\u00e9keztetett, hogy 2019 \u00f3ta J\u00e1szber\u00e9nyben ugyanaz a helyzet van, mint orsz\u00e1gosan: a helyi Fidesz t\u00f6bbsz\u00f6r is veres\u00e9get szenvedett, \u00e9s szerinte [&hellip;]\" \/>\n<meta property=\"og:url\" content=\"https:\/\/hirhangya.hu\/index.php\/2026\/04\/29\/egy-fideszes-kepviselo-annyira-kiakadt-pocs-janos-parlamentbe-jutasan-hogy-majdnem-elsirta-magat-a-jaszberenyi-kepviselo-testuletben\/\" \/>\n<meta property=\"og:site_name\" content=\"H\u00edrhangya\" \/>\n<meta property=\"article:published_time\" content=\"2026-04-29T21:13:04+00:00\" \/>\n<meta name=\"author\" content=\"Nemes Gabor\" \/>\n<meta name=\"twitter:card\" content=\"summary_large_image\" \/>\n<meta name=\"twitter:label1\" content=\"Szerz\u0151:\" \/>\n\t<meta name=\"twitter:data1\" content=\"Nemes Gabor\" \/>\n\t<meta name=\"twitter:label2\" content=\"Becs\u00fclt olvas\u00e1si id\u0151\" \/>\n\t<meta name=\"twitter:data2\" content=\"2 perc\" \/>\n<script type=\"application\/ld+json\" class=\"yoast-schema-graph\">{\"@context\":\"https:\/\/schema.org\",\"@graph\":[{\"@type\":\"Article\",\"@id\":\"https:\/\/hirhangya.hu\/index.php\/2026\/04\/29\/egy-fideszes-kepviselo-annyira-kiakadt-pocs-janos-parlamentbe-jutasan-hogy-majdnem-elsirta-magat-a-jaszberenyi-kepviselo-testuletben\/#article\",\"isPartOf\":{\"@id\":\"https:\/\/hirhangya.hu\/index.php\/2026\/04\/29\/egy-fideszes-kepviselo-annyira-kiakadt-pocs-janos-parlamentbe-jutasan-hogy-majdnem-elsirta-magat-a-jaszberenyi-kepviselo-testuletben\/\"},\"author\":{\"name\":\"Nemes Gabor\",\"@id\":\"https:\/\/hirhangya.hu\/#\/schema\/person\/ad1b32f6cde48eb8bc14fa7efd4d70b5\"},\"headline\":\"Egy fideszes k\u00e9pvisel\u0151 annyira kiakadt P\u00f3cs J\u00e1nos parlamentbe jut\u00e1s\u00e1n, hogy majdnem els\u00edrta mag\u00e1t a j\u00e1szber\u00e9nyi k\u00e9pvisel\u0151-test\u00fcletben\",\"datePublished\":\"2026-04-29T21:13:04+00:00\",\"mainEntityOfPage\":{\"@id\":\"https:\/\/hirhangya.hu\/index.php\/2026\/04\/29\/egy-fideszes-kepviselo-annyira-kiakadt-pocs-janos-parlamentbe-jutasan-hogy-majdnem-elsirta-magat-a-jaszberenyi-kepviselo-testuletben\/\"},\"wordCount\":328,\"commentCount\":0,\"publisher\":{\"@id\":\"https:\/\/hirhangya.hu\/#organization\"},\"image\":{\"@id\":\"https:\/\/hirhangya.hu\/index.php\/2026\/04\/29\/egy-fideszes-kepviselo-annyira-kiakadt-pocs-janos-parlamentbe-jutasan-hogy-majdnem-elsirta-magat-a-jaszberenyi-kepviselo-testuletben\/#primaryimage\"},\"thumbnailUrl\":\"https:\/\/hirhangya.hu\/wp-content\/uploads\/2026\/04\/8KqgwBImqiXIKMC1s-BJvAim.png\",\"articleSection\":[\"\u00c1ltal\u00e1nos\"],\"inLanguage\":\"hu\",\"potentialAction\":[{\"@type\":\"CommentAction\",\"name\":\"Comment\",\"target\":[\"https:\/\/hirhangya.hu\/index.php\/2026\/04\/29\/egy-fideszes-kepviselo-annyira-kiakadt-pocs-janos-parlamentbe-jutasan-hogy-majdnem-elsirta-magat-a-jaszberenyi-kepviselo-testuletben\/#respond\"]}]},{\"@type\":\"WebPage\",\"@id\":\"https:\/\/hirhangya.hu\/index.php\/2026\/04\/29\/egy-fideszes-kepviselo-annyira-kiakadt-pocs-janos-parlamentbe-jutasan-hogy-majdnem-elsirta-magat-a-jaszberenyi-kepviselo-testuletben\/\",\"url\":\"https:\/\/hirhangya.hu\/index.php\/2026\/04\/29\/egy-fideszes-kepviselo-annyira-kiakadt-pocs-janos-parlamentbe-jutasan-hogy-majdnem-elsirta-magat-a-jaszberenyi-kepviselo-testuletben\/\",\"name\":\"Egy fideszes k\u00e9pvisel\u0151 annyira kiakadt P\u00f3cs J\u00e1nos parlamentbe jut\u00e1s\u00e1n, hogy majdnem els\u00edrta mag\u00e1t a j\u00e1szber\u00e9nyi k\u00e9pvisel\u0151-test\u00fcletben - H\u00edrhangya\",\"isPartOf\":{\"@id\":\"https:\/\/hirhangya.hu\/#website\"},\"primaryImageOfPage\":{\"@id\":\"https:\/\/hirhangya.hu\/index.php\/2026\/04\/29\/egy-fideszes-kepviselo-annyira-kiakadt-pocs-janos-parlamentbe-jutasan-hogy-majdnem-elsirta-magat-a-jaszberenyi-kepviselo-testuletben\/#primaryimage\"},\"image\":{\"@id\":\"https:\/\/hirhangya.hu\/index.php\/2026\/04\/29\/egy-fideszes-kepviselo-annyira-kiakadt-pocs-janos-parlamentbe-jutasan-hogy-majdnem-elsirta-magat-a-jaszberenyi-kepviselo-testuletben\/#primaryimage\"},\"thumbnailUrl\":\"https:\/\/hirhangya.hu\/wp-content\/uploads\/2026\/04\/8KqgwBImqiXIKMC1s-BJvAim.png\",\"datePublished\":\"2026-04-29T21:13:04+00:00\",\"breadcrumb\":{\"@id\":\"https:\/\/hirhangya.hu\/index.php\/2026\/04\/29\/egy-fideszes-kepviselo-annyira-kiakadt-pocs-janos-parlamentbe-jutasan-hogy-majdnem-elsirta-magat-a-jaszberenyi-kepviselo-testuletben\/#breadcrumb\"},\"inLanguage\":\"hu\",\"potentialAction\":[{\"@type\":\"ReadAction\",\"target\":[\"https:\/\/hirhangya.hu\/index.php\/2026\/04\/29\/egy-fideszes-kepviselo-annyira-kiakadt-pocs-janos-parlamentbe-jutasan-hogy-majdnem-elsirta-magat-a-jaszberenyi-kepviselo-testuletben\/\"]}]},{\"@type\":\"ImageObject\",\"inLanguage\":\"hu\",\"@id\":\"https:\/\/hirhangya.hu\/index.php\/2026\/04\/29\/egy-fideszes-kepviselo-annyira-kiakadt-pocs-janos-parlamentbe-jutasan-hogy-majdnem-elsirta-magat-a-jaszberenyi-kepviselo-testuletben\/#primaryimage\",\"url\":\"https:\/\/hirhangya.hu\/wp-content\/uploads\/2026\/04\/8KqgwBImqiXIKMC1s-BJvAim.png\",\"contentUrl\":\"https:\/\/hirhangya.hu\/wp-content\/uploads\/2026\/04\/8KqgwBImqiXIKMC1s-BJvAim.png\",\"width\":1262,\"height\":745},{\"@type\":\"BreadcrumbList\",\"@id\":\"https:\/\/hirhangya.hu\/index.php\/2026\/04\/29\/egy-fideszes-kepviselo-annyira-kiakadt-pocs-janos-parlamentbe-jutasan-hogy-majdnem-elsirta-magat-a-jaszberenyi-kepviselo-testuletben\/#breadcrumb\",\"itemListElement\":[{\"@type\":\"ListItem\",\"position\":1,\"name\":\"Home\",\"item\":\"https:\/\/hirhangya.hu\/\"},{\"@type\":\"ListItem\",\"position\":2,\"name\":\"Egy fideszes k\u00e9pvisel\u0151 annyira kiakadt P\u00f3cs J\u00e1nos parlamentbe jut\u00e1s\u00e1n, hogy majdnem els\u00edrta mag\u00e1t a j\u00e1szber\u00e9nyi k\u00e9pvisel\u0151-test\u00fcletben\"}]},{\"@type\":\"WebSite\",\"@id\":\"https:\/\/hirhangya.hu\/#website\",\"url\":\"https:\/\/hirhangya.hu\/\",\"name\":\"H\u00edrhangya\",\"description\":\"Szorgalmasan \u00f6sszehordjuk a legfrissebb h\u00edreket\",\"publisher\":{\"@id\":\"https:\/\/hirhangya.hu\/#organization\"},\"potentialAction\":[{\"@type\":\"SearchAction\",\"target\":{\"@type\":\"EntryPoint\",\"urlTemplate\":\"https:\/\/hirhangya.hu\/?s={search_term_string}\"},\"query-input\":{\"@type\":\"PropertyValueSpecification\",\"valueRequired\":true,\"valueName\":\"search_term_string\"}}],\"inLanguage\":\"hu\"},{\"@type\":\"Organization\",\"@id\":\"https:\/\/hirhangya.hu\/#organization\",\"name\":\"H\u00edrhangya\",\"url\":\"https:\/\/hirhangya.hu\/\",\"logo\":{\"@type\":\"ImageObject\",\"inLanguage\":\"hu\",\"@id\":\"https:\/\/hirhangya.hu\/#\/schema\/logo\/image\/\",\"url\":\"https:\/\/hirhangya.hu\/wp-content\/uploads\/2025\/06\/cropped-cropped-hirhangya-logo-szoveges-scaled-1-e1750064323596.jpg\",\"contentUrl\":\"https:\/\/hirhangya.hu\/wp-content\/uploads\/2025\/06\/cropped-cropped-hirhangya-logo-szoveges-scaled-1-e1750064323596.jpg\",\"width\":350,\"height\":100,\"caption\":\"H\u00edrhangya\"},\"image\":{\"@id\":\"https:\/\/hirhangya.hu\/#\/schema\/logo\/image\/\"}},{\"@type\":\"Person\",\"@id\":\"https:\/\/hirhangya.hu\/#\/schema\/person\/ad1b32f6cde48eb8bc14fa7efd4d70b5\",\"name\":\"Nemes Gabor\",\"image\":{\"@type\":\"ImageObject\",\"inLanguage\":\"hu\",\"@id\":\"https:\/\/hirhangya.hu\/#\/schema\/person\/image\/\",\"url\":\"https:\/\/secure.gravatar.com\/avatar\/92c2a9c67399a3a1c5444228b3ae3f850f3218d7c18ff5ed44a84130d5b474f3?s=96&d=mm&r=g\",\"contentUrl\":\"https:\/\/secure.gravatar.com\/avatar\/92c2a9c67399a3a1c5444228b3ae3f850f3218d7c18ff5ed44a84130d5b474f3?s=96&d=mm&r=g\",\"caption\":\"Nemes Gabor\"},\"url\":\"https:\/\/hirhangya.hu\/index.php\/author\/hex324\/\"}]}<\/script>\n<!-- \/ Yoast SEO Premium plugin. -->","yoast_head_json":{"title":"Egy fideszes k\u00e9pvisel\u0151 annyira kiakadt P\u00f3cs J\u00e1nos parlamentbe jut\u00e1s\u00e1n, hogy majdnem els\u00edrta mag\u00e1t a j\u00e1szber\u00e9nyi k\u00e9pvisel\u0151-test\u00fcletben - H\u00edrhangya","robots":{"index":"index","follow":"follow","max-snippet":"max-snippet:-1","max-image-preview":"max-image-preview:large","max-video-preview":"max-video-preview:-1"},"canonical":"https:\/\/hirhangya.hu\/index.php\/2026\/04\/29\/egy-fideszes-kepviselo-annyira-kiakadt-pocs-janos-parlamentbe-jutasan-hogy-majdnem-elsirta-magat-a-jaszberenyi-kepviselo-testuletben\/","og_locale":"hu_HU","og_type":"article","og_title":"Egy fideszes k\u00e9pvisel\u0151 annyira kiakadt P\u00f3cs J\u00e1nos parlamentbe jut\u00e1s\u00e1n, hogy majdnem els\u00edrta mag\u00e1t a j\u00e1szber\u00e9nyi k\u00e9pvisel\u0151-test\u00fcletben","og_description":"Ritk\u00e1n l\u00e1tott jelenet zajlott a szerdai j\u00e1szber\u00e9nyi k\u00e9pvisel\u0151-test\u00fcleti \u00fcl\u00e9sen, amikor a helyi Fidesz-k\u00e9pvisel\u0151, a 2024-es polg\u00e1rmesterv\u00e1laszt\u00e1son vesztes Hajnal-Nagy G\u00e1bor ny\u00edltan kiakadt p\u00e1rtt\u00e1rsa, P\u00f3cs J\u00e1nos parlamentbe jut\u00e1sa miatt, \u00e9s a kamer\u00e1k el\u0151tt majdnem s\u00edrva fakadt. Hajnal-Nagy eml\u00e9keztetett, hogy 2019 \u00f3ta J\u00e1szber\u00e9nyben ugyanaz a helyzet van, mint orsz\u00e1gosan: a helyi Fidesz t\u00f6bbsz\u00f6r is veres\u00e9get szenvedett, \u00e9s szerinte [&hellip;]","og_url":"https:\/\/hirhangya.hu\/index.php\/2026\/04\/29\/egy-fideszes-kepviselo-annyira-kiakadt-pocs-janos-parlamentbe-jutasan-hogy-majdnem-elsirta-magat-a-jaszberenyi-kepviselo-testuletben\/","og_site_name":"H\u00edrhangya","article_published_time":"2026-04-29T21:13:04+00:00","author":"Nemes Gabor","twitter_card":"summary_large_image","twitter_misc":{"Szerz\u0151:":"Nemes Gabor","Becs\u00fclt olvas\u00e1si id\u0151":"2 perc"},"schema":{"@context":"https:\/\/schema.org","@graph":[{"@type":"Article","@id":"https:\/\/hirhangya.hu\/index.php\/2026\/04\/29\/egy-fideszes-kepviselo-annyira-kiakadt-pocs-janos-parlamentbe-jutasan-hogy-majdnem-elsirta-magat-a-jaszberenyi-kepviselo-testuletben\/#article","isPartOf":{"@id":"https:\/\/hirhangya.hu\/index.php\/2026\/04\/29\/egy-fideszes-kepviselo-annyira-kiakadt-pocs-janos-parlamentbe-jutasan-hogy-majdnem-elsirta-magat-a-jaszberenyi-kepviselo-testuletben\/"},"author":{"name":"Nemes Gabor","@id":"https:\/\/hirhangya.hu\/#\/schema\/person\/ad1b32f6cde48eb8bc14fa7efd4d70b5"},"headline":"Egy fideszes k\u00e9pvisel\u0151 annyira kiakadt P\u00f3cs J\u00e1nos parlamentbe jut\u00e1s\u00e1n, hogy majdnem els\u00edrta mag\u00e1t a j\u00e1szber\u00e9nyi k\u00e9pvisel\u0151-test\u00fcletben","datePublished":"2026-04-29T21:13:04+00:00","mainEntityOfPage":{"@id":"https:\/\/hirhangya.hu\/index.php\/2026\/04\/29\/egy-fideszes-kepviselo-annyira-kiakadt-pocs-janos-parlamentbe-jutasan-hogy-majdnem-elsirta-magat-a-jaszberenyi-kepviselo-testuletben\/"},"wordCount":328,"commentCount":0,"publisher":{"@id":"https:\/\/hirhangya.hu\/#organization"},"image":{"@id":"https:\/\/hirhangya.hu\/index.php\/2026\/04\/29\/egy-fideszes-kepviselo-annyira-kiakadt-pocs-janos-parlamentbe-jutasan-hogy-majdnem-elsirta-magat-a-jaszberenyi-kepviselo-testuletben\/#primaryimage"},"thumbnailUrl":"https:\/\/hirhangya.hu\/wp-content\/uploads\/2026\/04\/8KqgwBImqiXIKMC1s-BJvAim.png","articleSection":["\u00c1ltal\u00e1nos"],"inLanguage":"hu","potentialAction":[{"@type":"CommentAction","name":"Comment","target":["https:\/\/hirhangya.hu\/index.php\/2026\/04\/29\/egy-fideszes-kepviselo-annyira-kiakadt-pocs-janos-parlamentbe-jutasan-hogy-majdnem-elsirta-magat-a-jaszberenyi-kepviselo-testuletben\/#respond"]}]},{"@type":"WebPage","@id":"https:\/\/hirhangya.hu\/index.php\/2026\/04\/29\/egy-fideszes-kepviselo-annyira-kiakadt-pocs-janos-parlamentbe-jutasan-hogy-majdnem-elsirta-magat-a-jaszberenyi-kepviselo-testuletben\/","url":"https:\/\/hirhangya.hu\/index.php\/2026\/04\/29\/egy-fideszes-kepviselo-annyira-kiakadt-pocs-janos-parlamentbe-jutasan-hogy-majdnem-elsirta-magat-a-jaszberenyi-kepviselo-testuletben\/","name":"Egy fideszes k\u00e9pvisel\u0151 annyira kiakadt P\u00f3cs J\u00e1nos parlamentbe jut\u00e1s\u00e1n, hogy majdnem els\u00edrta mag\u00e1t a j\u00e1szber\u00e9nyi k\u00e9pvisel\u0151-test\u00fcletben - H\u00edrhangya","isPartOf":{"@id":"https:\/\/hirhangya.hu\/#website"},"primaryImageOfPage":{"@id":"https:\/\/hirhangya.hu\/index.php\/2026\/04\/29\/egy-fideszes-kepviselo-annyira-kiakadt-pocs-janos-parlamentbe-jutasan-hogy-majdnem-elsirta-magat-a-jaszberenyi-kepviselo-testuletben\/#primaryimage"},"image":{"@id":"https:\/\/hirhangya.hu\/index.php\/2026\/04\/29\/egy-fideszes-kepviselo-annyira-kiakadt-pocs-janos-parlamentbe-jutasan-hogy-majdnem-elsirta-magat-a-jaszberenyi-kepviselo-testuletben\/#primaryimage"},"thumbnailUrl":"https:\/\/hirhangya.hu\/wp-content\/uploads\/2026\/04\/8KqgwBImqiXIKMC1s-BJvAim.png","datePublished":"2026-04-29T21:13:04+00:00","breadcrumb":{"@id":"https:\/\/hirhangya.hu\/index.php\/2026\/04\/29\/egy-fideszes-kepviselo-annyira-kiakadt-pocs-janos-parlamentbe-jutasan-hogy-majdnem-elsirta-magat-a-jaszberenyi-kepviselo-testuletben\/#breadcrumb"},"inLanguage":"hu","potentialAction":[{"@type":"ReadAction","target":["https:\/\/hirhangya.hu\/index.php\/2026\/04\/29\/egy-fideszes-kepviselo-annyira-kiakadt-pocs-janos-parlamentbe-jutasan-hogy-majdnem-elsirta-magat-a-jaszberenyi-kepviselo-testuletben\/"]}]},{"@type":"ImageObject","inLanguage":"hu","@id":"https:\/\/hirhangya.hu\/index.php\/2026\/04\/29\/egy-fideszes-kepviselo-annyira-kiakadt-pocs-janos-parlamentbe-jutasan-hogy-majdnem-elsirta-magat-a-jaszberenyi-kepviselo-testuletben\/#primaryimage","url":"https:\/\/hirhangya.hu\/wp-content\/uploads\/2026\/04\/8KqgwBImqiXIKMC1s-BJvAim.png","contentUrl":"https:\/\/hirhangya.hu\/wp-content\/uploads\/2026\/04\/8KqgwBImqiXIKMC1s-BJvAim.png","width":1262,"height":745},{"@type":"BreadcrumbList","@id":"https:\/\/hirhangya.hu\/index.php\/2026\/04\/29\/egy-fideszes-kepviselo-annyira-kiakadt-pocs-janos-parlamentbe-jutasan-hogy-majdnem-elsirta-magat-a-jaszberenyi-kepviselo-testuletben\/#breadcrumb","itemListElement":[{"@type":"ListItem","position":1,"name":"Home","item":"https:\/\/hirhangya.hu\/"},{"@type":"ListItem","position":2,"name":"Egy fideszes k\u00e9pvisel\u0151 annyira kiakadt P\u00f3cs J\u00e1nos parlamentbe jut\u00e1s\u00e1n, hogy majdnem els\u00edrta mag\u00e1t a j\u00e1szber\u00e9nyi k\u00e9pvisel\u0151-test\u00fcletben"}]},{"@type":"WebSite","@id":"https:\/\/hirhangya.hu\/#website","url":"https:\/\/hirhangya.hu\/","name":"H\u00edrhangya","description":"Szorgalmasan \u00f6sszehordjuk a legfrissebb h\u00edreket","publisher":{"@id":"https:\/\/hirhangya.hu\/#organization"},"potentialAction":[{"@type":"SearchAction","target":{"@type":"EntryPoint","urlTemplate":"https:\/\/hirhangya.hu\/?s={search_term_string}"},"query-input":{"@type":"PropertyValueSpecification","valueRequired":true,"valueName":"search_term_string"}}],"inLanguage":"hu"},{"@type":"Organization","@id":"https:\/\/hirhangya.hu\/#organization","name":"H\u00edrhangya","url":"https:\/\/hirhangya.hu\/","logo":{"@type":"ImageObject","inLanguage":"hu","@id":"https:\/\/hirhangya.hu\/#\/schema\/logo\/image\/","url":"https:\/\/hirhangya.hu\/wp-content\/uploads\/2025\/06\/cropped-cropped-hirhangya-logo-szoveges-scaled-1-e1750064323596.jpg","contentUrl":"https:\/\/hirhangya.hu\/wp-content\/uploads\/2025\/06\/cropped-cropped-hirhangya-logo-szoveges-scaled-1-e1750064323596.jpg","width":350,"height":100,"caption":"H\u00edrhangya"},"image":{"@id":"https:\/\/hirhangya.hu\/#\/schema\/logo\/image\/"}},{"@type":"Person","@id":"https:\/\/hirhangya.hu\/#\/schema\/person\/ad1b32f6cde48eb8bc14fa7efd4d70b5","name":"Nemes Gabor","image":{"@type":"ImageObject","inLanguage":"hu","@id":"https:\/\/hirhangya.hu\/#\/schema\/person\/image\/","url":"https:\/\/secure.gravatar.com\/avatar\/92c2a9c67399a3a1c5444228b3ae3f850f3218d7c18ff5ed44a84130d5b474f3?s=96&d=mm&r=g","contentUrl":"https:\/\/secure.gravatar.com\/avatar\/92c2a9c67399a3a1c5444228b3ae3f850f3218d7c18ff5ed44a84130d5b474f3?s=96&d=mm&r=g","caption":"Nemes Gabor"},"url":"https:\/\/hirhangya.hu\/index.php\/author\/hex324\/"}]}},"_links":{"self":[{"href":"https:\/\/hirhangya.hu\/index.php\/wp-json\/wp\/v2\/posts\/94509","targetHints":{"allow":["GET"]}}],"collection":[{"href":"https:\/\/hirhangya.hu\/index.php\/wp-json\/wp\/v2\/posts"}],"about":[{"href":"https:\/\/hirhangya.hu\/index.php\/wp-json\/wp\/v2\/types\/post"}],"author":[{"embeddable":true,"href":"https:\/\/hirhangya.hu\/index.php\/wp-json\/wp\/v2\/users\/2"}],"replies":[{"embeddable":true,"href":"https:\/\/hirhangya.hu\/index.php\/wp-json\/wp\/v2\/comments?post=94509"}],"version-history":[{"count":0,"href":"https:\/\/hirhangya.hu\/index.php\/wp-json\/wp\/v2\/posts\/94509\/revisions"}],"wp:featuredmedia":[{"embeddable":true,"href":"https:\/\/hirhangya.hu\/index.php\/wp-json\/wp\/v2\/media\/94510"}],"wp:attachment":[{"href":"https:\/\/hirhangya.hu\/index.php\/wp-json\/wp\/v2\/media?parent=94509"}],"wp:term":[{"taxonomy":"category","embeddable":true,"href":"https:\/\/hirhangya.hu\/index.php\/wp-json\/wp\/v2\/categories?post=94509"},{"taxonomy":"post_tag","embeddable":true,"href":"https:\/\/hirhangya.hu\/index.php\/wp-json\/wp\/v2\/tags?post=94509"}],"curies":[{"name":"wp","href":"https:\/\/api.w.org\/{rel}","templated":true}]}}