{"id":94545,"date":"2026-04-30T05:17:40","date_gmt":"2026-04-30T05:17:40","guid":{"rendered":"https:\/\/hirhangya.hu\/index.php\/2026\/04\/30\/shakespeare-i-drama-a-marvelnel-kiderult-hogy-mi-lehetne-thor-idealis-vegzete\/"},"modified":"2026-04-30T05:17:40","modified_gmt":"2026-04-30T05:17:40","slug":"shakespeare-i-drama-a-marvelnel-kiderult-hogy-mi-lehetne-thor-idealis-vegzete","status":"publish","type":"post","link":"https:\/\/hirhangya.hu\/index.php\/2026\/04\/30\/shakespeare-i-drama-a-marvelnel-kiderult-hogy-mi-lehetne-thor-idealis-vegzete\/","title":{"rendered":"Shakespeare-i dr\u00e1ma a Marveln\u00e9l: kider\u00fclt, hogy mi lehetne Thor ide\u00e1lis v\u00e9gzete"},"content":{"rendered":"<p>Kenneth Branagh, aki 15 \u00e9ve ind\u00edtotta el a Thor-filmet, most azt mondta, hogy b\u00e1r kor\u00e1bban elutas\u00edtotta a folytat\u00e1sokat, sz\u00edvesen visszat\u00e9rne egy utols\u00f3 kalandra, hogy lez\u00e1rja a karakter t\u00f6rt\u00e9net\u00e9t. A rendez\u0151 James Mangold Loganj\u00e1t nevezte mint\u00e1nak, \u00e9s egy s\u00f6t\u00e9tebb, \u00e9rzelmes \u201cdics\u0151s\u00e9ges alkonyatot\u201d k\u00e9pzel el Thor sz\u00e1m\u00e1ra, ahol az isten megf\u00e1radt, m\u00e9ly sebeket hordoz\u00f3 harcosk\u00e9nt n\u00e9z szembe a v\u00e9ggel. A felvet\u00e9s id\u0151szer\u0171, hiszen a Marvel nagy esem\u00e9nyek fel\u00e9 tart (Doomsday, a Russo-testv\u00e9rek), Chris Hemsworth \u00e1ll\u00edt\u00f3lag t\u00e1rgyal egy eg\u00e9szen m\u00e1smilyen Thor 5-r\u0151l, \u00e9s a rajong\u00f3k egy ilyen Logan-szer\u0171, karakterk\u00f6zpont\u00fa lez\u00e1r\u00e1st tartan\u00e1nak a Szent Gr\u00e1lnak.Eredeti cikk: <a href=\"https:\/\/4life.hu\/2026\/04\/29\/thor-marvel-branagh-lezaras\/\" target=\"_blank\" class=\"feedzy-rss-link-icon\">elolvasom<\/a><\/p>\n","protected":false},"excerpt":{"rendered":"<p>Kenneth Branagh, aki 15 \u00e9ve ind\u00edtotta el a Thor-filmet, most azt mondta, hogy b\u00e1r kor\u00e1bban elutas\u00edtotta a folytat\u00e1sokat, sz\u00edvesen visszat\u00e9rne egy utols\u00f3 kalandra, hogy lez\u00e1rja a karakter t\u00f6rt\u00e9net\u00e9t. A rendez\u0151 James Mangold Loganj\u00e1t nevezte mint\u00e1nak, \u00e9s egy s\u00f6t\u00e9tebb, \u00e9rzelmes \u201cdics\u0151s\u00e9ges alkonyatot\u201d k\u00e9pzel el Thor sz\u00e1m\u00e1ra, ahol az isten megf\u00e1radt, m\u00e9ly sebeket hordoz\u00f3 harcosk\u00e9nt n\u00e9z szembe [&hellip;]<\/p>\n","protected":false},"author":2,"featured_media":94546,"comment_status":"open","ping_status":"open","sticky":false,"template":"","format":"standard","meta":{"footnotes":""},"categories":[147],"tags":[],"class_list":["post-94545","post","type-post","status-publish","format-standard","has-post-thumbnail","hentry","category-altalanos"],"yoast_head":"<!-- This site is optimized with the Yoast SEO Premium plugin v26.2 (Yoast SEO v26.3) - https:\/\/yoast.com\/wordpress\/plugins\/seo\/ -->\n<title>Shakespeare-i dr\u00e1ma a Marveln\u00e9l: kider\u00fclt, hogy mi lehetne Thor ide\u00e1lis v\u00e9gzete - H\u00edrhangya<\/title>\n<meta name=\"robots\" content=\"index, follow, max-snippet:-1, max-image-preview:large, max-video-preview:-1\" \/>\n<link rel=\"canonical\" href=\"https:\/\/hirhangya.hu\/index.php\/2026\/04\/30\/shakespeare-i-drama-a-marvelnel-kiderult-hogy-mi-lehetne-thor-idealis-vegzete\/\" \/>\n<meta property=\"og:locale\" content=\"hu_HU\" \/>\n<meta property=\"og:type\" content=\"article\" \/>\n<meta property=\"og:title\" content=\"Shakespeare-i dr\u00e1ma a Marveln\u00e9l: kider\u00fclt, hogy mi lehetne Thor ide\u00e1lis v\u00e9gzete\" \/>\n<meta property=\"og:description\" content=\"Kenneth Branagh, aki 15 \u00e9ve ind\u00edtotta el a Thor-filmet, most azt mondta, hogy b\u00e1r kor\u00e1bban elutas\u00edtotta a folytat\u00e1sokat, sz\u00edvesen visszat\u00e9rne egy utols\u00f3 kalandra, hogy lez\u00e1rja a karakter t\u00f6rt\u00e9net\u00e9t. A rendez\u0151 James Mangold Loganj\u00e1t nevezte mint\u00e1nak, \u00e9s egy s\u00f6t\u00e9tebb, \u00e9rzelmes \u201cdics\u0151s\u00e9ges alkonyatot\u201d k\u00e9pzel el Thor sz\u00e1m\u00e1ra, ahol az isten megf\u00e1radt, m\u00e9ly sebeket hordoz\u00f3 harcosk\u00e9nt n\u00e9z szembe [&hellip;]\" \/>\n<meta property=\"og:url\" content=\"https:\/\/hirhangya.hu\/index.php\/2026\/04\/30\/shakespeare-i-drama-a-marvelnel-kiderult-hogy-mi-lehetne-thor-idealis-vegzete\/\" \/>\n<meta property=\"og:site_name\" content=\"H\u00edrhangya\" \/>\n<meta property=\"article:published_time\" content=\"2026-04-30T05:17:40+00:00\" \/>\n<meta name=\"author\" content=\"Nemes Gabor\" \/>\n<meta name=\"twitter:card\" content=\"summary_large_image\" \/>\n<meta name=\"twitter:label1\" content=\"Szerz\u0151:\" \/>\n\t<meta name=\"twitter:data1\" content=\"Nemes Gabor\" \/>\n\t<meta name=\"twitter:label2\" content=\"Becs\u00fclt olvas\u00e1si id\u0151\" \/>\n\t<meta name=\"twitter:data2\" content=\"1 perc\" \/>\n<script type=\"application\/ld+json\" class=\"yoast-schema-graph\">{\"@context\":\"https:\/\/schema.org\",\"@graph\":[{\"@type\":\"Article\",\"@id\":\"https:\/\/hirhangya.hu\/index.php\/2026\/04\/30\/shakespeare-i-drama-a-marvelnel-kiderult-hogy-mi-lehetne-thor-idealis-vegzete\/#article\",\"isPartOf\":{\"@id\":\"https:\/\/hirhangya.hu\/index.php\/2026\/04\/30\/shakespeare-i-drama-a-marvelnel-kiderult-hogy-mi-lehetne-thor-idealis-vegzete\/\"},\"author\":{\"name\":\"Nemes Gabor\",\"@id\":\"https:\/\/hirhangya.hu\/#\/schema\/person\/ad1b32f6cde48eb8bc14fa7efd4d70b5\"},\"headline\":\"Shakespeare-i dr\u00e1ma a Marveln\u00e9l: kider\u00fclt, hogy mi lehetne Thor ide\u00e1lis v\u00e9gzete\",\"datePublished\":\"2026-04-30T05:17:40+00:00\",\"mainEntityOfPage\":{\"@id\":\"https:\/\/hirhangya.hu\/index.php\/2026\/04\/30\/shakespeare-i-drama-a-marvelnel-kiderult-hogy-mi-lehetne-thor-idealis-vegzete\/\"},\"wordCount\":150,\"commentCount\":0,\"publisher\":{\"@id\":\"https:\/\/hirhangya.hu\/#organization\"},\"image\":{\"@id\":\"https:\/\/hirhangya.hu\/index.php\/2026\/04\/30\/shakespeare-i-drama-a-marvelnel-kiderult-hogy-mi-lehetne-thor-idealis-vegzete\/#primaryimage\"},\"thumbnailUrl\":\"https:\/\/hirhangya.hu\/wp-content\/uploads\/2026\/04\/thor-Pa5LdA.jpg\",\"articleSection\":[\"\u00c1ltal\u00e1nos\"],\"inLanguage\":\"hu\",\"potentialAction\":[{\"@type\":\"CommentAction\",\"name\":\"Comment\",\"target\":[\"https:\/\/hirhangya.hu\/index.php\/2026\/04\/30\/shakespeare-i-drama-a-marvelnel-kiderult-hogy-mi-lehetne-thor-idealis-vegzete\/#respond\"]}]},{\"@type\":\"WebPage\",\"@id\":\"https:\/\/hirhangya.hu\/index.php\/2026\/04\/30\/shakespeare-i-drama-a-marvelnel-kiderult-hogy-mi-lehetne-thor-idealis-vegzete\/\",\"url\":\"https:\/\/hirhangya.hu\/index.php\/2026\/04\/30\/shakespeare-i-drama-a-marvelnel-kiderult-hogy-mi-lehetne-thor-idealis-vegzete\/\",\"name\":\"Shakespeare-i dr\u00e1ma a Marveln\u00e9l: kider\u00fclt, hogy mi lehetne Thor ide\u00e1lis v\u00e9gzete - H\u00edrhangya\",\"isPartOf\":{\"@id\":\"https:\/\/hirhangya.hu\/#website\"},\"primaryImageOfPage\":{\"@id\":\"https:\/\/hirhangya.hu\/index.php\/2026\/04\/30\/shakespeare-i-drama-a-marvelnel-kiderult-hogy-mi-lehetne-thor-idealis-vegzete\/#primaryimage\"},\"image\":{\"@id\":\"https:\/\/hirhangya.hu\/index.php\/2026\/04\/30\/shakespeare-i-drama-a-marvelnel-kiderult-hogy-mi-lehetne-thor-idealis-vegzete\/#primaryimage\"},\"thumbnailUrl\":\"https:\/\/hirhangya.hu\/wp-content\/uploads\/2026\/04\/thor-Pa5LdA.jpg\",\"datePublished\":\"2026-04-30T05:17:40+00:00\",\"breadcrumb\":{\"@id\":\"https:\/\/hirhangya.hu\/index.php\/2026\/04\/30\/shakespeare-i-drama-a-marvelnel-kiderult-hogy-mi-lehetne-thor-idealis-vegzete\/#breadcrumb\"},\"inLanguage\":\"hu\",\"potentialAction\":[{\"@type\":\"ReadAction\",\"target\":[\"https:\/\/hirhangya.hu\/index.php\/2026\/04\/30\/shakespeare-i-drama-a-marvelnel-kiderult-hogy-mi-lehetne-thor-idealis-vegzete\/\"]}]},{\"@type\":\"ImageObject\",\"inLanguage\":\"hu\",\"@id\":\"https:\/\/hirhangya.hu\/index.php\/2026\/04\/30\/shakespeare-i-drama-a-marvelnel-kiderult-hogy-mi-lehetne-thor-idealis-vegzete\/#primaryimage\",\"url\":\"https:\/\/hirhangya.hu\/wp-content\/uploads\/2026\/04\/thor-Pa5LdA.jpg\",\"contentUrl\":\"https:\/\/hirhangya.hu\/wp-content\/uploads\/2026\/04\/thor-Pa5LdA.jpg\",\"width\":1680,\"height\":800},{\"@type\":\"BreadcrumbList\",\"@id\":\"https:\/\/hirhangya.hu\/index.php\/2026\/04\/30\/shakespeare-i-drama-a-marvelnel-kiderult-hogy-mi-lehetne-thor-idealis-vegzete\/#breadcrumb\",\"itemListElement\":[{\"@type\":\"ListItem\",\"position\":1,\"name\":\"Home\",\"item\":\"https:\/\/hirhangya.hu\/\"},{\"@type\":\"ListItem\",\"position\":2,\"name\":\"Shakespeare-i dr\u00e1ma a Marveln\u00e9l: kider\u00fclt, hogy mi lehetne Thor ide\u00e1lis v\u00e9gzete\"}]},{\"@type\":\"WebSite\",\"@id\":\"https:\/\/hirhangya.hu\/#website\",\"url\":\"https:\/\/hirhangya.hu\/\",\"name\":\"H\u00edrhangya\",\"description\":\"Szorgalmasan \u00f6sszehordjuk a legfrissebb h\u00edreket\",\"publisher\":{\"@id\":\"https:\/\/hirhangya.hu\/#organization\"},\"potentialAction\":[{\"@type\":\"SearchAction\",\"target\":{\"@type\":\"EntryPoint\",\"urlTemplate\":\"https:\/\/hirhangya.hu\/?s={search_term_string}\"},\"query-input\":{\"@type\":\"PropertyValueSpecification\",\"valueRequired\":true,\"valueName\":\"search_term_string\"}}],\"inLanguage\":\"hu\"},{\"@type\":\"Organization\",\"@id\":\"https:\/\/hirhangya.hu\/#organization\",\"name\":\"H\u00edrhangya\",\"url\":\"https:\/\/hirhangya.hu\/\",\"logo\":{\"@type\":\"ImageObject\",\"inLanguage\":\"hu\",\"@id\":\"https:\/\/hirhangya.hu\/#\/schema\/logo\/image\/\",\"url\":\"https:\/\/hirhangya.hu\/wp-content\/uploads\/2025\/06\/cropped-cropped-hirhangya-logo-szoveges-scaled-1-e1750064323596.jpg\",\"contentUrl\":\"https:\/\/hirhangya.hu\/wp-content\/uploads\/2025\/06\/cropped-cropped-hirhangya-logo-szoveges-scaled-1-e1750064323596.jpg\",\"width\":350,\"height\":100,\"caption\":\"H\u00edrhangya\"},\"image\":{\"@id\":\"https:\/\/hirhangya.hu\/#\/schema\/logo\/image\/\"}},{\"@type\":\"Person\",\"@id\":\"https:\/\/hirhangya.hu\/#\/schema\/person\/ad1b32f6cde48eb8bc14fa7efd4d70b5\",\"name\":\"Nemes Gabor\",\"image\":{\"@type\":\"ImageObject\",\"inLanguage\":\"hu\",\"@id\":\"https:\/\/hirhangya.hu\/#\/schema\/person\/image\/\",\"url\":\"https:\/\/secure.gravatar.com\/avatar\/92c2a9c67399a3a1c5444228b3ae3f850f3218d7c18ff5ed44a84130d5b474f3?s=96&d=mm&r=g\",\"contentUrl\":\"https:\/\/secure.gravatar.com\/avatar\/92c2a9c67399a3a1c5444228b3ae3f850f3218d7c18ff5ed44a84130d5b474f3?s=96&d=mm&r=g\",\"caption\":\"Nemes Gabor\"},\"url\":\"https:\/\/hirhangya.hu\/index.php\/author\/hex324\/\"}]}<\/script>\n<!-- \/ Yoast SEO Premium plugin. -->","yoast_head_json":{"title":"Shakespeare-i dr\u00e1ma a Marveln\u00e9l: kider\u00fclt, hogy mi lehetne Thor ide\u00e1lis v\u00e9gzete - H\u00edrhangya","robots":{"index":"index","follow":"follow","max-snippet":"max-snippet:-1","max-image-preview":"max-image-preview:large","max-video-preview":"max-video-preview:-1"},"canonical":"https:\/\/hirhangya.hu\/index.php\/2026\/04\/30\/shakespeare-i-drama-a-marvelnel-kiderult-hogy-mi-lehetne-thor-idealis-vegzete\/","og_locale":"hu_HU","og_type":"article","og_title":"Shakespeare-i dr\u00e1ma a Marveln\u00e9l: kider\u00fclt, hogy mi lehetne Thor ide\u00e1lis v\u00e9gzete","og_description":"Kenneth Branagh, aki 15 \u00e9ve ind\u00edtotta el a Thor-filmet, most azt mondta, hogy b\u00e1r kor\u00e1bban elutas\u00edtotta a folytat\u00e1sokat, sz\u00edvesen visszat\u00e9rne egy utols\u00f3 kalandra, hogy lez\u00e1rja a karakter t\u00f6rt\u00e9net\u00e9t. A rendez\u0151 James Mangold Loganj\u00e1t nevezte mint\u00e1nak, \u00e9s egy s\u00f6t\u00e9tebb, \u00e9rzelmes \u201cdics\u0151s\u00e9ges alkonyatot\u201d k\u00e9pzel el Thor sz\u00e1m\u00e1ra, ahol az isten megf\u00e1radt, m\u00e9ly sebeket hordoz\u00f3 harcosk\u00e9nt n\u00e9z szembe [&hellip;]","og_url":"https:\/\/hirhangya.hu\/index.php\/2026\/04\/30\/shakespeare-i-drama-a-marvelnel-kiderult-hogy-mi-lehetne-thor-idealis-vegzete\/","og_site_name":"H\u00edrhangya","article_published_time":"2026-04-30T05:17:40+00:00","author":"Nemes Gabor","twitter_card":"summary_large_image","twitter_misc":{"Szerz\u0151:":"Nemes Gabor","Becs\u00fclt olvas\u00e1si id\u0151":"1 perc"},"schema":{"@context":"https:\/\/schema.org","@graph":[{"@type":"Article","@id":"https:\/\/hirhangya.hu\/index.php\/2026\/04\/30\/shakespeare-i-drama-a-marvelnel-kiderult-hogy-mi-lehetne-thor-idealis-vegzete\/#article","isPartOf":{"@id":"https:\/\/hirhangya.hu\/index.php\/2026\/04\/30\/shakespeare-i-drama-a-marvelnel-kiderult-hogy-mi-lehetne-thor-idealis-vegzete\/"},"author":{"name":"Nemes Gabor","@id":"https:\/\/hirhangya.hu\/#\/schema\/person\/ad1b32f6cde48eb8bc14fa7efd4d70b5"},"headline":"Shakespeare-i dr\u00e1ma a Marveln\u00e9l: kider\u00fclt, hogy mi lehetne Thor ide\u00e1lis v\u00e9gzete","datePublished":"2026-04-30T05:17:40+00:00","mainEntityOfPage":{"@id":"https:\/\/hirhangya.hu\/index.php\/2026\/04\/30\/shakespeare-i-drama-a-marvelnel-kiderult-hogy-mi-lehetne-thor-idealis-vegzete\/"},"wordCount":150,"commentCount":0,"publisher":{"@id":"https:\/\/hirhangya.hu\/#organization"},"image":{"@id":"https:\/\/hirhangya.hu\/index.php\/2026\/04\/30\/shakespeare-i-drama-a-marvelnel-kiderult-hogy-mi-lehetne-thor-idealis-vegzete\/#primaryimage"},"thumbnailUrl":"https:\/\/hirhangya.hu\/wp-content\/uploads\/2026\/04\/thor-Pa5LdA.jpg","articleSection":["\u00c1ltal\u00e1nos"],"inLanguage":"hu","potentialAction":[{"@type":"CommentAction","name":"Comment","target":["https:\/\/hirhangya.hu\/index.php\/2026\/04\/30\/shakespeare-i-drama-a-marvelnel-kiderult-hogy-mi-lehetne-thor-idealis-vegzete\/#respond"]}]},{"@type":"WebPage","@id":"https:\/\/hirhangya.hu\/index.php\/2026\/04\/30\/shakespeare-i-drama-a-marvelnel-kiderult-hogy-mi-lehetne-thor-idealis-vegzete\/","url":"https:\/\/hirhangya.hu\/index.php\/2026\/04\/30\/shakespeare-i-drama-a-marvelnel-kiderult-hogy-mi-lehetne-thor-idealis-vegzete\/","name":"Shakespeare-i dr\u00e1ma a Marveln\u00e9l: kider\u00fclt, hogy mi lehetne Thor ide\u00e1lis v\u00e9gzete - H\u00edrhangya","isPartOf":{"@id":"https:\/\/hirhangya.hu\/#website"},"primaryImageOfPage":{"@id":"https:\/\/hirhangya.hu\/index.php\/2026\/04\/30\/shakespeare-i-drama-a-marvelnel-kiderult-hogy-mi-lehetne-thor-idealis-vegzete\/#primaryimage"},"image":{"@id":"https:\/\/hirhangya.hu\/index.php\/2026\/04\/30\/shakespeare-i-drama-a-marvelnel-kiderult-hogy-mi-lehetne-thor-idealis-vegzete\/#primaryimage"},"thumbnailUrl":"https:\/\/hirhangya.hu\/wp-content\/uploads\/2026\/04\/thor-Pa5LdA.jpg","datePublished":"2026-04-30T05:17:40+00:00","breadcrumb":{"@id":"https:\/\/hirhangya.hu\/index.php\/2026\/04\/30\/shakespeare-i-drama-a-marvelnel-kiderult-hogy-mi-lehetne-thor-idealis-vegzete\/#breadcrumb"},"inLanguage":"hu","potentialAction":[{"@type":"ReadAction","target":["https:\/\/hirhangya.hu\/index.php\/2026\/04\/30\/shakespeare-i-drama-a-marvelnel-kiderult-hogy-mi-lehetne-thor-idealis-vegzete\/"]}]},{"@type":"ImageObject","inLanguage":"hu","@id":"https:\/\/hirhangya.hu\/index.php\/2026\/04\/30\/shakespeare-i-drama-a-marvelnel-kiderult-hogy-mi-lehetne-thor-idealis-vegzete\/#primaryimage","url":"https:\/\/hirhangya.hu\/wp-content\/uploads\/2026\/04\/thor-Pa5LdA.jpg","contentUrl":"https:\/\/hirhangya.hu\/wp-content\/uploads\/2026\/04\/thor-Pa5LdA.jpg","width":1680,"height":800},{"@type":"BreadcrumbList","@id":"https:\/\/hirhangya.hu\/index.php\/2026\/04\/30\/shakespeare-i-drama-a-marvelnel-kiderult-hogy-mi-lehetne-thor-idealis-vegzete\/#breadcrumb","itemListElement":[{"@type":"ListItem","position":1,"name":"Home","item":"https:\/\/hirhangya.hu\/"},{"@type":"ListItem","position":2,"name":"Shakespeare-i dr\u00e1ma a Marveln\u00e9l: kider\u00fclt, hogy mi lehetne Thor ide\u00e1lis v\u00e9gzete"}]},{"@type":"WebSite","@id":"https:\/\/hirhangya.hu\/#website","url":"https:\/\/hirhangya.hu\/","name":"H\u00edrhangya","description":"Szorgalmasan \u00f6sszehordjuk a legfrissebb h\u00edreket","publisher":{"@id":"https:\/\/hirhangya.hu\/#organization"},"potentialAction":[{"@type":"SearchAction","target":{"@type":"EntryPoint","urlTemplate":"https:\/\/hirhangya.hu\/?s={search_term_string}"},"query-input":{"@type":"PropertyValueSpecification","valueRequired":true,"valueName":"search_term_string"}}],"inLanguage":"hu"},{"@type":"Organization","@id":"https:\/\/hirhangya.hu\/#organization","name":"H\u00edrhangya","url":"https:\/\/hirhangya.hu\/","logo":{"@type":"ImageObject","inLanguage":"hu","@id":"https:\/\/hirhangya.hu\/#\/schema\/logo\/image\/","url":"https:\/\/hirhangya.hu\/wp-content\/uploads\/2025\/06\/cropped-cropped-hirhangya-logo-szoveges-scaled-1-e1750064323596.jpg","contentUrl":"https:\/\/hirhangya.hu\/wp-content\/uploads\/2025\/06\/cropped-cropped-hirhangya-logo-szoveges-scaled-1-e1750064323596.jpg","width":350,"height":100,"caption":"H\u00edrhangya"},"image":{"@id":"https:\/\/hirhangya.hu\/#\/schema\/logo\/image\/"}},{"@type":"Person","@id":"https:\/\/hirhangya.hu\/#\/schema\/person\/ad1b32f6cde48eb8bc14fa7efd4d70b5","name":"Nemes Gabor","image":{"@type":"ImageObject","inLanguage":"hu","@id":"https:\/\/hirhangya.hu\/#\/schema\/person\/image\/","url":"https:\/\/secure.gravatar.com\/avatar\/92c2a9c67399a3a1c5444228b3ae3f850f3218d7c18ff5ed44a84130d5b474f3?s=96&d=mm&r=g","contentUrl":"https:\/\/secure.gravatar.com\/avatar\/92c2a9c67399a3a1c5444228b3ae3f850f3218d7c18ff5ed44a84130d5b474f3?s=96&d=mm&r=g","caption":"Nemes Gabor"},"url":"https:\/\/hirhangya.hu\/index.php\/author\/hex324\/"}]}},"_links":{"self":[{"href":"https:\/\/hirhangya.hu\/index.php\/wp-json\/wp\/v2\/posts\/94545","targetHints":{"allow":["GET"]}}],"collection":[{"href":"https:\/\/hirhangya.hu\/index.php\/wp-json\/wp\/v2\/posts"}],"about":[{"href":"https:\/\/hirhangya.hu\/index.php\/wp-json\/wp\/v2\/types\/post"}],"author":[{"embeddable":true,"href":"https:\/\/hirhangya.hu\/index.php\/wp-json\/wp\/v2\/users\/2"}],"replies":[{"embeddable":true,"href":"https:\/\/hirhangya.hu\/index.php\/wp-json\/wp\/v2\/comments?post=94545"}],"version-history":[{"count":0,"href":"https:\/\/hirhangya.hu\/index.php\/wp-json\/wp\/v2\/posts\/94545\/revisions"}],"wp:featuredmedia":[{"embeddable":true,"href":"https:\/\/hirhangya.hu\/index.php\/wp-json\/wp\/v2\/media\/94546"}],"wp:attachment":[{"href":"https:\/\/hirhangya.hu\/index.php\/wp-json\/wp\/v2\/media?parent=94545"}],"wp:term":[{"taxonomy":"category","embeddable":true,"href":"https:\/\/hirhangya.hu\/index.php\/wp-json\/wp\/v2\/categories?post=94545"},{"taxonomy":"post_tag","embeddable":true,"href":"https:\/\/hirhangya.hu\/index.php\/wp-json\/wp\/v2\/tags?post=94545"}],"curies":[{"name":"wp","href":"https:\/\/api.w.org\/{rel}","templated":true}]}}