{"id":94699,"date":"2026-04-30T09:11:17","date_gmt":"2026-04-30T09:11:17","guid":{"rendered":"https:\/\/hirhangya.hu\/index.php\/2026\/04\/30\/lazar-ujra-a-leghatso-sorba-fogok-ulni\/"},"modified":"2026-04-30T09:11:17","modified_gmt":"2026-04-30T09:11:17","slug":"lazar-ujra-a-leghatso-sorba-fogok-ulni","status":"publish","type":"post","link":"https:\/\/hirhangya.hu\/index.php\/2026\/04\/30\/lazar-ujra-a-leghatso-sorba-fogok-ulni\/","title":{"rendered":"L\u00e1z\u00e1r: \u00dajra a legh\u00e1ts\u00f3 sorba fogok \u00fclni"},"content":{"rendered":"<p>L\u00e1z\u00e1r J\u00e1nos a Facebookon azt \u00edrta: nagy veres\u00e9get szenvedtek, az okokat l\u00e1tj\u00e1k, de azok pontos felt\u00e1r\u00e1sa \u00e9s kezel\u00e9se nagy feladat lesz, ahogy a Fidesz meg\u00faj\u00edt\u00e1sa is. Felveszi mand\u00e1tum\u00e1t \u00e9s be\u00fcl az Orsz\u00e1ggy\u0171l\u00e9sbe; a v\u00e1laszt\u00e1s \u00f3ta eddig egyszer posztolt, egy Churchill-id\u00e9zetet. Szerinte a p\u00e1rtvezet\u00e9snek k\u00e9t felel\u0151ss\u00e9ge van: t\u00e1vozni a poz\u00edci\u00f3kb\u00f3l \u00e9s maradni az \u00fajj\u00e1\u00e9p\u00edt\u00e9shez, megtartva \u00e9s meger\u0151s\u00edtve azt a politikai k\u00f6z\u00f6ss\u00e9get, amelyet mintegy k\u00e9tmilli\u00f3 ember bizalma k\u00f6t. Ezt a l\u00e1tsz\u00f3lag ellent\u00e9tes feladatot pr\u00f3b\u00e1lj\u00e1k \u00f6sszehangolni, p\u00e9ld\u00e1ul a k\u00e9pvisel\u0151csoport \u00f6ssze\u00e1ll\u00edt\u00e1s\u00e1val. Megeml\u00edtette, hogy a parlamenti frakci\u00f3kban is vannak ismert nevek \u00e9s \u201eejt\u0151erny\u0151ztetett\u201d jel\u00f6ltek, sok bukott egy\u00e9ni jel\u00f6lt kapott ment\u0151\u00f6vet. N\u00e9h\u00e1ny p\u00e1rtvezet\u0151 t\u00e1vozott, m\u00e1sok, k\u00f6zt\u00fck \u0151 is, maradnak elv\u00e9gezni a munk\u00e1t; vissza akarta adni list\u00e1s mand\u00e1tum\u00e1t, de a k\u00f6z\u00f6ss\u00e9g arra k\u00e9rte, v\u00e1llalja el egy \u00e9vre a parlamenti munk\u00e1t, \u00e9s egy \u00e9v m\u00falva szerinte m\u00e9rhet\u0151 lesz a v\u00e9gzett munka. \u00dajra h\u00e1ts\u00f3 sorba \u00fcl, bel\u00fclr\u0151l dolgozik a k\u00f6z\u00f6ss\u00e9g\u00e9rt, nem a k\u00f6z\u00f6ns\u00e9gnek, \u00e9s \u00e1ld\u00e1st, sikert k\u00edv\u00e1nt az orsz\u00e1gnak, az \u00faj korm\u00e1nynak \u00e9s az orsz\u00e1ggy\u0171l\u00e9snek.<\/p>\n<p>A Fidesz keddi v\u00e1lasztm\u00e1nyi \u00fcl\u00e9s\u00e9n Orb\u00e1n Viktor felaj\u00e1nlotta lemond\u00e1s\u00e1t, de a test\u00fclet nem fogadta el; ugyanezt tette Semj\u00e9n Zsolt KDNP-eln\u00f6k is, szint\u00e9n elutas\u00edt\u00e1ssal. A p\u00e1rt tiszt\u00faj\u00edt\u00f3 kongresszus\u00e1t j\u00fanius 13-\u00e1ra h\u00edvt\u00e1k \u00f6ssze, addig folytat\u00f3dik a buk\u00e1s okainak \u00e9rt\u00e9kel\u00e9se; b\u00e1r err\u0151l besz\u00e9ltek a v\u00e1lasztm\u00e1nyon, az \u00fajs\u00e1g\u00edr\u00f3k k\u00e9rd\u00e9seire nem r\u00e9szletezt\u00e9k az okokat, csak annyit mondtak, hogy t\u00f6bb okot meg\u00e1llap\u00edtottak. .<\/p>\n<p>Eredeti cikk: <a href=\"https:\/\/444.hu\/2026\/04\/30\/lazar-ujra-a-leghatso-sorba-fogok-ulni?utm_source=rss_feed&amp;utm_medium=rss&amp;utm_campaign=rss_syndication\" target=\"_blank\" class=\"feedzy-rss-link-icon\">elolvasom<\/a><\/p>\n","protected":false},"excerpt":{"rendered":"<p>L\u00e1z\u00e1r J\u00e1nos a Facebookon azt \u00edrta: nagy veres\u00e9get szenvedtek, az okokat l\u00e1tj\u00e1k, de azok pontos felt\u00e1r\u00e1sa \u00e9s kezel\u00e9se nagy feladat lesz, ahogy a Fidesz meg\u00faj\u00edt\u00e1sa is. Felveszi mand\u00e1tum\u00e1t \u00e9s be\u00fcl az Orsz\u00e1ggy\u0171l\u00e9sbe; a v\u00e1laszt\u00e1s \u00f3ta eddig egyszer posztolt, egy Churchill-id\u00e9zetet. Szerinte a p\u00e1rtvezet\u00e9snek k\u00e9t felel\u0151ss\u00e9ge van: t\u00e1vozni a poz\u00edci\u00f3kb\u00f3l \u00e9s maradni az \u00fajj\u00e1\u00e9p\u00edt\u00e9shez, megtartva \u00e9s [&hellip;]<\/p>\n","protected":false},"author":2,"featured_media":94700,"comment_status":"open","ping_status":"open","sticky":false,"template":"","format":"standard","meta":{"footnotes":""},"categories":[147],"tags":[],"class_list":["post-94699","post","type-post","status-publish","format-standard","has-post-thumbnail","hentry","category-altalanos"],"yoast_head":"<!-- This site is optimized with the Yoast SEO Premium plugin v26.2 (Yoast SEO v26.3) - https:\/\/yoast.com\/wordpress\/plugins\/seo\/ -->\n<title>L\u00e1z\u00e1r: \u00dajra a legh\u00e1ts\u00f3 sorba fogok \u00fclni - H\u00edrhangya<\/title>\n<meta name=\"robots\" content=\"index, follow, max-snippet:-1, max-image-preview:large, max-video-preview:-1\" \/>\n<link rel=\"canonical\" href=\"https:\/\/hirhangya.hu\/index.php\/2026\/04\/30\/lazar-ujra-a-leghatso-sorba-fogok-ulni\/\" \/>\n<meta property=\"og:locale\" content=\"hu_HU\" \/>\n<meta property=\"og:type\" content=\"article\" \/>\n<meta property=\"og:title\" content=\"L\u00e1z\u00e1r: \u00dajra a legh\u00e1ts\u00f3 sorba fogok \u00fclni\" \/>\n<meta property=\"og:description\" content=\"L\u00e1z\u00e1r J\u00e1nos a Facebookon azt \u00edrta: nagy veres\u00e9get szenvedtek, az okokat l\u00e1tj\u00e1k, de azok pontos felt\u00e1r\u00e1sa \u00e9s kezel\u00e9se nagy feladat lesz, ahogy a Fidesz meg\u00faj\u00edt\u00e1sa is. Felveszi mand\u00e1tum\u00e1t \u00e9s be\u00fcl az Orsz\u00e1ggy\u0171l\u00e9sbe; a v\u00e1laszt\u00e1s \u00f3ta eddig egyszer posztolt, egy Churchill-id\u00e9zetet. Szerinte a p\u00e1rtvezet\u00e9snek k\u00e9t felel\u0151ss\u00e9ge van: t\u00e1vozni a poz\u00edci\u00f3kb\u00f3l \u00e9s maradni az \u00fajj\u00e1\u00e9p\u00edt\u00e9shez, megtartva \u00e9s [&hellip;]\" \/>\n<meta property=\"og:url\" content=\"https:\/\/hirhangya.hu\/index.php\/2026\/04\/30\/lazar-ujra-a-leghatso-sorba-fogok-ulni\/\" \/>\n<meta property=\"og:site_name\" content=\"H\u00edrhangya\" \/>\n<meta property=\"article:published_time\" content=\"2026-04-30T09:11:17+00:00\" \/>\n<meta name=\"author\" content=\"Nemes Gabor\" \/>\n<meta name=\"twitter:card\" content=\"summary_large_image\" \/>\n<meta name=\"twitter:label1\" content=\"Szerz\u0151:\" \/>\n\t<meta name=\"twitter:data1\" content=\"Nemes Gabor\" \/>\n\t<meta name=\"twitter:label2\" content=\"Becs\u00fclt olvas\u00e1si id\u0151\" \/>\n\t<meta name=\"twitter:data2\" content=\"2 perc\" \/>\n<script type=\"application\/ld+json\" class=\"yoast-schema-graph\">{\"@context\":\"https:\/\/schema.org\",\"@graph\":[{\"@type\":\"Article\",\"@id\":\"https:\/\/hirhangya.hu\/index.php\/2026\/04\/30\/lazar-ujra-a-leghatso-sorba-fogok-ulni\/#article\",\"isPartOf\":{\"@id\":\"https:\/\/hirhangya.hu\/index.php\/2026\/04\/30\/lazar-ujra-a-leghatso-sorba-fogok-ulni\/\"},\"author\":{\"name\":\"Nemes Gabor\",\"@id\":\"https:\/\/hirhangya.hu\/#\/schema\/person\/ad1b32f6cde48eb8bc14fa7efd4d70b5\"},\"headline\":\"L\u00e1z\u00e1r: \u00dajra a legh\u00e1ts\u00f3 sorba fogok \u00fclni\",\"datePublished\":\"2026-04-30T09:11:17+00:00\",\"mainEntityOfPage\":{\"@id\":\"https:\/\/hirhangya.hu\/index.php\/2026\/04\/30\/lazar-ujra-a-leghatso-sorba-fogok-ulni\/\"},\"wordCount\":366,\"commentCount\":0,\"publisher\":{\"@id\":\"https:\/\/hirhangya.hu\/#organization\"},\"image\":{\"@id\":\"https:\/\/hirhangya.hu\/index.php\/2026\/04\/30\/lazar-ujra-a-leghatso-sorba-fogok-ulni\/#primaryimage\"},\"thumbnailUrl\":\"https:\/\/hirhangya.hu\/wp-content\/uploads\/2026\/04\/8FLBvcjzGDULmNWGs-EOxnKW.jpg\",\"articleSection\":[\"\u00c1ltal\u00e1nos\"],\"inLanguage\":\"hu\",\"potentialAction\":[{\"@type\":\"CommentAction\",\"name\":\"Comment\",\"target\":[\"https:\/\/hirhangya.hu\/index.php\/2026\/04\/30\/lazar-ujra-a-leghatso-sorba-fogok-ulni\/#respond\"]}]},{\"@type\":\"WebPage\",\"@id\":\"https:\/\/hirhangya.hu\/index.php\/2026\/04\/30\/lazar-ujra-a-leghatso-sorba-fogok-ulni\/\",\"url\":\"https:\/\/hirhangya.hu\/index.php\/2026\/04\/30\/lazar-ujra-a-leghatso-sorba-fogok-ulni\/\",\"name\":\"L\u00e1z\u00e1r: \u00dajra a legh\u00e1ts\u00f3 sorba fogok \u00fclni - H\u00edrhangya\",\"isPartOf\":{\"@id\":\"https:\/\/hirhangya.hu\/#website\"},\"primaryImageOfPage\":{\"@id\":\"https:\/\/hirhangya.hu\/index.php\/2026\/04\/30\/lazar-ujra-a-leghatso-sorba-fogok-ulni\/#primaryimage\"},\"image\":{\"@id\":\"https:\/\/hirhangya.hu\/index.php\/2026\/04\/30\/lazar-ujra-a-leghatso-sorba-fogok-ulni\/#primaryimage\"},\"thumbnailUrl\":\"https:\/\/hirhangya.hu\/wp-content\/uploads\/2026\/04\/8FLBvcjzGDULmNWGs-EOxnKW.jpg\",\"datePublished\":\"2026-04-30T09:11:17+00:00\",\"breadcrumb\":{\"@id\":\"https:\/\/hirhangya.hu\/index.php\/2026\/04\/30\/lazar-ujra-a-leghatso-sorba-fogok-ulni\/#breadcrumb\"},\"inLanguage\":\"hu\",\"potentialAction\":[{\"@type\":\"ReadAction\",\"target\":[\"https:\/\/hirhangya.hu\/index.php\/2026\/04\/30\/lazar-ujra-a-leghatso-sorba-fogok-ulni\/\"]}]},{\"@type\":\"ImageObject\",\"inLanguage\":\"hu\",\"@id\":\"https:\/\/hirhangya.hu\/index.php\/2026\/04\/30\/lazar-ujra-a-leghatso-sorba-fogok-ulni\/#primaryimage\",\"url\":\"https:\/\/hirhangya.hu\/wp-content\/uploads\/2026\/04\/8FLBvcjzGDULmNWGs-EOxnKW.jpg\",\"contentUrl\":\"https:\/\/hirhangya.hu\/wp-content\/uploads\/2026\/04\/8FLBvcjzGDULmNWGs-EOxnKW.jpg\",\"width\":2000,\"height\":1334},{\"@type\":\"BreadcrumbList\",\"@id\":\"https:\/\/hirhangya.hu\/index.php\/2026\/04\/30\/lazar-ujra-a-leghatso-sorba-fogok-ulni\/#breadcrumb\",\"itemListElement\":[{\"@type\":\"ListItem\",\"position\":1,\"name\":\"Home\",\"item\":\"https:\/\/hirhangya.hu\/\"},{\"@type\":\"ListItem\",\"position\":2,\"name\":\"L\u00e1z\u00e1r: \u00dajra a legh\u00e1ts\u00f3 sorba fogok \u00fclni\"}]},{\"@type\":\"WebSite\",\"@id\":\"https:\/\/hirhangya.hu\/#website\",\"url\":\"https:\/\/hirhangya.hu\/\",\"name\":\"H\u00edrhangya\",\"description\":\"Szorgalmasan \u00f6sszehordjuk a legfrissebb h\u00edreket\",\"publisher\":{\"@id\":\"https:\/\/hirhangya.hu\/#organization\"},\"potentialAction\":[{\"@type\":\"SearchAction\",\"target\":{\"@type\":\"EntryPoint\",\"urlTemplate\":\"https:\/\/hirhangya.hu\/?s={search_term_string}\"},\"query-input\":{\"@type\":\"PropertyValueSpecification\",\"valueRequired\":true,\"valueName\":\"search_term_string\"}}],\"inLanguage\":\"hu\"},{\"@type\":\"Organization\",\"@id\":\"https:\/\/hirhangya.hu\/#organization\",\"name\":\"H\u00edrhangya\",\"url\":\"https:\/\/hirhangya.hu\/\",\"logo\":{\"@type\":\"ImageObject\",\"inLanguage\":\"hu\",\"@id\":\"https:\/\/hirhangya.hu\/#\/schema\/logo\/image\/\",\"url\":\"https:\/\/hirhangya.hu\/wp-content\/uploads\/2025\/06\/cropped-cropped-hirhangya-logo-szoveges-scaled-1-e1750064323596.jpg\",\"contentUrl\":\"https:\/\/hirhangya.hu\/wp-content\/uploads\/2025\/06\/cropped-cropped-hirhangya-logo-szoveges-scaled-1-e1750064323596.jpg\",\"width\":350,\"height\":100,\"caption\":\"H\u00edrhangya\"},\"image\":{\"@id\":\"https:\/\/hirhangya.hu\/#\/schema\/logo\/image\/\"}},{\"@type\":\"Person\",\"@id\":\"https:\/\/hirhangya.hu\/#\/schema\/person\/ad1b32f6cde48eb8bc14fa7efd4d70b5\",\"name\":\"Nemes Gabor\",\"image\":{\"@type\":\"ImageObject\",\"inLanguage\":\"hu\",\"@id\":\"https:\/\/hirhangya.hu\/#\/schema\/person\/image\/\",\"url\":\"https:\/\/secure.gravatar.com\/avatar\/92c2a9c67399a3a1c5444228b3ae3f850f3218d7c18ff5ed44a84130d5b474f3?s=96&d=mm&r=g\",\"contentUrl\":\"https:\/\/secure.gravatar.com\/avatar\/92c2a9c67399a3a1c5444228b3ae3f850f3218d7c18ff5ed44a84130d5b474f3?s=96&d=mm&r=g\",\"caption\":\"Nemes Gabor\"},\"url\":\"https:\/\/hirhangya.hu\/index.php\/author\/hex324\/\"}]}<\/script>\n<!-- \/ Yoast SEO Premium plugin. -->","yoast_head_json":{"title":"L\u00e1z\u00e1r: \u00dajra a legh\u00e1ts\u00f3 sorba fogok \u00fclni - H\u00edrhangya","robots":{"index":"index","follow":"follow","max-snippet":"max-snippet:-1","max-image-preview":"max-image-preview:large","max-video-preview":"max-video-preview:-1"},"canonical":"https:\/\/hirhangya.hu\/index.php\/2026\/04\/30\/lazar-ujra-a-leghatso-sorba-fogok-ulni\/","og_locale":"hu_HU","og_type":"article","og_title":"L\u00e1z\u00e1r: \u00dajra a legh\u00e1ts\u00f3 sorba fogok \u00fclni","og_description":"L\u00e1z\u00e1r J\u00e1nos a Facebookon azt \u00edrta: nagy veres\u00e9get szenvedtek, az okokat l\u00e1tj\u00e1k, de azok pontos felt\u00e1r\u00e1sa \u00e9s kezel\u00e9se nagy feladat lesz, ahogy a Fidesz meg\u00faj\u00edt\u00e1sa is. Felveszi mand\u00e1tum\u00e1t \u00e9s be\u00fcl az Orsz\u00e1ggy\u0171l\u00e9sbe; a v\u00e1laszt\u00e1s \u00f3ta eddig egyszer posztolt, egy Churchill-id\u00e9zetet. Szerinte a p\u00e1rtvezet\u00e9snek k\u00e9t felel\u0151ss\u00e9ge van: t\u00e1vozni a poz\u00edci\u00f3kb\u00f3l \u00e9s maradni az \u00fajj\u00e1\u00e9p\u00edt\u00e9shez, megtartva \u00e9s [&hellip;]","og_url":"https:\/\/hirhangya.hu\/index.php\/2026\/04\/30\/lazar-ujra-a-leghatso-sorba-fogok-ulni\/","og_site_name":"H\u00edrhangya","article_published_time":"2026-04-30T09:11:17+00:00","author":"Nemes Gabor","twitter_card":"summary_large_image","twitter_misc":{"Szerz\u0151:":"Nemes Gabor","Becs\u00fclt olvas\u00e1si id\u0151":"2 perc"},"schema":{"@context":"https:\/\/schema.org","@graph":[{"@type":"Article","@id":"https:\/\/hirhangya.hu\/index.php\/2026\/04\/30\/lazar-ujra-a-leghatso-sorba-fogok-ulni\/#article","isPartOf":{"@id":"https:\/\/hirhangya.hu\/index.php\/2026\/04\/30\/lazar-ujra-a-leghatso-sorba-fogok-ulni\/"},"author":{"name":"Nemes Gabor","@id":"https:\/\/hirhangya.hu\/#\/schema\/person\/ad1b32f6cde48eb8bc14fa7efd4d70b5"},"headline":"L\u00e1z\u00e1r: \u00dajra a legh\u00e1ts\u00f3 sorba fogok \u00fclni","datePublished":"2026-04-30T09:11:17+00:00","mainEntityOfPage":{"@id":"https:\/\/hirhangya.hu\/index.php\/2026\/04\/30\/lazar-ujra-a-leghatso-sorba-fogok-ulni\/"},"wordCount":366,"commentCount":0,"publisher":{"@id":"https:\/\/hirhangya.hu\/#organization"},"image":{"@id":"https:\/\/hirhangya.hu\/index.php\/2026\/04\/30\/lazar-ujra-a-leghatso-sorba-fogok-ulni\/#primaryimage"},"thumbnailUrl":"https:\/\/hirhangya.hu\/wp-content\/uploads\/2026\/04\/8FLBvcjzGDULmNWGs-EOxnKW.jpg","articleSection":["\u00c1ltal\u00e1nos"],"inLanguage":"hu","potentialAction":[{"@type":"CommentAction","name":"Comment","target":["https:\/\/hirhangya.hu\/index.php\/2026\/04\/30\/lazar-ujra-a-leghatso-sorba-fogok-ulni\/#respond"]}]},{"@type":"WebPage","@id":"https:\/\/hirhangya.hu\/index.php\/2026\/04\/30\/lazar-ujra-a-leghatso-sorba-fogok-ulni\/","url":"https:\/\/hirhangya.hu\/index.php\/2026\/04\/30\/lazar-ujra-a-leghatso-sorba-fogok-ulni\/","name":"L\u00e1z\u00e1r: \u00dajra a legh\u00e1ts\u00f3 sorba fogok \u00fclni - H\u00edrhangya","isPartOf":{"@id":"https:\/\/hirhangya.hu\/#website"},"primaryImageOfPage":{"@id":"https:\/\/hirhangya.hu\/index.php\/2026\/04\/30\/lazar-ujra-a-leghatso-sorba-fogok-ulni\/#primaryimage"},"image":{"@id":"https:\/\/hirhangya.hu\/index.php\/2026\/04\/30\/lazar-ujra-a-leghatso-sorba-fogok-ulni\/#primaryimage"},"thumbnailUrl":"https:\/\/hirhangya.hu\/wp-content\/uploads\/2026\/04\/8FLBvcjzGDULmNWGs-EOxnKW.jpg","datePublished":"2026-04-30T09:11:17+00:00","breadcrumb":{"@id":"https:\/\/hirhangya.hu\/index.php\/2026\/04\/30\/lazar-ujra-a-leghatso-sorba-fogok-ulni\/#breadcrumb"},"inLanguage":"hu","potentialAction":[{"@type":"ReadAction","target":["https:\/\/hirhangya.hu\/index.php\/2026\/04\/30\/lazar-ujra-a-leghatso-sorba-fogok-ulni\/"]}]},{"@type":"ImageObject","inLanguage":"hu","@id":"https:\/\/hirhangya.hu\/index.php\/2026\/04\/30\/lazar-ujra-a-leghatso-sorba-fogok-ulni\/#primaryimage","url":"https:\/\/hirhangya.hu\/wp-content\/uploads\/2026\/04\/8FLBvcjzGDULmNWGs-EOxnKW.jpg","contentUrl":"https:\/\/hirhangya.hu\/wp-content\/uploads\/2026\/04\/8FLBvcjzGDULmNWGs-EOxnKW.jpg","width":2000,"height":1334},{"@type":"BreadcrumbList","@id":"https:\/\/hirhangya.hu\/index.php\/2026\/04\/30\/lazar-ujra-a-leghatso-sorba-fogok-ulni\/#breadcrumb","itemListElement":[{"@type":"ListItem","position":1,"name":"Home","item":"https:\/\/hirhangya.hu\/"},{"@type":"ListItem","position":2,"name":"L\u00e1z\u00e1r: \u00dajra a legh\u00e1ts\u00f3 sorba fogok \u00fclni"}]},{"@type":"WebSite","@id":"https:\/\/hirhangya.hu\/#website","url":"https:\/\/hirhangya.hu\/","name":"H\u00edrhangya","description":"Szorgalmasan \u00f6sszehordjuk a legfrissebb h\u00edreket","publisher":{"@id":"https:\/\/hirhangya.hu\/#organization"},"potentialAction":[{"@type":"SearchAction","target":{"@type":"EntryPoint","urlTemplate":"https:\/\/hirhangya.hu\/?s={search_term_string}"},"query-input":{"@type":"PropertyValueSpecification","valueRequired":true,"valueName":"search_term_string"}}],"inLanguage":"hu"},{"@type":"Organization","@id":"https:\/\/hirhangya.hu\/#organization","name":"H\u00edrhangya","url":"https:\/\/hirhangya.hu\/","logo":{"@type":"ImageObject","inLanguage":"hu","@id":"https:\/\/hirhangya.hu\/#\/schema\/logo\/image\/","url":"https:\/\/hirhangya.hu\/wp-content\/uploads\/2025\/06\/cropped-cropped-hirhangya-logo-szoveges-scaled-1-e1750064323596.jpg","contentUrl":"https:\/\/hirhangya.hu\/wp-content\/uploads\/2025\/06\/cropped-cropped-hirhangya-logo-szoveges-scaled-1-e1750064323596.jpg","width":350,"height":100,"caption":"H\u00edrhangya"},"image":{"@id":"https:\/\/hirhangya.hu\/#\/schema\/logo\/image\/"}},{"@type":"Person","@id":"https:\/\/hirhangya.hu\/#\/schema\/person\/ad1b32f6cde48eb8bc14fa7efd4d70b5","name":"Nemes Gabor","image":{"@type":"ImageObject","inLanguage":"hu","@id":"https:\/\/hirhangya.hu\/#\/schema\/person\/image\/","url":"https:\/\/secure.gravatar.com\/avatar\/92c2a9c67399a3a1c5444228b3ae3f850f3218d7c18ff5ed44a84130d5b474f3?s=96&d=mm&r=g","contentUrl":"https:\/\/secure.gravatar.com\/avatar\/92c2a9c67399a3a1c5444228b3ae3f850f3218d7c18ff5ed44a84130d5b474f3?s=96&d=mm&r=g","caption":"Nemes Gabor"},"url":"https:\/\/hirhangya.hu\/index.php\/author\/hex324\/"}]}},"_links":{"self":[{"href":"https:\/\/hirhangya.hu\/index.php\/wp-json\/wp\/v2\/posts\/94699","targetHints":{"allow":["GET"]}}],"collection":[{"href":"https:\/\/hirhangya.hu\/index.php\/wp-json\/wp\/v2\/posts"}],"about":[{"href":"https:\/\/hirhangya.hu\/index.php\/wp-json\/wp\/v2\/types\/post"}],"author":[{"embeddable":true,"href":"https:\/\/hirhangya.hu\/index.php\/wp-json\/wp\/v2\/users\/2"}],"replies":[{"embeddable":true,"href":"https:\/\/hirhangya.hu\/index.php\/wp-json\/wp\/v2\/comments?post=94699"}],"version-history":[{"count":0,"href":"https:\/\/hirhangya.hu\/index.php\/wp-json\/wp\/v2\/posts\/94699\/revisions"}],"wp:featuredmedia":[{"embeddable":true,"href":"https:\/\/hirhangya.hu\/index.php\/wp-json\/wp\/v2\/media\/94700"}],"wp:attachment":[{"href":"https:\/\/hirhangya.hu\/index.php\/wp-json\/wp\/v2\/media?parent=94699"}],"wp:term":[{"taxonomy":"category","embeddable":true,"href":"https:\/\/hirhangya.hu\/index.php\/wp-json\/wp\/v2\/categories?post=94699"},{"taxonomy":"post_tag","embeddable":true,"href":"https:\/\/hirhangya.hu\/index.php\/wp-json\/wp\/v2\/tags?post=94699"}],"curies":[{"name":"wp","href":"https:\/\/api.w.org\/{rel}","templated":true}]}}