{"id":94754,"date":"2026-04-30T18:59:47","date_gmt":"2026-04-30T18:59:47","guid":{"rendered":"https:\/\/hirhangya.hu\/index.php\/2026\/04\/30\/nemeth-kristof-szerint-jo-lenne-ha-visszajonne-a-kultur-tao\/"},"modified":"2026-04-30T18:59:47","modified_gmt":"2026-04-30T18:59:47","slug":"nemeth-kristof-szerint-jo-lenne-ha-visszajonne-a-kultur-tao","status":"publish","type":"post","link":"https:\/\/hirhangya.hu\/index.php\/2026\/04\/30\/nemeth-kristof-szerint-jo-lenne-ha-visszajonne-a-kultur-tao\/","title":{"rendered":"N\u00e9meth Krist\u00f3f szerint j\u00f3 lenne, ha visszaj\u00f6nne a kult\u00far-tao"},"content":{"rendered":"<p>Egy Fidesz-p\u00e1rti sz\u00edn\u00e9sz az RTL m\u0171sor\u00e1ban arr\u00f3l sz\u00e1molt be, hogy az \u00f3ri\u00e1splak\u00e1tok sz\u00f3ba ker\u00fcltek a gyermek\u00e9n\u00e9l, mik\u00f6zben az \u00f3vod\u00e1ba tartottak. Elmondta, hogy a plak\u00e1tok felkeltett\u00e9k a gyerek figyelm\u00e9t, \u00e9s \u00edgy csal\u00e1di besz\u00e9lget\u00e9s t\u00e1rgy\u00e1v\u00e1 v\u00e1ltak. A sz\u00edn\u00e9sz hangs\u00falyozta, hogy a k\u00f6zter\u00fcleti kamp\u00e1nyok hat\u00e1ssal lehetnek a napirendi t\u00e9m\u00e1kra \u00e9s a gyerekek \u00e9szrev\u00e9teleire.Eredeti cikk: <a href=\"https:\/\/telex.hu\/belfold\/2026\/04\/30\/nemeth-kristof-rtl-fidesz\" target=\"_blank\" class=\"feedzy-rss-link-icon\">elolvasom<\/a><\/p>\n","protected":false},"excerpt":{"rendered":"<p>Egy Fidesz-p\u00e1rti sz\u00edn\u00e9sz az RTL m\u0171sor\u00e1ban arr\u00f3l sz\u00e1molt be, hogy az \u00f3ri\u00e1splak\u00e1tok sz\u00f3ba ker\u00fcltek a gyermek\u00e9n\u00e9l, mik\u00f6zben az \u00f3vod\u00e1ba tartottak. Elmondta, hogy a plak\u00e1tok felkeltett\u00e9k a gyerek figyelm\u00e9t, \u00e9s \u00edgy csal\u00e1di besz\u00e9lget\u00e9s t\u00e1rgy\u00e1v\u00e1 v\u00e1ltak. A sz\u00edn\u00e9sz hangs\u00falyozta, hogy a k\u00f6zter\u00fcleti kamp\u00e1nyok hat\u00e1ssal lehetnek a napirendi t\u00e9m\u00e1kra \u00e9s a gyerekek \u00e9szrev\u00e9teleire.Eredeti cikk: elolvasom<\/p>\n","protected":false},"author":2,"featured_media":94755,"comment_status":"open","ping_status":"open","sticky":false,"template":"","format":"standard","meta":{"footnotes":""},"categories":[147],"tags":[],"class_list":["post-94754","post","type-post","status-publish","format-standard","has-post-thumbnail","hentry","category-altalanos"],"yoast_head":"<!-- This site is optimized with the Yoast SEO Premium plugin v26.2 (Yoast SEO v26.3) - https:\/\/yoast.com\/wordpress\/plugins\/seo\/ -->\n<title>N\u00e9meth Krist\u00f3f szerint j\u00f3 lenne, ha visszaj\u00f6nne a kult\u00far-tao - H\u00edrhangya<\/title>\n<meta name=\"robots\" content=\"index, follow, max-snippet:-1, max-image-preview:large, max-video-preview:-1\" \/>\n<link rel=\"canonical\" href=\"https:\/\/hirhangya.hu\/index.php\/2026\/04\/30\/nemeth-kristof-szerint-jo-lenne-ha-visszajonne-a-kultur-tao\/\" \/>\n<meta property=\"og:locale\" content=\"hu_HU\" \/>\n<meta property=\"og:type\" content=\"article\" \/>\n<meta property=\"og:title\" content=\"N\u00e9meth Krist\u00f3f szerint j\u00f3 lenne, ha visszaj\u00f6nne a kult\u00far-tao\" \/>\n<meta property=\"og:description\" content=\"Egy Fidesz-p\u00e1rti sz\u00edn\u00e9sz az RTL m\u0171sor\u00e1ban arr\u00f3l sz\u00e1molt be, hogy az \u00f3ri\u00e1splak\u00e1tok sz\u00f3ba ker\u00fcltek a gyermek\u00e9n\u00e9l, mik\u00f6zben az \u00f3vod\u00e1ba tartottak. Elmondta, hogy a plak\u00e1tok felkeltett\u00e9k a gyerek figyelm\u00e9t, \u00e9s \u00edgy csal\u00e1di besz\u00e9lget\u00e9s t\u00e1rgy\u00e1v\u00e1 v\u00e1ltak. A sz\u00edn\u00e9sz hangs\u00falyozta, hogy a k\u00f6zter\u00fcleti kamp\u00e1nyok hat\u00e1ssal lehetnek a napirendi t\u00e9m\u00e1kra \u00e9s a gyerekek \u00e9szrev\u00e9teleire.Eredeti cikk: elolvasom\" \/>\n<meta property=\"og:url\" content=\"https:\/\/hirhangya.hu\/index.php\/2026\/04\/30\/nemeth-kristof-szerint-jo-lenne-ha-visszajonne-a-kultur-tao\/\" \/>\n<meta property=\"og:site_name\" content=\"H\u00edrhangya\" \/>\n<meta property=\"article:published_time\" content=\"2026-04-30T18:59:47+00:00\" \/>\n<meta name=\"author\" content=\"Nemes Gabor\" \/>\n<meta name=\"twitter:card\" content=\"summary_large_image\" \/>\n<meta name=\"twitter:label1\" content=\"Szerz\u0151:\" \/>\n\t<meta name=\"twitter:data1\" content=\"Nemes Gabor\" \/>\n<script type=\"application\/ld+json\" class=\"yoast-schema-graph\">{\"@context\":\"https:\/\/schema.org\",\"@graph\":[{\"@type\":\"Article\",\"@id\":\"https:\/\/hirhangya.hu\/index.php\/2026\/04\/30\/nemeth-kristof-szerint-jo-lenne-ha-visszajonne-a-kultur-tao\/#article\",\"isPartOf\":{\"@id\":\"https:\/\/hirhangya.hu\/index.php\/2026\/04\/30\/nemeth-kristof-szerint-jo-lenne-ha-visszajonne-a-kultur-tao\/\"},\"author\":{\"name\":\"Nemes Gabor\",\"@id\":\"https:\/\/hirhangya.hu\/#\/schema\/person\/ad1b32f6cde48eb8bc14fa7efd4d70b5\"},\"headline\":\"N\u00e9meth Krist\u00f3f szerint j\u00f3 lenne, ha visszaj\u00f6nne a kult\u00far-tao\",\"datePublished\":\"2026-04-30T18:59:47+00:00\",\"mainEntityOfPage\":{\"@id\":\"https:\/\/hirhangya.hu\/index.php\/2026\/04\/30\/nemeth-kristof-szerint-jo-lenne-ha-visszajonne-a-kultur-tao\/\"},\"wordCount\":100,\"commentCount\":0,\"publisher\":{\"@id\":\"https:\/\/hirhangya.hu\/#organization\"},\"image\":{\"@id\":\"https:\/\/hirhangya.hu\/index.php\/2026\/04\/30\/nemeth-kristof-szerint-jo-lenne-ha-visszajonne-a-kultur-tao\/#primaryimage\"},\"thumbnailUrl\":\"https:\/\/hirhangya.hu\/wp-content\/uploads\/2026\/04\/1777574536-temp-6rfic9opt6mt8fbbddm_cimlap-normal-b9eXfJ.webp\",\"articleSection\":[\"\u00c1ltal\u00e1nos\"],\"inLanguage\":\"hu\",\"potentialAction\":[{\"@type\":\"CommentAction\",\"name\":\"Comment\",\"target\":[\"https:\/\/hirhangya.hu\/index.php\/2026\/04\/30\/nemeth-kristof-szerint-jo-lenne-ha-visszajonne-a-kultur-tao\/#respond\"]}]},{\"@type\":\"WebPage\",\"@id\":\"https:\/\/hirhangya.hu\/index.php\/2026\/04\/30\/nemeth-kristof-szerint-jo-lenne-ha-visszajonne-a-kultur-tao\/\",\"url\":\"https:\/\/hirhangya.hu\/index.php\/2026\/04\/30\/nemeth-kristof-szerint-jo-lenne-ha-visszajonne-a-kultur-tao\/\",\"name\":\"N\u00e9meth Krist\u00f3f szerint j\u00f3 lenne, ha visszaj\u00f6nne a kult\u00far-tao - H\u00edrhangya\",\"isPartOf\":{\"@id\":\"https:\/\/hirhangya.hu\/#website\"},\"primaryImageOfPage\":{\"@id\":\"https:\/\/hirhangya.hu\/index.php\/2026\/04\/30\/nemeth-kristof-szerint-jo-lenne-ha-visszajonne-a-kultur-tao\/#primaryimage\"},\"image\":{\"@id\":\"https:\/\/hirhangya.hu\/index.php\/2026\/04\/30\/nemeth-kristof-szerint-jo-lenne-ha-visszajonne-a-kultur-tao\/#primaryimage\"},\"thumbnailUrl\":\"https:\/\/hirhangya.hu\/wp-content\/uploads\/2026\/04\/1777574536-temp-6rfic9opt6mt8fbbddm_cimlap-normal-b9eXfJ.webp\",\"datePublished\":\"2026-04-30T18:59:47+00:00\",\"breadcrumb\":{\"@id\":\"https:\/\/hirhangya.hu\/index.php\/2026\/04\/30\/nemeth-kristof-szerint-jo-lenne-ha-visszajonne-a-kultur-tao\/#breadcrumb\"},\"inLanguage\":\"hu\",\"potentialAction\":[{\"@type\":\"ReadAction\",\"target\":[\"https:\/\/hirhangya.hu\/index.php\/2026\/04\/30\/nemeth-kristof-szerint-jo-lenne-ha-visszajonne-a-kultur-tao\/\"]}]},{\"@type\":\"ImageObject\",\"inLanguage\":\"hu\",\"@id\":\"https:\/\/hirhangya.hu\/index.php\/2026\/04\/30\/nemeth-kristof-szerint-jo-lenne-ha-visszajonne-a-kultur-tao\/#primaryimage\",\"url\":\"https:\/\/hirhangya.hu\/wp-content\/uploads\/2026\/04\/1777574536-temp-6rfic9opt6mt8fbbddm_cimlap-normal-b9eXfJ.webp\",\"contentUrl\":\"https:\/\/hirhangya.hu\/wp-content\/uploads\/2026\/04\/1777574536-temp-6rfic9opt6mt8fbbddm_cimlap-normal-b9eXfJ.webp\",\"width\":1035,\"height\":690},{\"@type\":\"BreadcrumbList\",\"@id\":\"https:\/\/hirhangya.hu\/index.php\/2026\/04\/30\/nemeth-kristof-szerint-jo-lenne-ha-visszajonne-a-kultur-tao\/#breadcrumb\",\"itemListElement\":[{\"@type\":\"ListItem\",\"position\":1,\"name\":\"Home\",\"item\":\"https:\/\/hirhangya.hu\/\"},{\"@type\":\"ListItem\",\"position\":2,\"name\":\"N\u00e9meth Krist\u00f3f szerint j\u00f3 lenne, ha visszaj\u00f6nne a kult\u00far-tao\"}]},{\"@type\":\"WebSite\",\"@id\":\"https:\/\/hirhangya.hu\/#website\",\"url\":\"https:\/\/hirhangya.hu\/\",\"name\":\"H\u00edrhangya\",\"description\":\"Szorgalmasan \u00f6sszehordjuk a legfrissebb h\u00edreket\",\"publisher\":{\"@id\":\"https:\/\/hirhangya.hu\/#organization\"},\"potentialAction\":[{\"@type\":\"SearchAction\",\"target\":{\"@type\":\"EntryPoint\",\"urlTemplate\":\"https:\/\/hirhangya.hu\/?s={search_term_string}\"},\"query-input\":{\"@type\":\"PropertyValueSpecification\",\"valueRequired\":true,\"valueName\":\"search_term_string\"}}],\"inLanguage\":\"hu\"},{\"@type\":\"Organization\",\"@id\":\"https:\/\/hirhangya.hu\/#organization\",\"name\":\"H\u00edrhangya\",\"url\":\"https:\/\/hirhangya.hu\/\",\"logo\":{\"@type\":\"ImageObject\",\"inLanguage\":\"hu\",\"@id\":\"https:\/\/hirhangya.hu\/#\/schema\/logo\/image\/\",\"url\":\"https:\/\/hirhangya.hu\/wp-content\/uploads\/2025\/06\/cropped-cropped-hirhangya-logo-szoveges-scaled-1-e1750064323596.jpg\",\"contentUrl\":\"https:\/\/hirhangya.hu\/wp-content\/uploads\/2025\/06\/cropped-cropped-hirhangya-logo-szoveges-scaled-1-e1750064323596.jpg\",\"width\":350,\"height\":100,\"caption\":\"H\u00edrhangya\"},\"image\":{\"@id\":\"https:\/\/hirhangya.hu\/#\/schema\/logo\/image\/\"}},{\"@type\":\"Person\",\"@id\":\"https:\/\/hirhangya.hu\/#\/schema\/person\/ad1b32f6cde48eb8bc14fa7efd4d70b5\",\"name\":\"Nemes Gabor\",\"image\":{\"@type\":\"ImageObject\",\"inLanguage\":\"hu\",\"@id\":\"https:\/\/hirhangya.hu\/#\/schema\/person\/image\/\",\"url\":\"https:\/\/secure.gravatar.com\/avatar\/92c2a9c67399a3a1c5444228b3ae3f850f3218d7c18ff5ed44a84130d5b474f3?s=96&d=mm&r=g\",\"contentUrl\":\"https:\/\/secure.gravatar.com\/avatar\/92c2a9c67399a3a1c5444228b3ae3f850f3218d7c18ff5ed44a84130d5b474f3?s=96&d=mm&r=g\",\"caption\":\"Nemes Gabor\"},\"url\":\"https:\/\/hirhangya.hu\/index.php\/author\/hex324\/\"}]}<\/script>\n<!-- \/ Yoast SEO Premium plugin. -->","yoast_head_json":{"title":"N\u00e9meth Krist\u00f3f szerint j\u00f3 lenne, ha visszaj\u00f6nne a kult\u00far-tao - H\u00edrhangya","robots":{"index":"index","follow":"follow","max-snippet":"max-snippet:-1","max-image-preview":"max-image-preview:large","max-video-preview":"max-video-preview:-1"},"canonical":"https:\/\/hirhangya.hu\/index.php\/2026\/04\/30\/nemeth-kristof-szerint-jo-lenne-ha-visszajonne-a-kultur-tao\/","og_locale":"hu_HU","og_type":"article","og_title":"N\u00e9meth Krist\u00f3f szerint j\u00f3 lenne, ha visszaj\u00f6nne a kult\u00far-tao","og_description":"Egy Fidesz-p\u00e1rti sz\u00edn\u00e9sz az RTL m\u0171sor\u00e1ban arr\u00f3l sz\u00e1molt be, hogy az \u00f3ri\u00e1splak\u00e1tok sz\u00f3ba ker\u00fcltek a gyermek\u00e9n\u00e9l, mik\u00f6zben az \u00f3vod\u00e1ba tartottak. Elmondta, hogy a plak\u00e1tok felkeltett\u00e9k a gyerek figyelm\u00e9t, \u00e9s \u00edgy csal\u00e1di besz\u00e9lget\u00e9s t\u00e1rgy\u00e1v\u00e1 v\u00e1ltak. A sz\u00edn\u00e9sz hangs\u00falyozta, hogy a k\u00f6zter\u00fcleti kamp\u00e1nyok hat\u00e1ssal lehetnek a napirendi t\u00e9m\u00e1kra \u00e9s a gyerekek \u00e9szrev\u00e9teleire.Eredeti cikk: elolvasom","og_url":"https:\/\/hirhangya.hu\/index.php\/2026\/04\/30\/nemeth-kristof-szerint-jo-lenne-ha-visszajonne-a-kultur-tao\/","og_site_name":"H\u00edrhangya","article_published_time":"2026-04-30T18:59:47+00:00","author":"Nemes Gabor","twitter_card":"summary_large_image","twitter_misc":{"Szerz\u0151:":"Nemes Gabor"},"schema":{"@context":"https:\/\/schema.org","@graph":[{"@type":"Article","@id":"https:\/\/hirhangya.hu\/index.php\/2026\/04\/30\/nemeth-kristof-szerint-jo-lenne-ha-visszajonne-a-kultur-tao\/#article","isPartOf":{"@id":"https:\/\/hirhangya.hu\/index.php\/2026\/04\/30\/nemeth-kristof-szerint-jo-lenne-ha-visszajonne-a-kultur-tao\/"},"author":{"name":"Nemes Gabor","@id":"https:\/\/hirhangya.hu\/#\/schema\/person\/ad1b32f6cde48eb8bc14fa7efd4d70b5"},"headline":"N\u00e9meth Krist\u00f3f szerint j\u00f3 lenne, ha visszaj\u00f6nne a kult\u00far-tao","datePublished":"2026-04-30T18:59:47+00:00","mainEntityOfPage":{"@id":"https:\/\/hirhangya.hu\/index.php\/2026\/04\/30\/nemeth-kristof-szerint-jo-lenne-ha-visszajonne-a-kultur-tao\/"},"wordCount":100,"commentCount":0,"publisher":{"@id":"https:\/\/hirhangya.hu\/#organization"},"image":{"@id":"https:\/\/hirhangya.hu\/index.php\/2026\/04\/30\/nemeth-kristof-szerint-jo-lenne-ha-visszajonne-a-kultur-tao\/#primaryimage"},"thumbnailUrl":"https:\/\/hirhangya.hu\/wp-content\/uploads\/2026\/04\/1777574536-temp-6rfic9opt6mt8fbbddm_cimlap-normal-b9eXfJ.webp","articleSection":["\u00c1ltal\u00e1nos"],"inLanguage":"hu","potentialAction":[{"@type":"CommentAction","name":"Comment","target":["https:\/\/hirhangya.hu\/index.php\/2026\/04\/30\/nemeth-kristof-szerint-jo-lenne-ha-visszajonne-a-kultur-tao\/#respond"]}]},{"@type":"WebPage","@id":"https:\/\/hirhangya.hu\/index.php\/2026\/04\/30\/nemeth-kristof-szerint-jo-lenne-ha-visszajonne-a-kultur-tao\/","url":"https:\/\/hirhangya.hu\/index.php\/2026\/04\/30\/nemeth-kristof-szerint-jo-lenne-ha-visszajonne-a-kultur-tao\/","name":"N\u00e9meth Krist\u00f3f szerint j\u00f3 lenne, ha visszaj\u00f6nne a kult\u00far-tao - H\u00edrhangya","isPartOf":{"@id":"https:\/\/hirhangya.hu\/#website"},"primaryImageOfPage":{"@id":"https:\/\/hirhangya.hu\/index.php\/2026\/04\/30\/nemeth-kristof-szerint-jo-lenne-ha-visszajonne-a-kultur-tao\/#primaryimage"},"image":{"@id":"https:\/\/hirhangya.hu\/index.php\/2026\/04\/30\/nemeth-kristof-szerint-jo-lenne-ha-visszajonne-a-kultur-tao\/#primaryimage"},"thumbnailUrl":"https:\/\/hirhangya.hu\/wp-content\/uploads\/2026\/04\/1777574536-temp-6rfic9opt6mt8fbbddm_cimlap-normal-b9eXfJ.webp","datePublished":"2026-04-30T18:59:47+00:00","breadcrumb":{"@id":"https:\/\/hirhangya.hu\/index.php\/2026\/04\/30\/nemeth-kristof-szerint-jo-lenne-ha-visszajonne-a-kultur-tao\/#breadcrumb"},"inLanguage":"hu","potentialAction":[{"@type":"ReadAction","target":["https:\/\/hirhangya.hu\/index.php\/2026\/04\/30\/nemeth-kristof-szerint-jo-lenne-ha-visszajonne-a-kultur-tao\/"]}]},{"@type":"ImageObject","inLanguage":"hu","@id":"https:\/\/hirhangya.hu\/index.php\/2026\/04\/30\/nemeth-kristof-szerint-jo-lenne-ha-visszajonne-a-kultur-tao\/#primaryimage","url":"https:\/\/hirhangya.hu\/wp-content\/uploads\/2026\/04\/1777574536-temp-6rfic9opt6mt8fbbddm_cimlap-normal-b9eXfJ.webp","contentUrl":"https:\/\/hirhangya.hu\/wp-content\/uploads\/2026\/04\/1777574536-temp-6rfic9opt6mt8fbbddm_cimlap-normal-b9eXfJ.webp","width":1035,"height":690},{"@type":"BreadcrumbList","@id":"https:\/\/hirhangya.hu\/index.php\/2026\/04\/30\/nemeth-kristof-szerint-jo-lenne-ha-visszajonne-a-kultur-tao\/#breadcrumb","itemListElement":[{"@type":"ListItem","position":1,"name":"Home","item":"https:\/\/hirhangya.hu\/"},{"@type":"ListItem","position":2,"name":"N\u00e9meth Krist\u00f3f szerint j\u00f3 lenne, ha visszaj\u00f6nne a kult\u00far-tao"}]},{"@type":"WebSite","@id":"https:\/\/hirhangya.hu\/#website","url":"https:\/\/hirhangya.hu\/","name":"H\u00edrhangya","description":"Szorgalmasan \u00f6sszehordjuk a legfrissebb h\u00edreket","publisher":{"@id":"https:\/\/hirhangya.hu\/#organization"},"potentialAction":[{"@type":"SearchAction","target":{"@type":"EntryPoint","urlTemplate":"https:\/\/hirhangya.hu\/?s={search_term_string}"},"query-input":{"@type":"PropertyValueSpecification","valueRequired":true,"valueName":"search_term_string"}}],"inLanguage":"hu"},{"@type":"Organization","@id":"https:\/\/hirhangya.hu\/#organization","name":"H\u00edrhangya","url":"https:\/\/hirhangya.hu\/","logo":{"@type":"ImageObject","inLanguage":"hu","@id":"https:\/\/hirhangya.hu\/#\/schema\/logo\/image\/","url":"https:\/\/hirhangya.hu\/wp-content\/uploads\/2025\/06\/cropped-cropped-hirhangya-logo-szoveges-scaled-1-e1750064323596.jpg","contentUrl":"https:\/\/hirhangya.hu\/wp-content\/uploads\/2025\/06\/cropped-cropped-hirhangya-logo-szoveges-scaled-1-e1750064323596.jpg","width":350,"height":100,"caption":"H\u00edrhangya"},"image":{"@id":"https:\/\/hirhangya.hu\/#\/schema\/logo\/image\/"}},{"@type":"Person","@id":"https:\/\/hirhangya.hu\/#\/schema\/person\/ad1b32f6cde48eb8bc14fa7efd4d70b5","name":"Nemes Gabor","image":{"@type":"ImageObject","inLanguage":"hu","@id":"https:\/\/hirhangya.hu\/#\/schema\/person\/image\/","url":"https:\/\/secure.gravatar.com\/avatar\/92c2a9c67399a3a1c5444228b3ae3f850f3218d7c18ff5ed44a84130d5b474f3?s=96&d=mm&r=g","contentUrl":"https:\/\/secure.gravatar.com\/avatar\/92c2a9c67399a3a1c5444228b3ae3f850f3218d7c18ff5ed44a84130d5b474f3?s=96&d=mm&r=g","caption":"Nemes Gabor"},"url":"https:\/\/hirhangya.hu\/index.php\/author\/hex324\/"}]}},"_links":{"self":[{"href":"https:\/\/hirhangya.hu\/index.php\/wp-json\/wp\/v2\/posts\/94754","targetHints":{"allow":["GET"]}}],"collection":[{"href":"https:\/\/hirhangya.hu\/index.php\/wp-json\/wp\/v2\/posts"}],"about":[{"href":"https:\/\/hirhangya.hu\/index.php\/wp-json\/wp\/v2\/types\/post"}],"author":[{"embeddable":true,"href":"https:\/\/hirhangya.hu\/index.php\/wp-json\/wp\/v2\/users\/2"}],"replies":[{"embeddable":true,"href":"https:\/\/hirhangya.hu\/index.php\/wp-json\/wp\/v2\/comments?post=94754"}],"version-history":[{"count":0,"href":"https:\/\/hirhangya.hu\/index.php\/wp-json\/wp\/v2\/posts\/94754\/revisions"}],"wp:featuredmedia":[{"embeddable":true,"href":"https:\/\/hirhangya.hu\/index.php\/wp-json\/wp\/v2\/media\/94755"}],"wp:attachment":[{"href":"https:\/\/hirhangya.hu\/index.php\/wp-json\/wp\/v2\/media?parent=94754"}],"wp:term":[{"taxonomy":"category","embeddable":true,"href":"https:\/\/hirhangya.hu\/index.php\/wp-json\/wp\/v2\/categories?post=94754"},{"taxonomy":"post_tag","embeddable":true,"href":"https:\/\/hirhangya.hu\/index.php\/wp-json\/wp\/v2\/tags?post=94754"}],"curies":[{"name":"wp","href":"https:\/\/api.w.org\/{rel}","templated":true}]}}