{"id":94869,"date":"2026-04-30T21:12:22","date_gmt":"2026-04-30T21:12:22","guid":{"rendered":"https:\/\/hirhangya.hu\/index.php\/2026\/04\/30\/a-torontoi-repterrol-fordult-vissza-az-irani-delegacio-a-fifa-kongresszusra-menet-de-infantino-szerint-ott-lesznek-a-vb-n\/"},"modified":"2026-04-30T21:12:22","modified_gmt":"2026-04-30T21:12:22","slug":"a-torontoi-repterrol-fordult-vissza-az-irani-delegacio-a-fifa-kongresszusra-menet-de-infantino-szerint-ott-lesznek-a-vb-n","status":"publish","type":"post","link":"https:\/\/hirhangya.hu\/index.php\/2026\/04\/30\/a-torontoi-repterrol-fordult-vissza-az-irani-delegacio-a-fifa-kongresszusra-menet-de-infantino-szerint-ott-lesznek-a-vb-n\/","title":{"rendered":"A toront\u00f3i rept\u00e9rr\u0151l fordult vissza az ir\u00e1ni deleg\u00e1ci\u00f3 a FIFA-kongresszusra menet, de Infantino szerint ott lesznek a vb-n"},"content":{"rendered":"<p>Cs\u00fct\u00f6rt\u00f6k\u00f6n az ir\u00e1ni deleg\u00e1ci\u00f3 n\u00e9lk\u00fcl kezd\u0151d\u00f6tt meg a FIFA kongresszusa Vancouverben: a deleg\u00e1ci\u00f3 tagjai a toront\u00f3i rept\u00e9ren visszafordultak, miut\u00e1n a kanadai hat\u00e1r\u0151r\u00f6k egy szem\u00e9lyt nem engedtek be, b\u00e1r az ir\u00e1niak szerint \u00e9rv\u00e9nyes v\u00edzummal rendelkezett. A Reuters szerint h\u00e1rman voltak, k\u00f6z\u00fcl\u00fck ketten szabadon bel\u00e9phettek volna, de nem akartak; egy kanadai diplomata azt mondta, hogy az IRGC-tagokat nem engedik be, mert Kanada terrorszervezetk\u00e9nt tartja nyilv\u00e1n a Forradalmi G\u00e1rd\u00e1t. Az ir\u00e1ni sz\u00f6vets\u00e9g eln\u00f6ke, Mehdi Taj kor\u00e1bbi G\u00e1rda-tag, ez\u00e9rt val\u00f3sz\u00edn\u0171, de nem hivatalos, hogy \u0151 volt a kitiltott deleg\u00e1ci\u00f3s tag.<\/p>\n<p>Gianni Infantino, a FIFA trumpista eln\u00f6ke a kongresszuson kijelentette, hogy Ir\u00e1n \u201eterm\u00e9szetesen\u201d r\u00e9szt fog venni a vil\u00e1gbajnoks\u00e1gon \u00e9s \u201eamerikai stadionokban is fog j\u00e1tszani\u201d, de nem r\u00e9szletezte ennek alapj\u00e1t. Ir\u00e1n jelezte, hogy a Los Angelesben \u00e9s Seattle-ben kisorsolt h\u00e1rom csoportm\u00e9rk\u0151z\u00e9s\u00e9t ink\u00e1bb Mexik\u00f3ban j\u00e1tszan\u00e1 le, amit a FIFA visszautas\u00edtott. Marco Rubio, akit a sz\u00f6veg amerikai k\u00fcl\u00fcgyminiszterk\u00e9nt eml\u00edt, a m\u00falt h\u00e9ten azt nyilatkozta, hogy az amerikai korm\u00e1nyzatnak nincs probl\u00e9m\u00e1ja az ir\u00e1ni j\u00e1t\u00e9kosok r\u00e9szv\u00e9tel\u00e9vel, de nem engedik be a Forradalmi G\u00e1rd\u00e1hoz k\u00f6t\u0151d\u0151 k\u00eds\u00e9r\u0151ket.<\/p>\n<p>Eredeti cikk: <a href=\"https:\/\/444.hu\/2026\/04\/30\/a-torontoi-repterrol-fordult-vissza-az-irani-delegacio-a-fifa-kongresszusra-menet-de-infantino-szerint-ott-lesznek-a-vb-n?utm_source=rss_feed&amp;utm_medium=rss&amp;utm_campaign=rss_syndication\" target=\"_blank\" class=\"feedzy-rss-link-icon\">elolvasom<\/a><\/p>\n","protected":false},"excerpt":{"rendered":"<p>Cs\u00fct\u00f6rt\u00f6k\u00f6n az ir\u00e1ni deleg\u00e1ci\u00f3 n\u00e9lk\u00fcl kezd\u0151d\u00f6tt meg a FIFA kongresszusa Vancouverben: a deleg\u00e1ci\u00f3 tagjai a toront\u00f3i rept\u00e9ren visszafordultak, miut\u00e1n a kanadai hat\u00e1r\u0151r\u00f6k egy szem\u00e9lyt nem engedtek be, b\u00e1r az ir\u00e1niak szerint \u00e9rv\u00e9nyes v\u00edzummal rendelkezett. A Reuters szerint h\u00e1rman voltak, k\u00f6z\u00fcl\u00fck ketten szabadon bel\u00e9phettek volna, de nem akartak; egy kanadai diplomata azt mondta, hogy az IRGC-tagokat [&hellip;]<\/p>\n","protected":false},"author":2,"featured_media":94870,"comment_status":"open","ping_status":"open","sticky":false,"template":"","format":"standard","meta":{"footnotes":""},"categories":[147],"tags":[],"class_list":["post-94869","post","type-post","status-publish","format-standard","has-post-thumbnail","hentry","category-altalanos"],"yoast_head":"<!-- This site is optimized with the Yoast SEO Premium plugin v26.2 (Yoast SEO v26.3) - https:\/\/yoast.com\/wordpress\/plugins\/seo\/ -->\n<title>A toront\u00f3i rept\u00e9rr\u0151l fordult vissza az ir\u00e1ni deleg\u00e1ci\u00f3 a FIFA-kongresszusra menet, de Infantino szerint ott lesznek a vb-n - H\u00edrhangya<\/title>\n<meta name=\"robots\" content=\"index, follow, max-snippet:-1, max-image-preview:large, max-video-preview:-1\" \/>\n<link rel=\"canonical\" href=\"https:\/\/hirhangya.hu\/index.php\/2026\/04\/30\/a-torontoi-repterrol-fordult-vissza-az-irani-delegacio-a-fifa-kongresszusra-menet-de-infantino-szerint-ott-lesznek-a-vb-n\/\" \/>\n<meta property=\"og:locale\" content=\"hu_HU\" \/>\n<meta property=\"og:type\" content=\"article\" \/>\n<meta property=\"og:title\" content=\"A toront\u00f3i rept\u00e9rr\u0151l fordult vissza az ir\u00e1ni deleg\u00e1ci\u00f3 a FIFA-kongresszusra menet, de Infantino szerint ott lesznek a vb-n\" \/>\n<meta property=\"og:description\" content=\"Cs\u00fct\u00f6rt\u00f6k\u00f6n az ir\u00e1ni deleg\u00e1ci\u00f3 n\u00e9lk\u00fcl kezd\u0151d\u00f6tt meg a FIFA kongresszusa Vancouverben: a deleg\u00e1ci\u00f3 tagjai a toront\u00f3i rept\u00e9ren visszafordultak, miut\u00e1n a kanadai hat\u00e1r\u0151r\u00f6k egy szem\u00e9lyt nem engedtek be, b\u00e1r az ir\u00e1niak szerint \u00e9rv\u00e9nyes v\u00edzummal rendelkezett. A Reuters szerint h\u00e1rman voltak, k\u00f6z\u00fcl\u00fck ketten szabadon bel\u00e9phettek volna, de nem akartak; egy kanadai diplomata azt mondta, hogy az IRGC-tagokat [&hellip;]\" \/>\n<meta property=\"og:url\" content=\"https:\/\/hirhangya.hu\/index.php\/2026\/04\/30\/a-torontoi-repterrol-fordult-vissza-az-irani-delegacio-a-fifa-kongresszusra-menet-de-infantino-szerint-ott-lesznek-a-vb-n\/\" \/>\n<meta property=\"og:site_name\" content=\"H\u00edrhangya\" \/>\n<meta property=\"article:published_time\" content=\"2026-04-30T21:12:22+00:00\" \/>\n<meta name=\"author\" content=\"Nemes Gabor\" \/>\n<meta name=\"twitter:card\" content=\"summary_large_image\" \/>\n<meta name=\"twitter:label1\" content=\"Szerz\u0151:\" \/>\n\t<meta name=\"twitter:data1\" content=\"Nemes Gabor\" \/>\n\t<meta name=\"twitter:label2\" content=\"Becs\u00fclt olvas\u00e1si id\u0151\" \/>\n\t<meta name=\"twitter:data2\" content=\"1 perc\" \/>\n<script type=\"application\/ld+json\" class=\"yoast-schema-graph\">{\"@context\":\"https:\/\/schema.org\",\"@graph\":[{\"@type\":\"Article\",\"@id\":\"https:\/\/hirhangya.hu\/index.php\/2026\/04\/30\/a-torontoi-repterrol-fordult-vissza-az-irani-delegacio-a-fifa-kongresszusra-menet-de-infantino-szerint-ott-lesznek-a-vb-n\/#article\",\"isPartOf\":{\"@id\":\"https:\/\/hirhangya.hu\/index.php\/2026\/04\/30\/a-torontoi-repterrol-fordult-vissza-az-irani-delegacio-a-fifa-kongresszusra-menet-de-infantino-szerint-ott-lesznek-a-vb-n\/\"},\"author\":{\"name\":\"Nemes Gabor\",\"@id\":\"https:\/\/hirhangya.hu\/#\/schema\/person\/ad1b32f6cde48eb8bc14fa7efd4d70b5\"},\"headline\":\"A toront\u00f3i rept\u00e9rr\u0151l fordult vissza az ir\u00e1ni deleg\u00e1ci\u00f3 a FIFA-kongresszusra menet, de Infantino szerint ott lesznek a vb-n\",\"datePublished\":\"2026-04-30T21:12:22+00:00\",\"mainEntityOfPage\":{\"@id\":\"https:\/\/hirhangya.hu\/index.php\/2026\/04\/30\/a-torontoi-repterrol-fordult-vissza-az-irani-delegacio-a-fifa-kongresszusra-menet-de-infantino-szerint-ott-lesznek-a-vb-n\/\"},\"wordCount\":274,\"commentCount\":0,\"publisher\":{\"@id\":\"https:\/\/hirhangya.hu\/#organization\"},\"image\":{\"@id\":\"https:\/\/hirhangya.hu\/index.php\/2026\/04\/30\/a-torontoi-repterrol-fordult-vissza-az-irani-delegacio-a-fifa-kongresszusra-menet-de-infantino-szerint-ott-lesznek-a-vb-n\/#primaryimage\"},\"thumbnailUrl\":\"https:\/\/hirhangya.hu\/wp-content\/uploads\/2026\/04\/8KsKV0n6y6DoGWBKs-aRihuN.jpg\",\"articleSection\":[\"\u00c1ltal\u00e1nos\"],\"inLanguage\":\"hu\",\"potentialAction\":[{\"@type\":\"CommentAction\",\"name\":\"Comment\",\"target\":[\"https:\/\/hirhangya.hu\/index.php\/2026\/04\/30\/a-torontoi-repterrol-fordult-vissza-az-irani-delegacio-a-fifa-kongresszusra-menet-de-infantino-szerint-ott-lesznek-a-vb-n\/#respond\"]}]},{\"@type\":\"WebPage\",\"@id\":\"https:\/\/hirhangya.hu\/index.php\/2026\/04\/30\/a-torontoi-repterrol-fordult-vissza-az-irani-delegacio-a-fifa-kongresszusra-menet-de-infantino-szerint-ott-lesznek-a-vb-n\/\",\"url\":\"https:\/\/hirhangya.hu\/index.php\/2026\/04\/30\/a-torontoi-repterrol-fordult-vissza-az-irani-delegacio-a-fifa-kongresszusra-menet-de-infantino-szerint-ott-lesznek-a-vb-n\/\",\"name\":\"A toront\u00f3i rept\u00e9rr\u0151l fordult vissza az ir\u00e1ni deleg\u00e1ci\u00f3 a FIFA-kongresszusra menet, de Infantino szerint ott lesznek a vb-n - H\u00edrhangya\",\"isPartOf\":{\"@id\":\"https:\/\/hirhangya.hu\/#website\"},\"primaryImageOfPage\":{\"@id\":\"https:\/\/hirhangya.hu\/index.php\/2026\/04\/30\/a-torontoi-repterrol-fordult-vissza-az-irani-delegacio-a-fifa-kongresszusra-menet-de-infantino-szerint-ott-lesznek-a-vb-n\/#primaryimage\"},\"image\":{\"@id\":\"https:\/\/hirhangya.hu\/index.php\/2026\/04\/30\/a-torontoi-repterrol-fordult-vissza-az-irani-delegacio-a-fifa-kongresszusra-menet-de-infantino-szerint-ott-lesznek-a-vb-n\/#primaryimage\"},\"thumbnailUrl\":\"https:\/\/hirhangya.hu\/wp-content\/uploads\/2026\/04\/8KsKV0n6y6DoGWBKs-aRihuN.jpg\",\"datePublished\":\"2026-04-30T21:12:22+00:00\",\"breadcrumb\":{\"@id\":\"https:\/\/hirhangya.hu\/index.php\/2026\/04\/30\/a-torontoi-repterrol-fordult-vissza-az-irani-delegacio-a-fifa-kongresszusra-menet-de-infantino-szerint-ott-lesznek-a-vb-n\/#breadcrumb\"},\"inLanguage\":\"hu\",\"potentialAction\":[{\"@type\":\"ReadAction\",\"target\":[\"https:\/\/hirhangya.hu\/index.php\/2026\/04\/30\/a-torontoi-repterrol-fordult-vissza-az-irani-delegacio-a-fifa-kongresszusra-menet-de-infantino-szerint-ott-lesznek-a-vb-n\/\"]}]},{\"@type\":\"ImageObject\",\"inLanguage\":\"hu\",\"@id\":\"https:\/\/hirhangya.hu\/index.php\/2026\/04\/30\/a-torontoi-repterrol-fordult-vissza-az-irani-delegacio-a-fifa-kongresszusra-menet-de-infantino-szerint-ott-lesznek-a-vb-n\/#primaryimage\",\"url\":\"https:\/\/hirhangya.hu\/wp-content\/uploads\/2026\/04\/8KsKV0n6y6DoGWBKs-aRihuN.jpg\",\"contentUrl\":\"https:\/\/hirhangya.hu\/wp-content\/uploads\/2026\/04\/8KsKV0n6y6DoGWBKs-aRihuN.jpg\",\"width\":1024,\"height\":702},{\"@type\":\"BreadcrumbList\",\"@id\":\"https:\/\/hirhangya.hu\/index.php\/2026\/04\/30\/a-torontoi-repterrol-fordult-vissza-az-irani-delegacio-a-fifa-kongresszusra-menet-de-infantino-szerint-ott-lesznek-a-vb-n\/#breadcrumb\",\"itemListElement\":[{\"@type\":\"ListItem\",\"position\":1,\"name\":\"Home\",\"item\":\"https:\/\/hirhangya.hu\/\"},{\"@type\":\"ListItem\",\"position\":2,\"name\":\"A toront\u00f3i rept\u00e9rr\u0151l fordult vissza az ir\u00e1ni deleg\u00e1ci\u00f3 a FIFA-kongresszusra menet, de Infantino szerint ott lesznek a vb-n\"}]},{\"@type\":\"WebSite\",\"@id\":\"https:\/\/hirhangya.hu\/#website\",\"url\":\"https:\/\/hirhangya.hu\/\",\"name\":\"H\u00edrhangya\",\"description\":\"Szorgalmasan \u00f6sszehordjuk a legfrissebb h\u00edreket\",\"publisher\":{\"@id\":\"https:\/\/hirhangya.hu\/#organization\"},\"potentialAction\":[{\"@type\":\"SearchAction\",\"target\":{\"@type\":\"EntryPoint\",\"urlTemplate\":\"https:\/\/hirhangya.hu\/?s={search_term_string}\"},\"query-input\":{\"@type\":\"PropertyValueSpecification\",\"valueRequired\":true,\"valueName\":\"search_term_string\"}}],\"inLanguage\":\"hu\"},{\"@type\":\"Organization\",\"@id\":\"https:\/\/hirhangya.hu\/#organization\",\"name\":\"H\u00edrhangya\",\"url\":\"https:\/\/hirhangya.hu\/\",\"logo\":{\"@type\":\"ImageObject\",\"inLanguage\":\"hu\",\"@id\":\"https:\/\/hirhangya.hu\/#\/schema\/logo\/image\/\",\"url\":\"https:\/\/hirhangya.hu\/wp-content\/uploads\/2025\/06\/cropped-cropped-hirhangya-logo-szoveges-scaled-1-e1750064323596.jpg\",\"contentUrl\":\"https:\/\/hirhangya.hu\/wp-content\/uploads\/2025\/06\/cropped-cropped-hirhangya-logo-szoveges-scaled-1-e1750064323596.jpg\",\"width\":350,\"height\":100,\"caption\":\"H\u00edrhangya\"},\"image\":{\"@id\":\"https:\/\/hirhangya.hu\/#\/schema\/logo\/image\/\"}},{\"@type\":\"Person\",\"@id\":\"https:\/\/hirhangya.hu\/#\/schema\/person\/ad1b32f6cde48eb8bc14fa7efd4d70b5\",\"name\":\"Nemes Gabor\",\"image\":{\"@type\":\"ImageObject\",\"inLanguage\":\"hu\",\"@id\":\"https:\/\/hirhangya.hu\/#\/schema\/person\/image\/\",\"url\":\"https:\/\/secure.gravatar.com\/avatar\/92c2a9c67399a3a1c5444228b3ae3f850f3218d7c18ff5ed44a84130d5b474f3?s=96&d=mm&r=g\",\"contentUrl\":\"https:\/\/secure.gravatar.com\/avatar\/92c2a9c67399a3a1c5444228b3ae3f850f3218d7c18ff5ed44a84130d5b474f3?s=96&d=mm&r=g\",\"caption\":\"Nemes Gabor\"},\"url\":\"https:\/\/hirhangya.hu\/index.php\/author\/hex324\/\"}]}<\/script>\n<!-- \/ Yoast SEO Premium plugin. -->","yoast_head_json":{"title":"A toront\u00f3i rept\u00e9rr\u0151l fordult vissza az ir\u00e1ni deleg\u00e1ci\u00f3 a FIFA-kongresszusra menet, de Infantino szerint ott lesznek a vb-n - H\u00edrhangya","robots":{"index":"index","follow":"follow","max-snippet":"max-snippet:-1","max-image-preview":"max-image-preview:large","max-video-preview":"max-video-preview:-1"},"canonical":"https:\/\/hirhangya.hu\/index.php\/2026\/04\/30\/a-torontoi-repterrol-fordult-vissza-az-irani-delegacio-a-fifa-kongresszusra-menet-de-infantino-szerint-ott-lesznek-a-vb-n\/","og_locale":"hu_HU","og_type":"article","og_title":"A toront\u00f3i rept\u00e9rr\u0151l fordult vissza az ir\u00e1ni deleg\u00e1ci\u00f3 a FIFA-kongresszusra menet, de Infantino szerint ott lesznek a vb-n","og_description":"Cs\u00fct\u00f6rt\u00f6k\u00f6n az ir\u00e1ni deleg\u00e1ci\u00f3 n\u00e9lk\u00fcl kezd\u0151d\u00f6tt meg a FIFA kongresszusa Vancouverben: a deleg\u00e1ci\u00f3 tagjai a toront\u00f3i rept\u00e9ren visszafordultak, miut\u00e1n a kanadai hat\u00e1r\u0151r\u00f6k egy szem\u00e9lyt nem engedtek be, b\u00e1r az ir\u00e1niak szerint \u00e9rv\u00e9nyes v\u00edzummal rendelkezett. A Reuters szerint h\u00e1rman voltak, k\u00f6z\u00fcl\u00fck ketten szabadon bel\u00e9phettek volna, de nem akartak; egy kanadai diplomata azt mondta, hogy az IRGC-tagokat [&hellip;]","og_url":"https:\/\/hirhangya.hu\/index.php\/2026\/04\/30\/a-torontoi-repterrol-fordult-vissza-az-irani-delegacio-a-fifa-kongresszusra-menet-de-infantino-szerint-ott-lesznek-a-vb-n\/","og_site_name":"H\u00edrhangya","article_published_time":"2026-04-30T21:12:22+00:00","author":"Nemes Gabor","twitter_card":"summary_large_image","twitter_misc":{"Szerz\u0151:":"Nemes Gabor","Becs\u00fclt olvas\u00e1si id\u0151":"1 perc"},"schema":{"@context":"https:\/\/schema.org","@graph":[{"@type":"Article","@id":"https:\/\/hirhangya.hu\/index.php\/2026\/04\/30\/a-torontoi-repterrol-fordult-vissza-az-irani-delegacio-a-fifa-kongresszusra-menet-de-infantino-szerint-ott-lesznek-a-vb-n\/#article","isPartOf":{"@id":"https:\/\/hirhangya.hu\/index.php\/2026\/04\/30\/a-torontoi-repterrol-fordult-vissza-az-irani-delegacio-a-fifa-kongresszusra-menet-de-infantino-szerint-ott-lesznek-a-vb-n\/"},"author":{"name":"Nemes Gabor","@id":"https:\/\/hirhangya.hu\/#\/schema\/person\/ad1b32f6cde48eb8bc14fa7efd4d70b5"},"headline":"A toront\u00f3i rept\u00e9rr\u0151l fordult vissza az ir\u00e1ni deleg\u00e1ci\u00f3 a FIFA-kongresszusra menet, de Infantino szerint ott lesznek a vb-n","datePublished":"2026-04-30T21:12:22+00:00","mainEntityOfPage":{"@id":"https:\/\/hirhangya.hu\/index.php\/2026\/04\/30\/a-torontoi-repterrol-fordult-vissza-az-irani-delegacio-a-fifa-kongresszusra-menet-de-infantino-szerint-ott-lesznek-a-vb-n\/"},"wordCount":274,"commentCount":0,"publisher":{"@id":"https:\/\/hirhangya.hu\/#organization"},"image":{"@id":"https:\/\/hirhangya.hu\/index.php\/2026\/04\/30\/a-torontoi-repterrol-fordult-vissza-az-irani-delegacio-a-fifa-kongresszusra-menet-de-infantino-szerint-ott-lesznek-a-vb-n\/#primaryimage"},"thumbnailUrl":"https:\/\/hirhangya.hu\/wp-content\/uploads\/2026\/04\/8KsKV0n6y6DoGWBKs-aRihuN.jpg","articleSection":["\u00c1ltal\u00e1nos"],"inLanguage":"hu","potentialAction":[{"@type":"CommentAction","name":"Comment","target":["https:\/\/hirhangya.hu\/index.php\/2026\/04\/30\/a-torontoi-repterrol-fordult-vissza-az-irani-delegacio-a-fifa-kongresszusra-menet-de-infantino-szerint-ott-lesznek-a-vb-n\/#respond"]}]},{"@type":"WebPage","@id":"https:\/\/hirhangya.hu\/index.php\/2026\/04\/30\/a-torontoi-repterrol-fordult-vissza-az-irani-delegacio-a-fifa-kongresszusra-menet-de-infantino-szerint-ott-lesznek-a-vb-n\/","url":"https:\/\/hirhangya.hu\/index.php\/2026\/04\/30\/a-torontoi-repterrol-fordult-vissza-az-irani-delegacio-a-fifa-kongresszusra-menet-de-infantino-szerint-ott-lesznek-a-vb-n\/","name":"A toront\u00f3i rept\u00e9rr\u0151l fordult vissza az ir\u00e1ni deleg\u00e1ci\u00f3 a FIFA-kongresszusra menet, de Infantino szerint ott lesznek a vb-n - H\u00edrhangya","isPartOf":{"@id":"https:\/\/hirhangya.hu\/#website"},"primaryImageOfPage":{"@id":"https:\/\/hirhangya.hu\/index.php\/2026\/04\/30\/a-torontoi-repterrol-fordult-vissza-az-irani-delegacio-a-fifa-kongresszusra-menet-de-infantino-szerint-ott-lesznek-a-vb-n\/#primaryimage"},"image":{"@id":"https:\/\/hirhangya.hu\/index.php\/2026\/04\/30\/a-torontoi-repterrol-fordult-vissza-az-irani-delegacio-a-fifa-kongresszusra-menet-de-infantino-szerint-ott-lesznek-a-vb-n\/#primaryimage"},"thumbnailUrl":"https:\/\/hirhangya.hu\/wp-content\/uploads\/2026\/04\/8KsKV0n6y6DoGWBKs-aRihuN.jpg","datePublished":"2026-04-30T21:12:22+00:00","breadcrumb":{"@id":"https:\/\/hirhangya.hu\/index.php\/2026\/04\/30\/a-torontoi-repterrol-fordult-vissza-az-irani-delegacio-a-fifa-kongresszusra-menet-de-infantino-szerint-ott-lesznek-a-vb-n\/#breadcrumb"},"inLanguage":"hu","potentialAction":[{"@type":"ReadAction","target":["https:\/\/hirhangya.hu\/index.php\/2026\/04\/30\/a-torontoi-repterrol-fordult-vissza-az-irani-delegacio-a-fifa-kongresszusra-menet-de-infantino-szerint-ott-lesznek-a-vb-n\/"]}]},{"@type":"ImageObject","inLanguage":"hu","@id":"https:\/\/hirhangya.hu\/index.php\/2026\/04\/30\/a-torontoi-repterrol-fordult-vissza-az-irani-delegacio-a-fifa-kongresszusra-menet-de-infantino-szerint-ott-lesznek-a-vb-n\/#primaryimage","url":"https:\/\/hirhangya.hu\/wp-content\/uploads\/2026\/04\/8KsKV0n6y6DoGWBKs-aRihuN.jpg","contentUrl":"https:\/\/hirhangya.hu\/wp-content\/uploads\/2026\/04\/8KsKV0n6y6DoGWBKs-aRihuN.jpg","width":1024,"height":702},{"@type":"BreadcrumbList","@id":"https:\/\/hirhangya.hu\/index.php\/2026\/04\/30\/a-torontoi-repterrol-fordult-vissza-az-irani-delegacio-a-fifa-kongresszusra-menet-de-infantino-szerint-ott-lesznek-a-vb-n\/#breadcrumb","itemListElement":[{"@type":"ListItem","position":1,"name":"Home","item":"https:\/\/hirhangya.hu\/"},{"@type":"ListItem","position":2,"name":"A toront\u00f3i rept\u00e9rr\u0151l fordult vissza az ir\u00e1ni deleg\u00e1ci\u00f3 a FIFA-kongresszusra menet, de Infantino szerint ott lesznek a vb-n"}]},{"@type":"WebSite","@id":"https:\/\/hirhangya.hu\/#website","url":"https:\/\/hirhangya.hu\/","name":"H\u00edrhangya","description":"Szorgalmasan \u00f6sszehordjuk a legfrissebb h\u00edreket","publisher":{"@id":"https:\/\/hirhangya.hu\/#organization"},"potentialAction":[{"@type":"SearchAction","target":{"@type":"EntryPoint","urlTemplate":"https:\/\/hirhangya.hu\/?s={search_term_string}"},"query-input":{"@type":"PropertyValueSpecification","valueRequired":true,"valueName":"search_term_string"}}],"inLanguage":"hu"},{"@type":"Organization","@id":"https:\/\/hirhangya.hu\/#organization","name":"H\u00edrhangya","url":"https:\/\/hirhangya.hu\/","logo":{"@type":"ImageObject","inLanguage":"hu","@id":"https:\/\/hirhangya.hu\/#\/schema\/logo\/image\/","url":"https:\/\/hirhangya.hu\/wp-content\/uploads\/2025\/06\/cropped-cropped-hirhangya-logo-szoveges-scaled-1-e1750064323596.jpg","contentUrl":"https:\/\/hirhangya.hu\/wp-content\/uploads\/2025\/06\/cropped-cropped-hirhangya-logo-szoveges-scaled-1-e1750064323596.jpg","width":350,"height":100,"caption":"H\u00edrhangya"},"image":{"@id":"https:\/\/hirhangya.hu\/#\/schema\/logo\/image\/"}},{"@type":"Person","@id":"https:\/\/hirhangya.hu\/#\/schema\/person\/ad1b32f6cde48eb8bc14fa7efd4d70b5","name":"Nemes Gabor","image":{"@type":"ImageObject","inLanguage":"hu","@id":"https:\/\/hirhangya.hu\/#\/schema\/person\/image\/","url":"https:\/\/secure.gravatar.com\/avatar\/92c2a9c67399a3a1c5444228b3ae3f850f3218d7c18ff5ed44a84130d5b474f3?s=96&d=mm&r=g","contentUrl":"https:\/\/secure.gravatar.com\/avatar\/92c2a9c67399a3a1c5444228b3ae3f850f3218d7c18ff5ed44a84130d5b474f3?s=96&d=mm&r=g","caption":"Nemes Gabor"},"url":"https:\/\/hirhangya.hu\/index.php\/author\/hex324\/"}]}},"_links":{"self":[{"href":"https:\/\/hirhangya.hu\/index.php\/wp-json\/wp\/v2\/posts\/94869","targetHints":{"allow":["GET"]}}],"collection":[{"href":"https:\/\/hirhangya.hu\/index.php\/wp-json\/wp\/v2\/posts"}],"about":[{"href":"https:\/\/hirhangya.hu\/index.php\/wp-json\/wp\/v2\/types\/post"}],"author":[{"embeddable":true,"href":"https:\/\/hirhangya.hu\/index.php\/wp-json\/wp\/v2\/users\/2"}],"replies":[{"embeddable":true,"href":"https:\/\/hirhangya.hu\/index.php\/wp-json\/wp\/v2\/comments?post=94869"}],"version-history":[{"count":0,"href":"https:\/\/hirhangya.hu\/index.php\/wp-json\/wp\/v2\/posts\/94869\/revisions"}],"wp:featuredmedia":[{"embeddable":true,"href":"https:\/\/hirhangya.hu\/index.php\/wp-json\/wp\/v2\/media\/94870"}],"wp:attachment":[{"href":"https:\/\/hirhangya.hu\/index.php\/wp-json\/wp\/v2\/media?parent=94869"}],"wp:term":[{"taxonomy":"category","embeddable":true,"href":"https:\/\/hirhangya.hu\/index.php\/wp-json\/wp\/v2\/categories?post=94869"},{"taxonomy":"post_tag","embeddable":true,"href":"https:\/\/hirhangya.hu\/index.php\/wp-json\/wp\/v2\/tags?post=94869"}],"curies":[{"name":"wp","href":"https:\/\/api.w.org\/{rel}","templated":true}]}}