{"id":94873,"date":"2026-04-30T21:13:24","date_gmt":"2026-04-30T21:13:24","guid":{"rendered":"https:\/\/hirhangya.hu\/index.php\/2026\/04\/30\/melania-trump-segitsegevel-jutott-haza-26-oroszok-altal-elrabolt-ukran-gyerek\/"},"modified":"2026-04-30T21:13:24","modified_gmt":"2026-04-30T21:13:24","slug":"melania-trump-segitsegevel-jutott-haza-26-oroszok-altal-elrabolt-ukran-gyerek","status":"publish","type":"post","link":"https:\/\/hirhangya.hu\/index.php\/2026\/04\/30\/melania-trump-segitsegevel-jutott-haza-26-oroszok-altal-elrabolt-ukran-gyerek\/","title":{"rendered":"Melania Trump seg\u00edts\u00e9g\u00e9vel jutott haza 26 oroszok \u00e1ltal elrabolt ukr\u00e1n gyerek"},"content":{"rendered":"<p>Az ukr\u00e1n emberi jogi ombudsman, Dmytro Lubinec szerint Melania Trump, az amerikai first lady kulcsszerepl\u0151v\u00e9 v\u00e1lt az Oroszorsz\u00e1ggal folytatott t\u00e1rgyal\u00e1sokban, \u00e9s el\u0151seg\u00edtette 26, Oroszorsz\u00e1g \u00e1ltal elrabolt ukr\u00e1n gyermek hazajuttat\u00e1s\u00e1t; Lubinec azt mondta, hogy a first lady bevon\u00e1sa megk\u00f6nny\u00edti a t\u00e1rgyal\u00e1sokat, Ukrajna hetente egyeztet vele, \u00e9s \u00fagy v\u00e9li, Oroszorsz\u00e1g nem ker\u00fclheti el a v\u00e1laszad\u00e1st az USA-n kereszt\u00fcl tov\u00e1bb\u00edtott k\u00e9r\u00e9sekre. <\/p>\n<p>A first lady 2025 augusztus\u00e1ban levelet \u00edrt Vlagyimir Putyinnak az elrabolt ukr\u00e1n gyerekek helyzet\u00e9r\u0151l, \u00e9s a Feh\u00e9r H\u00e1z n\u00e9gyszer jelezte, hogy ukr\u00e1n gyerekeket biztons\u00e1gban hazahoztak Oroszorsz\u00e1gb\u00f3l, a m\u0171veleteket a first ladynek \u00e9s egy meg nem nevezett k\u00e9pvisel\u0151nek tulajdon\u00edtva. Az amerikai k\u00fcl\u00fcgyminiszt\u00e9rium 25 milli\u00f3 doll\u00e1rt k\u00fcl\u00f6n\u00edtett el az elhurcolt gyermekek azonos\u00edt\u00e1s\u00e1ra, visszahozatal\u00e1ra \u00e9s rehabilit\u00e1ci\u00f3j\u00e1ra; Ukrajna eddig 20 570 elrabolt gyermeket azonos\u00edtott, de ukr\u00e1n tisztvisel\u0151k szerint a val\u00f3s sz\u00e1m j\u00f3val magasabb lehet \u2014 Lubinec ak\u00e1r 150 ezerre, m\u00edg Darja Heraszimcsuk 200\u2013300 ezerre becs\u00fcli a lehets\u00e9ges l\u00e9tsz\u00e1mot (Kyiv Independent).<\/p>\n<p>Eredeti cikk: <a href=\"https:\/\/444.hu\/2026\/04\/30\/melania-trump-segitsegevel-jutott-haza-26-oroszorszag-altal-elrabolt-ukran-gyerek?utm_source=rss_feed&amp;utm_medium=rss&amp;utm_campaign=rss_syndication\" target=\"_blank\" class=\"feedzy-rss-link-icon\">elolvasom<\/a><\/p>\n","protected":false},"excerpt":{"rendered":"<p>Az ukr\u00e1n emberi jogi ombudsman, Dmytro Lubinec szerint Melania Trump, az amerikai first lady kulcsszerepl\u0151v\u00e9 v\u00e1lt az Oroszorsz\u00e1ggal folytatott t\u00e1rgyal\u00e1sokban, \u00e9s el\u0151seg\u00edtette 26, Oroszorsz\u00e1g \u00e1ltal elrabolt ukr\u00e1n gyermek hazajuttat\u00e1s\u00e1t; Lubinec azt mondta, hogy a first lady bevon\u00e1sa megk\u00f6nny\u00edti a t\u00e1rgyal\u00e1sokat, Ukrajna hetente egyeztet vele, \u00e9s \u00fagy v\u00e9li, Oroszorsz\u00e1g nem ker\u00fclheti el a v\u00e1laszad\u00e1st az USA-n [&hellip;]<\/p>\n","protected":false},"author":2,"featured_media":94874,"comment_status":"open","ping_status":"open","sticky":false,"template":"","format":"standard","meta":{"footnotes":""},"categories":[147],"tags":[],"class_list":["post-94873","post","type-post","status-publish","format-standard","has-post-thumbnail","hentry","category-altalanos"],"yoast_head":"<!-- This site is optimized with the Yoast SEO Premium plugin v26.2 (Yoast SEO v26.3) - https:\/\/yoast.com\/wordpress\/plugins\/seo\/ -->\n<title>Melania Trump seg\u00edts\u00e9g\u00e9vel jutott haza 26 oroszok \u00e1ltal elrabolt ukr\u00e1n gyerek - H\u00edrhangya<\/title>\n<meta name=\"robots\" content=\"index, follow, max-snippet:-1, max-image-preview:large, max-video-preview:-1\" \/>\n<link rel=\"canonical\" href=\"https:\/\/hirhangya.hu\/index.php\/2026\/04\/30\/melania-trump-segitsegevel-jutott-haza-26-oroszok-altal-elrabolt-ukran-gyerek\/\" \/>\n<meta property=\"og:locale\" content=\"hu_HU\" \/>\n<meta property=\"og:type\" content=\"article\" \/>\n<meta property=\"og:title\" content=\"Melania Trump seg\u00edts\u00e9g\u00e9vel jutott haza 26 oroszok \u00e1ltal elrabolt ukr\u00e1n gyerek\" \/>\n<meta property=\"og:description\" content=\"Az ukr\u00e1n emberi jogi ombudsman, Dmytro Lubinec szerint Melania Trump, az amerikai first lady kulcsszerepl\u0151v\u00e9 v\u00e1lt az Oroszorsz\u00e1ggal folytatott t\u00e1rgyal\u00e1sokban, \u00e9s el\u0151seg\u00edtette 26, Oroszorsz\u00e1g \u00e1ltal elrabolt ukr\u00e1n gyermek hazajuttat\u00e1s\u00e1t; Lubinec azt mondta, hogy a first lady bevon\u00e1sa megk\u00f6nny\u00edti a t\u00e1rgyal\u00e1sokat, Ukrajna hetente egyeztet vele, \u00e9s \u00fagy v\u00e9li, Oroszorsz\u00e1g nem ker\u00fclheti el a v\u00e1laszad\u00e1st az USA-n [&hellip;]\" \/>\n<meta property=\"og:url\" content=\"https:\/\/hirhangya.hu\/index.php\/2026\/04\/30\/melania-trump-segitsegevel-jutott-haza-26-oroszok-altal-elrabolt-ukran-gyerek\/\" \/>\n<meta property=\"og:site_name\" content=\"H\u00edrhangya\" \/>\n<meta property=\"article:published_time\" content=\"2026-04-30T21:13:24+00:00\" \/>\n<meta name=\"author\" content=\"Nemes Gabor\" \/>\n<meta name=\"twitter:card\" content=\"summary_large_image\" \/>\n<meta name=\"twitter:label1\" content=\"Szerz\u0151:\" \/>\n\t<meta name=\"twitter:data1\" content=\"Nemes Gabor\" \/>\n\t<meta name=\"twitter:label2\" content=\"Becs\u00fclt olvas\u00e1si id\u0151\" \/>\n\t<meta name=\"twitter:data2\" content=\"1 perc\" \/>\n<script type=\"application\/ld+json\" class=\"yoast-schema-graph\">{\"@context\":\"https:\/\/schema.org\",\"@graph\":[{\"@type\":\"Article\",\"@id\":\"https:\/\/hirhangya.hu\/index.php\/2026\/04\/30\/melania-trump-segitsegevel-jutott-haza-26-oroszok-altal-elrabolt-ukran-gyerek\/#article\",\"isPartOf\":{\"@id\":\"https:\/\/hirhangya.hu\/index.php\/2026\/04\/30\/melania-trump-segitsegevel-jutott-haza-26-oroszok-altal-elrabolt-ukran-gyerek\/\"},\"author\":{\"name\":\"Nemes Gabor\",\"@id\":\"https:\/\/hirhangya.hu\/#\/schema\/person\/ad1b32f6cde48eb8bc14fa7efd4d70b5\"},\"headline\":\"Melania Trump seg\u00edts\u00e9g\u00e9vel jutott haza 26 oroszok \u00e1ltal elrabolt ukr\u00e1n gyerek\",\"datePublished\":\"2026-04-30T21:13:24+00:00\",\"mainEntityOfPage\":{\"@id\":\"https:\/\/hirhangya.hu\/index.php\/2026\/04\/30\/melania-trump-segitsegevel-jutott-haza-26-oroszok-altal-elrabolt-ukran-gyerek\/\"},\"wordCount\":221,\"commentCount\":0,\"publisher\":{\"@id\":\"https:\/\/hirhangya.hu\/#organization\"},\"image\":{\"@id\":\"https:\/\/hirhangya.hu\/index.php\/2026\/04\/30\/melania-trump-segitsegevel-jutott-haza-26-oroszok-altal-elrabolt-ukran-gyerek\/#primaryimage\"},\"thumbnailUrl\":\"https:\/\/hirhangya.hu\/wp-content\/uploads\/2026\/04\/8KMCp47kDjIU1S9y6s-bazNaa.jpg\",\"articleSection\":[\"\u00c1ltal\u00e1nos\"],\"inLanguage\":\"hu\",\"potentialAction\":[{\"@type\":\"CommentAction\",\"name\":\"Comment\",\"target\":[\"https:\/\/hirhangya.hu\/index.php\/2026\/04\/30\/melania-trump-segitsegevel-jutott-haza-26-oroszok-altal-elrabolt-ukran-gyerek\/#respond\"]}]},{\"@type\":\"WebPage\",\"@id\":\"https:\/\/hirhangya.hu\/index.php\/2026\/04\/30\/melania-trump-segitsegevel-jutott-haza-26-oroszok-altal-elrabolt-ukran-gyerek\/\",\"url\":\"https:\/\/hirhangya.hu\/index.php\/2026\/04\/30\/melania-trump-segitsegevel-jutott-haza-26-oroszok-altal-elrabolt-ukran-gyerek\/\",\"name\":\"Melania Trump seg\u00edts\u00e9g\u00e9vel jutott haza 26 oroszok \u00e1ltal elrabolt ukr\u00e1n gyerek - H\u00edrhangya\",\"isPartOf\":{\"@id\":\"https:\/\/hirhangya.hu\/#website\"},\"primaryImageOfPage\":{\"@id\":\"https:\/\/hirhangya.hu\/index.php\/2026\/04\/30\/melania-trump-segitsegevel-jutott-haza-26-oroszok-altal-elrabolt-ukran-gyerek\/#primaryimage\"},\"image\":{\"@id\":\"https:\/\/hirhangya.hu\/index.php\/2026\/04\/30\/melania-trump-segitsegevel-jutott-haza-26-oroszok-altal-elrabolt-ukran-gyerek\/#primaryimage\"},\"thumbnailUrl\":\"https:\/\/hirhangya.hu\/wp-content\/uploads\/2026\/04\/8KMCp47kDjIU1S9y6s-bazNaa.jpg\",\"datePublished\":\"2026-04-30T21:13:24+00:00\",\"breadcrumb\":{\"@id\":\"https:\/\/hirhangya.hu\/index.php\/2026\/04\/30\/melania-trump-segitsegevel-jutott-haza-26-oroszok-altal-elrabolt-ukran-gyerek\/#breadcrumb\"},\"inLanguage\":\"hu\",\"potentialAction\":[{\"@type\":\"ReadAction\",\"target\":[\"https:\/\/hirhangya.hu\/index.php\/2026\/04\/30\/melania-trump-segitsegevel-jutott-haza-26-oroszok-altal-elrabolt-ukran-gyerek\/\"]}]},{\"@type\":\"ImageObject\",\"inLanguage\":\"hu\",\"@id\":\"https:\/\/hirhangya.hu\/index.php\/2026\/04\/30\/melania-trump-segitsegevel-jutott-haza-26-oroszok-altal-elrabolt-ukran-gyerek\/#primaryimage\",\"url\":\"https:\/\/hirhangya.hu\/wp-content\/uploads\/2026\/04\/8KMCp47kDjIU1S9y6s-bazNaa.jpg\",\"contentUrl\":\"https:\/\/hirhangya.hu\/wp-content\/uploads\/2026\/04\/8KMCp47kDjIU1S9y6s-bazNaa.jpg\",\"width\":2000,\"height\":1333},{\"@type\":\"BreadcrumbList\",\"@id\":\"https:\/\/hirhangya.hu\/index.php\/2026\/04\/30\/melania-trump-segitsegevel-jutott-haza-26-oroszok-altal-elrabolt-ukran-gyerek\/#breadcrumb\",\"itemListElement\":[{\"@type\":\"ListItem\",\"position\":1,\"name\":\"Home\",\"item\":\"https:\/\/hirhangya.hu\/\"},{\"@type\":\"ListItem\",\"position\":2,\"name\":\"Melania Trump seg\u00edts\u00e9g\u00e9vel jutott haza 26 oroszok \u00e1ltal elrabolt ukr\u00e1n gyerek\"}]},{\"@type\":\"WebSite\",\"@id\":\"https:\/\/hirhangya.hu\/#website\",\"url\":\"https:\/\/hirhangya.hu\/\",\"name\":\"H\u00edrhangya\",\"description\":\"Szorgalmasan \u00f6sszehordjuk a legfrissebb h\u00edreket\",\"publisher\":{\"@id\":\"https:\/\/hirhangya.hu\/#organization\"},\"potentialAction\":[{\"@type\":\"SearchAction\",\"target\":{\"@type\":\"EntryPoint\",\"urlTemplate\":\"https:\/\/hirhangya.hu\/?s={search_term_string}\"},\"query-input\":{\"@type\":\"PropertyValueSpecification\",\"valueRequired\":true,\"valueName\":\"search_term_string\"}}],\"inLanguage\":\"hu\"},{\"@type\":\"Organization\",\"@id\":\"https:\/\/hirhangya.hu\/#organization\",\"name\":\"H\u00edrhangya\",\"url\":\"https:\/\/hirhangya.hu\/\",\"logo\":{\"@type\":\"ImageObject\",\"inLanguage\":\"hu\",\"@id\":\"https:\/\/hirhangya.hu\/#\/schema\/logo\/image\/\",\"url\":\"https:\/\/hirhangya.hu\/wp-content\/uploads\/2025\/06\/cropped-cropped-hirhangya-logo-szoveges-scaled-1-e1750064323596.jpg\",\"contentUrl\":\"https:\/\/hirhangya.hu\/wp-content\/uploads\/2025\/06\/cropped-cropped-hirhangya-logo-szoveges-scaled-1-e1750064323596.jpg\",\"width\":350,\"height\":100,\"caption\":\"H\u00edrhangya\"},\"image\":{\"@id\":\"https:\/\/hirhangya.hu\/#\/schema\/logo\/image\/\"}},{\"@type\":\"Person\",\"@id\":\"https:\/\/hirhangya.hu\/#\/schema\/person\/ad1b32f6cde48eb8bc14fa7efd4d70b5\",\"name\":\"Nemes Gabor\",\"image\":{\"@type\":\"ImageObject\",\"inLanguage\":\"hu\",\"@id\":\"https:\/\/hirhangya.hu\/#\/schema\/person\/image\/\",\"url\":\"https:\/\/secure.gravatar.com\/avatar\/92c2a9c67399a3a1c5444228b3ae3f850f3218d7c18ff5ed44a84130d5b474f3?s=96&d=mm&r=g\",\"contentUrl\":\"https:\/\/secure.gravatar.com\/avatar\/92c2a9c67399a3a1c5444228b3ae3f850f3218d7c18ff5ed44a84130d5b474f3?s=96&d=mm&r=g\",\"caption\":\"Nemes Gabor\"},\"url\":\"https:\/\/hirhangya.hu\/index.php\/author\/hex324\/\"}]}<\/script>\n<!-- \/ Yoast SEO Premium plugin. -->","yoast_head_json":{"title":"Melania Trump seg\u00edts\u00e9g\u00e9vel jutott haza 26 oroszok \u00e1ltal elrabolt ukr\u00e1n gyerek - H\u00edrhangya","robots":{"index":"index","follow":"follow","max-snippet":"max-snippet:-1","max-image-preview":"max-image-preview:large","max-video-preview":"max-video-preview:-1"},"canonical":"https:\/\/hirhangya.hu\/index.php\/2026\/04\/30\/melania-trump-segitsegevel-jutott-haza-26-oroszok-altal-elrabolt-ukran-gyerek\/","og_locale":"hu_HU","og_type":"article","og_title":"Melania Trump seg\u00edts\u00e9g\u00e9vel jutott haza 26 oroszok \u00e1ltal elrabolt ukr\u00e1n gyerek","og_description":"Az ukr\u00e1n emberi jogi ombudsman, Dmytro Lubinec szerint Melania Trump, az amerikai first lady kulcsszerepl\u0151v\u00e9 v\u00e1lt az Oroszorsz\u00e1ggal folytatott t\u00e1rgyal\u00e1sokban, \u00e9s el\u0151seg\u00edtette 26, Oroszorsz\u00e1g \u00e1ltal elrabolt ukr\u00e1n gyermek hazajuttat\u00e1s\u00e1t; Lubinec azt mondta, hogy a first lady bevon\u00e1sa megk\u00f6nny\u00edti a t\u00e1rgyal\u00e1sokat, Ukrajna hetente egyeztet vele, \u00e9s \u00fagy v\u00e9li, Oroszorsz\u00e1g nem ker\u00fclheti el a v\u00e1laszad\u00e1st az USA-n [&hellip;]","og_url":"https:\/\/hirhangya.hu\/index.php\/2026\/04\/30\/melania-trump-segitsegevel-jutott-haza-26-oroszok-altal-elrabolt-ukran-gyerek\/","og_site_name":"H\u00edrhangya","article_published_time":"2026-04-30T21:13:24+00:00","author":"Nemes Gabor","twitter_card":"summary_large_image","twitter_misc":{"Szerz\u0151:":"Nemes Gabor","Becs\u00fclt olvas\u00e1si id\u0151":"1 perc"},"schema":{"@context":"https:\/\/schema.org","@graph":[{"@type":"Article","@id":"https:\/\/hirhangya.hu\/index.php\/2026\/04\/30\/melania-trump-segitsegevel-jutott-haza-26-oroszok-altal-elrabolt-ukran-gyerek\/#article","isPartOf":{"@id":"https:\/\/hirhangya.hu\/index.php\/2026\/04\/30\/melania-trump-segitsegevel-jutott-haza-26-oroszok-altal-elrabolt-ukran-gyerek\/"},"author":{"name":"Nemes Gabor","@id":"https:\/\/hirhangya.hu\/#\/schema\/person\/ad1b32f6cde48eb8bc14fa7efd4d70b5"},"headline":"Melania Trump seg\u00edts\u00e9g\u00e9vel jutott haza 26 oroszok \u00e1ltal elrabolt ukr\u00e1n gyerek","datePublished":"2026-04-30T21:13:24+00:00","mainEntityOfPage":{"@id":"https:\/\/hirhangya.hu\/index.php\/2026\/04\/30\/melania-trump-segitsegevel-jutott-haza-26-oroszok-altal-elrabolt-ukran-gyerek\/"},"wordCount":221,"commentCount":0,"publisher":{"@id":"https:\/\/hirhangya.hu\/#organization"},"image":{"@id":"https:\/\/hirhangya.hu\/index.php\/2026\/04\/30\/melania-trump-segitsegevel-jutott-haza-26-oroszok-altal-elrabolt-ukran-gyerek\/#primaryimage"},"thumbnailUrl":"https:\/\/hirhangya.hu\/wp-content\/uploads\/2026\/04\/8KMCp47kDjIU1S9y6s-bazNaa.jpg","articleSection":["\u00c1ltal\u00e1nos"],"inLanguage":"hu","potentialAction":[{"@type":"CommentAction","name":"Comment","target":["https:\/\/hirhangya.hu\/index.php\/2026\/04\/30\/melania-trump-segitsegevel-jutott-haza-26-oroszok-altal-elrabolt-ukran-gyerek\/#respond"]}]},{"@type":"WebPage","@id":"https:\/\/hirhangya.hu\/index.php\/2026\/04\/30\/melania-trump-segitsegevel-jutott-haza-26-oroszok-altal-elrabolt-ukran-gyerek\/","url":"https:\/\/hirhangya.hu\/index.php\/2026\/04\/30\/melania-trump-segitsegevel-jutott-haza-26-oroszok-altal-elrabolt-ukran-gyerek\/","name":"Melania Trump seg\u00edts\u00e9g\u00e9vel jutott haza 26 oroszok \u00e1ltal elrabolt ukr\u00e1n gyerek - H\u00edrhangya","isPartOf":{"@id":"https:\/\/hirhangya.hu\/#website"},"primaryImageOfPage":{"@id":"https:\/\/hirhangya.hu\/index.php\/2026\/04\/30\/melania-trump-segitsegevel-jutott-haza-26-oroszok-altal-elrabolt-ukran-gyerek\/#primaryimage"},"image":{"@id":"https:\/\/hirhangya.hu\/index.php\/2026\/04\/30\/melania-trump-segitsegevel-jutott-haza-26-oroszok-altal-elrabolt-ukran-gyerek\/#primaryimage"},"thumbnailUrl":"https:\/\/hirhangya.hu\/wp-content\/uploads\/2026\/04\/8KMCp47kDjIU1S9y6s-bazNaa.jpg","datePublished":"2026-04-30T21:13:24+00:00","breadcrumb":{"@id":"https:\/\/hirhangya.hu\/index.php\/2026\/04\/30\/melania-trump-segitsegevel-jutott-haza-26-oroszok-altal-elrabolt-ukran-gyerek\/#breadcrumb"},"inLanguage":"hu","potentialAction":[{"@type":"ReadAction","target":["https:\/\/hirhangya.hu\/index.php\/2026\/04\/30\/melania-trump-segitsegevel-jutott-haza-26-oroszok-altal-elrabolt-ukran-gyerek\/"]}]},{"@type":"ImageObject","inLanguage":"hu","@id":"https:\/\/hirhangya.hu\/index.php\/2026\/04\/30\/melania-trump-segitsegevel-jutott-haza-26-oroszok-altal-elrabolt-ukran-gyerek\/#primaryimage","url":"https:\/\/hirhangya.hu\/wp-content\/uploads\/2026\/04\/8KMCp47kDjIU1S9y6s-bazNaa.jpg","contentUrl":"https:\/\/hirhangya.hu\/wp-content\/uploads\/2026\/04\/8KMCp47kDjIU1S9y6s-bazNaa.jpg","width":2000,"height":1333},{"@type":"BreadcrumbList","@id":"https:\/\/hirhangya.hu\/index.php\/2026\/04\/30\/melania-trump-segitsegevel-jutott-haza-26-oroszok-altal-elrabolt-ukran-gyerek\/#breadcrumb","itemListElement":[{"@type":"ListItem","position":1,"name":"Home","item":"https:\/\/hirhangya.hu\/"},{"@type":"ListItem","position":2,"name":"Melania Trump seg\u00edts\u00e9g\u00e9vel jutott haza 26 oroszok \u00e1ltal elrabolt ukr\u00e1n gyerek"}]},{"@type":"WebSite","@id":"https:\/\/hirhangya.hu\/#website","url":"https:\/\/hirhangya.hu\/","name":"H\u00edrhangya","description":"Szorgalmasan \u00f6sszehordjuk a legfrissebb h\u00edreket","publisher":{"@id":"https:\/\/hirhangya.hu\/#organization"},"potentialAction":[{"@type":"SearchAction","target":{"@type":"EntryPoint","urlTemplate":"https:\/\/hirhangya.hu\/?s={search_term_string}"},"query-input":{"@type":"PropertyValueSpecification","valueRequired":true,"valueName":"search_term_string"}}],"inLanguage":"hu"},{"@type":"Organization","@id":"https:\/\/hirhangya.hu\/#organization","name":"H\u00edrhangya","url":"https:\/\/hirhangya.hu\/","logo":{"@type":"ImageObject","inLanguage":"hu","@id":"https:\/\/hirhangya.hu\/#\/schema\/logo\/image\/","url":"https:\/\/hirhangya.hu\/wp-content\/uploads\/2025\/06\/cropped-cropped-hirhangya-logo-szoveges-scaled-1-e1750064323596.jpg","contentUrl":"https:\/\/hirhangya.hu\/wp-content\/uploads\/2025\/06\/cropped-cropped-hirhangya-logo-szoveges-scaled-1-e1750064323596.jpg","width":350,"height":100,"caption":"H\u00edrhangya"},"image":{"@id":"https:\/\/hirhangya.hu\/#\/schema\/logo\/image\/"}},{"@type":"Person","@id":"https:\/\/hirhangya.hu\/#\/schema\/person\/ad1b32f6cde48eb8bc14fa7efd4d70b5","name":"Nemes Gabor","image":{"@type":"ImageObject","inLanguage":"hu","@id":"https:\/\/hirhangya.hu\/#\/schema\/person\/image\/","url":"https:\/\/secure.gravatar.com\/avatar\/92c2a9c67399a3a1c5444228b3ae3f850f3218d7c18ff5ed44a84130d5b474f3?s=96&d=mm&r=g","contentUrl":"https:\/\/secure.gravatar.com\/avatar\/92c2a9c67399a3a1c5444228b3ae3f850f3218d7c18ff5ed44a84130d5b474f3?s=96&d=mm&r=g","caption":"Nemes Gabor"},"url":"https:\/\/hirhangya.hu\/index.php\/author\/hex324\/"}]}},"_links":{"self":[{"href":"https:\/\/hirhangya.hu\/index.php\/wp-json\/wp\/v2\/posts\/94873","targetHints":{"allow":["GET"]}}],"collection":[{"href":"https:\/\/hirhangya.hu\/index.php\/wp-json\/wp\/v2\/posts"}],"about":[{"href":"https:\/\/hirhangya.hu\/index.php\/wp-json\/wp\/v2\/types\/post"}],"author":[{"embeddable":true,"href":"https:\/\/hirhangya.hu\/index.php\/wp-json\/wp\/v2\/users\/2"}],"replies":[{"embeddable":true,"href":"https:\/\/hirhangya.hu\/index.php\/wp-json\/wp\/v2\/comments?post=94873"}],"version-history":[{"count":0,"href":"https:\/\/hirhangya.hu\/index.php\/wp-json\/wp\/v2\/posts\/94873\/revisions"}],"wp:featuredmedia":[{"embeddable":true,"href":"https:\/\/hirhangya.hu\/index.php\/wp-json\/wp\/v2\/media\/94874"}],"wp:attachment":[{"href":"https:\/\/hirhangya.hu\/index.php\/wp-json\/wp\/v2\/media?parent=94873"}],"wp:term":[{"taxonomy":"category","embeddable":true,"href":"https:\/\/hirhangya.hu\/index.php\/wp-json\/wp\/v2\/categories?post=94873"},{"taxonomy":"post_tag","embeddable":true,"href":"https:\/\/hirhangya.hu\/index.php\/wp-json\/wp\/v2\/tags?post=94873"}],"curies":[{"name":"wp","href":"https:\/\/api.w.org\/{rel}","templated":true}]}}