{"id":94931,"date":"2026-05-01T07:01:25","date_gmt":"2026-05-01T07:01:25","guid":{"rendered":"https:\/\/hirhangya.hu\/index.php\/2026\/05\/01\/valoszinuleg-valaszolta-trump-amikor-megkerdeztek-kivonja-e-az-amerikai-csapatokat-olaszorszagbol-es-spanyolorszagbol\/"},"modified":"2026-05-01T07:01:25","modified_gmt":"2026-05-01T07:01:25","slug":"valoszinuleg-valaszolta-trump-amikor-megkerdeztek-kivonja-e-az-amerikai-csapatokat-olaszorszagbol-es-spanyolorszagbol","status":"publish","type":"post","link":"https:\/\/hirhangya.hu\/index.php\/2026\/05\/01\/valoszinuleg-valaszolta-trump-amikor-megkerdeztek-kivonja-e-az-amerikai-csapatokat-olaszorszagbol-es-spanyolorszagbol\/","title":{"rendered":"Val\u00f3sz\u00edn\u0171leg \u2013 v\u00e1laszolta Trump, amikor megk\u00e9rdezt\u00e9k, kivonja-e az amerikai csapatokat Olaszorsz\u00e1gb\u00f3l \u00e9s Spanyolorsz\u00e1gb\u00f3l"},"content":{"rendered":"<p>Egy nappal k\u00e9s\u0151bb k\u00e9rdezt\u00e9k meg a t\u00e9m\u00e1r\u00f3l, miut\u00e1n bejelent\u00e9s hangzott el arr\u00f3l, hogy amerikai katon\u00e1kat vonn\u00e1nak ki N\u00e9metorsz\u00e1gb\u00f3l. A k\u00e9rd\u00e9s azonnal tov\u00e1bbi magyar\u00e1zatot \u00e9s pontos\u00edt\u00e1st ig\u00e9nyelt, mivel a l\u00e9p\u00e9s bizonytalans\u00e1got sz\u00fclt a r\u00e9szleteket illet\u0151en. A bejelent\u00e9s politikai \u00e9s biztons\u00e1gi aggodalmakat v\u00e1ltott ki, \u00e9s vit\u00e1t ind\u00edtott a transzatlanti egy\u00fcttm\u0171k\u00f6d\u00e9s j\u00f6v\u0151j\u00e9r\u0151l.Eredeti cikk: <a href=\"https:\/\/telex.hu\/kulfold\/2026\/05\/01\/donald-trump-amerikai-csapatok-olaszorszag-spanyolorszag-egyesult-allamok\" target=\"_blank\" class=\"feedzy-rss-link-icon\">elolvasom<\/a><\/p>\n","protected":false},"excerpt":{"rendered":"<p>Egy nappal k\u00e9s\u0151bb k\u00e9rdezt\u00e9k meg a t\u00e9m\u00e1r\u00f3l, miut\u00e1n bejelent\u00e9s hangzott el arr\u00f3l, hogy amerikai katon\u00e1kat vonn\u00e1nak ki N\u00e9metorsz\u00e1gb\u00f3l. A k\u00e9rd\u00e9s azonnal tov\u00e1bbi magyar\u00e1zatot \u00e9s pontos\u00edt\u00e1st ig\u00e9nyelt, mivel a l\u00e9p\u00e9s bizonytalans\u00e1got sz\u00fclt a r\u00e9szleteket illet\u0151en. A bejelent\u00e9s politikai \u00e9s biztons\u00e1gi aggodalmakat v\u00e1ltott ki, \u00e9s vit\u00e1t ind\u00edtott a transzatlanti egy\u00fcttm\u0171k\u00f6d\u00e9s j\u00f6v\u0151j\u00e9r\u0151l.Eredeti cikk: elolvasom<\/p>\n","protected":false},"author":2,"featured_media":94932,"comment_status":"open","ping_status":"open","sticky":false,"template":"","format":"standard","meta":{"footnotes":""},"categories":[147],"tags":[],"class_list":["post-94931","post","type-post","status-publish","format-standard","has-post-thumbnail","hentry","category-altalanos"],"yoast_head":"<!-- This site is optimized with the Yoast SEO Premium plugin v26.2 (Yoast SEO v26.3) - https:\/\/yoast.com\/wordpress\/plugins\/seo\/ -->\n<title>Val\u00f3sz\u00edn\u0171leg \u2013 v\u00e1laszolta Trump, amikor megk\u00e9rdezt\u00e9k, kivonja-e az amerikai csapatokat Olaszorsz\u00e1gb\u00f3l \u00e9s Spanyolorsz\u00e1gb\u00f3l - H\u00edrhangya<\/title>\n<meta name=\"robots\" content=\"index, follow, max-snippet:-1, max-image-preview:large, max-video-preview:-1\" \/>\n<link rel=\"canonical\" href=\"https:\/\/hirhangya.hu\/index.php\/2026\/05\/01\/valoszinuleg-valaszolta-trump-amikor-megkerdeztek-kivonja-e-az-amerikai-csapatokat-olaszorszagbol-es-spanyolorszagbol\/\" \/>\n<meta property=\"og:locale\" content=\"hu_HU\" \/>\n<meta property=\"og:type\" content=\"article\" \/>\n<meta property=\"og:title\" content=\"Val\u00f3sz\u00edn\u0171leg \u2013 v\u00e1laszolta Trump, amikor megk\u00e9rdezt\u00e9k, kivonja-e az amerikai csapatokat Olaszorsz\u00e1gb\u00f3l \u00e9s Spanyolorsz\u00e1gb\u00f3l\" \/>\n<meta property=\"og:description\" content=\"Egy nappal k\u00e9s\u0151bb k\u00e9rdezt\u00e9k meg a t\u00e9m\u00e1r\u00f3l, miut\u00e1n bejelent\u00e9s hangzott el arr\u00f3l, hogy amerikai katon\u00e1kat vonn\u00e1nak ki N\u00e9metorsz\u00e1gb\u00f3l. A k\u00e9rd\u00e9s azonnal tov\u00e1bbi magyar\u00e1zatot \u00e9s pontos\u00edt\u00e1st ig\u00e9nyelt, mivel a l\u00e9p\u00e9s bizonytalans\u00e1got sz\u00fclt a r\u00e9szleteket illet\u0151en. A bejelent\u00e9s politikai \u00e9s biztons\u00e1gi aggodalmakat v\u00e1ltott ki, \u00e9s vit\u00e1t ind\u00edtott a transzatlanti egy\u00fcttm\u0171k\u00f6d\u00e9s j\u00f6v\u0151j\u00e9r\u0151l.Eredeti cikk: elolvasom\" \/>\n<meta property=\"og:url\" content=\"https:\/\/hirhangya.hu\/index.php\/2026\/05\/01\/valoszinuleg-valaszolta-trump-amikor-megkerdeztek-kivonja-e-az-amerikai-csapatokat-olaszorszagbol-es-spanyolorszagbol\/\" \/>\n<meta property=\"og:site_name\" content=\"H\u00edrhangya\" \/>\n<meta property=\"article:published_time\" content=\"2026-05-01T07:01:25+00:00\" \/>\n<meta name=\"author\" content=\"Nemes Gabor\" \/>\n<meta name=\"twitter:card\" content=\"summary_large_image\" \/>\n<meta name=\"twitter:label1\" content=\"Szerz\u0151:\" \/>\n\t<meta name=\"twitter:data1\" content=\"Nemes Gabor\" \/>\n<script type=\"application\/ld+json\" class=\"yoast-schema-graph\">{\"@context\":\"https:\/\/schema.org\",\"@graph\":[{\"@type\":\"Article\",\"@id\":\"https:\/\/hirhangya.hu\/index.php\/2026\/05\/01\/valoszinuleg-valaszolta-trump-amikor-megkerdeztek-kivonja-e-az-amerikai-csapatokat-olaszorszagbol-es-spanyolorszagbol\/#article\",\"isPartOf\":{\"@id\":\"https:\/\/hirhangya.hu\/index.php\/2026\/05\/01\/valoszinuleg-valaszolta-trump-amikor-megkerdeztek-kivonja-e-az-amerikai-csapatokat-olaszorszagbol-es-spanyolorszagbol\/\"},\"author\":{\"name\":\"Nemes Gabor\",\"@id\":\"https:\/\/hirhangya.hu\/#\/schema\/person\/ad1b32f6cde48eb8bc14fa7efd4d70b5\"},\"headline\":\"Val\u00f3sz\u00edn\u0171leg \u2013 v\u00e1laszolta Trump, amikor megk\u00e9rdezt\u00e9k, kivonja-e az amerikai csapatokat Olaszorsz\u00e1gb\u00f3l \u00e9s Spanyolorsz\u00e1gb\u00f3l\",\"datePublished\":\"2026-05-01T07:01:25+00:00\",\"mainEntityOfPage\":{\"@id\":\"https:\/\/hirhangya.hu\/index.php\/2026\/05\/01\/valoszinuleg-valaszolta-trump-amikor-megkerdeztek-kivonja-e-az-amerikai-csapatokat-olaszorszagbol-es-spanyolorszagbol\/\"},\"wordCount\":115,\"commentCount\":0,\"publisher\":{\"@id\":\"https:\/\/hirhangya.hu\/#organization\"},\"image\":{\"@id\":\"https:\/\/hirhangya.hu\/index.php\/2026\/05\/01\/valoszinuleg-valaszolta-trump-amikor-megkerdeztek-kivonja-e-az-amerikai-csapatokat-olaszorszagbol-es-spanyolorszagbol\/#primaryimage\"},\"thumbnailUrl\":\"https:\/\/hirhangya.hu\/wp-content\/uploads\/2026\/05\/1777615703-temp-50qpfecoan51dgjbhbi_cimlap-normal-sNBQYw.webp\",\"articleSection\":[\"\u00c1ltal\u00e1nos\"],\"inLanguage\":\"hu\",\"potentialAction\":[{\"@type\":\"CommentAction\",\"name\":\"Comment\",\"target\":[\"https:\/\/hirhangya.hu\/index.php\/2026\/05\/01\/valoszinuleg-valaszolta-trump-amikor-megkerdeztek-kivonja-e-az-amerikai-csapatokat-olaszorszagbol-es-spanyolorszagbol\/#respond\"]}]},{\"@type\":\"WebPage\",\"@id\":\"https:\/\/hirhangya.hu\/index.php\/2026\/05\/01\/valoszinuleg-valaszolta-trump-amikor-megkerdeztek-kivonja-e-az-amerikai-csapatokat-olaszorszagbol-es-spanyolorszagbol\/\",\"url\":\"https:\/\/hirhangya.hu\/index.php\/2026\/05\/01\/valoszinuleg-valaszolta-trump-amikor-megkerdeztek-kivonja-e-az-amerikai-csapatokat-olaszorszagbol-es-spanyolorszagbol\/\",\"name\":\"Val\u00f3sz\u00edn\u0171leg \u2013 v\u00e1laszolta Trump, amikor megk\u00e9rdezt\u00e9k, kivonja-e az amerikai csapatokat Olaszorsz\u00e1gb\u00f3l \u00e9s Spanyolorsz\u00e1gb\u00f3l - H\u00edrhangya\",\"isPartOf\":{\"@id\":\"https:\/\/hirhangya.hu\/#website\"},\"primaryImageOfPage\":{\"@id\":\"https:\/\/hirhangya.hu\/index.php\/2026\/05\/01\/valoszinuleg-valaszolta-trump-amikor-megkerdeztek-kivonja-e-az-amerikai-csapatokat-olaszorszagbol-es-spanyolorszagbol\/#primaryimage\"},\"image\":{\"@id\":\"https:\/\/hirhangya.hu\/index.php\/2026\/05\/01\/valoszinuleg-valaszolta-trump-amikor-megkerdeztek-kivonja-e-az-amerikai-csapatokat-olaszorszagbol-es-spanyolorszagbol\/#primaryimage\"},\"thumbnailUrl\":\"https:\/\/hirhangya.hu\/wp-content\/uploads\/2026\/05\/1777615703-temp-50qpfecoan51dgjbhbi_cimlap-normal-sNBQYw.webp\",\"datePublished\":\"2026-05-01T07:01:25+00:00\",\"breadcrumb\":{\"@id\":\"https:\/\/hirhangya.hu\/index.php\/2026\/05\/01\/valoszinuleg-valaszolta-trump-amikor-megkerdeztek-kivonja-e-az-amerikai-csapatokat-olaszorszagbol-es-spanyolorszagbol\/#breadcrumb\"},\"inLanguage\":\"hu\",\"potentialAction\":[{\"@type\":\"ReadAction\",\"target\":[\"https:\/\/hirhangya.hu\/index.php\/2026\/05\/01\/valoszinuleg-valaszolta-trump-amikor-megkerdeztek-kivonja-e-az-amerikai-csapatokat-olaszorszagbol-es-spanyolorszagbol\/\"]}]},{\"@type\":\"ImageObject\",\"inLanguage\":\"hu\",\"@id\":\"https:\/\/hirhangya.hu\/index.php\/2026\/05\/01\/valoszinuleg-valaszolta-trump-amikor-megkerdeztek-kivonja-e-az-amerikai-csapatokat-olaszorszagbol-es-spanyolorszagbol\/#primaryimage\",\"url\":\"https:\/\/hirhangya.hu\/wp-content\/uploads\/2026\/05\/1777615703-temp-50qpfecoan51dgjbhbi_cimlap-normal-sNBQYw.webp\",\"contentUrl\":\"https:\/\/hirhangya.hu\/wp-content\/uploads\/2026\/05\/1777615703-temp-50qpfecoan51dgjbhbi_cimlap-normal-sNBQYw.webp\",\"width\":1035,\"height\":690},{\"@type\":\"BreadcrumbList\",\"@id\":\"https:\/\/hirhangya.hu\/index.php\/2026\/05\/01\/valoszinuleg-valaszolta-trump-amikor-megkerdeztek-kivonja-e-az-amerikai-csapatokat-olaszorszagbol-es-spanyolorszagbol\/#breadcrumb\",\"itemListElement\":[{\"@type\":\"ListItem\",\"position\":1,\"name\":\"Home\",\"item\":\"https:\/\/hirhangya.hu\/\"},{\"@type\":\"ListItem\",\"position\":2,\"name\":\"Val\u00f3sz\u00edn\u0171leg \u2013 v\u00e1laszolta Trump, amikor megk\u00e9rdezt\u00e9k, kivonja-e az amerikai csapatokat Olaszorsz\u00e1gb\u00f3l \u00e9s Spanyolorsz\u00e1gb\u00f3l\"}]},{\"@type\":\"WebSite\",\"@id\":\"https:\/\/hirhangya.hu\/#website\",\"url\":\"https:\/\/hirhangya.hu\/\",\"name\":\"H\u00edrhangya\",\"description\":\"Szorgalmasan \u00f6sszehordjuk a legfrissebb h\u00edreket\",\"publisher\":{\"@id\":\"https:\/\/hirhangya.hu\/#organization\"},\"potentialAction\":[{\"@type\":\"SearchAction\",\"target\":{\"@type\":\"EntryPoint\",\"urlTemplate\":\"https:\/\/hirhangya.hu\/?s={search_term_string}\"},\"query-input\":{\"@type\":\"PropertyValueSpecification\",\"valueRequired\":true,\"valueName\":\"search_term_string\"}}],\"inLanguage\":\"hu\"},{\"@type\":\"Organization\",\"@id\":\"https:\/\/hirhangya.hu\/#organization\",\"name\":\"H\u00edrhangya\",\"url\":\"https:\/\/hirhangya.hu\/\",\"logo\":{\"@type\":\"ImageObject\",\"inLanguage\":\"hu\",\"@id\":\"https:\/\/hirhangya.hu\/#\/schema\/logo\/image\/\",\"url\":\"https:\/\/hirhangya.hu\/wp-content\/uploads\/2025\/06\/cropped-cropped-hirhangya-logo-szoveges-scaled-1-e1750064323596.jpg\",\"contentUrl\":\"https:\/\/hirhangya.hu\/wp-content\/uploads\/2025\/06\/cropped-cropped-hirhangya-logo-szoveges-scaled-1-e1750064323596.jpg\",\"width\":350,\"height\":100,\"caption\":\"H\u00edrhangya\"},\"image\":{\"@id\":\"https:\/\/hirhangya.hu\/#\/schema\/logo\/image\/\"}},{\"@type\":\"Person\",\"@id\":\"https:\/\/hirhangya.hu\/#\/schema\/person\/ad1b32f6cde48eb8bc14fa7efd4d70b5\",\"name\":\"Nemes Gabor\",\"image\":{\"@type\":\"ImageObject\",\"inLanguage\":\"hu\",\"@id\":\"https:\/\/hirhangya.hu\/#\/schema\/person\/image\/\",\"url\":\"https:\/\/secure.gravatar.com\/avatar\/92c2a9c67399a3a1c5444228b3ae3f850f3218d7c18ff5ed44a84130d5b474f3?s=96&d=mm&r=g\",\"contentUrl\":\"https:\/\/secure.gravatar.com\/avatar\/92c2a9c67399a3a1c5444228b3ae3f850f3218d7c18ff5ed44a84130d5b474f3?s=96&d=mm&r=g\",\"caption\":\"Nemes Gabor\"},\"url\":\"https:\/\/hirhangya.hu\/index.php\/author\/hex324\/\"}]}<\/script>\n<!-- \/ Yoast SEO Premium plugin. -->","yoast_head_json":{"title":"Val\u00f3sz\u00edn\u0171leg \u2013 v\u00e1laszolta Trump, amikor megk\u00e9rdezt\u00e9k, kivonja-e az amerikai csapatokat Olaszorsz\u00e1gb\u00f3l \u00e9s Spanyolorsz\u00e1gb\u00f3l - H\u00edrhangya","robots":{"index":"index","follow":"follow","max-snippet":"max-snippet:-1","max-image-preview":"max-image-preview:large","max-video-preview":"max-video-preview:-1"},"canonical":"https:\/\/hirhangya.hu\/index.php\/2026\/05\/01\/valoszinuleg-valaszolta-trump-amikor-megkerdeztek-kivonja-e-az-amerikai-csapatokat-olaszorszagbol-es-spanyolorszagbol\/","og_locale":"hu_HU","og_type":"article","og_title":"Val\u00f3sz\u00edn\u0171leg \u2013 v\u00e1laszolta Trump, amikor megk\u00e9rdezt\u00e9k, kivonja-e az amerikai csapatokat Olaszorsz\u00e1gb\u00f3l \u00e9s Spanyolorsz\u00e1gb\u00f3l","og_description":"Egy nappal k\u00e9s\u0151bb k\u00e9rdezt\u00e9k meg a t\u00e9m\u00e1r\u00f3l, miut\u00e1n bejelent\u00e9s hangzott el arr\u00f3l, hogy amerikai katon\u00e1kat vonn\u00e1nak ki N\u00e9metorsz\u00e1gb\u00f3l. A k\u00e9rd\u00e9s azonnal tov\u00e1bbi magyar\u00e1zatot \u00e9s pontos\u00edt\u00e1st ig\u00e9nyelt, mivel a l\u00e9p\u00e9s bizonytalans\u00e1got sz\u00fclt a r\u00e9szleteket illet\u0151en. A bejelent\u00e9s politikai \u00e9s biztons\u00e1gi aggodalmakat v\u00e1ltott ki, \u00e9s vit\u00e1t ind\u00edtott a transzatlanti egy\u00fcttm\u0171k\u00f6d\u00e9s j\u00f6v\u0151j\u00e9r\u0151l.Eredeti cikk: elolvasom","og_url":"https:\/\/hirhangya.hu\/index.php\/2026\/05\/01\/valoszinuleg-valaszolta-trump-amikor-megkerdeztek-kivonja-e-az-amerikai-csapatokat-olaszorszagbol-es-spanyolorszagbol\/","og_site_name":"H\u00edrhangya","article_published_time":"2026-05-01T07:01:25+00:00","author":"Nemes Gabor","twitter_card":"summary_large_image","twitter_misc":{"Szerz\u0151:":"Nemes Gabor"},"schema":{"@context":"https:\/\/schema.org","@graph":[{"@type":"Article","@id":"https:\/\/hirhangya.hu\/index.php\/2026\/05\/01\/valoszinuleg-valaszolta-trump-amikor-megkerdeztek-kivonja-e-az-amerikai-csapatokat-olaszorszagbol-es-spanyolorszagbol\/#article","isPartOf":{"@id":"https:\/\/hirhangya.hu\/index.php\/2026\/05\/01\/valoszinuleg-valaszolta-trump-amikor-megkerdeztek-kivonja-e-az-amerikai-csapatokat-olaszorszagbol-es-spanyolorszagbol\/"},"author":{"name":"Nemes Gabor","@id":"https:\/\/hirhangya.hu\/#\/schema\/person\/ad1b32f6cde48eb8bc14fa7efd4d70b5"},"headline":"Val\u00f3sz\u00edn\u0171leg \u2013 v\u00e1laszolta Trump, amikor megk\u00e9rdezt\u00e9k, kivonja-e az amerikai csapatokat Olaszorsz\u00e1gb\u00f3l \u00e9s Spanyolorsz\u00e1gb\u00f3l","datePublished":"2026-05-01T07:01:25+00:00","mainEntityOfPage":{"@id":"https:\/\/hirhangya.hu\/index.php\/2026\/05\/01\/valoszinuleg-valaszolta-trump-amikor-megkerdeztek-kivonja-e-az-amerikai-csapatokat-olaszorszagbol-es-spanyolorszagbol\/"},"wordCount":115,"commentCount":0,"publisher":{"@id":"https:\/\/hirhangya.hu\/#organization"},"image":{"@id":"https:\/\/hirhangya.hu\/index.php\/2026\/05\/01\/valoszinuleg-valaszolta-trump-amikor-megkerdeztek-kivonja-e-az-amerikai-csapatokat-olaszorszagbol-es-spanyolorszagbol\/#primaryimage"},"thumbnailUrl":"https:\/\/hirhangya.hu\/wp-content\/uploads\/2026\/05\/1777615703-temp-50qpfecoan51dgjbhbi_cimlap-normal-sNBQYw.webp","articleSection":["\u00c1ltal\u00e1nos"],"inLanguage":"hu","potentialAction":[{"@type":"CommentAction","name":"Comment","target":["https:\/\/hirhangya.hu\/index.php\/2026\/05\/01\/valoszinuleg-valaszolta-trump-amikor-megkerdeztek-kivonja-e-az-amerikai-csapatokat-olaszorszagbol-es-spanyolorszagbol\/#respond"]}]},{"@type":"WebPage","@id":"https:\/\/hirhangya.hu\/index.php\/2026\/05\/01\/valoszinuleg-valaszolta-trump-amikor-megkerdeztek-kivonja-e-az-amerikai-csapatokat-olaszorszagbol-es-spanyolorszagbol\/","url":"https:\/\/hirhangya.hu\/index.php\/2026\/05\/01\/valoszinuleg-valaszolta-trump-amikor-megkerdeztek-kivonja-e-az-amerikai-csapatokat-olaszorszagbol-es-spanyolorszagbol\/","name":"Val\u00f3sz\u00edn\u0171leg \u2013 v\u00e1laszolta Trump, amikor megk\u00e9rdezt\u00e9k, kivonja-e az amerikai csapatokat Olaszorsz\u00e1gb\u00f3l \u00e9s Spanyolorsz\u00e1gb\u00f3l - H\u00edrhangya","isPartOf":{"@id":"https:\/\/hirhangya.hu\/#website"},"primaryImageOfPage":{"@id":"https:\/\/hirhangya.hu\/index.php\/2026\/05\/01\/valoszinuleg-valaszolta-trump-amikor-megkerdeztek-kivonja-e-az-amerikai-csapatokat-olaszorszagbol-es-spanyolorszagbol\/#primaryimage"},"image":{"@id":"https:\/\/hirhangya.hu\/index.php\/2026\/05\/01\/valoszinuleg-valaszolta-trump-amikor-megkerdeztek-kivonja-e-az-amerikai-csapatokat-olaszorszagbol-es-spanyolorszagbol\/#primaryimage"},"thumbnailUrl":"https:\/\/hirhangya.hu\/wp-content\/uploads\/2026\/05\/1777615703-temp-50qpfecoan51dgjbhbi_cimlap-normal-sNBQYw.webp","datePublished":"2026-05-01T07:01:25+00:00","breadcrumb":{"@id":"https:\/\/hirhangya.hu\/index.php\/2026\/05\/01\/valoszinuleg-valaszolta-trump-amikor-megkerdeztek-kivonja-e-az-amerikai-csapatokat-olaszorszagbol-es-spanyolorszagbol\/#breadcrumb"},"inLanguage":"hu","potentialAction":[{"@type":"ReadAction","target":["https:\/\/hirhangya.hu\/index.php\/2026\/05\/01\/valoszinuleg-valaszolta-trump-amikor-megkerdeztek-kivonja-e-az-amerikai-csapatokat-olaszorszagbol-es-spanyolorszagbol\/"]}]},{"@type":"ImageObject","inLanguage":"hu","@id":"https:\/\/hirhangya.hu\/index.php\/2026\/05\/01\/valoszinuleg-valaszolta-trump-amikor-megkerdeztek-kivonja-e-az-amerikai-csapatokat-olaszorszagbol-es-spanyolorszagbol\/#primaryimage","url":"https:\/\/hirhangya.hu\/wp-content\/uploads\/2026\/05\/1777615703-temp-50qpfecoan51dgjbhbi_cimlap-normal-sNBQYw.webp","contentUrl":"https:\/\/hirhangya.hu\/wp-content\/uploads\/2026\/05\/1777615703-temp-50qpfecoan51dgjbhbi_cimlap-normal-sNBQYw.webp","width":1035,"height":690},{"@type":"BreadcrumbList","@id":"https:\/\/hirhangya.hu\/index.php\/2026\/05\/01\/valoszinuleg-valaszolta-trump-amikor-megkerdeztek-kivonja-e-az-amerikai-csapatokat-olaszorszagbol-es-spanyolorszagbol\/#breadcrumb","itemListElement":[{"@type":"ListItem","position":1,"name":"Home","item":"https:\/\/hirhangya.hu\/"},{"@type":"ListItem","position":2,"name":"Val\u00f3sz\u00edn\u0171leg \u2013 v\u00e1laszolta Trump, amikor megk\u00e9rdezt\u00e9k, kivonja-e az amerikai csapatokat Olaszorsz\u00e1gb\u00f3l \u00e9s Spanyolorsz\u00e1gb\u00f3l"}]},{"@type":"WebSite","@id":"https:\/\/hirhangya.hu\/#website","url":"https:\/\/hirhangya.hu\/","name":"H\u00edrhangya","description":"Szorgalmasan \u00f6sszehordjuk a legfrissebb h\u00edreket","publisher":{"@id":"https:\/\/hirhangya.hu\/#organization"},"potentialAction":[{"@type":"SearchAction","target":{"@type":"EntryPoint","urlTemplate":"https:\/\/hirhangya.hu\/?s={search_term_string}"},"query-input":{"@type":"PropertyValueSpecification","valueRequired":true,"valueName":"search_term_string"}}],"inLanguage":"hu"},{"@type":"Organization","@id":"https:\/\/hirhangya.hu\/#organization","name":"H\u00edrhangya","url":"https:\/\/hirhangya.hu\/","logo":{"@type":"ImageObject","inLanguage":"hu","@id":"https:\/\/hirhangya.hu\/#\/schema\/logo\/image\/","url":"https:\/\/hirhangya.hu\/wp-content\/uploads\/2025\/06\/cropped-cropped-hirhangya-logo-szoveges-scaled-1-e1750064323596.jpg","contentUrl":"https:\/\/hirhangya.hu\/wp-content\/uploads\/2025\/06\/cropped-cropped-hirhangya-logo-szoveges-scaled-1-e1750064323596.jpg","width":350,"height":100,"caption":"H\u00edrhangya"},"image":{"@id":"https:\/\/hirhangya.hu\/#\/schema\/logo\/image\/"}},{"@type":"Person","@id":"https:\/\/hirhangya.hu\/#\/schema\/person\/ad1b32f6cde48eb8bc14fa7efd4d70b5","name":"Nemes Gabor","image":{"@type":"ImageObject","inLanguage":"hu","@id":"https:\/\/hirhangya.hu\/#\/schema\/person\/image\/","url":"https:\/\/secure.gravatar.com\/avatar\/92c2a9c67399a3a1c5444228b3ae3f850f3218d7c18ff5ed44a84130d5b474f3?s=96&d=mm&r=g","contentUrl":"https:\/\/secure.gravatar.com\/avatar\/92c2a9c67399a3a1c5444228b3ae3f850f3218d7c18ff5ed44a84130d5b474f3?s=96&d=mm&r=g","caption":"Nemes Gabor"},"url":"https:\/\/hirhangya.hu\/index.php\/author\/hex324\/"}]}},"_links":{"self":[{"href":"https:\/\/hirhangya.hu\/index.php\/wp-json\/wp\/v2\/posts\/94931","targetHints":{"allow":["GET"]}}],"collection":[{"href":"https:\/\/hirhangya.hu\/index.php\/wp-json\/wp\/v2\/posts"}],"about":[{"href":"https:\/\/hirhangya.hu\/index.php\/wp-json\/wp\/v2\/types\/post"}],"author":[{"embeddable":true,"href":"https:\/\/hirhangya.hu\/index.php\/wp-json\/wp\/v2\/users\/2"}],"replies":[{"embeddable":true,"href":"https:\/\/hirhangya.hu\/index.php\/wp-json\/wp\/v2\/comments?post=94931"}],"version-history":[{"count":0,"href":"https:\/\/hirhangya.hu\/index.php\/wp-json\/wp\/v2\/posts\/94931\/revisions"}],"wp:featuredmedia":[{"embeddable":true,"href":"https:\/\/hirhangya.hu\/index.php\/wp-json\/wp\/v2\/media\/94932"}],"wp:attachment":[{"href":"https:\/\/hirhangya.hu\/index.php\/wp-json\/wp\/v2\/media?parent=94931"}],"wp:term":[{"taxonomy":"category","embeddable":true,"href":"https:\/\/hirhangya.hu\/index.php\/wp-json\/wp\/v2\/categories?post=94931"},{"taxonomy":"post_tag","embeddable":true,"href":"https:\/\/hirhangya.hu\/index.php\/wp-json\/wp\/v2\/tags?post=94931"}],"curies":[{"name":"wp","href":"https:\/\/api.w.org\/{rel}","templated":true}]}}