{"id":95053,"date":"2026-05-01T09:10:52","date_gmt":"2026-05-01T09:10:52","guid":{"rendered":"https:\/\/hirhangya.hu\/index.php\/2026\/05\/01\/82-szazalekos-fideszbol-71-szazalekos-tisza-fenekestul-forgatta-fel-a-felsogagyiak-partpreferenciait-a-falubuszaffer\/"},"modified":"2026-05-01T09:10:52","modified_gmt":"2026-05-01T09:10:52","slug":"82-szazalekos-fideszbol-71-szazalekos-tisza-fenekestul-forgatta-fel-a-felsogagyiak-partpreferenciait-a-falubuszaffer","status":"publish","type":"post","link":"https:\/\/hirhangya.hu\/index.php\/2026\/05\/01\/82-szazalekos-fideszbol-71-szazalekos-tisza-fenekestul-forgatta-fel-a-felsogagyiak-partpreferenciait-a-falubuszaffer\/","title":{"rendered":"82 sz\u00e1zal\u00e9kos Fideszb\u0151l 71 sz\u00e1zal\u00e9kos Tisza \u2013 fenekest\u00fcl forgatta fel a fels\u0151gagyiak p\u00e1rtpreferenci\u00e1it a falubuszaff\u00e9r"},"content":{"rendered":"<p>Fels\u0151gagyon 2022-ben a Fidesz 82 sz\u00e1zal\u00e9kkal gy\u0151z\u00f6tt, id\u00e9n viszont a Tisza 71 sz\u00e1zal\u00e9kot szerzett \u2014 a helyiek k\u00e9tf\u00e9le magyar\u00e1zattal szolg\u00e1lnak a politikai f\u00f6ldindul\u00e1sra. Egyesek azt tartj\u00e1k, hogy a fideszes polg\u00e1rmester titokban oldal\u00e1t v\u00e1ltotta; m\u00e1sok szerint az embereknek eleg\u00fck lett a be nem v\u00e1ltott \u00edg\u00e9retekb\u0151l.<\/p>\n<p>Kev\u00e9s szebb hely van az orsz\u00e1gban, mint tavaszszal a Csereh\u00e1t: a domboldalak a z\u00f6ld legszebb \u00e1rnyalataiban ragyognak, k\u00f6zt\u00fck nagy s\u00e1rga repcet\u00e1bl\u00e1k, m\u00f6g\u00f6tt\u00fck pedig a Zempl\u00e9n vonulatai emelkednek. Az utak rossz \u00e1llapota miatt az aut\u00f3ban \u00fclve, hetvenes temp\u00f3 helyett is lehet csod\u00e1lni a t\u00e1jat. Az als\u00f3gagyi emelked\u0151n p\u00e9ld\u00e1ul negyvenre kellett lass\u00edtanunk a kiemelked\u0151en k\u00e1ty\u00fas szakasz miatt, \u00e9s a domb tetej\u00e9n megpillantottuk a fels\u0151gagyi templomot; t\u00e1volr\u00f3l patin\u00e1snak, k\u00f6zelr\u0151l kiss\u00e9 kopottnak t\u0171n\u0151 \u00e9p\u00fclete jelezte, hogy meg\u00e9rkezt\u00fcnk az orsz\u00e1g egyik legt\u00f6bbet Tisz\u00e1ra szavaz\u00f3 telep\u00fcl\u00e9s\u00e9re.<\/p>\n<p>Amint leparkoltunk a falu hat\u00e1r\u00e1ban, az \u00fat t\u00faloldal\u00e1n pihen\u0151 k\u00f6zmunk\u00e1sok egyik \u00f6njel\u00f6lt sz\u00f3viv\u0151je odal\u00e9pett hozz\u00e1nk. Miut\u00e1n bemutatkoztunk, lelkesen \u00e1tkiab\u00e1lt koll\u00e9g\u00e1inak: \u201eV\u00e9gre hozz\u00e1nk is j\u00f6ttek riporterek! Mindig csak Cseny\u00e9t\u00e9re mennek, Fels\u0151gagyra bezzeg sosem.\u201d K\u00e9t perc m\u00falva m\u00e1r a f\u0171ben \u00fclt\u00fcnk vel\u00fck, \u00e9s politik\u00e1r\u00f3l besz\u00e9lgett\u00fcnk.<\/p>\n<p>A 220 f\u0151s, mintegy 80 sz\u00e1zal\u00e9kban roma lakoss\u00e1g\u00fa Fels\u0151gagyra az\u00e9rt fordultunk r\u00e1, mert a Csereh\u00e1t telep\u00fcl\u00e9sei k\u00f6z\u00f6tt itt volt a legnagyobb elmozdul\u00e1s a 2022-es v\u00e1laszt\u00e1shoz k\u00e9pest: a Tisza 71 sz\u00e1zal\u00e9kot \u00e9rt el, mik\u00f6zben n\u00e9gy \u00e9vvel kor\u00e1bban a Fidesz hasonl\u00f3 r\u00e9szv\u00e9tel mellett 82 sz\u00e1zal\u00e9kot kapott. Az eredm\u00e9ny k\u00fcl\u00f6n\u00f6sen meglep\u0151 volt, mert a k\u00f6rny\u00e9kbeli falvak t\u00f6bbs\u00e9g\u00e9ben maradt a Fidesz f\u00f6l\u00e9nye \u2014 Cseny\u00e9t\u00e9n p\u00e9ld\u00e1ul 95 sz\u00e1zal\u00e9kot gy\u0171jt\u00f6ttek be.<\/p>\n<p>A v\u00e1laszt\u00e1s ut\u00e1n egy tisz\u00e1s kamp\u00e1nyban dolgoz\u00f3 aktivist\u00e1val besz\u00e9lt\u00fcnk telefonon; szerint\u00fck k\u00e9t dolog d\u00f6nt\u00f6tt: egyr\u00e9szt a falu polg\u00e1rmestere, aki kor\u00e1bban m\u00e9g a fideszes jel\u00f6lttel is fot\u00f3zkodott a kamp\u00e1ny hajr\u00e1j\u00e1ban, \u00fagy d\u00f6nt\u00f6tt, r\u00e1besz\u00e9li a helyieket a Tisz\u00e1ra, mert a falu nem kapott forr\u00e1sokat, \u00e9s l\u00e1tta, hogy Magyar P\u00e9ter p\u00e1rtja nyerni fog; m\u00e1sr\u00e9szt azok a fels\u0151gagyiak, akik Encsen int\u00e9zkedtek \u00e9s kapcsolatba ker\u00fcltek a tisz\u00e1s aktivist\u00e1kkal, itthon szervezkedni kezdtek. Indul\u00e1s el\u0151tt felh\u00edvtuk a telep\u00fcl\u00e9s 2019 \u00f3ta regn\u00e1l\u00f3 polg\u00e1rmester\u00e9t, K\u00e1tai Alad\u00e1rt; \u0151 szem\u00e9lyes tal\u00e1lkoz\u00f3t visszautas\u00edtott, de telefonon hosszan besz\u00e9lt a v\u00e1laszt\u00e1si eredm\u00e9nyr\u0151l..<\/p>\n<p>Eredeti cikk: <a href=\"https:\/\/444.hu\/2026\/05\/01\/82-szazalekos-fideszbol-71-szazalekos-tisza-fenekestul-forgatta-fel-a-felsogagyiak-partpreferenciait-a-falubuszaffer?utm_source=rss_feed&amp;utm_medium=rss&amp;utm_campaign=rss_syndication\" target=\"_blank\" class=\"feedzy-rss-link-icon\">elolvasom<\/a><\/p>\n","protected":false},"excerpt":{"rendered":"<p>Fels\u0151gagyon 2022-ben a Fidesz 82 sz\u00e1zal\u00e9kkal gy\u0151z\u00f6tt, id\u00e9n viszont a Tisza 71 sz\u00e1zal\u00e9kot szerzett \u2014 a helyiek k\u00e9tf\u00e9le magyar\u00e1zattal szolg\u00e1lnak a politikai f\u00f6ldindul\u00e1sra. Egyesek azt tartj\u00e1k, hogy a fideszes polg\u00e1rmester titokban oldal\u00e1t v\u00e1ltotta; m\u00e1sok szerint az embereknek eleg\u00fck lett a be nem v\u00e1ltott \u00edg\u00e9retekb\u0151l. Kev\u00e9s szebb hely van az orsz\u00e1gban, mint tavaszszal a Csereh\u00e1t: a [&hellip;]<\/p>\n","protected":false},"author":2,"featured_media":95054,"comment_status":"open","ping_status":"open","sticky":false,"template":"","format":"standard","meta":{"footnotes":""},"categories":[147],"tags":[],"class_list":["post-95053","post","type-post","status-publish","format-standard","has-post-thumbnail","hentry","category-altalanos"],"yoast_head":"<!-- This site is optimized with the Yoast SEO Premium plugin v26.2 (Yoast SEO v26.3) - https:\/\/yoast.com\/wordpress\/plugins\/seo\/ -->\n<title>82 sz\u00e1zal\u00e9kos Fideszb\u0151l 71 sz\u00e1zal\u00e9kos Tisza \u2013 fenekest\u00fcl forgatta fel a fels\u0151gagyiak p\u00e1rtpreferenci\u00e1it a falubuszaff\u00e9r - H\u00edrhangya<\/title>\n<meta name=\"robots\" content=\"index, follow, max-snippet:-1, max-image-preview:large, max-video-preview:-1\" \/>\n<link rel=\"canonical\" href=\"https:\/\/hirhangya.hu\/index.php\/2026\/05\/01\/82-szazalekos-fideszbol-71-szazalekos-tisza-fenekestul-forgatta-fel-a-felsogagyiak-partpreferenciait-a-falubuszaffer\/\" \/>\n<meta property=\"og:locale\" content=\"hu_HU\" \/>\n<meta property=\"og:type\" content=\"article\" \/>\n<meta property=\"og:title\" content=\"82 sz\u00e1zal\u00e9kos Fideszb\u0151l 71 sz\u00e1zal\u00e9kos Tisza \u2013 fenekest\u00fcl forgatta fel a fels\u0151gagyiak p\u00e1rtpreferenci\u00e1it a falubuszaff\u00e9r\" \/>\n<meta property=\"og:description\" content=\"Fels\u0151gagyon 2022-ben a Fidesz 82 sz\u00e1zal\u00e9kkal gy\u0151z\u00f6tt, id\u00e9n viszont a Tisza 71 sz\u00e1zal\u00e9kot szerzett \u2014 a helyiek k\u00e9tf\u00e9le magyar\u00e1zattal szolg\u00e1lnak a politikai f\u00f6ldindul\u00e1sra. Egyesek azt tartj\u00e1k, hogy a fideszes polg\u00e1rmester titokban oldal\u00e1t v\u00e1ltotta; m\u00e1sok szerint az embereknek eleg\u00fck lett a be nem v\u00e1ltott \u00edg\u00e9retekb\u0151l. Kev\u00e9s szebb hely van az orsz\u00e1gban, mint tavaszszal a Csereh\u00e1t: a [&hellip;]\" \/>\n<meta property=\"og:url\" content=\"https:\/\/hirhangya.hu\/index.php\/2026\/05\/01\/82-szazalekos-fideszbol-71-szazalekos-tisza-fenekestul-forgatta-fel-a-felsogagyiak-partpreferenciait-a-falubuszaffer\/\" \/>\n<meta property=\"og:site_name\" content=\"H\u00edrhangya\" \/>\n<meta property=\"article:published_time\" content=\"2026-05-01T09:10:52+00:00\" \/>\n<meta name=\"author\" content=\"Nemes Gabor\" \/>\n<meta name=\"twitter:card\" content=\"summary_large_image\" \/>\n<meta name=\"twitter:label1\" content=\"Szerz\u0151:\" \/>\n\t<meta name=\"twitter:data1\" content=\"Nemes Gabor\" \/>\n\t<meta name=\"twitter:label2\" content=\"Becs\u00fclt olvas\u00e1si id\u0151\" \/>\n\t<meta name=\"twitter:data2\" content=\"3 perc\" \/>\n<script type=\"application\/ld+json\" class=\"yoast-schema-graph\">{\"@context\":\"https:\/\/schema.org\",\"@graph\":[{\"@type\":\"Article\",\"@id\":\"https:\/\/hirhangya.hu\/index.php\/2026\/05\/01\/82-szazalekos-fideszbol-71-szazalekos-tisza-fenekestul-forgatta-fel-a-felsogagyiak-partpreferenciait-a-falubuszaffer\/#article\",\"isPartOf\":{\"@id\":\"https:\/\/hirhangya.hu\/index.php\/2026\/05\/01\/82-szazalekos-fideszbol-71-szazalekos-tisza-fenekestul-forgatta-fel-a-felsogagyiak-partpreferenciait-a-falubuszaffer\/\"},\"author\":{\"name\":\"Nemes Gabor\",\"@id\":\"https:\/\/hirhangya.hu\/#\/schema\/person\/ad1b32f6cde48eb8bc14fa7efd4d70b5\"},\"headline\":\"82 sz\u00e1zal\u00e9kos Fideszb\u0151l 71 sz\u00e1zal\u00e9kos Tisza \u2013 fenekest\u00fcl forgatta fel a fels\u0151gagyiak p\u00e1rtpreferenci\u00e1it a falubuszaff\u00e9r\",\"datePublished\":\"2026-05-01T09:10:52+00:00\",\"mainEntityOfPage\":{\"@id\":\"https:\/\/hirhangya.hu\/index.php\/2026\/05\/01\/82-szazalekos-fideszbol-71-szazalekos-tisza-fenekestul-forgatta-fel-a-felsogagyiak-partpreferenciait-a-falubuszaffer\/\"},\"wordCount\":528,\"commentCount\":0,\"publisher\":{\"@id\":\"https:\/\/hirhangya.hu\/#organization\"},\"image\":{\"@id\":\"https:\/\/hirhangya.hu\/index.php\/2026\/05\/01\/82-szazalekos-fideszbol-71-szazalekos-tisza-fenekestul-forgatta-fel-a-felsogagyiak-partpreferenciait-a-falubuszaffer\/#primaryimage\"},\"thumbnailUrl\":\"https:\/\/hirhangya.hu\/wp-content\/uploads\/2026\/05\/8Km6x45jnLfaWGLWs-PugJKg.jpg\",\"articleSection\":[\"\u00c1ltal\u00e1nos\"],\"inLanguage\":\"hu\",\"potentialAction\":[{\"@type\":\"CommentAction\",\"name\":\"Comment\",\"target\":[\"https:\/\/hirhangya.hu\/index.php\/2026\/05\/01\/82-szazalekos-fideszbol-71-szazalekos-tisza-fenekestul-forgatta-fel-a-felsogagyiak-partpreferenciait-a-falubuszaffer\/#respond\"]}]},{\"@type\":\"WebPage\",\"@id\":\"https:\/\/hirhangya.hu\/index.php\/2026\/05\/01\/82-szazalekos-fideszbol-71-szazalekos-tisza-fenekestul-forgatta-fel-a-felsogagyiak-partpreferenciait-a-falubuszaffer\/\",\"url\":\"https:\/\/hirhangya.hu\/index.php\/2026\/05\/01\/82-szazalekos-fideszbol-71-szazalekos-tisza-fenekestul-forgatta-fel-a-felsogagyiak-partpreferenciait-a-falubuszaffer\/\",\"name\":\"82 sz\u00e1zal\u00e9kos Fideszb\u0151l 71 sz\u00e1zal\u00e9kos Tisza \u2013 fenekest\u00fcl forgatta fel a fels\u0151gagyiak p\u00e1rtpreferenci\u00e1it a falubuszaff\u00e9r - H\u00edrhangya\",\"isPartOf\":{\"@id\":\"https:\/\/hirhangya.hu\/#website\"},\"primaryImageOfPage\":{\"@id\":\"https:\/\/hirhangya.hu\/index.php\/2026\/05\/01\/82-szazalekos-fideszbol-71-szazalekos-tisza-fenekestul-forgatta-fel-a-felsogagyiak-partpreferenciait-a-falubuszaffer\/#primaryimage\"},\"image\":{\"@id\":\"https:\/\/hirhangya.hu\/index.php\/2026\/05\/01\/82-szazalekos-fideszbol-71-szazalekos-tisza-fenekestul-forgatta-fel-a-felsogagyiak-partpreferenciait-a-falubuszaffer\/#primaryimage\"},\"thumbnailUrl\":\"https:\/\/hirhangya.hu\/wp-content\/uploads\/2026\/05\/8Km6x45jnLfaWGLWs-PugJKg.jpg\",\"datePublished\":\"2026-05-01T09:10:52+00:00\",\"breadcrumb\":{\"@id\":\"https:\/\/hirhangya.hu\/index.php\/2026\/05\/01\/82-szazalekos-fideszbol-71-szazalekos-tisza-fenekestul-forgatta-fel-a-felsogagyiak-partpreferenciait-a-falubuszaffer\/#breadcrumb\"},\"inLanguage\":\"hu\",\"potentialAction\":[{\"@type\":\"ReadAction\",\"target\":[\"https:\/\/hirhangya.hu\/index.php\/2026\/05\/01\/82-szazalekos-fideszbol-71-szazalekos-tisza-fenekestul-forgatta-fel-a-felsogagyiak-partpreferenciait-a-falubuszaffer\/\"]}]},{\"@type\":\"ImageObject\",\"inLanguage\":\"hu\",\"@id\":\"https:\/\/hirhangya.hu\/index.php\/2026\/05\/01\/82-szazalekos-fideszbol-71-szazalekos-tisza-fenekestul-forgatta-fel-a-felsogagyiak-partpreferenciait-a-falubuszaffer\/#primaryimage\",\"url\":\"https:\/\/hirhangya.hu\/wp-content\/uploads\/2026\/05\/8Km6x45jnLfaWGLWs-PugJKg.jpg\",\"contentUrl\":\"https:\/\/hirhangya.hu\/wp-content\/uploads\/2026\/05\/8Km6x45jnLfaWGLWs-PugJKg.jpg\",\"width\":2000,\"height\":1334},{\"@type\":\"BreadcrumbList\",\"@id\":\"https:\/\/hirhangya.hu\/index.php\/2026\/05\/01\/82-szazalekos-fideszbol-71-szazalekos-tisza-fenekestul-forgatta-fel-a-felsogagyiak-partpreferenciait-a-falubuszaffer\/#breadcrumb\",\"itemListElement\":[{\"@type\":\"ListItem\",\"position\":1,\"name\":\"Home\",\"item\":\"https:\/\/hirhangya.hu\/\"},{\"@type\":\"ListItem\",\"position\":2,\"name\":\"82 sz\u00e1zal\u00e9kos Fideszb\u0151l 71 sz\u00e1zal\u00e9kos Tisza \u2013 fenekest\u00fcl forgatta fel a fels\u0151gagyiak p\u00e1rtpreferenci\u00e1it a falubuszaff\u00e9r\"}]},{\"@type\":\"WebSite\",\"@id\":\"https:\/\/hirhangya.hu\/#website\",\"url\":\"https:\/\/hirhangya.hu\/\",\"name\":\"H\u00edrhangya\",\"description\":\"Szorgalmasan \u00f6sszehordjuk a legfrissebb h\u00edreket\",\"publisher\":{\"@id\":\"https:\/\/hirhangya.hu\/#organization\"},\"potentialAction\":[{\"@type\":\"SearchAction\",\"target\":{\"@type\":\"EntryPoint\",\"urlTemplate\":\"https:\/\/hirhangya.hu\/?s={search_term_string}\"},\"query-input\":{\"@type\":\"PropertyValueSpecification\",\"valueRequired\":true,\"valueName\":\"search_term_string\"}}],\"inLanguage\":\"hu\"},{\"@type\":\"Organization\",\"@id\":\"https:\/\/hirhangya.hu\/#organization\",\"name\":\"H\u00edrhangya\",\"url\":\"https:\/\/hirhangya.hu\/\",\"logo\":{\"@type\":\"ImageObject\",\"inLanguage\":\"hu\",\"@id\":\"https:\/\/hirhangya.hu\/#\/schema\/logo\/image\/\",\"url\":\"https:\/\/hirhangya.hu\/wp-content\/uploads\/2025\/06\/cropped-cropped-hirhangya-logo-szoveges-scaled-1-e1750064323596.jpg\",\"contentUrl\":\"https:\/\/hirhangya.hu\/wp-content\/uploads\/2025\/06\/cropped-cropped-hirhangya-logo-szoveges-scaled-1-e1750064323596.jpg\",\"width\":350,\"height\":100,\"caption\":\"H\u00edrhangya\"},\"image\":{\"@id\":\"https:\/\/hirhangya.hu\/#\/schema\/logo\/image\/\"}},{\"@type\":\"Person\",\"@id\":\"https:\/\/hirhangya.hu\/#\/schema\/person\/ad1b32f6cde48eb8bc14fa7efd4d70b5\",\"name\":\"Nemes Gabor\",\"image\":{\"@type\":\"ImageObject\",\"inLanguage\":\"hu\",\"@id\":\"https:\/\/hirhangya.hu\/#\/schema\/person\/image\/\",\"url\":\"https:\/\/secure.gravatar.com\/avatar\/92c2a9c67399a3a1c5444228b3ae3f850f3218d7c18ff5ed44a84130d5b474f3?s=96&d=mm&r=g\",\"contentUrl\":\"https:\/\/secure.gravatar.com\/avatar\/92c2a9c67399a3a1c5444228b3ae3f850f3218d7c18ff5ed44a84130d5b474f3?s=96&d=mm&r=g\",\"caption\":\"Nemes Gabor\"},\"url\":\"https:\/\/hirhangya.hu\/index.php\/author\/hex324\/\"}]}<\/script>\n<!-- \/ Yoast SEO Premium plugin. -->","yoast_head_json":{"title":"82 sz\u00e1zal\u00e9kos Fideszb\u0151l 71 sz\u00e1zal\u00e9kos Tisza \u2013 fenekest\u00fcl forgatta fel a fels\u0151gagyiak p\u00e1rtpreferenci\u00e1it a falubuszaff\u00e9r - H\u00edrhangya","robots":{"index":"index","follow":"follow","max-snippet":"max-snippet:-1","max-image-preview":"max-image-preview:large","max-video-preview":"max-video-preview:-1"},"canonical":"https:\/\/hirhangya.hu\/index.php\/2026\/05\/01\/82-szazalekos-fideszbol-71-szazalekos-tisza-fenekestul-forgatta-fel-a-felsogagyiak-partpreferenciait-a-falubuszaffer\/","og_locale":"hu_HU","og_type":"article","og_title":"82 sz\u00e1zal\u00e9kos Fideszb\u0151l 71 sz\u00e1zal\u00e9kos Tisza \u2013 fenekest\u00fcl forgatta fel a fels\u0151gagyiak p\u00e1rtpreferenci\u00e1it a falubuszaff\u00e9r","og_description":"Fels\u0151gagyon 2022-ben a Fidesz 82 sz\u00e1zal\u00e9kkal gy\u0151z\u00f6tt, id\u00e9n viszont a Tisza 71 sz\u00e1zal\u00e9kot szerzett \u2014 a helyiek k\u00e9tf\u00e9le magyar\u00e1zattal szolg\u00e1lnak a politikai f\u00f6ldindul\u00e1sra. Egyesek azt tartj\u00e1k, hogy a fideszes polg\u00e1rmester titokban oldal\u00e1t v\u00e1ltotta; m\u00e1sok szerint az embereknek eleg\u00fck lett a be nem v\u00e1ltott \u00edg\u00e9retekb\u0151l. Kev\u00e9s szebb hely van az orsz\u00e1gban, mint tavaszszal a Csereh\u00e1t: a [&hellip;]","og_url":"https:\/\/hirhangya.hu\/index.php\/2026\/05\/01\/82-szazalekos-fideszbol-71-szazalekos-tisza-fenekestul-forgatta-fel-a-felsogagyiak-partpreferenciait-a-falubuszaffer\/","og_site_name":"H\u00edrhangya","article_published_time":"2026-05-01T09:10:52+00:00","author":"Nemes Gabor","twitter_card":"summary_large_image","twitter_misc":{"Szerz\u0151:":"Nemes Gabor","Becs\u00fclt olvas\u00e1si id\u0151":"3 perc"},"schema":{"@context":"https:\/\/schema.org","@graph":[{"@type":"Article","@id":"https:\/\/hirhangya.hu\/index.php\/2026\/05\/01\/82-szazalekos-fideszbol-71-szazalekos-tisza-fenekestul-forgatta-fel-a-felsogagyiak-partpreferenciait-a-falubuszaffer\/#article","isPartOf":{"@id":"https:\/\/hirhangya.hu\/index.php\/2026\/05\/01\/82-szazalekos-fideszbol-71-szazalekos-tisza-fenekestul-forgatta-fel-a-felsogagyiak-partpreferenciait-a-falubuszaffer\/"},"author":{"name":"Nemes Gabor","@id":"https:\/\/hirhangya.hu\/#\/schema\/person\/ad1b32f6cde48eb8bc14fa7efd4d70b5"},"headline":"82 sz\u00e1zal\u00e9kos Fideszb\u0151l 71 sz\u00e1zal\u00e9kos Tisza \u2013 fenekest\u00fcl forgatta fel a fels\u0151gagyiak p\u00e1rtpreferenci\u00e1it a falubuszaff\u00e9r","datePublished":"2026-05-01T09:10:52+00:00","mainEntityOfPage":{"@id":"https:\/\/hirhangya.hu\/index.php\/2026\/05\/01\/82-szazalekos-fideszbol-71-szazalekos-tisza-fenekestul-forgatta-fel-a-felsogagyiak-partpreferenciait-a-falubuszaffer\/"},"wordCount":528,"commentCount":0,"publisher":{"@id":"https:\/\/hirhangya.hu\/#organization"},"image":{"@id":"https:\/\/hirhangya.hu\/index.php\/2026\/05\/01\/82-szazalekos-fideszbol-71-szazalekos-tisza-fenekestul-forgatta-fel-a-felsogagyiak-partpreferenciait-a-falubuszaffer\/#primaryimage"},"thumbnailUrl":"https:\/\/hirhangya.hu\/wp-content\/uploads\/2026\/05\/8Km6x45jnLfaWGLWs-PugJKg.jpg","articleSection":["\u00c1ltal\u00e1nos"],"inLanguage":"hu","potentialAction":[{"@type":"CommentAction","name":"Comment","target":["https:\/\/hirhangya.hu\/index.php\/2026\/05\/01\/82-szazalekos-fideszbol-71-szazalekos-tisza-fenekestul-forgatta-fel-a-felsogagyiak-partpreferenciait-a-falubuszaffer\/#respond"]}]},{"@type":"WebPage","@id":"https:\/\/hirhangya.hu\/index.php\/2026\/05\/01\/82-szazalekos-fideszbol-71-szazalekos-tisza-fenekestul-forgatta-fel-a-felsogagyiak-partpreferenciait-a-falubuszaffer\/","url":"https:\/\/hirhangya.hu\/index.php\/2026\/05\/01\/82-szazalekos-fideszbol-71-szazalekos-tisza-fenekestul-forgatta-fel-a-felsogagyiak-partpreferenciait-a-falubuszaffer\/","name":"82 sz\u00e1zal\u00e9kos Fideszb\u0151l 71 sz\u00e1zal\u00e9kos Tisza \u2013 fenekest\u00fcl forgatta fel a fels\u0151gagyiak p\u00e1rtpreferenci\u00e1it a falubuszaff\u00e9r - H\u00edrhangya","isPartOf":{"@id":"https:\/\/hirhangya.hu\/#website"},"primaryImageOfPage":{"@id":"https:\/\/hirhangya.hu\/index.php\/2026\/05\/01\/82-szazalekos-fideszbol-71-szazalekos-tisza-fenekestul-forgatta-fel-a-felsogagyiak-partpreferenciait-a-falubuszaffer\/#primaryimage"},"image":{"@id":"https:\/\/hirhangya.hu\/index.php\/2026\/05\/01\/82-szazalekos-fideszbol-71-szazalekos-tisza-fenekestul-forgatta-fel-a-felsogagyiak-partpreferenciait-a-falubuszaffer\/#primaryimage"},"thumbnailUrl":"https:\/\/hirhangya.hu\/wp-content\/uploads\/2026\/05\/8Km6x45jnLfaWGLWs-PugJKg.jpg","datePublished":"2026-05-01T09:10:52+00:00","breadcrumb":{"@id":"https:\/\/hirhangya.hu\/index.php\/2026\/05\/01\/82-szazalekos-fideszbol-71-szazalekos-tisza-fenekestul-forgatta-fel-a-felsogagyiak-partpreferenciait-a-falubuszaffer\/#breadcrumb"},"inLanguage":"hu","potentialAction":[{"@type":"ReadAction","target":["https:\/\/hirhangya.hu\/index.php\/2026\/05\/01\/82-szazalekos-fideszbol-71-szazalekos-tisza-fenekestul-forgatta-fel-a-felsogagyiak-partpreferenciait-a-falubuszaffer\/"]}]},{"@type":"ImageObject","inLanguage":"hu","@id":"https:\/\/hirhangya.hu\/index.php\/2026\/05\/01\/82-szazalekos-fideszbol-71-szazalekos-tisza-fenekestul-forgatta-fel-a-felsogagyiak-partpreferenciait-a-falubuszaffer\/#primaryimage","url":"https:\/\/hirhangya.hu\/wp-content\/uploads\/2026\/05\/8Km6x45jnLfaWGLWs-PugJKg.jpg","contentUrl":"https:\/\/hirhangya.hu\/wp-content\/uploads\/2026\/05\/8Km6x45jnLfaWGLWs-PugJKg.jpg","width":2000,"height":1334},{"@type":"BreadcrumbList","@id":"https:\/\/hirhangya.hu\/index.php\/2026\/05\/01\/82-szazalekos-fideszbol-71-szazalekos-tisza-fenekestul-forgatta-fel-a-felsogagyiak-partpreferenciait-a-falubuszaffer\/#breadcrumb","itemListElement":[{"@type":"ListItem","position":1,"name":"Home","item":"https:\/\/hirhangya.hu\/"},{"@type":"ListItem","position":2,"name":"82 sz\u00e1zal\u00e9kos Fideszb\u0151l 71 sz\u00e1zal\u00e9kos Tisza \u2013 fenekest\u00fcl forgatta fel a fels\u0151gagyiak p\u00e1rtpreferenci\u00e1it a falubuszaff\u00e9r"}]},{"@type":"WebSite","@id":"https:\/\/hirhangya.hu\/#website","url":"https:\/\/hirhangya.hu\/","name":"H\u00edrhangya","description":"Szorgalmasan \u00f6sszehordjuk a legfrissebb h\u00edreket","publisher":{"@id":"https:\/\/hirhangya.hu\/#organization"},"potentialAction":[{"@type":"SearchAction","target":{"@type":"EntryPoint","urlTemplate":"https:\/\/hirhangya.hu\/?s={search_term_string}"},"query-input":{"@type":"PropertyValueSpecification","valueRequired":true,"valueName":"search_term_string"}}],"inLanguage":"hu"},{"@type":"Organization","@id":"https:\/\/hirhangya.hu\/#organization","name":"H\u00edrhangya","url":"https:\/\/hirhangya.hu\/","logo":{"@type":"ImageObject","inLanguage":"hu","@id":"https:\/\/hirhangya.hu\/#\/schema\/logo\/image\/","url":"https:\/\/hirhangya.hu\/wp-content\/uploads\/2025\/06\/cropped-cropped-hirhangya-logo-szoveges-scaled-1-e1750064323596.jpg","contentUrl":"https:\/\/hirhangya.hu\/wp-content\/uploads\/2025\/06\/cropped-cropped-hirhangya-logo-szoveges-scaled-1-e1750064323596.jpg","width":350,"height":100,"caption":"H\u00edrhangya"},"image":{"@id":"https:\/\/hirhangya.hu\/#\/schema\/logo\/image\/"}},{"@type":"Person","@id":"https:\/\/hirhangya.hu\/#\/schema\/person\/ad1b32f6cde48eb8bc14fa7efd4d70b5","name":"Nemes Gabor","image":{"@type":"ImageObject","inLanguage":"hu","@id":"https:\/\/hirhangya.hu\/#\/schema\/person\/image\/","url":"https:\/\/secure.gravatar.com\/avatar\/92c2a9c67399a3a1c5444228b3ae3f850f3218d7c18ff5ed44a84130d5b474f3?s=96&d=mm&r=g","contentUrl":"https:\/\/secure.gravatar.com\/avatar\/92c2a9c67399a3a1c5444228b3ae3f850f3218d7c18ff5ed44a84130d5b474f3?s=96&d=mm&r=g","caption":"Nemes Gabor"},"url":"https:\/\/hirhangya.hu\/index.php\/author\/hex324\/"}]}},"_links":{"self":[{"href":"https:\/\/hirhangya.hu\/index.php\/wp-json\/wp\/v2\/posts\/95053","targetHints":{"allow":["GET"]}}],"collection":[{"href":"https:\/\/hirhangya.hu\/index.php\/wp-json\/wp\/v2\/posts"}],"about":[{"href":"https:\/\/hirhangya.hu\/index.php\/wp-json\/wp\/v2\/types\/post"}],"author":[{"embeddable":true,"href":"https:\/\/hirhangya.hu\/index.php\/wp-json\/wp\/v2\/users\/2"}],"replies":[{"embeddable":true,"href":"https:\/\/hirhangya.hu\/index.php\/wp-json\/wp\/v2\/comments?post=95053"}],"version-history":[{"count":0,"href":"https:\/\/hirhangya.hu\/index.php\/wp-json\/wp\/v2\/posts\/95053\/revisions"}],"wp:featuredmedia":[{"embeddable":true,"href":"https:\/\/hirhangya.hu\/index.php\/wp-json\/wp\/v2\/media\/95054"}],"wp:attachment":[{"href":"https:\/\/hirhangya.hu\/index.php\/wp-json\/wp\/v2\/media?parent=95053"}],"wp:term":[{"taxonomy":"category","embeddable":true,"href":"https:\/\/hirhangya.hu\/index.php\/wp-json\/wp\/v2\/categories?post=95053"},{"taxonomy":"post_tag","embeddable":true,"href":"https:\/\/hirhangya.hu\/index.php\/wp-json\/wp\/v2\/tags?post=95053"}],"curies":[{"name":"wp","href":"https:\/\/api.w.org\/{rel}","templated":true}]}}