{"id":95055,"date":"2026-05-01T09:11:08","date_gmt":"2026-05-01T09:11:08","guid":{"rendered":"https:\/\/hirhangya.hu\/index.php\/2026\/05\/01\/trump-mar-olaszorszagot-es-spanyolorszagot-is-amerikai-katonak-kivonasaval-fenyegeti\/"},"modified":"2026-05-01T09:11:08","modified_gmt":"2026-05-01T09:11:08","slug":"trump-mar-olaszorszagot-es-spanyolorszagot-is-amerikai-katonak-kivonasaval-fenyegeti","status":"publish","type":"post","link":"https:\/\/hirhangya.hu\/index.php\/2026\/05\/01\/trump-mar-olaszorszagot-es-spanyolorszagot-is-amerikai-katonak-kivonasaval-fenyegeti\/","title":{"rendered":"Trump m\u00e1r Olaszorsz\u00e1got \u00e9s Spanyolorsz\u00e1got is amerikai katon\u00e1k kivon\u00e1s\u00e1val fenyegeti"},"content":{"rendered":"<p>A Guardian szerint Donald Trump p\u00e9nteken N\u00e9metorsz\u00e1g ut\u00e1n Olaszorsz\u00e1got \u00e9s Spanyolorsz\u00e1got is megfenyegette azzal, hogy kivonhatja onnan az ott \u00e1llom\u00e1soz\u00f3 amerikai katon\u00e1kat, \u00e9s egy \u00fajs\u00e1g\u00edr\u00f3i k\u00e9rd\u00e9sre v\u00e1laszolva \u201eval\u00f3sz\u00edn\u0171leg\u201d fontol\u00f3ra venn\u00e9 ezt a l\u00e9p\u00e9st, \u00f6sszekapcsolva a d\u00f6nt\u00e9st a k\u00e9t orsz\u00e1g amerikai ir\u00e1ni hadm\u0171velettel szembeni kritik\u00e1j\u00e1val; Trump azt mondta, \u201eOlaszorsz\u00e1g semmiben nem volt a seg\u00edts\u00e9g\u00fcnkre, Spanyolorsz\u00e1g pedig borzalmas volt\u201d. <\/p>\n<p>Mindk\u00e9t korm\u00e1ny hangosan b\u00edr\u00e1lta az amerikai k\u00f6zel-keleti hadm\u0171veletet, \u00e9s ez\u00e9rt az eln\u00f6k t\u00f6bbsz\u00f6r b\u00edr\u00e1lta vezet\u0151iket, ami\u00e9rt nem csatlakoznak a konfliktushoz. Az olasz minisztereln\u00f6k, Giorgia Meloni, akivel kor\u00e1bban k\u00f6zeli viszonyt tartott, \u00f6sszek\u00fcl\u00f6nb\u00f6z\u00f6tt Trumptal: R\u00f3ma nem volt hajland\u00f3 bel\u00e9pni a h\u00e1bor\u00faba, Meloni el\u00edt\u00e9lte Trump \u201eelfogadhatatlan\u201d megjegyz\u00e9seit a p\u00e1p\u00e1r\u00f3l, \u00e9s megtagadta, hogy egy szic\u00edliai l\u00e9gib\u00e1zist amerikai katonai rep\u00fcl\u0151g\u00e9pek haszn\u00e1ljanak ir\u00e1ni h\u00e1bor\u00fahoz sz\u00e1ll\u00edtott fegyverek sz\u00e1ll\u00edt\u00e1s\u00e1ra, miut\u00e1n az Egyes\u00fclt \u00c1llamok nem k\u00f6vette a sz\u00fcks\u00e9ges enged\u00e9lyez\u00e9si elj\u00e1r\u00e1st. <\/p>\n<p>Spanyolorsz\u00e1g minisztereln\u00f6ke, Pedro S\u00e1nchez a kezdetekt\u0151l a h\u00e1bor\u00fa egyik leghangosabb eur\u00f3pai kritikusa volt, ami Trump d\u00fch\u00e9t \u00e9s k\u00fcl\u00f6nf\u00e9le fenyeget\u00e9seit v\u00e1ltotta ki, t\u00f6bbek k\u00f6z\u00f6tt kereskedelmi embarg\u00f3 vagy ak\u00e1r a NATO-tags\u00e1g felf\u00fcggeszt\u00e9s\u00e9nek felvet\u00e9s\u00e9vel. Trump cs\u00fct\u00f6rt\u00f6k\u00f6n azt is bejelentette, hogy cs\u00f6kkentheti a N\u00e9metorsz\u00e1gban \u00e1llom\u00e1soz\u00f3 amerikai csapatok sz\u00e1m\u00e1t, miut\u00e1n a n\u00e9met kancell\u00e1r, Friedrich Merz azt mondta, Ir\u00e1n \u201emegal\u00e1zza\u201d Amerik\u00e1t.<\/p>\n<p>Eredeti cikk: <a href=\"https:\/\/444.hu\/2026\/05\/01\/trump-mar-olaszorszagot-es-spanyolorszagot-is-amerikai-katonak-kivonasaval-fenyegeti?utm_source=rss_feed&amp;utm_medium=rss&amp;utm_campaign=rss_syndication\" target=\"_blank\" class=\"feedzy-rss-link-icon\">elolvasom<\/a><\/p>\n","protected":false},"excerpt":{"rendered":"<p>A Guardian szerint Donald Trump p\u00e9nteken N\u00e9metorsz\u00e1g ut\u00e1n Olaszorsz\u00e1got \u00e9s Spanyolorsz\u00e1got is megfenyegette azzal, hogy kivonhatja onnan az ott \u00e1llom\u00e1soz\u00f3 amerikai katon\u00e1kat, \u00e9s egy \u00fajs\u00e1g\u00edr\u00f3i k\u00e9rd\u00e9sre v\u00e1laszolva \u201eval\u00f3sz\u00edn\u0171leg\u201d fontol\u00f3ra venn\u00e9 ezt a l\u00e9p\u00e9st, \u00f6sszekapcsolva a d\u00f6nt\u00e9st a k\u00e9t orsz\u00e1g amerikai ir\u00e1ni hadm\u0171velettel szembeni kritik\u00e1j\u00e1val; Trump azt mondta, \u201eOlaszorsz\u00e1g semmiben nem volt a seg\u00edts\u00e9g\u00fcnkre, Spanyolorsz\u00e1g pedig [&hellip;]<\/p>\n","protected":false},"author":2,"featured_media":95056,"comment_status":"open","ping_status":"open","sticky":false,"template":"","format":"standard","meta":{"footnotes":""},"categories":[147],"tags":[],"class_list":["post-95055","post","type-post","status-publish","format-standard","has-post-thumbnail","hentry","category-altalanos"],"yoast_head":"<!-- This site is optimized with the Yoast SEO Premium plugin v26.2 (Yoast SEO v26.3) - https:\/\/yoast.com\/wordpress\/plugins\/seo\/ -->\n<title>Trump m\u00e1r Olaszorsz\u00e1got \u00e9s Spanyolorsz\u00e1got is amerikai katon\u00e1k kivon\u00e1s\u00e1val fenyegeti - H\u00edrhangya<\/title>\n<meta name=\"robots\" content=\"index, follow, max-snippet:-1, max-image-preview:large, max-video-preview:-1\" \/>\n<link rel=\"canonical\" href=\"https:\/\/hirhangya.hu\/index.php\/2026\/05\/01\/trump-mar-olaszorszagot-es-spanyolorszagot-is-amerikai-katonak-kivonasaval-fenyegeti\/\" \/>\n<meta property=\"og:locale\" content=\"hu_HU\" \/>\n<meta property=\"og:type\" content=\"article\" \/>\n<meta property=\"og:title\" content=\"Trump m\u00e1r Olaszorsz\u00e1got \u00e9s Spanyolorsz\u00e1got is amerikai katon\u00e1k kivon\u00e1s\u00e1val fenyegeti\" \/>\n<meta property=\"og:description\" content=\"A Guardian szerint Donald Trump p\u00e9nteken N\u00e9metorsz\u00e1g ut\u00e1n Olaszorsz\u00e1got \u00e9s Spanyolorsz\u00e1got is megfenyegette azzal, hogy kivonhatja onnan az ott \u00e1llom\u00e1soz\u00f3 amerikai katon\u00e1kat, \u00e9s egy \u00fajs\u00e1g\u00edr\u00f3i k\u00e9rd\u00e9sre v\u00e1laszolva \u201eval\u00f3sz\u00edn\u0171leg\u201d fontol\u00f3ra venn\u00e9 ezt a l\u00e9p\u00e9st, \u00f6sszekapcsolva a d\u00f6nt\u00e9st a k\u00e9t orsz\u00e1g amerikai ir\u00e1ni hadm\u0171velettel szembeni kritik\u00e1j\u00e1val; Trump azt mondta, \u201eOlaszorsz\u00e1g semmiben nem volt a seg\u00edts\u00e9g\u00fcnkre, Spanyolorsz\u00e1g pedig [&hellip;]\" \/>\n<meta property=\"og:url\" content=\"https:\/\/hirhangya.hu\/index.php\/2026\/05\/01\/trump-mar-olaszorszagot-es-spanyolorszagot-is-amerikai-katonak-kivonasaval-fenyegeti\/\" \/>\n<meta property=\"og:site_name\" content=\"H\u00edrhangya\" \/>\n<meta property=\"article:published_time\" content=\"2026-05-01T09:11:08+00:00\" \/>\n<meta name=\"author\" content=\"Nemes Gabor\" \/>\n<meta name=\"twitter:card\" content=\"summary_large_image\" \/>\n<meta name=\"twitter:label1\" content=\"Szerz\u0151:\" \/>\n\t<meta name=\"twitter:data1\" content=\"Nemes Gabor\" \/>\n\t<meta name=\"twitter:label2\" content=\"Becs\u00fclt olvas\u00e1si id\u0151\" \/>\n\t<meta name=\"twitter:data2\" content=\"2 perc\" \/>\n<script type=\"application\/ld+json\" class=\"yoast-schema-graph\">{\"@context\":\"https:\/\/schema.org\",\"@graph\":[{\"@type\":\"Article\",\"@id\":\"https:\/\/hirhangya.hu\/index.php\/2026\/05\/01\/trump-mar-olaszorszagot-es-spanyolorszagot-is-amerikai-katonak-kivonasaval-fenyegeti\/#article\",\"isPartOf\":{\"@id\":\"https:\/\/hirhangya.hu\/index.php\/2026\/05\/01\/trump-mar-olaszorszagot-es-spanyolorszagot-is-amerikai-katonak-kivonasaval-fenyegeti\/\"},\"author\":{\"name\":\"Nemes Gabor\",\"@id\":\"https:\/\/hirhangya.hu\/#\/schema\/person\/ad1b32f6cde48eb8bc14fa7efd4d70b5\"},\"headline\":\"Trump m\u00e1r Olaszorsz\u00e1got \u00e9s Spanyolorsz\u00e1got is amerikai katon\u00e1k kivon\u00e1s\u00e1val fenyegeti\",\"datePublished\":\"2026-05-01T09:11:08+00:00\",\"mainEntityOfPage\":{\"@id\":\"https:\/\/hirhangya.hu\/index.php\/2026\/05\/01\/trump-mar-olaszorszagot-es-spanyolorszagot-is-amerikai-katonak-kivonasaval-fenyegeti\/\"},\"wordCount\":330,\"commentCount\":0,\"publisher\":{\"@id\":\"https:\/\/hirhangya.hu\/#organization\"},\"image\":{\"@id\":\"https:\/\/hirhangya.hu\/index.php\/2026\/05\/01\/trump-mar-olaszorszagot-es-spanyolorszagot-is-amerikai-katonak-kivonasaval-fenyegeti\/#primaryimage\"},\"thumbnailUrl\":\"https:\/\/hirhangya.hu\/wp-content\/uploads\/2026\/05\/8JPvVwo8ae0N1bj14Us-FAymfu.jpg\",\"articleSection\":[\"\u00c1ltal\u00e1nos\"],\"inLanguage\":\"hu\",\"potentialAction\":[{\"@type\":\"CommentAction\",\"name\":\"Comment\",\"target\":[\"https:\/\/hirhangya.hu\/index.php\/2026\/05\/01\/trump-mar-olaszorszagot-es-spanyolorszagot-is-amerikai-katonak-kivonasaval-fenyegeti\/#respond\"]}]},{\"@type\":\"WebPage\",\"@id\":\"https:\/\/hirhangya.hu\/index.php\/2026\/05\/01\/trump-mar-olaszorszagot-es-spanyolorszagot-is-amerikai-katonak-kivonasaval-fenyegeti\/\",\"url\":\"https:\/\/hirhangya.hu\/index.php\/2026\/05\/01\/trump-mar-olaszorszagot-es-spanyolorszagot-is-amerikai-katonak-kivonasaval-fenyegeti\/\",\"name\":\"Trump m\u00e1r Olaszorsz\u00e1got \u00e9s Spanyolorsz\u00e1got is amerikai katon\u00e1k kivon\u00e1s\u00e1val fenyegeti - H\u00edrhangya\",\"isPartOf\":{\"@id\":\"https:\/\/hirhangya.hu\/#website\"},\"primaryImageOfPage\":{\"@id\":\"https:\/\/hirhangya.hu\/index.php\/2026\/05\/01\/trump-mar-olaszorszagot-es-spanyolorszagot-is-amerikai-katonak-kivonasaval-fenyegeti\/#primaryimage\"},\"image\":{\"@id\":\"https:\/\/hirhangya.hu\/index.php\/2026\/05\/01\/trump-mar-olaszorszagot-es-spanyolorszagot-is-amerikai-katonak-kivonasaval-fenyegeti\/#primaryimage\"},\"thumbnailUrl\":\"https:\/\/hirhangya.hu\/wp-content\/uploads\/2026\/05\/8JPvVwo8ae0N1bj14Us-FAymfu.jpg\",\"datePublished\":\"2026-05-01T09:11:08+00:00\",\"breadcrumb\":{\"@id\":\"https:\/\/hirhangya.hu\/index.php\/2026\/05\/01\/trump-mar-olaszorszagot-es-spanyolorszagot-is-amerikai-katonak-kivonasaval-fenyegeti\/#breadcrumb\"},\"inLanguage\":\"hu\",\"potentialAction\":[{\"@type\":\"ReadAction\",\"target\":[\"https:\/\/hirhangya.hu\/index.php\/2026\/05\/01\/trump-mar-olaszorszagot-es-spanyolorszagot-is-amerikai-katonak-kivonasaval-fenyegeti\/\"]}]},{\"@type\":\"ImageObject\",\"inLanguage\":\"hu\",\"@id\":\"https:\/\/hirhangya.hu\/index.php\/2026\/05\/01\/trump-mar-olaszorszagot-es-spanyolorszagot-is-amerikai-katonak-kivonasaval-fenyegeti\/#primaryimage\",\"url\":\"https:\/\/hirhangya.hu\/wp-content\/uploads\/2026\/05\/8JPvVwo8ae0N1bj14Us-FAymfu.jpg\",\"contentUrl\":\"https:\/\/hirhangya.hu\/wp-content\/uploads\/2026\/05\/8JPvVwo8ae0N1bj14Us-FAymfu.jpg\",\"width\":2000,\"height\":1333},{\"@type\":\"BreadcrumbList\",\"@id\":\"https:\/\/hirhangya.hu\/index.php\/2026\/05\/01\/trump-mar-olaszorszagot-es-spanyolorszagot-is-amerikai-katonak-kivonasaval-fenyegeti\/#breadcrumb\",\"itemListElement\":[{\"@type\":\"ListItem\",\"position\":1,\"name\":\"Home\",\"item\":\"https:\/\/hirhangya.hu\/\"},{\"@type\":\"ListItem\",\"position\":2,\"name\":\"Trump m\u00e1r Olaszorsz\u00e1got \u00e9s Spanyolorsz\u00e1got is amerikai katon\u00e1k kivon\u00e1s\u00e1val fenyegeti\"}]},{\"@type\":\"WebSite\",\"@id\":\"https:\/\/hirhangya.hu\/#website\",\"url\":\"https:\/\/hirhangya.hu\/\",\"name\":\"H\u00edrhangya\",\"description\":\"Szorgalmasan \u00f6sszehordjuk a legfrissebb h\u00edreket\",\"publisher\":{\"@id\":\"https:\/\/hirhangya.hu\/#organization\"},\"potentialAction\":[{\"@type\":\"SearchAction\",\"target\":{\"@type\":\"EntryPoint\",\"urlTemplate\":\"https:\/\/hirhangya.hu\/?s={search_term_string}\"},\"query-input\":{\"@type\":\"PropertyValueSpecification\",\"valueRequired\":true,\"valueName\":\"search_term_string\"}}],\"inLanguage\":\"hu\"},{\"@type\":\"Organization\",\"@id\":\"https:\/\/hirhangya.hu\/#organization\",\"name\":\"H\u00edrhangya\",\"url\":\"https:\/\/hirhangya.hu\/\",\"logo\":{\"@type\":\"ImageObject\",\"inLanguage\":\"hu\",\"@id\":\"https:\/\/hirhangya.hu\/#\/schema\/logo\/image\/\",\"url\":\"https:\/\/hirhangya.hu\/wp-content\/uploads\/2025\/06\/cropped-cropped-hirhangya-logo-szoveges-scaled-1-e1750064323596.jpg\",\"contentUrl\":\"https:\/\/hirhangya.hu\/wp-content\/uploads\/2025\/06\/cropped-cropped-hirhangya-logo-szoveges-scaled-1-e1750064323596.jpg\",\"width\":350,\"height\":100,\"caption\":\"H\u00edrhangya\"},\"image\":{\"@id\":\"https:\/\/hirhangya.hu\/#\/schema\/logo\/image\/\"}},{\"@type\":\"Person\",\"@id\":\"https:\/\/hirhangya.hu\/#\/schema\/person\/ad1b32f6cde48eb8bc14fa7efd4d70b5\",\"name\":\"Nemes Gabor\",\"image\":{\"@type\":\"ImageObject\",\"inLanguage\":\"hu\",\"@id\":\"https:\/\/hirhangya.hu\/#\/schema\/person\/image\/\",\"url\":\"https:\/\/secure.gravatar.com\/avatar\/92c2a9c67399a3a1c5444228b3ae3f850f3218d7c18ff5ed44a84130d5b474f3?s=96&d=mm&r=g\",\"contentUrl\":\"https:\/\/secure.gravatar.com\/avatar\/92c2a9c67399a3a1c5444228b3ae3f850f3218d7c18ff5ed44a84130d5b474f3?s=96&d=mm&r=g\",\"caption\":\"Nemes Gabor\"},\"url\":\"https:\/\/hirhangya.hu\/index.php\/author\/hex324\/\"}]}<\/script>\n<!-- \/ Yoast SEO Premium plugin. -->","yoast_head_json":{"title":"Trump m\u00e1r Olaszorsz\u00e1got \u00e9s Spanyolorsz\u00e1got is amerikai katon\u00e1k kivon\u00e1s\u00e1val fenyegeti - H\u00edrhangya","robots":{"index":"index","follow":"follow","max-snippet":"max-snippet:-1","max-image-preview":"max-image-preview:large","max-video-preview":"max-video-preview:-1"},"canonical":"https:\/\/hirhangya.hu\/index.php\/2026\/05\/01\/trump-mar-olaszorszagot-es-spanyolorszagot-is-amerikai-katonak-kivonasaval-fenyegeti\/","og_locale":"hu_HU","og_type":"article","og_title":"Trump m\u00e1r Olaszorsz\u00e1got \u00e9s Spanyolorsz\u00e1got is amerikai katon\u00e1k kivon\u00e1s\u00e1val fenyegeti","og_description":"A Guardian szerint Donald Trump p\u00e9nteken N\u00e9metorsz\u00e1g ut\u00e1n Olaszorsz\u00e1got \u00e9s Spanyolorsz\u00e1got is megfenyegette azzal, hogy kivonhatja onnan az ott \u00e1llom\u00e1soz\u00f3 amerikai katon\u00e1kat, \u00e9s egy \u00fajs\u00e1g\u00edr\u00f3i k\u00e9rd\u00e9sre v\u00e1laszolva \u201eval\u00f3sz\u00edn\u0171leg\u201d fontol\u00f3ra venn\u00e9 ezt a l\u00e9p\u00e9st, \u00f6sszekapcsolva a d\u00f6nt\u00e9st a k\u00e9t orsz\u00e1g amerikai ir\u00e1ni hadm\u0171velettel szembeni kritik\u00e1j\u00e1val; Trump azt mondta, \u201eOlaszorsz\u00e1g semmiben nem volt a seg\u00edts\u00e9g\u00fcnkre, Spanyolorsz\u00e1g pedig [&hellip;]","og_url":"https:\/\/hirhangya.hu\/index.php\/2026\/05\/01\/trump-mar-olaszorszagot-es-spanyolorszagot-is-amerikai-katonak-kivonasaval-fenyegeti\/","og_site_name":"H\u00edrhangya","article_published_time":"2026-05-01T09:11:08+00:00","author":"Nemes Gabor","twitter_card":"summary_large_image","twitter_misc":{"Szerz\u0151:":"Nemes Gabor","Becs\u00fclt olvas\u00e1si id\u0151":"2 perc"},"schema":{"@context":"https:\/\/schema.org","@graph":[{"@type":"Article","@id":"https:\/\/hirhangya.hu\/index.php\/2026\/05\/01\/trump-mar-olaszorszagot-es-spanyolorszagot-is-amerikai-katonak-kivonasaval-fenyegeti\/#article","isPartOf":{"@id":"https:\/\/hirhangya.hu\/index.php\/2026\/05\/01\/trump-mar-olaszorszagot-es-spanyolorszagot-is-amerikai-katonak-kivonasaval-fenyegeti\/"},"author":{"name":"Nemes Gabor","@id":"https:\/\/hirhangya.hu\/#\/schema\/person\/ad1b32f6cde48eb8bc14fa7efd4d70b5"},"headline":"Trump m\u00e1r Olaszorsz\u00e1got \u00e9s Spanyolorsz\u00e1got is amerikai katon\u00e1k kivon\u00e1s\u00e1val fenyegeti","datePublished":"2026-05-01T09:11:08+00:00","mainEntityOfPage":{"@id":"https:\/\/hirhangya.hu\/index.php\/2026\/05\/01\/trump-mar-olaszorszagot-es-spanyolorszagot-is-amerikai-katonak-kivonasaval-fenyegeti\/"},"wordCount":330,"commentCount":0,"publisher":{"@id":"https:\/\/hirhangya.hu\/#organization"},"image":{"@id":"https:\/\/hirhangya.hu\/index.php\/2026\/05\/01\/trump-mar-olaszorszagot-es-spanyolorszagot-is-amerikai-katonak-kivonasaval-fenyegeti\/#primaryimage"},"thumbnailUrl":"https:\/\/hirhangya.hu\/wp-content\/uploads\/2026\/05\/8JPvVwo8ae0N1bj14Us-FAymfu.jpg","articleSection":["\u00c1ltal\u00e1nos"],"inLanguage":"hu","potentialAction":[{"@type":"CommentAction","name":"Comment","target":["https:\/\/hirhangya.hu\/index.php\/2026\/05\/01\/trump-mar-olaszorszagot-es-spanyolorszagot-is-amerikai-katonak-kivonasaval-fenyegeti\/#respond"]}]},{"@type":"WebPage","@id":"https:\/\/hirhangya.hu\/index.php\/2026\/05\/01\/trump-mar-olaszorszagot-es-spanyolorszagot-is-amerikai-katonak-kivonasaval-fenyegeti\/","url":"https:\/\/hirhangya.hu\/index.php\/2026\/05\/01\/trump-mar-olaszorszagot-es-spanyolorszagot-is-amerikai-katonak-kivonasaval-fenyegeti\/","name":"Trump m\u00e1r Olaszorsz\u00e1got \u00e9s Spanyolorsz\u00e1got is amerikai katon\u00e1k kivon\u00e1s\u00e1val fenyegeti - H\u00edrhangya","isPartOf":{"@id":"https:\/\/hirhangya.hu\/#website"},"primaryImageOfPage":{"@id":"https:\/\/hirhangya.hu\/index.php\/2026\/05\/01\/trump-mar-olaszorszagot-es-spanyolorszagot-is-amerikai-katonak-kivonasaval-fenyegeti\/#primaryimage"},"image":{"@id":"https:\/\/hirhangya.hu\/index.php\/2026\/05\/01\/trump-mar-olaszorszagot-es-spanyolorszagot-is-amerikai-katonak-kivonasaval-fenyegeti\/#primaryimage"},"thumbnailUrl":"https:\/\/hirhangya.hu\/wp-content\/uploads\/2026\/05\/8JPvVwo8ae0N1bj14Us-FAymfu.jpg","datePublished":"2026-05-01T09:11:08+00:00","breadcrumb":{"@id":"https:\/\/hirhangya.hu\/index.php\/2026\/05\/01\/trump-mar-olaszorszagot-es-spanyolorszagot-is-amerikai-katonak-kivonasaval-fenyegeti\/#breadcrumb"},"inLanguage":"hu","potentialAction":[{"@type":"ReadAction","target":["https:\/\/hirhangya.hu\/index.php\/2026\/05\/01\/trump-mar-olaszorszagot-es-spanyolorszagot-is-amerikai-katonak-kivonasaval-fenyegeti\/"]}]},{"@type":"ImageObject","inLanguage":"hu","@id":"https:\/\/hirhangya.hu\/index.php\/2026\/05\/01\/trump-mar-olaszorszagot-es-spanyolorszagot-is-amerikai-katonak-kivonasaval-fenyegeti\/#primaryimage","url":"https:\/\/hirhangya.hu\/wp-content\/uploads\/2026\/05\/8JPvVwo8ae0N1bj14Us-FAymfu.jpg","contentUrl":"https:\/\/hirhangya.hu\/wp-content\/uploads\/2026\/05\/8JPvVwo8ae0N1bj14Us-FAymfu.jpg","width":2000,"height":1333},{"@type":"BreadcrumbList","@id":"https:\/\/hirhangya.hu\/index.php\/2026\/05\/01\/trump-mar-olaszorszagot-es-spanyolorszagot-is-amerikai-katonak-kivonasaval-fenyegeti\/#breadcrumb","itemListElement":[{"@type":"ListItem","position":1,"name":"Home","item":"https:\/\/hirhangya.hu\/"},{"@type":"ListItem","position":2,"name":"Trump m\u00e1r Olaszorsz\u00e1got \u00e9s Spanyolorsz\u00e1got is amerikai katon\u00e1k kivon\u00e1s\u00e1val fenyegeti"}]},{"@type":"WebSite","@id":"https:\/\/hirhangya.hu\/#website","url":"https:\/\/hirhangya.hu\/","name":"H\u00edrhangya","description":"Szorgalmasan \u00f6sszehordjuk a legfrissebb h\u00edreket","publisher":{"@id":"https:\/\/hirhangya.hu\/#organization"},"potentialAction":[{"@type":"SearchAction","target":{"@type":"EntryPoint","urlTemplate":"https:\/\/hirhangya.hu\/?s={search_term_string}"},"query-input":{"@type":"PropertyValueSpecification","valueRequired":true,"valueName":"search_term_string"}}],"inLanguage":"hu"},{"@type":"Organization","@id":"https:\/\/hirhangya.hu\/#organization","name":"H\u00edrhangya","url":"https:\/\/hirhangya.hu\/","logo":{"@type":"ImageObject","inLanguage":"hu","@id":"https:\/\/hirhangya.hu\/#\/schema\/logo\/image\/","url":"https:\/\/hirhangya.hu\/wp-content\/uploads\/2025\/06\/cropped-cropped-hirhangya-logo-szoveges-scaled-1-e1750064323596.jpg","contentUrl":"https:\/\/hirhangya.hu\/wp-content\/uploads\/2025\/06\/cropped-cropped-hirhangya-logo-szoveges-scaled-1-e1750064323596.jpg","width":350,"height":100,"caption":"H\u00edrhangya"},"image":{"@id":"https:\/\/hirhangya.hu\/#\/schema\/logo\/image\/"}},{"@type":"Person","@id":"https:\/\/hirhangya.hu\/#\/schema\/person\/ad1b32f6cde48eb8bc14fa7efd4d70b5","name":"Nemes Gabor","image":{"@type":"ImageObject","inLanguage":"hu","@id":"https:\/\/hirhangya.hu\/#\/schema\/person\/image\/","url":"https:\/\/secure.gravatar.com\/avatar\/92c2a9c67399a3a1c5444228b3ae3f850f3218d7c18ff5ed44a84130d5b474f3?s=96&d=mm&r=g","contentUrl":"https:\/\/secure.gravatar.com\/avatar\/92c2a9c67399a3a1c5444228b3ae3f850f3218d7c18ff5ed44a84130d5b474f3?s=96&d=mm&r=g","caption":"Nemes Gabor"},"url":"https:\/\/hirhangya.hu\/index.php\/author\/hex324\/"}]}},"_links":{"self":[{"href":"https:\/\/hirhangya.hu\/index.php\/wp-json\/wp\/v2\/posts\/95055","targetHints":{"allow":["GET"]}}],"collection":[{"href":"https:\/\/hirhangya.hu\/index.php\/wp-json\/wp\/v2\/posts"}],"about":[{"href":"https:\/\/hirhangya.hu\/index.php\/wp-json\/wp\/v2\/types\/post"}],"author":[{"embeddable":true,"href":"https:\/\/hirhangya.hu\/index.php\/wp-json\/wp\/v2\/users\/2"}],"replies":[{"embeddable":true,"href":"https:\/\/hirhangya.hu\/index.php\/wp-json\/wp\/v2\/comments?post=95055"}],"version-history":[{"count":0,"href":"https:\/\/hirhangya.hu\/index.php\/wp-json\/wp\/v2\/posts\/95055\/revisions"}],"wp:featuredmedia":[{"embeddable":true,"href":"https:\/\/hirhangya.hu\/index.php\/wp-json\/wp\/v2\/media\/95056"}],"wp:attachment":[{"href":"https:\/\/hirhangya.hu\/index.php\/wp-json\/wp\/v2\/media?parent=95055"}],"wp:term":[{"taxonomy":"category","embeddable":true,"href":"https:\/\/hirhangya.hu\/index.php\/wp-json\/wp\/v2\/categories?post=95055"},{"taxonomy":"post_tag","embeddable":true,"href":"https:\/\/hirhangya.hu\/index.php\/wp-json\/wp\/v2\/tags?post=95055"}],"curies":[{"name":"wp","href":"https:\/\/api.w.org\/{rel}","templated":true}]}}