{"id":95106,"date":"2026-05-01T19:00:06","date_gmt":"2026-05-01T19:00:06","guid":{"rendered":"https:\/\/hirhangya.hu\/index.php\/2026\/05\/01\/bod-peter-akos-az-eurobevezetesrol-nincsenek-komoly-ervek-hogy-megtartsuk-a-forintot\/"},"modified":"2026-05-01T19:00:06","modified_gmt":"2026-05-01T19:00:06","slug":"bod-peter-akos-az-eurobevezetesrol-nincsenek-komoly-ervek-hogy-megtartsuk-a-forintot","status":"publish","type":"post","link":"https:\/\/hirhangya.hu\/index.php\/2026\/05\/01\/bod-peter-akos-az-eurobevezetesrol-nincsenek-komoly-ervek-hogy-megtartsuk-a-forintot\/","title":{"rendered":"Bod P\u00e9ter \u00c1kos az eur\u00f3bevezet\u00e9sr\u0151l: Nincsenek komoly \u00e9rvek, hogy megtartsuk a forintot"},"content":{"rendered":"<p>Az eur\u00f3 bevezet\u00e9se felt\u00e9telezi a magyar k\u00f6lts\u00e9gvet\u00e9s \u00e9s a k\u00f6zp\u00e9nz\u00fcgyek rendez\u00e9s\u00e9t, \u00e9s ez az a pont, ahol a neh\u00e9zs\u00e9gek kezd\u0151dnek. Hossz\u00fa t\u00e1von az eur\u00f3 cs\u00f6kkentheti a tranzakci\u00f3s k\u00f6lts\u00e9geket, stabiliz\u00e1lhatja az \u00e1rakat, m\u00e9rs\u00e9kelheti a kamatl\u00e1bakat \u00e9s vonz\u00f3bb\u00e1 teheti az orsz\u00e1got a k\u00fclf\u00f6ldi befektet\u00e9sek sz\u00e1m\u00e1ra, \u00edgy jav\u00edtva a gazdas\u00e1gi konvergenci\u00e1t. K\u00f6zvetlen\u00fcl az \u00e1t\u00e1ll\u00e1s ut\u00e1n a lakoss\u00e1g a p\u00e9nznemv\u00e1lt\u00e1s gyakorlati hat\u00e1sait fogja \u00e9rezni: \u00e1rak \u00e9s fizet\u00e9sek eur\u00f3ra v\u00e1lt\u00e1sa, kerek\u00edt\u00e9sek, valamint a valuta\u00e1rfolyam hat\u00e1s\u00e1nak megsz\u0171n\u00e9se a mindennapi forgalomban; ugyanakkor egyszer\u0171s\u00f6dik az utaz\u00e1s \u00e9s a kereskedelem. A T\u00e9ma vend\u00e9ge Bod P\u00e9ter \u00c1kos k\u00f6zgazd\u00e1sz, egyetemi tan\u00e1r, az MTA doktora.Eredeti cikk: <a href=\"https:\/\/telex.hu\/video\/2026\/05\/01\/bod-peter-akos-euro-bevezetes-tisza-kormany-tema\" target=\"_blank\" class=\"feedzy-rss-link-icon\">elolvasom<\/a><\/p>\n","protected":false},"excerpt":{"rendered":"<p>Az eur\u00f3 bevezet\u00e9se felt\u00e9telezi a magyar k\u00f6lts\u00e9gvet\u00e9s \u00e9s a k\u00f6zp\u00e9nz\u00fcgyek rendez\u00e9s\u00e9t, \u00e9s ez az a pont, ahol a neh\u00e9zs\u00e9gek kezd\u0151dnek. Hossz\u00fa t\u00e1von az eur\u00f3 cs\u00f6kkentheti a tranzakci\u00f3s k\u00f6lts\u00e9geket, stabiliz\u00e1lhatja az \u00e1rakat, m\u00e9rs\u00e9kelheti a kamatl\u00e1bakat \u00e9s vonz\u00f3bb\u00e1 teheti az orsz\u00e1got a k\u00fclf\u00f6ldi befektet\u00e9sek sz\u00e1m\u00e1ra, \u00edgy jav\u00edtva a gazdas\u00e1gi konvergenci\u00e1t. K\u00f6zvetlen\u00fcl az \u00e1t\u00e1ll\u00e1s ut\u00e1n a lakoss\u00e1g a [&hellip;]<\/p>\n","protected":false},"author":2,"featured_media":95107,"comment_status":"open","ping_status":"open","sticky":false,"template":"","format":"standard","meta":{"footnotes":""},"categories":[147],"tags":[],"class_list":["post-95106","post","type-post","status-publish","format-standard","has-post-thumbnail","hentry","category-altalanos"],"yoast_head":"<!-- This site is optimized with the Yoast SEO Premium plugin v26.2 (Yoast SEO v26.3) - https:\/\/yoast.com\/wordpress\/plugins\/seo\/ -->\n<title>Bod P\u00e9ter \u00c1kos az eur\u00f3bevezet\u00e9sr\u0151l: Nincsenek komoly \u00e9rvek, hogy megtartsuk a forintot - H\u00edrhangya<\/title>\n<meta name=\"robots\" content=\"index, follow, max-snippet:-1, max-image-preview:large, max-video-preview:-1\" \/>\n<link rel=\"canonical\" href=\"https:\/\/hirhangya.hu\/index.php\/2026\/05\/01\/bod-peter-akos-az-eurobevezetesrol-nincsenek-komoly-ervek-hogy-megtartsuk-a-forintot\/\" \/>\n<meta property=\"og:locale\" content=\"hu_HU\" \/>\n<meta property=\"og:type\" content=\"article\" \/>\n<meta property=\"og:title\" content=\"Bod P\u00e9ter \u00c1kos az eur\u00f3bevezet\u00e9sr\u0151l: Nincsenek komoly \u00e9rvek, hogy megtartsuk a forintot\" \/>\n<meta property=\"og:description\" content=\"Az eur\u00f3 bevezet\u00e9se felt\u00e9telezi a magyar k\u00f6lts\u00e9gvet\u00e9s \u00e9s a k\u00f6zp\u00e9nz\u00fcgyek rendez\u00e9s\u00e9t, \u00e9s ez az a pont, ahol a neh\u00e9zs\u00e9gek kezd\u0151dnek. Hossz\u00fa t\u00e1von az eur\u00f3 cs\u00f6kkentheti a tranzakci\u00f3s k\u00f6lts\u00e9geket, stabiliz\u00e1lhatja az \u00e1rakat, m\u00e9rs\u00e9kelheti a kamatl\u00e1bakat \u00e9s vonz\u00f3bb\u00e1 teheti az orsz\u00e1got a k\u00fclf\u00f6ldi befektet\u00e9sek sz\u00e1m\u00e1ra, \u00edgy jav\u00edtva a gazdas\u00e1gi konvergenci\u00e1t. K\u00f6zvetlen\u00fcl az \u00e1t\u00e1ll\u00e1s ut\u00e1n a lakoss\u00e1g a [&hellip;]\" \/>\n<meta property=\"og:url\" content=\"https:\/\/hirhangya.hu\/index.php\/2026\/05\/01\/bod-peter-akos-az-eurobevezetesrol-nincsenek-komoly-ervek-hogy-megtartsuk-a-forintot\/\" \/>\n<meta property=\"og:site_name\" content=\"H\u00edrhangya\" \/>\n<meta property=\"article:published_time\" content=\"2026-05-01T19:00:06+00:00\" \/>\n<meta name=\"author\" content=\"Nemes Gabor\" \/>\n<meta name=\"twitter:card\" content=\"summary_large_image\" \/>\n<meta name=\"twitter:label1\" content=\"Szerz\u0151:\" \/>\n\t<meta name=\"twitter:data1\" content=\"Nemes Gabor\" \/>\n\t<meta name=\"twitter:label2\" content=\"Becs\u00fclt olvas\u00e1si id\u0151\" \/>\n\t<meta name=\"twitter:data2\" content=\"1 perc\" \/>\n<script type=\"application\/ld+json\" class=\"yoast-schema-graph\">{\"@context\":\"https:\/\/schema.org\",\"@graph\":[{\"@type\":\"Article\",\"@id\":\"https:\/\/hirhangya.hu\/index.php\/2026\/05\/01\/bod-peter-akos-az-eurobevezetesrol-nincsenek-komoly-ervek-hogy-megtartsuk-a-forintot\/#article\",\"isPartOf\":{\"@id\":\"https:\/\/hirhangya.hu\/index.php\/2026\/05\/01\/bod-peter-akos-az-eurobevezetesrol-nincsenek-komoly-ervek-hogy-megtartsuk-a-forintot\/\"},\"author\":{\"name\":\"Nemes Gabor\",\"@id\":\"https:\/\/hirhangya.hu\/#\/schema\/person\/ad1b32f6cde48eb8bc14fa7efd4d70b5\"},\"headline\":\"Bod P\u00e9ter \u00c1kos az eur\u00f3bevezet\u00e9sr\u0151l: Nincsenek komoly \u00e9rvek, hogy megtartsuk a forintot\",\"datePublished\":\"2026-05-01T19:00:06+00:00\",\"mainEntityOfPage\":{\"@id\":\"https:\/\/hirhangya.hu\/index.php\/2026\/05\/01\/bod-peter-akos-az-eurobevezetesrol-nincsenek-komoly-ervek-hogy-megtartsuk-a-forintot\/\"},\"wordCount\":174,\"commentCount\":0,\"publisher\":{\"@id\":\"https:\/\/hirhangya.hu\/#organization\"},\"image\":{\"@id\":\"https:\/\/hirhangya.hu\/index.php\/2026\/05\/01\/bod-peter-akos-az-eurobevezetesrol-nincsenek-komoly-ervek-hogy-megtartsuk-a-forintot\/#primaryimage\"},\"thumbnailUrl\":\"https:\/\/hirhangya.hu\/wp-content\/uploads\/2026\/05\/1777566141-temp-liun6mt69dbt4kgelcc_cimlap-normal-Cm0Y1G.webp\",\"articleSection\":[\"\u00c1ltal\u00e1nos\"],\"inLanguage\":\"hu\",\"potentialAction\":[{\"@type\":\"CommentAction\",\"name\":\"Comment\",\"target\":[\"https:\/\/hirhangya.hu\/index.php\/2026\/05\/01\/bod-peter-akos-az-eurobevezetesrol-nincsenek-komoly-ervek-hogy-megtartsuk-a-forintot\/#respond\"]}]},{\"@type\":\"WebPage\",\"@id\":\"https:\/\/hirhangya.hu\/index.php\/2026\/05\/01\/bod-peter-akos-az-eurobevezetesrol-nincsenek-komoly-ervek-hogy-megtartsuk-a-forintot\/\",\"url\":\"https:\/\/hirhangya.hu\/index.php\/2026\/05\/01\/bod-peter-akos-az-eurobevezetesrol-nincsenek-komoly-ervek-hogy-megtartsuk-a-forintot\/\",\"name\":\"Bod P\u00e9ter \u00c1kos az eur\u00f3bevezet\u00e9sr\u0151l: Nincsenek komoly \u00e9rvek, hogy megtartsuk a forintot - H\u00edrhangya\",\"isPartOf\":{\"@id\":\"https:\/\/hirhangya.hu\/#website\"},\"primaryImageOfPage\":{\"@id\":\"https:\/\/hirhangya.hu\/index.php\/2026\/05\/01\/bod-peter-akos-az-eurobevezetesrol-nincsenek-komoly-ervek-hogy-megtartsuk-a-forintot\/#primaryimage\"},\"image\":{\"@id\":\"https:\/\/hirhangya.hu\/index.php\/2026\/05\/01\/bod-peter-akos-az-eurobevezetesrol-nincsenek-komoly-ervek-hogy-megtartsuk-a-forintot\/#primaryimage\"},\"thumbnailUrl\":\"https:\/\/hirhangya.hu\/wp-content\/uploads\/2026\/05\/1777566141-temp-liun6mt69dbt4kgelcc_cimlap-normal-Cm0Y1G.webp\",\"datePublished\":\"2026-05-01T19:00:06+00:00\",\"breadcrumb\":{\"@id\":\"https:\/\/hirhangya.hu\/index.php\/2026\/05\/01\/bod-peter-akos-az-eurobevezetesrol-nincsenek-komoly-ervek-hogy-megtartsuk-a-forintot\/#breadcrumb\"},\"inLanguage\":\"hu\",\"potentialAction\":[{\"@type\":\"ReadAction\",\"target\":[\"https:\/\/hirhangya.hu\/index.php\/2026\/05\/01\/bod-peter-akos-az-eurobevezetesrol-nincsenek-komoly-ervek-hogy-megtartsuk-a-forintot\/\"]}]},{\"@type\":\"ImageObject\",\"inLanguage\":\"hu\",\"@id\":\"https:\/\/hirhangya.hu\/index.php\/2026\/05\/01\/bod-peter-akos-az-eurobevezetesrol-nincsenek-komoly-ervek-hogy-megtartsuk-a-forintot\/#primaryimage\",\"url\":\"https:\/\/hirhangya.hu\/wp-content\/uploads\/2026\/05\/1777566141-temp-liun6mt69dbt4kgelcc_cimlap-normal-Cm0Y1G.webp\",\"contentUrl\":\"https:\/\/hirhangya.hu\/wp-content\/uploads\/2026\/05\/1777566141-temp-liun6mt69dbt4kgelcc_cimlap-normal-Cm0Y1G.webp\",\"width\":1035,\"height\":690},{\"@type\":\"BreadcrumbList\",\"@id\":\"https:\/\/hirhangya.hu\/index.php\/2026\/05\/01\/bod-peter-akos-az-eurobevezetesrol-nincsenek-komoly-ervek-hogy-megtartsuk-a-forintot\/#breadcrumb\",\"itemListElement\":[{\"@type\":\"ListItem\",\"position\":1,\"name\":\"Home\",\"item\":\"https:\/\/hirhangya.hu\/\"},{\"@type\":\"ListItem\",\"position\":2,\"name\":\"Bod P\u00e9ter \u00c1kos az eur\u00f3bevezet\u00e9sr\u0151l: Nincsenek komoly \u00e9rvek, hogy megtartsuk a forintot\"}]},{\"@type\":\"WebSite\",\"@id\":\"https:\/\/hirhangya.hu\/#website\",\"url\":\"https:\/\/hirhangya.hu\/\",\"name\":\"H\u00edrhangya\",\"description\":\"Szorgalmasan \u00f6sszehordjuk a legfrissebb h\u00edreket\",\"publisher\":{\"@id\":\"https:\/\/hirhangya.hu\/#organization\"},\"potentialAction\":[{\"@type\":\"SearchAction\",\"target\":{\"@type\":\"EntryPoint\",\"urlTemplate\":\"https:\/\/hirhangya.hu\/?s={search_term_string}\"},\"query-input\":{\"@type\":\"PropertyValueSpecification\",\"valueRequired\":true,\"valueName\":\"search_term_string\"}}],\"inLanguage\":\"hu\"},{\"@type\":\"Organization\",\"@id\":\"https:\/\/hirhangya.hu\/#organization\",\"name\":\"H\u00edrhangya\",\"url\":\"https:\/\/hirhangya.hu\/\",\"logo\":{\"@type\":\"ImageObject\",\"inLanguage\":\"hu\",\"@id\":\"https:\/\/hirhangya.hu\/#\/schema\/logo\/image\/\",\"url\":\"https:\/\/hirhangya.hu\/wp-content\/uploads\/2025\/06\/cropped-cropped-hirhangya-logo-szoveges-scaled-1-e1750064323596.jpg\",\"contentUrl\":\"https:\/\/hirhangya.hu\/wp-content\/uploads\/2025\/06\/cropped-cropped-hirhangya-logo-szoveges-scaled-1-e1750064323596.jpg\",\"width\":350,\"height\":100,\"caption\":\"H\u00edrhangya\"},\"image\":{\"@id\":\"https:\/\/hirhangya.hu\/#\/schema\/logo\/image\/\"}},{\"@type\":\"Person\",\"@id\":\"https:\/\/hirhangya.hu\/#\/schema\/person\/ad1b32f6cde48eb8bc14fa7efd4d70b5\",\"name\":\"Nemes Gabor\",\"image\":{\"@type\":\"ImageObject\",\"inLanguage\":\"hu\",\"@id\":\"https:\/\/hirhangya.hu\/#\/schema\/person\/image\/\",\"url\":\"https:\/\/secure.gravatar.com\/avatar\/92c2a9c67399a3a1c5444228b3ae3f850f3218d7c18ff5ed44a84130d5b474f3?s=96&d=mm&r=g\",\"contentUrl\":\"https:\/\/secure.gravatar.com\/avatar\/92c2a9c67399a3a1c5444228b3ae3f850f3218d7c18ff5ed44a84130d5b474f3?s=96&d=mm&r=g\",\"caption\":\"Nemes Gabor\"},\"url\":\"https:\/\/hirhangya.hu\/index.php\/author\/hex324\/\"}]}<\/script>\n<!-- \/ Yoast SEO Premium plugin. -->","yoast_head_json":{"title":"Bod P\u00e9ter \u00c1kos az eur\u00f3bevezet\u00e9sr\u0151l: Nincsenek komoly \u00e9rvek, hogy megtartsuk a forintot - H\u00edrhangya","robots":{"index":"index","follow":"follow","max-snippet":"max-snippet:-1","max-image-preview":"max-image-preview:large","max-video-preview":"max-video-preview:-1"},"canonical":"https:\/\/hirhangya.hu\/index.php\/2026\/05\/01\/bod-peter-akos-az-eurobevezetesrol-nincsenek-komoly-ervek-hogy-megtartsuk-a-forintot\/","og_locale":"hu_HU","og_type":"article","og_title":"Bod P\u00e9ter \u00c1kos az eur\u00f3bevezet\u00e9sr\u0151l: Nincsenek komoly \u00e9rvek, hogy megtartsuk a forintot","og_description":"Az eur\u00f3 bevezet\u00e9se felt\u00e9telezi a magyar k\u00f6lts\u00e9gvet\u00e9s \u00e9s a k\u00f6zp\u00e9nz\u00fcgyek rendez\u00e9s\u00e9t, \u00e9s ez az a pont, ahol a neh\u00e9zs\u00e9gek kezd\u0151dnek. Hossz\u00fa t\u00e1von az eur\u00f3 cs\u00f6kkentheti a tranzakci\u00f3s k\u00f6lts\u00e9geket, stabiliz\u00e1lhatja az \u00e1rakat, m\u00e9rs\u00e9kelheti a kamatl\u00e1bakat \u00e9s vonz\u00f3bb\u00e1 teheti az orsz\u00e1got a k\u00fclf\u00f6ldi befektet\u00e9sek sz\u00e1m\u00e1ra, \u00edgy jav\u00edtva a gazdas\u00e1gi konvergenci\u00e1t. K\u00f6zvetlen\u00fcl az \u00e1t\u00e1ll\u00e1s ut\u00e1n a lakoss\u00e1g a [&hellip;]","og_url":"https:\/\/hirhangya.hu\/index.php\/2026\/05\/01\/bod-peter-akos-az-eurobevezetesrol-nincsenek-komoly-ervek-hogy-megtartsuk-a-forintot\/","og_site_name":"H\u00edrhangya","article_published_time":"2026-05-01T19:00:06+00:00","author":"Nemes Gabor","twitter_card":"summary_large_image","twitter_misc":{"Szerz\u0151:":"Nemes Gabor","Becs\u00fclt olvas\u00e1si id\u0151":"1 perc"},"schema":{"@context":"https:\/\/schema.org","@graph":[{"@type":"Article","@id":"https:\/\/hirhangya.hu\/index.php\/2026\/05\/01\/bod-peter-akos-az-eurobevezetesrol-nincsenek-komoly-ervek-hogy-megtartsuk-a-forintot\/#article","isPartOf":{"@id":"https:\/\/hirhangya.hu\/index.php\/2026\/05\/01\/bod-peter-akos-az-eurobevezetesrol-nincsenek-komoly-ervek-hogy-megtartsuk-a-forintot\/"},"author":{"name":"Nemes Gabor","@id":"https:\/\/hirhangya.hu\/#\/schema\/person\/ad1b32f6cde48eb8bc14fa7efd4d70b5"},"headline":"Bod P\u00e9ter \u00c1kos az eur\u00f3bevezet\u00e9sr\u0151l: Nincsenek komoly \u00e9rvek, hogy megtartsuk a forintot","datePublished":"2026-05-01T19:00:06+00:00","mainEntityOfPage":{"@id":"https:\/\/hirhangya.hu\/index.php\/2026\/05\/01\/bod-peter-akos-az-eurobevezetesrol-nincsenek-komoly-ervek-hogy-megtartsuk-a-forintot\/"},"wordCount":174,"commentCount":0,"publisher":{"@id":"https:\/\/hirhangya.hu\/#organization"},"image":{"@id":"https:\/\/hirhangya.hu\/index.php\/2026\/05\/01\/bod-peter-akos-az-eurobevezetesrol-nincsenek-komoly-ervek-hogy-megtartsuk-a-forintot\/#primaryimage"},"thumbnailUrl":"https:\/\/hirhangya.hu\/wp-content\/uploads\/2026\/05\/1777566141-temp-liun6mt69dbt4kgelcc_cimlap-normal-Cm0Y1G.webp","articleSection":["\u00c1ltal\u00e1nos"],"inLanguage":"hu","potentialAction":[{"@type":"CommentAction","name":"Comment","target":["https:\/\/hirhangya.hu\/index.php\/2026\/05\/01\/bod-peter-akos-az-eurobevezetesrol-nincsenek-komoly-ervek-hogy-megtartsuk-a-forintot\/#respond"]}]},{"@type":"WebPage","@id":"https:\/\/hirhangya.hu\/index.php\/2026\/05\/01\/bod-peter-akos-az-eurobevezetesrol-nincsenek-komoly-ervek-hogy-megtartsuk-a-forintot\/","url":"https:\/\/hirhangya.hu\/index.php\/2026\/05\/01\/bod-peter-akos-az-eurobevezetesrol-nincsenek-komoly-ervek-hogy-megtartsuk-a-forintot\/","name":"Bod P\u00e9ter \u00c1kos az eur\u00f3bevezet\u00e9sr\u0151l: Nincsenek komoly \u00e9rvek, hogy megtartsuk a forintot - H\u00edrhangya","isPartOf":{"@id":"https:\/\/hirhangya.hu\/#website"},"primaryImageOfPage":{"@id":"https:\/\/hirhangya.hu\/index.php\/2026\/05\/01\/bod-peter-akos-az-eurobevezetesrol-nincsenek-komoly-ervek-hogy-megtartsuk-a-forintot\/#primaryimage"},"image":{"@id":"https:\/\/hirhangya.hu\/index.php\/2026\/05\/01\/bod-peter-akos-az-eurobevezetesrol-nincsenek-komoly-ervek-hogy-megtartsuk-a-forintot\/#primaryimage"},"thumbnailUrl":"https:\/\/hirhangya.hu\/wp-content\/uploads\/2026\/05\/1777566141-temp-liun6mt69dbt4kgelcc_cimlap-normal-Cm0Y1G.webp","datePublished":"2026-05-01T19:00:06+00:00","breadcrumb":{"@id":"https:\/\/hirhangya.hu\/index.php\/2026\/05\/01\/bod-peter-akos-az-eurobevezetesrol-nincsenek-komoly-ervek-hogy-megtartsuk-a-forintot\/#breadcrumb"},"inLanguage":"hu","potentialAction":[{"@type":"ReadAction","target":["https:\/\/hirhangya.hu\/index.php\/2026\/05\/01\/bod-peter-akos-az-eurobevezetesrol-nincsenek-komoly-ervek-hogy-megtartsuk-a-forintot\/"]}]},{"@type":"ImageObject","inLanguage":"hu","@id":"https:\/\/hirhangya.hu\/index.php\/2026\/05\/01\/bod-peter-akos-az-eurobevezetesrol-nincsenek-komoly-ervek-hogy-megtartsuk-a-forintot\/#primaryimage","url":"https:\/\/hirhangya.hu\/wp-content\/uploads\/2026\/05\/1777566141-temp-liun6mt69dbt4kgelcc_cimlap-normal-Cm0Y1G.webp","contentUrl":"https:\/\/hirhangya.hu\/wp-content\/uploads\/2026\/05\/1777566141-temp-liun6mt69dbt4kgelcc_cimlap-normal-Cm0Y1G.webp","width":1035,"height":690},{"@type":"BreadcrumbList","@id":"https:\/\/hirhangya.hu\/index.php\/2026\/05\/01\/bod-peter-akos-az-eurobevezetesrol-nincsenek-komoly-ervek-hogy-megtartsuk-a-forintot\/#breadcrumb","itemListElement":[{"@type":"ListItem","position":1,"name":"Home","item":"https:\/\/hirhangya.hu\/"},{"@type":"ListItem","position":2,"name":"Bod P\u00e9ter \u00c1kos az eur\u00f3bevezet\u00e9sr\u0151l: Nincsenek komoly \u00e9rvek, hogy megtartsuk a forintot"}]},{"@type":"WebSite","@id":"https:\/\/hirhangya.hu\/#website","url":"https:\/\/hirhangya.hu\/","name":"H\u00edrhangya","description":"Szorgalmasan \u00f6sszehordjuk a legfrissebb h\u00edreket","publisher":{"@id":"https:\/\/hirhangya.hu\/#organization"},"potentialAction":[{"@type":"SearchAction","target":{"@type":"EntryPoint","urlTemplate":"https:\/\/hirhangya.hu\/?s={search_term_string}"},"query-input":{"@type":"PropertyValueSpecification","valueRequired":true,"valueName":"search_term_string"}}],"inLanguage":"hu"},{"@type":"Organization","@id":"https:\/\/hirhangya.hu\/#organization","name":"H\u00edrhangya","url":"https:\/\/hirhangya.hu\/","logo":{"@type":"ImageObject","inLanguage":"hu","@id":"https:\/\/hirhangya.hu\/#\/schema\/logo\/image\/","url":"https:\/\/hirhangya.hu\/wp-content\/uploads\/2025\/06\/cropped-cropped-hirhangya-logo-szoveges-scaled-1-e1750064323596.jpg","contentUrl":"https:\/\/hirhangya.hu\/wp-content\/uploads\/2025\/06\/cropped-cropped-hirhangya-logo-szoveges-scaled-1-e1750064323596.jpg","width":350,"height":100,"caption":"H\u00edrhangya"},"image":{"@id":"https:\/\/hirhangya.hu\/#\/schema\/logo\/image\/"}},{"@type":"Person","@id":"https:\/\/hirhangya.hu\/#\/schema\/person\/ad1b32f6cde48eb8bc14fa7efd4d70b5","name":"Nemes Gabor","image":{"@type":"ImageObject","inLanguage":"hu","@id":"https:\/\/hirhangya.hu\/#\/schema\/person\/image\/","url":"https:\/\/secure.gravatar.com\/avatar\/92c2a9c67399a3a1c5444228b3ae3f850f3218d7c18ff5ed44a84130d5b474f3?s=96&d=mm&r=g","contentUrl":"https:\/\/secure.gravatar.com\/avatar\/92c2a9c67399a3a1c5444228b3ae3f850f3218d7c18ff5ed44a84130d5b474f3?s=96&d=mm&r=g","caption":"Nemes Gabor"},"url":"https:\/\/hirhangya.hu\/index.php\/author\/hex324\/"}]}},"_links":{"self":[{"href":"https:\/\/hirhangya.hu\/index.php\/wp-json\/wp\/v2\/posts\/95106","targetHints":{"allow":["GET"]}}],"collection":[{"href":"https:\/\/hirhangya.hu\/index.php\/wp-json\/wp\/v2\/posts"}],"about":[{"href":"https:\/\/hirhangya.hu\/index.php\/wp-json\/wp\/v2\/types\/post"}],"author":[{"embeddable":true,"href":"https:\/\/hirhangya.hu\/index.php\/wp-json\/wp\/v2\/users\/2"}],"replies":[{"embeddable":true,"href":"https:\/\/hirhangya.hu\/index.php\/wp-json\/wp\/v2\/comments?post=95106"}],"version-history":[{"count":0,"href":"https:\/\/hirhangya.hu\/index.php\/wp-json\/wp\/v2\/posts\/95106\/revisions"}],"wp:featuredmedia":[{"embeddable":true,"href":"https:\/\/hirhangya.hu\/index.php\/wp-json\/wp\/v2\/media\/95107"}],"wp:attachment":[{"href":"https:\/\/hirhangya.hu\/index.php\/wp-json\/wp\/v2\/media?parent=95106"}],"wp:term":[{"taxonomy":"category","embeddable":true,"href":"https:\/\/hirhangya.hu\/index.php\/wp-json\/wp\/v2\/categories?post=95106"},{"taxonomy":"post_tag","embeddable":true,"href":"https:\/\/hirhangya.hu\/index.php\/wp-json\/wp\/v2\/tags?post=95106"}],"curies":[{"name":"wp","href":"https:\/\/api.w.org\/{rel}","templated":true}]}}