{"id":95370,"date":"2026-05-02T09:10:25","date_gmt":"2026-05-02T09:10:25","guid":{"rendered":"https:\/\/hirhangya.hu\/index.php\/2026\/05\/02\/szabadon-engedtek-a-nemet-partoknal-megrekedt-puposbalnat\/"},"modified":"2026-05-02T09:10:25","modified_gmt":"2026-05-02T09:10:25","slug":"szabadon-engedtek-a-nemet-partoknal-megrekedt-puposbalnat","status":"publish","type":"post","link":"https:\/\/hirhangya.hu\/index.php\/2026\/05\/02\/szabadon-engedtek-a-nemet-partoknal-megrekedt-puposbalnat\/","title":{"rendered":"Szabadon engedt\u00e9k a n\u00e9met partokn\u00e1l megrekedt p\u00faposb\u00e1ln\u00e1t"},"content":{"rendered":"<p>Timmy n\u00e9ven emlegetett hossz\u00fasz\u00e1rny\u00fa (p\u00fapos) b\u00e1ln\u00e1t, amelyet a Poel-szigeti \u00f6b\u00f6lb\u0151l usz\u00e1lyhaj\u00f3val az \u00c9szaki-tengerhez sz\u00e1ll\u00edtottak, szombat reggel 9 \u00f3rakor engedt\u00e9k szabadon, k\u00f6z\u00f6lte Jens Schwark, a ment\u0151csapat egyik tagja. A konvoj a Skagerrak-szorosban, Skagent\u0151l mintegy 70 kilom\u00e9terre tart\u00f3zkodott; a 12 m\u00e9ter hossz\u00fa, 12 tonn\u00e1s cet heteken \u00e1t t\u00f6bbsz\u00f6r megrekedt a n\u00e9met partok sek\u00e9ly vizeiben, el\u0151sz\u00f6r m\u00e1rcius 3-\u00e1n bukkant fel Wismar kik\u00f6t\u0151j\u00e9ben, majd a Schleswig-Holstein tartom\u00e1nybeli Timmendorfer Strandon. A ment\u0151k \u00e9s \u00f6nk\u00e9ntesek a v\u00edzzel megt\u00f6lt\u00f6tt usz\u00e1lyra seg\u00edtett\u00e9k a val\u00f3sz\u00edn\u0171leg 4\u20136 \u00e9ves \u00e1llatot, \u00e9s rem\u00e9lik, hogy k\u00e9pes lesz \u00faszni a m\u00e9ly vizekben \u00e9s visszat\u00e9rni term\u00e9szetes \u00e9l\u0151hely\u00e9re, az Atlanti-\u00f3ce\u00e1nba.<\/p>\n<p>Eredeti cikk: <a href=\"https:\/\/444.hu\/2026\/05\/02\/szabadon-engedtek-a-nemet-partoknal-megrekedt-puposbalnat?utm_source=rss_feed&amp;utm_medium=rss&amp;utm_campaign=rss_syndication\" target=\"_blank\" class=\"feedzy-rss-link-icon\">elolvasom<\/a><\/p>\n","protected":false},"excerpt":{"rendered":"<p>Timmy n\u00e9ven emlegetett hossz\u00fasz\u00e1rny\u00fa (p\u00fapos) b\u00e1ln\u00e1t, amelyet a Poel-szigeti \u00f6b\u00f6lb\u0151l usz\u00e1lyhaj\u00f3val az \u00c9szaki-tengerhez sz\u00e1ll\u00edtottak, szombat reggel 9 \u00f3rakor engedt\u00e9k szabadon, k\u00f6z\u00f6lte Jens Schwark, a ment\u0151csapat egyik tagja. A konvoj a Skagerrak-szorosban, Skagent\u0151l mintegy 70 kilom\u00e9terre tart\u00f3zkodott; a 12 m\u00e9ter hossz\u00fa, 12 tonn\u00e1s cet heteken \u00e1t t\u00f6bbsz\u00f6r megrekedt a n\u00e9met partok sek\u00e9ly vizeiben, el\u0151sz\u00f6r m\u00e1rcius 3-\u00e1n [&hellip;]<\/p>\n","protected":false},"author":2,"featured_media":95371,"comment_status":"open","ping_status":"open","sticky":false,"template":"","format":"standard","meta":{"footnotes":""},"categories":[147],"tags":[],"class_list":["post-95370","post","type-post","status-publish","format-standard","has-post-thumbnail","hentry","category-altalanos"],"yoast_head":"<!-- This site is optimized with the Yoast SEO Premium plugin v26.2 (Yoast SEO v26.3) - https:\/\/yoast.com\/wordpress\/plugins\/seo\/ -->\n<title>Szabadon engedt\u00e9k a n\u00e9met partokn\u00e1l megrekedt p\u00faposb\u00e1ln\u00e1t - H\u00edrhangya<\/title>\n<meta name=\"robots\" content=\"index, follow, max-snippet:-1, max-image-preview:large, max-video-preview:-1\" \/>\n<link rel=\"canonical\" href=\"https:\/\/hirhangya.hu\/index.php\/2026\/05\/02\/szabadon-engedtek-a-nemet-partoknal-megrekedt-puposbalnat\/\" \/>\n<meta property=\"og:locale\" content=\"hu_HU\" \/>\n<meta property=\"og:type\" content=\"article\" \/>\n<meta property=\"og:title\" content=\"Szabadon engedt\u00e9k a n\u00e9met partokn\u00e1l megrekedt p\u00faposb\u00e1ln\u00e1t\" \/>\n<meta property=\"og:description\" content=\"Timmy n\u00e9ven emlegetett hossz\u00fasz\u00e1rny\u00fa (p\u00fapos) b\u00e1ln\u00e1t, amelyet a Poel-szigeti \u00f6b\u00f6lb\u0151l usz\u00e1lyhaj\u00f3val az \u00c9szaki-tengerhez sz\u00e1ll\u00edtottak, szombat reggel 9 \u00f3rakor engedt\u00e9k szabadon, k\u00f6z\u00f6lte Jens Schwark, a ment\u0151csapat egyik tagja. A konvoj a Skagerrak-szorosban, Skagent\u0151l mintegy 70 kilom\u00e9terre tart\u00f3zkodott; a 12 m\u00e9ter hossz\u00fa, 12 tonn\u00e1s cet heteken \u00e1t t\u00f6bbsz\u00f6r megrekedt a n\u00e9met partok sek\u00e9ly vizeiben, el\u0151sz\u00f6r m\u00e1rcius 3-\u00e1n [&hellip;]\" \/>\n<meta property=\"og:url\" content=\"https:\/\/hirhangya.hu\/index.php\/2026\/05\/02\/szabadon-engedtek-a-nemet-partoknal-megrekedt-puposbalnat\/\" \/>\n<meta property=\"og:site_name\" content=\"H\u00edrhangya\" \/>\n<meta property=\"article:published_time\" content=\"2026-05-02T09:10:25+00:00\" \/>\n<meta name=\"author\" content=\"Nemes Gabor\" \/>\n<meta name=\"twitter:card\" content=\"summary_large_image\" \/>\n<meta name=\"twitter:label1\" content=\"Szerz\u0151:\" \/>\n\t<meta name=\"twitter:data1\" content=\"Nemes Gabor\" \/>\n\t<meta name=\"twitter:label2\" content=\"Becs\u00fclt olvas\u00e1si id\u0151\" \/>\n\t<meta name=\"twitter:data2\" content=\"1 perc\" \/>\n<script type=\"application\/ld+json\" class=\"yoast-schema-graph\">{\"@context\":\"https:\/\/schema.org\",\"@graph\":[{\"@type\":\"Article\",\"@id\":\"https:\/\/hirhangya.hu\/index.php\/2026\/05\/02\/szabadon-engedtek-a-nemet-partoknal-megrekedt-puposbalnat\/#article\",\"isPartOf\":{\"@id\":\"https:\/\/hirhangya.hu\/index.php\/2026\/05\/02\/szabadon-engedtek-a-nemet-partoknal-megrekedt-puposbalnat\/\"},\"author\":{\"name\":\"Nemes Gabor\",\"@id\":\"https:\/\/hirhangya.hu\/#\/schema\/person\/ad1b32f6cde48eb8bc14fa7efd4d70b5\"},\"headline\":\"Szabadon engedt\u00e9k a n\u00e9met partokn\u00e1l megrekedt p\u00faposb\u00e1ln\u00e1t\",\"datePublished\":\"2026-05-02T09:10:25+00:00\",\"mainEntityOfPage\":{\"@id\":\"https:\/\/hirhangya.hu\/index.php\/2026\/05\/02\/szabadon-engedtek-a-nemet-partoknal-megrekedt-puposbalnat\/\"},\"wordCount\":158,\"commentCount\":0,\"publisher\":{\"@id\":\"https:\/\/hirhangya.hu\/#organization\"},\"image\":{\"@id\":\"https:\/\/hirhangya.hu\/index.php\/2026\/05\/02\/szabadon-engedtek-a-nemet-partoknal-megrekedt-puposbalnat\/#primaryimage\"},\"thumbnailUrl\":\"https:\/\/hirhangya.hu\/wp-content\/uploads\/2026\/05\/8KpECEBkvw4mrXXLs-5VP83K.jpg\",\"articleSection\":[\"\u00c1ltal\u00e1nos\"],\"inLanguage\":\"hu\",\"potentialAction\":[{\"@type\":\"CommentAction\",\"name\":\"Comment\",\"target\":[\"https:\/\/hirhangya.hu\/index.php\/2026\/05\/02\/szabadon-engedtek-a-nemet-partoknal-megrekedt-puposbalnat\/#respond\"]}]},{\"@type\":\"WebPage\",\"@id\":\"https:\/\/hirhangya.hu\/index.php\/2026\/05\/02\/szabadon-engedtek-a-nemet-partoknal-megrekedt-puposbalnat\/\",\"url\":\"https:\/\/hirhangya.hu\/index.php\/2026\/05\/02\/szabadon-engedtek-a-nemet-partoknal-megrekedt-puposbalnat\/\",\"name\":\"Szabadon engedt\u00e9k a n\u00e9met partokn\u00e1l megrekedt p\u00faposb\u00e1ln\u00e1t - H\u00edrhangya\",\"isPartOf\":{\"@id\":\"https:\/\/hirhangya.hu\/#website\"},\"primaryImageOfPage\":{\"@id\":\"https:\/\/hirhangya.hu\/index.php\/2026\/05\/02\/szabadon-engedtek-a-nemet-partoknal-megrekedt-puposbalnat\/#primaryimage\"},\"image\":{\"@id\":\"https:\/\/hirhangya.hu\/index.php\/2026\/05\/02\/szabadon-engedtek-a-nemet-partoknal-megrekedt-puposbalnat\/#primaryimage\"},\"thumbnailUrl\":\"https:\/\/hirhangya.hu\/wp-content\/uploads\/2026\/05\/8KpECEBkvw4mrXXLs-5VP83K.jpg\",\"datePublished\":\"2026-05-02T09:10:25+00:00\",\"breadcrumb\":{\"@id\":\"https:\/\/hirhangya.hu\/index.php\/2026\/05\/02\/szabadon-engedtek-a-nemet-partoknal-megrekedt-puposbalnat\/#breadcrumb\"},\"inLanguage\":\"hu\",\"potentialAction\":[{\"@type\":\"ReadAction\",\"target\":[\"https:\/\/hirhangya.hu\/index.php\/2026\/05\/02\/szabadon-engedtek-a-nemet-partoknal-megrekedt-puposbalnat\/\"]}]},{\"@type\":\"ImageObject\",\"inLanguage\":\"hu\",\"@id\":\"https:\/\/hirhangya.hu\/index.php\/2026\/05\/02\/szabadon-engedtek-a-nemet-partoknal-megrekedt-puposbalnat\/#primaryimage\",\"url\":\"https:\/\/hirhangya.hu\/wp-content\/uploads\/2026\/05\/8KpECEBkvw4mrXXLs-5VP83K.jpg\",\"contentUrl\":\"https:\/\/hirhangya.hu\/wp-content\/uploads\/2026\/05\/8KpECEBkvw4mrXXLs-5VP83K.jpg\",\"width\":2000,\"height\":1246},{\"@type\":\"BreadcrumbList\",\"@id\":\"https:\/\/hirhangya.hu\/index.php\/2026\/05\/02\/szabadon-engedtek-a-nemet-partoknal-megrekedt-puposbalnat\/#breadcrumb\",\"itemListElement\":[{\"@type\":\"ListItem\",\"position\":1,\"name\":\"Home\",\"item\":\"https:\/\/hirhangya.hu\/\"},{\"@type\":\"ListItem\",\"position\":2,\"name\":\"Szabadon engedt\u00e9k a n\u00e9met partokn\u00e1l megrekedt p\u00faposb\u00e1ln\u00e1t\"}]},{\"@type\":\"WebSite\",\"@id\":\"https:\/\/hirhangya.hu\/#website\",\"url\":\"https:\/\/hirhangya.hu\/\",\"name\":\"H\u00edrhangya\",\"description\":\"Szorgalmasan \u00f6sszehordjuk a legfrissebb h\u00edreket\",\"publisher\":{\"@id\":\"https:\/\/hirhangya.hu\/#organization\"},\"potentialAction\":[{\"@type\":\"SearchAction\",\"target\":{\"@type\":\"EntryPoint\",\"urlTemplate\":\"https:\/\/hirhangya.hu\/?s={search_term_string}\"},\"query-input\":{\"@type\":\"PropertyValueSpecification\",\"valueRequired\":true,\"valueName\":\"search_term_string\"}}],\"inLanguage\":\"hu\"},{\"@type\":\"Organization\",\"@id\":\"https:\/\/hirhangya.hu\/#organization\",\"name\":\"H\u00edrhangya\",\"url\":\"https:\/\/hirhangya.hu\/\",\"logo\":{\"@type\":\"ImageObject\",\"inLanguage\":\"hu\",\"@id\":\"https:\/\/hirhangya.hu\/#\/schema\/logo\/image\/\",\"url\":\"https:\/\/hirhangya.hu\/wp-content\/uploads\/2025\/06\/cropped-cropped-hirhangya-logo-szoveges-scaled-1-e1750064323596.jpg\",\"contentUrl\":\"https:\/\/hirhangya.hu\/wp-content\/uploads\/2025\/06\/cropped-cropped-hirhangya-logo-szoveges-scaled-1-e1750064323596.jpg\",\"width\":350,\"height\":100,\"caption\":\"H\u00edrhangya\"},\"image\":{\"@id\":\"https:\/\/hirhangya.hu\/#\/schema\/logo\/image\/\"}},{\"@type\":\"Person\",\"@id\":\"https:\/\/hirhangya.hu\/#\/schema\/person\/ad1b32f6cde48eb8bc14fa7efd4d70b5\",\"name\":\"Nemes Gabor\",\"image\":{\"@type\":\"ImageObject\",\"inLanguage\":\"hu\",\"@id\":\"https:\/\/hirhangya.hu\/#\/schema\/person\/image\/\",\"url\":\"https:\/\/secure.gravatar.com\/avatar\/92c2a9c67399a3a1c5444228b3ae3f850f3218d7c18ff5ed44a84130d5b474f3?s=96&d=mm&r=g\",\"contentUrl\":\"https:\/\/secure.gravatar.com\/avatar\/92c2a9c67399a3a1c5444228b3ae3f850f3218d7c18ff5ed44a84130d5b474f3?s=96&d=mm&r=g\",\"caption\":\"Nemes Gabor\"},\"url\":\"https:\/\/hirhangya.hu\/index.php\/author\/hex324\/\"}]}<\/script>\n<!-- \/ Yoast SEO Premium plugin. -->","yoast_head_json":{"title":"Szabadon engedt\u00e9k a n\u00e9met partokn\u00e1l megrekedt p\u00faposb\u00e1ln\u00e1t - H\u00edrhangya","robots":{"index":"index","follow":"follow","max-snippet":"max-snippet:-1","max-image-preview":"max-image-preview:large","max-video-preview":"max-video-preview:-1"},"canonical":"https:\/\/hirhangya.hu\/index.php\/2026\/05\/02\/szabadon-engedtek-a-nemet-partoknal-megrekedt-puposbalnat\/","og_locale":"hu_HU","og_type":"article","og_title":"Szabadon engedt\u00e9k a n\u00e9met partokn\u00e1l megrekedt p\u00faposb\u00e1ln\u00e1t","og_description":"Timmy n\u00e9ven emlegetett hossz\u00fasz\u00e1rny\u00fa (p\u00fapos) b\u00e1ln\u00e1t, amelyet a Poel-szigeti \u00f6b\u00f6lb\u0151l usz\u00e1lyhaj\u00f3val az \u00c9szaki-tengerhez sz\u00e1ll\u00edtottak, szombat reggel 9 \u00f3rakor engedt\u00e9k szabadon, k\u00f6z\u00f6lte Jens Schwark, a ment\u0151csapat egyik tagja. A konvoj a Skagerrak-szorosban, Skagent\u0151l mintegy 70 kilom\u00e9terre tart\u00f3zkodott; a 12 m\u00e9ter hossz\u00fa, 12 tonn\u00e1s cet heteken \u00e1t t\u00f6bbsz\u00f6r megrekedt a n\u00e9met partok sek\u00e9ly vizeiben, el\u0151sz\u00f6r m\u00e1rcius 3-\u00e1n [&hellip;]","og_url":"https:\/\/hirhangya.hu\/index.php\/2026\/05\/02\/szabadon-engedtek-a-nemet-partoknal-megrekedt-puposbalnat\/","og_site_name":"H\u00edrhangya","article_published_time":"2026-05-02T09:10:25+00:00","author":"Nemes Gabor","twitter_card":"summary_large_image","twitter_misc":{"Szerz\u0151:":"Nemes Gabor","Becs\u00fclt olvas\u00e1si id\u0151":"1 perc"},"schema":{"@context":"https:\/\/schema.org","@graph":[{"@type":"Article","@id":"https:\/\/hirhangya.hu\/index.php\/2026\/05\/02\/szabadon-engedtek-a-nemet-partoknal-megrekedt-puposbalnat\/#article","isPartOf":{"@id":"https:\/\/hirhangya.hu\/index.php\/2026\/05\/02\/szabadon-engedtek-a-nemet-partoknal-megrekedt-puposbalnat\/"},"author":{"name":"Nemes Gabor","@id":"https:\/\/hirhangya.hu\/#\/schema\/person\/ad1b32f6cde48eb8bc14fa7efd4d70b5"},"headline":"Szabadon engedt\u00e9k a n\u00e9met partokn\u00e1l megrekedt p\u00faposb\u00e1ln\u00e1t","datePublished":"2026-05-02T09:10:25+00:00","mainEntityOfPage":{"@id":"https:\/\/hirhangya.hu\/index.php\/2026\/05\/02\/szabadon-engedtek-a-nemet-partoknal-megrekedt-puposbalnat\/"},"wordCount":158,"commentCount":0,"publisher":{"@id":"https:\/\/hirhangya.hu\/#organization"},"image":{"@id":"https:\/\/hirhangya.hu\/index.php\/2026\/05\/02\/szabadon-engedtek-a-nemet-partoknal-megrekedt-puposbalnat\/#primaryimage"},"thumbnailUrl":"https:\/\/hirhangya.hu\/wp-content\/uploads\/2026\/05\/8KpECEBkvw4mrXXLs-5VP83K.jpg","articleSection":["\u00c1ltal\u00e1nos"],"inLanguage":"hu","potentialAction":[{"@type":"CommentAction","name":"Comment","target":["https:\/\/hirhangya.hu\/index.php\/2026\/05\/02\/szabadon-engedtek-a-nemet-partoknal-megrekedt-puposbalnat\/#respond"]}]},{"@type":"WebPage","@id":"https:\/\/hirhangya.hu\/index.php\/2026\/05\/02\/szabadon-engedtek-a-nemet-partoknal-megrekedt-puposbalnat\/","url":"https:\/\/hirhangya.hu\/index.php\/2026\/05\/02\/szabadon-engedtek-a-nemet-partoknal-megrekedt-puposbalnat\/","name":"Szabadon engedt\u00e9k a n\u00e9met partokn\u00e1l megrekedt p\u00faposb\u00e1ln\u00e1t - H\u00edrhangya","isPartOf":{"@id":"https:\/\/hirhangya.hu\/#website"},"primaryImageOfPage":{"@id":"https:\/\/hirhangya.hu\/index.php\/2026\/05\/02\/szabadon-engedtek-a-nemet-partoknal-megrekedt-puposbalnat\/#primaryimage"},"image":{"@id":"https:\/\/hirhangya.hu\/index.php\/2026\/05\/02\/szabadon-engedtek-a-nemet-partoknal-megrekedt-puposbalnat\/#primaryimage"},"thumbnailUrl":"https:\/\/hirhangya.hu\/wp-content\/uploads\/2026\/05\/8KpECEBkvw4mrXXLs-5VP83K.jpg","datePublished":"2026-05-02T09:10:25+00:00","breadcrumb":{"@id":"https:\/\/hirhangya.hu\/index.php\/2026\/05\/02\/szabadon-engedtek-a-nemet-partoknal-megrekedt-puposbalnat\/#breadcrumb"},"inLanguage":"hu","potentialAction":[{"@type":"ReadAction","target":["https:\/\/hirhangya.hu\/index.php\/2026\/05\/02\/szabadon-engedtek-a-nemet-partoknal-megrekedt-puposbalnat\/"]}]},{"@type":"ImageObject","inLanguage":"hu","@id":"https:\/\/hirhangya.hu\/index.php\/2026\/05\/02\/szabadon-engedtek-a-nemet-partoknal-megrekedt-puposbalnat\/#primaryimage","url":"https:\/\/hirhangya.hu\/wp-content\/uploads\/2026\/05\/8KpECEBkvw4mrXXLs-5VP83K.jpg","contentUrl":"https:\/\/hirhangya.hu\/wp-content\/uploads\/2026\/05\/8KpECEBkvw4mrXXLs-5VP83K.jpg","width":2000,"height":1246},{"@type":"BreadcrumbList","@id":"https:\/\/hirhangya.hu\/index.php\/2026\/05\/02\/szabadon-engedtek-a-nemet-partoknal-megrekedt-puposbalnat\/#breadcrumb","itemListElement":[{"@type":"ListItem","position":1,"name":"Home","item":"https:\/\/hirhangya.hu\/"},{"@type":"ListItem","position":2,"name":"Szabadon engedt\u00e9k a n\u00e9met partokn\u00e1l megrekedt p\u00faposb\u00e1ln\u00e1t"}]},{"@type":"WebSite","@id":"https:\/\/hirhangya.hu\/#website","url":"https:\/\/hirhangya.hu\/","name":"H\u00edrhangya","description":"Szorgalmasan \u00f6sszehordjuk a legfrissebb h\u00edreket","publisher":{"@id":"https:\/\/hirhangya.hu\/#organization"},"potentialAction":[{"@type":"SearchAction","target":{"@type":"EntryPoint","urlTemplate":"https:\/\/hirhangya.hu\/?s={search_term_string}"},"query-input":{"@type":"PropertyValueSpecification","valueRequired":true,"valueName":"search_term_string"}}],"inLanguage":"hu"},{"@type":"Organization","@id":"https:\/\/hirhangya.hu\/#organization","name":"H\u00edrhangya","url":"https:\/\/hirhangya.hu\/","logo":{"@type":"ImageObject","inLanguage":"hu","@id":"https:\/\/hirhangya.hu\/#\/schema\/logo\/image\/","url":"https:\/\/hirhangya.hu\/wp-content\/uploads\/2025\/06\/cropped-cropped-hirhangya-logo-szoveges-scaled-1-e1750064323596.jpg","contentUrl":"https:\/\/hirhangya.hu\/wp-content\/uploads\/2025\/06\/cropped-cropped-hirhangya-logo-szoveges-scaled-1-e1750064323596.jpg","width":350,"height":100,"caption":"H\u00edrhangya"},"image":{"@id":"https:\/\/hirhangya.hu\/#\/schema\/logo\/image\/"}},{"@type":"Person","@id":"https:\/\/hirhangya.hu\/#\/schema\/person\/ad1b32f6cde48eb8bc14fa7efd4d70b5","name":"Nemes Gabor","image":{"@type":"ImageObject","inLanguage":"hu","@id":"https:\/\/hirhangya.hu\/#\/schema\/person\/image\/","url":"https:\/\/secure.gravatar.com\/avatar\/92c2a9c67399a3a1c5444228b3ae3f850f3218d7c18ff5ed44a84130d5b474f3?s=96&d=mm&r=g","contentUrl":"https:\/\/secure.gravatar.com\/avatar\/92c2a9c67399a3a1c5444228b3ae3f850f3218d7c18ff5ed44a84130d5b474f3?s=96&d=mm&r=g","caption":"Nemes Gabor"},"url":"https:\/\/hirhangya.hu\/index.php\/author\/hex324\/"}]}},"_links":{"self":[{"href":"https:\/\/hirhangya.hu\/index.php\/wp-json\/wp\/v2\/posts\/95370","targetHints":{"allow":["GET"]}}],"collection":[{"href":"https:\/\/hirhangya.hu\/index.php\/wp-json\/wp\/v2\/posts"}],"about":[{"href":"https:\/\/hirhangya.hu\/index.php\/wp-json\/wp\/v2\/types\/post"}],"author":[{"embeddable":true,"href":"https:\/\/hirhangya.hu\/index.php\/wp-json\/wp\/v2\/users\/2"}],"replies":[{"embeddable":true,"href":"https:\/\/hirhangya.hu\/index.php\/wp-json\/wp\/v2\/comments?post=95370"}],"version-history":[{"count":0,"href":"https:\/\/hirhangya.hu\/index.php\/wp-json\/wp\/v2\/posts\/95370\/revisions"}],"wp:featuredmedia":[{"embeddable":true,"href":"https:\/\/hirhangya.hu\/index.php\/wp-json\/wp\/v2\/media\/95371"}],"wp:attachment":[{"href":"https:\/\/hirhangya.hu\/index.php\/wp-json\/wp\/v2\/media?parent=95370"}],"wp:term":[{"taxonomy":"category","embeddable":true,"href":"https:\/\/hirhangya.hu\/index.php\/wp-json\/wp\/v2\/categories?post=95370"},{"taxonomy":"post_tag","embeddable":true,"href":"https:\/\/hirhangya.hu\/index.php\/wp-json\/wp\/v2\/tags?post=95370"}],"curies":[{"name":"wp","href":"https:\/\/api.w.org\/{rel}","templated":true}]}}