{"id":95372,"date":"2026-05-02T09:10:43","date_gmt":"2026-05-02T09:10:43","guid":{"rendered":"https:\/\/hirhangya.hu\/index.php\/2026\/05\/02\/orban-viktor-megirta-sulyoknak-hogy-nem-hajtjak-vegre-az-eu-birosaganak-donteset-a-homofob-torvennyel-kapcsolatban\/"},"modified":"2026-05-02T09:10:43","modified_gmt":"2026-05-02T09:10:43","slug":"orban-viktor-megirta-sulyoknak-hogy-nem-hajtjak-vegre-az-eu-birosaganak-donteset-a-homofob-torvennyel-kapcsolatban","status":"publish","type":"post","link":"https:\/\/hirhangya.hu\/index.php\/2026\/05\/02\/orban-viktor-megirta-sulyoknak-hogy-nem-hajtjak-vegre-az-eu-birosaganak-donteset-a-homofob-torvennyel-kapcsolatban\/","title":{"rendered":"Orb\u00e1n Viktor meg\u00edrta Sulyoknak, hogy nem hajtj\u00e1k v\u00e9gre az EU b\u00edr\u00f3s\u00e1g\u00e1nak d\u00f6nt\u00e9s\u00e9t a homof\u00f3b t\u00f6rv\u00e9nnyel kapcsolatban"},"content":{"rendered":"<p>Guly\u00e1s Gergely k\u00f6zz\u00e9tette Orb\u00e1n Viktor h\u00e1romoldalas level\u00e9t Sulyok Tam\u00e1s k\u00f6zt\u00e1rsas\u00e1gi eln\u00f6knek az Eur\u00f3pai Uni\u00f3 B\u00edr\u00f3s\u00e1g\u00e1nak \u00edt\u00e9let\u00e9r\u0151l, amely meg\u00e1llap\u00edtotta, hogy a korm\u00e1ny \u201egyermekv\u00e9delmi\u201d t\u00f6rv\u00e9nye, amely a melegeket pedofilokkal azonos\u00edtja, s\u00e9rti az uni\u00f3s jogot. Orb\u00e1n a lev\u00e9lben politikai d\u00f6nt\u00e9snek min\u0151s\u00edtette az \u00edt\u00e9letet, \u00e9s alkotm\u00e1nyjogi agg\u00e1lyokat eml\u00edt; k\u00f6z\u00f6lte tov\u00e1bb\u00e1, hogy \u201eMagyarorsz\u00e1g korm\u00e1nya az Eur\u00f3pai Uni\u00f3 B\u00edr\u00f3s\u00e1g\u00e1nak d\u00f6nt\u00e9s\u00e9t nem hajtja v\u00e9gre\u201d.  <\/p>\n<p>A minisztereln\u00f6k hivatkozott az Alapt\u00f6rv\u00e9nybe a Fidesz k\u00e9tharmados t\u00f6bbs\u00e9g\u00e9vel bevitt elemekre \u2014 p\u00e9ld\u00e1ul az ember nemi binarit\u00e1s\u00e1ra, az anya n\u0151 \u00e9s az apa f\u00e9rfi meghat\u00e1roz\u00e1s\u00e1ra, valamint a gyermekek sz\u00fclet\u00e9si nem\u00e9hez k\u00f6t\u0151d\u0151 \u00f6nazonoss\u00e1g v\u00e9delm\u00e9re \u2014 \u00e9s azt \u00e1ll\u00edtotta, hogy az uni\u00f3s \u00edt\u00e9let figyelmen k\u00edv\u00fcl hagyta ezeket, \u00e9s t\u00f6bb szempontb\u00f3l \u00f6sszeegyeztethetetlen vel\u00fck.  <\/p>\n<p>Az Eur\u00f3pai Uni\u00f3 B\u00edr\u00f3s\u00e1ga szerint a vitatott jogszab\u00e1ly \u00fctk\u00f6zik az EU Alapjogi Chart\u00e1j\u00e1val \u00e9s az uni\u00f3s alap\u00e9rt\u00e9keket r\u00f6gz\u00edt\u0151 szerz\u0151d\u00e9sekkel. Az \u00fcgy el\u0151zm\u00e9nye, hogy az Eur\u00f3pai Bizotts\u00e1g 2021 nyar\u00e1n k\u00f6telezetts\u00e9gszeg\u00e9si elj\u00e1r\u00e1st ind\u00edtott, majd 2022 december\u00e9ben az EU b\u00edr\u00f3s\u00e1g\u00e1hoz fordult; Ursula von der Leyen \u00e9s t\u00f6bb uni\u00f3s vezet\u0151, valamint az Eur\u00f3pai Parlament is b\u00edr\u00e1lt\u00e1k a magyar t\u00f6rv\u00e9nyt. Ha Magyarorsz\u00e1g nem m\u00f3dos\u00edtja a jogszab\u00e1lyt, tov\u00e1bbi elj\u00e1r\u00e1sok j\u00f6hetnek p\u00e9nzb\u00edrs\u00e1g meg\u00e1llap\u00edt\u00e1s\u00e1ra, amelyet sz\u00fcks\u00e9g eset\u00e9n az uni\u00f3s t\u00e1mogat\u00e1sok visszatart\u00e1s\u00e1val, kamattal egy\u00fctt lehet \u00e9rv\u00e9nyes\u00edteni..<\/p>\n<p>Eredeti cikk: <a href=\"https:\/\/444.hu\/2026\/05\/02\/orban-viktor-megirta-sulyoknak-hogy-nem-hajtjak-vegre-az-eu-birosaganak-donteset-a-homofob-torvennyel-kapcsolatban?utm_source=rss_feed&amp;utm_medium=rss&amp;utm_campaign=rss_syndication\" target=\"_blank\" class=\"feedzy-rss-link-icon\">elolvasom<\/a><\/p>\n","protected":false},"excerpt":{"rendered":"<p>Guly\u00e1s Gergely k\u00f6zz\u00e9tette Orb\u00e1n Viktor h\u00e1romoldalas level\u00e9t Sulyok Tam\u00e1s k\u00f6zt\u00e1rsas\u00e1gi eln\u00f6knek az Eur\u00f3pai Uni\u00f3 B\u00edr\u00f3s\u00e1g\u00e1nak \u00edt\u00e9let\u00e9r\u0151l, amely meg\u00e1llap\u00edtotta, hogy a korm\u00e1ny \u201egyermekv\u00e9delmi\u201d t\u00f6rv\u00e9nye, amely a melegeket pedofilokkal azonos\u00edtja, s\u00e9rti az uni\u00f3s jogot. Orb\u00e1n a lev\u00e9lben politikai d\u00f6nt\u00e9snek min\u0151s\u00edtette az \u00edt\u00e9letet, \u00e9s alkotm\u00e1nyjogi agg\u00e1lyokat eml\u00edt; k\u00f6z\u00f6lte tov\u00e1bb\u00e1, hogy \u201eMagyarorsz\u00e1g korm\u00e1nya az Eur\u00f3pai Uni\u00f3 B\u00edr\u00f3s\u00e1g\u00e1nak d\u00f6nt\u00e9s\u00e9t nem [&hellip;]<\/p>\n","protected":false},"author":2,"featured_media":95373,"comment_status":"open","ping_status":"open","sticky":false,"template":"","format":"standard","meta":{"footnotes":""},"categories":[147],"tags":[],"class_list":["post-95372","post","type-post","status-publish","format-standard","has-post-thumbnail","hentry","category-altalanos"],"yoast_head":"<!-- This site is optimized with the Yoast SEO Premium plugin v26.2 (Yoast SEO v26.3) - https:\/\/yoast.com\/wordpress\/plugins\/seo\/ -->\n<title>Orb\u00e1n Viktor meg\u00edrta Sulyoknak, hogy nem hajtj\u00e1k v\u00e9gre az EU b\u00edr\u00f3s\u00e1g\u00e1nak d\u00f6nt\u00e9s\u00e9t a homof\u00f3b t\u00f6rv\u00e9nnyel kapcsolatban - H\u00edrhangya<\/title>\n<meta name=\"robots\" content=\"index, follow, max-snippet:-1, max-image-preview:large, max-video-preview:-1\" \/>\n<link rel=\"canonical\" href=\"https:\/\/hirhangya.hu\/index.php\/2026\/05\/02\/orban-viktor-megirta-sulyoknak-hogy-nem-hajtjak-vegre-az-eu-birosaganak-donteset-a-homofob-torvennyel-kapcsolatban\/\" \/>\n<meta property=\"og:locale\" content=\"hu_HU\" \/>\n<meta property=\"og:type\" content=\"article\" \/>\n<meta property=\"og:title\" content=\"Orb\u00e1n Viktor meg\u00edrta Sulyoknak, hogy nem hajtj\u00e1k v\u00e9gre az EU b\u00edr\u00f3s\u00e1g\u00e1nak d\u00f6nt\u00e9s\u00e9t a homof\u00f3b t\u00f6rv\u00e9nnyel kapcsolatban\" \/>\n<meta property=\"og:description\" content=\"Guly\u00e1s Gergely k\u00f6zz\u00e9tette Orb\u00e1n Viktor h\u00e1romoldalas level\u00e9t Sulyok Tam\u00e1s k\u00f6zt\u00e1rsas\u00e1gi eln\u00f6knek az Eur\u00f3pai Uni\u00f3 B\u00edr\u00f3s\u00e1g\u00e1nak \u00edt\u00e9let\u00e9r\u0151l, amely meg\u00e1llap\u00edtotta, hogy a korm\u00e1ny \u201egyermekv\u00e9delmi\u201d t\u00f6rv\u00e9nye, amely a melegeket pedofilokkal azonos\u00edtja, s\u00e9rti az uni\u00f3s jogot. Orb\u00e1n a lev\u00e9lben politikai d\u00f6nt\u00e9snek min\u0151s\u00edtette az \u00edt\u00e9letet, \u00e9s alkotm\u00e1nyjogi agg\u00e1lyokat eml\u00edt; k\u00f6z\u00f6lte tov\u00e1bb\u00e1, hogy \u201eMagyarorsz\u00e1g korm\u00e1nya az Eur\u00f3pai Uni\u00f3 B\u00edr\u00f3s\u00e1g\u00e1nak d\u00f6nt\u00e9s\u00e9t nem [&hellip;]\" \/>\n<meta property=\"og:url\" content=\"https:\/\/hirhangya.hu\/index.php\/2026\/05\/02\/orban-viktor-megirta-sulyoknak-hogy-nem-hajtjak-vegre-az-eu-birosaganak-donteset-a-homofob-torvennyel-kapcsolatban\/\" \/>\n<meta property=\"og:site_name\" content=\"H\u00edrhangya\" \/>\n<meta property=\"article:published_time\" content=\"2026-05-02T09:10:43+00:00\" \/>\n<meta name=\"author\" content=\"Nemes Gabor\" \/>\n<meta name=\"twitter:card\" content=\"summary_large_image\" \/>\n<meta name=\"twitter:label1\" content=\"Szerz\u0151:\" \/>\n\t<meta name=\"twitter:data1\" content=\"Nemes Gabor\" \/>\n\t<meta name=\"twitter:label2\" content=\"Becs\u00fclt olvas\u00e1si id\u0151\" \/>\n\t<meta name=\"twitter:data2\" content=\"2 perc\" \/>\n<script type=\"application\/ld+json\" class=\"yoast-schema-graph\">{\"@context\":\"https:\/\/schema.org\",\"@graph\":[{\"@type\":\"Article\",\"@id\":\"https:\/\/hirhangya.hu\/index.php\/2026\/05\/02\/orban-viktor-megirta-sulyoknak-hogy-nem-hajtjak-vegre-az-eu-birosaganak-donteset-a-homofob-torvennyel-kapcsolatban\/#article\",\"isPartOf\":{\"@id\":\"https:\/\/hirhangya.hu\/index.php\/2026\/05\/02\/orban-viktor-megirta-sulyoknak-hogy-nem-hajtjak-vegre-az-eu-birosaganak-donteset-a-homofob-torvennyel-kapcsolatban\/\"},\"author\":{\"name\":\"Nemes Gabor\",\"@id\":\"https:\/\/hirhangya.hu\/#\/schema\/person\/ad1b32f6cde48eb8bc14fa7efd4d70b5\"},\"headline\":\"Orb\u00e1n Viktor meg\u00edrta Sulyoknak, hogy nem hajtj\u00e1k v\u00e9gre az EU b\u00edr\u00f3s\u00e1g\u00e1nak d\u00f6nt\u00e9s\u00e9t a homof\u00f3b t\u00f6rv\u00e9nnyel kapcsolatban\",\"datePublished\":\"2026-05-02T09:10:43+00:00\",\"mainEntityOfPage\":{\"@id\":\"https:\/\/hirhangya.hu\/index.php\/2026\/05\/02\/orban-viktor-megirta-sulyoknak-hogy-nem-hajtjak-vegre-az-eu-birosaganak-donteset-a-homofob-torvennyel-kapcsolatban\/\"},\"wordCount\":361,\"commentCount\":0,\"publisher\":{\"@id\":\"https:\/\/hirhangya.hu\/#organization\"},\"image\":{\"@id\":\"https:\/\/hirhangya.hu\/index.php\/2026\/05\/02\/orban-viktor-megirta-sulyoknak-hogy-nem-hajtjak-vegre-az-eu-birosaganak-donteset-a-homofob-torvennyel-kapcsolatban\/#primaryimage\"},\"thumbnailUrl\":\"https:\/\/hirhangya.hu\/wp-content\/uploads\/2026\/05\/817eIlYFSe5r1iG18ts-lqBWUp.jpg\",\"articleSection\":[\"\u00c1ltal\u00e1nos\"],\"inLanguage\":\"hu\",\"potentialAction\":[{\"@type\":\"CommentAction\",\"name\":\"Comment\",\"target\":[\"https:\/\/hirhangya.hu\/index.php\/2026\/05\/02\/orban-viktor-megirta-sulyoknak-hogy-nem-hajtjak-vegre-az-eu-birosaganak-donteset-a-homofob-torvennyel-kapcsolatban\/#respond\"]}]},{\"@type\":\"WebPage\",\"@id\":\"https:\/\/hirhangya.hu\/index.php\/2026\/05\/02\/orban-viktor-megirta-sulyoknak-hogy-nem-hajtjak-vegre-az-eu-birosaganak-donteset-a-homofob-torvennyel-kapcsolatban\/\",\"url\":\"https:\/\/hirhangya.hu\/index.php\/2026\/05\/02\/orban-viktor-megirta-sulyoknak-hogy-nem-hajtjak-vegre-az-eu-birosaganak-donteset-a-homofob-torvennyel-kapcsolatban\/\",\"name\":\"Orb\u00e1n Viktor meg\u00edrta Sulyoknak, hogy nem hajtj\u00e1k v\u00e9gre az EU b\u00edr\u00f3s\u00e1g\u00e1nak d\u00f6nt\u00e9s\u00e9t a homof\u00f3b t\u00f6rv\u00e9nnyel kapcsolatban - H\u00edrhangya\",\"isPartOf\":{\"@id\":\"https:\/\/hirhangya.hu\/#website\"},\"primaryImageOfPage\":{\"@id\":\"https:\/\/hirhangya.hu\/index.php\/2026\/05\/02\/orban-viktor-megirta-sulyoknak-hogy-nem-hajtjak-vegre-az-eu-birosaganak-donteset-a-homofob-torvennyel-kapcsolatban\/#primaryimage\"},\"image\":{\"@id\":\"https:\/\/hirhangya.hu\/index.php\/2026\/05\/02\/orban-viktor-megirta-sulyoknak-hogy-nem-hajtjak-vegre-az-eu-birosaganak-donteset-a-homofob-torvennyel-kapcsolatban\/#primaryimage\"},\"thumbnailUrl\":\"https:\/\/hirhangya.hu\/wp-content\/uploads\/2026\/05\/817eIlYFSe5r1iG18ts-lqBWUp.jpg\",\"datePublished\":\"2026-05-02T09:10:43+00:00\",\"breadcrumb\":{\"@id\":\"https:\/\/hirhangya.hu\/index.php\/2026\/05\/02\/orban-viktor-megirta-sulyoknak-hogy-nem-hajtjak-vegre-az-eu-birosaganak-donteset-a-homofob-torvennyel-kapcsolatban\/#breadcrumb\"},\"inLanguage\":\"hu\",\"potentialAction\":[{\"@type\":\"ReadAction\",\"target\":[\"https:\/\/hirhangya.hu\/index.php\/2026\/05\/02\/orban-viktor-megirta-sulyoknak-hogy-nem-hajtjak-vegre-az-eu-birosaganak-donteset-a-homofob-torvennyel-kapcsolatban\/\"]}]},{\"@type\":\"ImageObject\",\"inLanguage\":\"hu\",\"@id\":\"https:\/\/hirhangya.hu\/index.php\/2026\/05\/02\/orban-viktor-megirta-sulyoknak-hogy-nem-hajtjak-vegre-az-eu-birosaganak-donteset-a-homofob-torvennyel-kapcsolatban\/#primaryimage\",\"url\":\"https:\/\/hirhangya.hu\/wp-content\/uploads\/2026\/05\/817eIlYFSe5r1iG18ts-lqBWUp.jpg\",\"contentUrl\":\"https:\/\/hirhangya.hu\/wp-content\/uploads\/2026\/05\/817eIlYFSe5r1iG18ts-lqBWUp.jpg\",\"width\":2000,\"height\":1334},{\"@type\":\"BreadcrumbList\",\"@id\":\"https:\/\/hirhangya.hu\/index.php\/2026\/05\/02\/orban-viktor-megirta-sulyoknak-hogy-nem-hajtjak-vegre-az-eu-birosaganak-donteset-a-homofob-torvennyel-kapcsolatban\/#breadcrumb\",\"itemListElement\":[{\"@type\":\"ListItem\",\"position\":1,\"name\":\"Home\",\"item\":\"https:\/\/hirhangya.hu\/\"},{\"@type\":\"ListItem\",\"position\":2,\"name\":\"Orb\u00e1n Viktor meg\u00edrta Sulyoknak, hogy nem hajtj\u00e1k v\u00e9gre az EU b\u00edr\u00f3s\u00e1g\u00e1nak d\u00f6nt\u00e9s\u00e9t a homof\u00f3b t\u00f6rv\u00e9nnyel kapcsolatban\"}]},{\"@type\":\"WebSite\",\"@id\":\"https:\/\/hirhangya.hu\/#website\",\"url\":\"https:\/\/hirhangya.hu\/\",\"name\":\"H\u00edrhangya\",\"description\":\"Szorgalmasan \u00f6sszehordjuk a legfrissebb h\u00edreket\",\"publisher\":{\"@id\":\"https:\/\/hirhangya.hu\/#organization\"},\"potentialAction\":[{\"@type\":\"SearchAction\",\"target\":{\"@type\":\"EntryPoint\",\"urlTemplate\":\"https:\/\/hirhangya.hu\/?s={search_term_string}\"},\"query-input\":{\"@type\":\"PropertyValueSpecification\",\"valueRequired\":true,\"valueName\":\"search_term_string\"}}],\"inLanguage\":\"hu\"},{\"@type\":\"Organization\",\"@id\":\"https:\/\/hirhangya.hu\/#organization\",\"name\":\"H\u00edrhangya\",\"url\":\"https:\/\/hirhangya.hu\/\",\"logo\":{\"@type\":\"ImageObject\",\"inLanguage\":\"hu\",\"@id\":\"https:\/\/hirhangya.hu\/#\/schema\/logo\/image\/\",\"url\":\"https:\/\/hirhangya.hu\/wp-content\/uploads\/2025\/06\/cropped-cropped-hirhangya-logo-szoveges-scaled-1-e1750064323596.jpg\",\"contentUrl\":\"https:\/\/hirhangya.hu\/wp-content\/uploads\/2025\/06\/cropped-cropped-hirhangya-logo-szoveges-scaled-1-e1750064323596.jpg\",\"width\":350,\"height\":100,\"caption\":\"H\u00edrhangya\"},\"image\":{\"@id\":\"https:\/\/hirhangya.hu\/#\/schema\/logo\/image\/\"}},{\"@type\":\"Person\",\"@id\":\"https:\/\/hirhangya.hu\/#\/schema\/person\/ad1b32f6cde48eb8bc14fa7efd4d70b5\",\"name\":\"Nemes Gabor\",\"image\":{\"@type\":\"ImageObject\",\"inLanguage\":\"hu\",\"@id\":\"https:\/\/hirhangya.hu\/#\/schema\/person\/image\/\",\"url\":\"https:\/\/secure.gravatar.com\/avatar\/92c2a9c67399a3a1c5444228b3ae3f850f3218d7c18ff5ed44a84130d5b474f3?s=96&d=mm&r=g\",\"contentUrl\":\"https:\/\/secure.gravatar.com\/avatar\/92c2a9c67399a3a1c5444228b3ae3f850f3218d7c18ff5ed44a84130d5b474f3?s=96&d=mm&r=g\",\"caption\":\"Nemes Gabor\"},\"url\":\"https:\/\/hirhangya.hu\/index.php\/author\/hex324\/\"}]}<\/script>\n<!-- \/ Yoast SEO Premium plugin. -->","yoast_head_json":{"title":"Orb\u00e1n Viktor meg\u00edrta Sulyoknak, hogy nem hajtj\u00e1k v\u00e9gre az EU b\u00edr\u00f3s\u00e1g\u00e1nak d\u00f6nt\u00e9s\u00e9t a homof\u00f3b t\u00f6rv\u00e9nnyel kapcsolatban - H\u00edrhangya","robots":{"index":"index","follow":"follow","max-snippet":"max-snippet:-1","max-image-preview":"max-image-preview:large","max-video-preview":"max-video-preview:-1"},"canonical":"https:\/\/hirhangya.hu\/index.php\/2026\/05\/02\/orban-viktor-megirta-sulyoknak-hogy-nem-hajtjak-vegre-az-eu-birosaganak-donteset-a-homofob-torvennyel-kapcsolatban\/","og_locale":"hu_HU","og_type":"article","og_title":"Orb\u00e1n Viktor meg\u00edrta Sulyoknak, hogy nem hajtj\u00e1k v\u00e9gre az EU b\u00edr\u00f3s\u00e1g\u00e1nak d\u00f6nt\u00e9s\u00e9t a homof\u00f3b t\u00f6rv\u00e9nnyel kapcsolatban","og_description":"Guly\u00e1s Gergely k\u00f6zz\u00e9tette Orb\u00e1n Viktor h\u00e1romoldalas level\u00e9t Sulyok Tam\u00e1s k\u00f6zt\u00e1rsas\u00e1gi eln\u00f6knek az Eur\u00f3pai Uni\u00f3 B\u00edr\u00f3s\u00e1g\u00e1nak \u00edt\u00e9let\u00e9r\u0151l, amely meg\u00e1llap\u00edtotta, hogy a korm\u00e1ny \u201egyermekv\u00e9delmi\u201d t\u00f6rv\u00e9nye, amely a melegeket pedofilokkal azonos\u00edtja, s\u00e9rti az uni\u00f3s jogot. Orb\u00e1n a lev\u00e9lben politikai d\u00f6nt\u00e9snek min\u0151s\u00edtette az \u00edt\u00e9letet, \u00e9s alkotm\u00e1nyjogi agg\u00e1lyokat eml\u00edt; k\u00f6z\u00f6lte tov\u00e1bb\u00e1, hogy \u201eMagyarorsz\u00e1g korm\u00e1nya az Eur\u00f3pai Uni\u00f3 B\u00edr\u00f3s\u00e1g\u00e1nak d\u00f6nt\u00e9s\u00e9t nem [&hellip;]","og_url":"https:\/\/hirhangya.hu\/index.php\/2026\/05\/02\/orban-viktor-megirta-sulyoknak-hogy-nem-hajtjak-vegre-az-eu-birosaganak-donteset-a-homofob-torvennyel-kapcsolatban\/","og_site_name":"H\u00edrhangya","article_published_time":"2026-05-02T09:10:43+00:00","author":"Nemes Gabor","twitter_card":"summary_large_image","twitter_misc":{"Szerz\u0151:":"Nemes Gabor","Becs\u00fclt olvas\u00e1si id\u0151":"2 perc"},"schema":{"@context":"https:\/\/schema.org","@graph":[{"@type":"Article","@id":"https:\/\/hirhangya.hu\/index.php\/2026\/05\/02\/orban-viktor-megirta-sulyoknak-hogy-nem-hajtjak-vegre-az-eu-birosaganak-donteset-a-homofob-torvennyel-kapcsolatban\/#article","isPartOf":{"@id":"https:\/\/hirhangya.hu\/index.php\/2026\/05\/02\/orban-viktor-megirta-sulyoknak-hogy-nem-hajtjak-vegre-az-eu-birosaganak-donteset-a-homofob-torvennyel-kapcsolatban\/"},"author":{"name":"Nemes Gabor","@id":"https:\/\/hirhangya.hu\/#\/schema\/person\/ad1b32f6cde48eb8bc14fa7efd4d70b5"},"headline":"Orb\u00e1n Viktor meg\u00edrta Sulyoknak, hogy nem hajtj\u00e1k v\u00e9gre az EU b\u00edr\u00f3s\u00e1g\u00e1nak d\u00f6nt\u00e9s\u00e9t a homof\u00f3b t\u00f6rv\u00e9nnyel kapcsolatban","datePublished":"2026-05-02T09:10:43+00:00","mainEntityOfPage":{"@id":"https:\/\/hirhangya.hu\/index.php\/2026\/05\/02\/orban-viktor-megirta-sulyoknak-hogy-nem-hajtjak-vegre-az-eu-birosaganak-donteset-a-homofob-torvennyel-kapcsolatban\/"},"wordCount":361,"commentCount":0,"publisher":{"@id":"https:\/\/hirhangya.hu\/#organization"},"image":{"@id":"https:\/\/hirhangya.hu\/index.php\/2026\/05\/02\/orban-viktor-megirta-sulyoknak-hogy-nem-hajtjak-vegre-az-eu-birosaganak-donteset-a-homofob-torvennyel-kapcsolatban\/#primaryimage"},"thumbnailUrl":"https:\/\/hirhangya.hu\/wp-content\/uploads\/2026\/05\/817eIlYFSe5r1iG18ts-lqBWUp.jpg","articleSection":["\u00c1ltal\u00e1nos"],"inLanguage":"hu","potentialAction":[{"@type":"CommentAction","name":"Comment","target":["https:\/\/hirhangya.hu\/index.php\/2026\/05\/02\/orban-viktor-megirta-sulyoknak-hogy-nem-hajtjak-vegre-az-eu-birosaganak-donteset-a-homofob-torvennyel-kapcsolatban\/#respond"]}]},{"@type":"WebPage","@id":"https:\/\/hirhangya.hu\/index.php\/2026\/05\/02\/orban-viktor-megirta-sulyoknak-hogy-nem-hajtjak-vegre-az-eu-birosaganak-donteset-a-homofob-torvennyel-kapcsolatban\/","url":"https:\/\/hirhangya.hu\/index.php\/2026\/05\/02\/orban-viktor-megirta-sulyoknak-hogy-nem-hajtjak-vegre-az-eu-birosaganak-donteset-a-homofob-torvennyel-kapcsolatban\/","name":"Orb\u00e1n Viktor meg\u00edrta Sulyoknak, hogy nem hajtj\u00e1k v\u00e9gre az EU b\u00edr\u00f3s\u00e1g\u00e1nak d\u00f6nt\u00e9s\u00e9t a homof\u00f3b t\u00f6rv\u00e9nnyel kapcsolatban - H\u00edrhangya","isPartOf":{"@id":"https:\/\/hirhangya.hu\/#website"},"primaryImageOfPage":{"@id":"https:\/\/hirhangya.hu\/index.php\/2026\/05\/02\/orban-viktor-megirta-sulyoknak-hogy-nem-hajtjak-vegre-az-eu-birosaganak-donteset-a-homofob-torvennyel-kapcsolatban\/#primaryimage"},"image":{"@id":"https:\/\/hirhangya.hu\/index.php\/2026\/05\/02\/orban-viktor-megirta-sulyoknak-hogy-nem-hajtjak-vegre-az-eu-birosaganak-donteset-a-homofob-torvennyel-kapcsolatban\/#primaryimage"},"thumbnailUrl":"https:\/\/hirhangya.hu\/wp-content\/uploads\/2026\/05\/817eIlYFSe5r1iG18ts-lqBWUp.jpg","datePublished":"2026-05-02T09:10:43+00:00","breadcrumb":{"@id":"https:\/\/hirhangya.hu\/index.php\/2026\/05\/02\/orban-viktor-megirta-sulyoknak-hogy-nem-hajtjak-vegre-az-eu-birosaganak-donteset-a-homofob-torvennyel-kapcsolatban\/#breadcrumb"},"inLanguage":"hu","potentialAction":[{"@type":"ReadAction","target":["https:\/\/hirhangya.hu\/index.php\/2026\/05\/02\/orban-viktor-megirta-sulyoknak-hogy-nem-hajtjak-vegre-az-eu-birosaganak-donteset-a-homofob-torvennyel-kapcsolatban\/"]}]},{"@type":"ImageObject","inLanguage":"hu","@id":"https:\/\/hirhangya.hu\/index.php\/2026\/05\/02\/orban-viktor-megirta-sulyoknak-hogy-nem-hajtjak-vegre-az-eu-birosaganak-donteset-a-homofob-torvennyel-kapcsolatban\/#primaryimage","url":"https:\/\/hirhangya.hu\/wp-content\/uploads\/2026\/05\/817eIlYFSe5r1iG18ts-lqBWUp.jpg","contentUrl":"https:\/\/hirhangya.hu\/wp-content\/uploads\/2026\/05\/817eIlYFSe5r1iG18ts-lqBWUp.jpg","width":2000,"height":1334},{"@type":"BreadcrumbList","@id":"https:\/\/hirhangya.hu\/index.php\/2026\/05\/02\/orban-viktor-megirta-sulyoknak-hogy-nem-hajtjak-vegre-az-eu-birosaganak-donteset-a-homofob-torvennyel-kapcsolatban\/#breadcrumb","itemListElement":[{"@type":"ListItem","position":1,"name":"Home","item":"https:\/\/hirhangya.hu\/"},{"@type":"ListItem","position":2,"name":"Orb\u00e1n Viktor meg\u00edrta Sulyoknak, hogy nem hajtj\u00e1k v\u00e9gre az EU b\u00edr\u00f3s\u00e1g\u00e1nak d\u00f6nt\u00e9s\u00e9t a homof\u00f3b t\u00f6rv\u00e9nnyel kapcsolatban"}]},{"@type":"WebSite","@id":"https:\/\/hirhangya.hu\/#website","url":"https:\/\/hirhangya.hu\/","name":"H\u00edrhangya","description":"Szorgalmasan \u00f6sszehordjuk a legfrissebb h\u00edreket","publisher":{"@id":"https:\/\/hirhangya.hu\/#organization"},"potentialAction":[{"@type":"SearchAction","target":{"@type":"EntryPoint","urlTemplate":"https:\/\/hirhangya.hu\/?s={search_term_string}"},"query-input":{"@type":"PropertyValueSpecification","valueRequired":true,"valueName":"search_term_string"}}],"inLanguage":"hu"},{"@type":"Organization","@id":"https:\/\/hirhangya.hu\/#organization","name":"H\u00edrhangya","url":"https:\/\/hirhangya.hu\/","logo":{"@type":"ImageObject","inLanguage":"hu","@id":"https:\/\/hirhangya.hu\/#\/schema\/logo\/image\/","url":"https:\/\/hirhangya.hu\/wp-content\/uploads\/2025\/06\/cropped-cropped-hirhangya-logo-szoveges-scaled-1-e1750064323596.jpg","contentUrl":"https:\/\/hirhangya.hu\/wp-content\/uploads\/2025\/06\/cropped-cropped-hirhangya-logo-szoveges-scaled-1-e1750064323596.jpg","width":350,"height":100,"caption":"H\u00edrhangya"},"image":{"@id":"https:\/\/hirhangya.hu\/#\/schema\/logo\/image\/"}},{"@type":"Person","@id":"https:\/\/hirhangya.hu\/#\/schema\/person\/ad1b32f6cde48eb8bc14fa7efd4d70b5","name":"Nemes Gabor","image":{"@type":"ImageObject","inLanguage":"hu","@id":"https:\/\/hirhangya.hu\/#\/schema\/person\/image\/","url":"https:\/\/secure.gravatar.com\/avatar\/92c2a9c67399a3a1c5444228b3ae3f850f3218d7c18ff5ed44a84130d5b474f3?s=96&d=mm&r=g","contentUrl":"https:\/\/secure.gravatar.com\/avatar\/92c2a9c67399a3a1c5444228b3ae3f850f3218d7c18ff5ed44a84130d5b474f3?s=96&d=mm&r=g","caption":"Nemes Gabor"},"url":"https:\/\/hirhangya.hu\/index.php\/author\/hex324\/"}]}},"_links":{"self":[{"href":"https:\/\/hirhangya.hu\/index.php\/wp-json\/wp\/v2\/posts\/95372","targetHints":{"allow":["GET"]}}],"collection":[{"href":"https:\/\/hirhangya.hu\/index.php\/wp-json\/wp\/v2\/posts"}],"about":[{"href":"https:\/\/hirhangya.hu\/index.php\/wp-json\/wp\/v2\/types\/post"}],"author":[{"embeddable":true,"href":"https:\/\/hirhangya.hu\/index.php\/wp-json\/wp\/v2\/users\/2"}],"replies":[{"embeddable":true,"href":"https:\/\/hirhangya.hu\/index.php\/wp-json\/wp\/v2\/comments?post=95372"}],"version-history":[{"count":0,"href":"https:\/\/hirhangya.hu\/index.php\/wp-json\/wp\/v2\/posts\/95372\/revisions"}],"wp:featuredmedia":[{"embeddable":true,"href":"https:\/\/hirhangya.hu\/index.php\/wp-json\/wp\/v2\/media\/95373"}],"wp:attachment":[{"href":"https:\/\/hirhangya.hu\/index.php\/wp-json\/wp\/v2\/media?parent=95372"}],"wp:term":[{"taxonomy":"category","embeddable":true,"href":"https:\/\/hirhangya.hu\/index.php\/wp-json\/wp\/v2\/categories?post=95372"},{"taxonomy":"post_tag","embeddable":true,"href":"https:\/\/hirhangya.hu\/index.php\/wp-json\/wp\/v2\/tags?post=95372"}],"curies":[{"name":"wp","href":"https:\/\/api.w.org\/{rel}","templated":true}]}}