{"id":95374,"date":"2026-05-02T09:10:59","date_gmt":"2026-05-02T09:10:59","guid":{"rendered":"https:\/\/hirhangya.hu\/index.php\/2026\/05\/02\/osszesen-4-vagy-5-ahogy-vesszuk-himnusz-hangzik-el-a-parlament-alakulo-ulesen-koztuk-az-europai-unios-es-a-cigany-is\/"},"modified":"2026-05-02T09:10:59","modified_gmt":"2026-05-02T09:10:59","slug":"osszesen-4-vagy-5-ahogy-vesszuk-himnusz-hangzik-el-a-parlament-alakulo-ulesen-koztuk-az-europai-unios-es-a-cigany-is","status":"publish","type":"post","link":"https:\/\/hirhangya.hu\/index.php\/2026\/05\/02\/osszesen-4-vagy-5-ahogy-vesszuk-himnusz-hangzik-el-a-parlament-alakulo-ulesen-koztuk-az-europai-unios-es-a-cigany-is\/","title":{"rendered":"\u00d6sszesen 4 (vagy 5, ahogy vessz\u00fck) himnusz hangzik el a parlament alakul\u00f3 \u00fcl\u00e9s\u00e9n, k\u00f6zt\u00fck az eur\u00f3pai uni\u00f3s \u00e9s a cig\u00e1ny is"},"content":{"rendered":"<p>Az \u00faj Orsz\u00e1ggy\u0171l\u00e9s alakul\u00f3 \u00fcl\u00e9se m\u00e1jus 9-\u00e9n 10 \u00f3rakor kezd\u0151dik; Magyar P\u00e9ter leend\u0151 minisztereln\u00f6k k\u00f6zlem\u00e9nye szerint a rendezv\u00e9ny zeneileg intenz\u00edv lesz. A minisztereln\u00f6ki esk\u00fct k\u00f6vet\u0151en elhangzik a Himnusz, a sz\u00e9kely himnusz \u00e9s az eur\u00f3pai himnusz, tov\u00e1bb\u00e1 N\u00e9bl Zsolt vezet\u00e9s\u00e9vel, a s\u00fck\u00f6sdi Sugo Tamburazenekar el\u0151ad\u00e1s\u00e1ban megsz\u00f3lal a \u201eZ\u00f6ld az erd\u0151, z\u00f6ld a hegy\u201d \u00e9s a \u201eTavaszi sz\u00e9l vizet \u00e1raszt\u201d, az ut\u00f3bbi a Tisza P\u00e1rt gyakorlatilag himnusz\u00e1v\u00e1 v\u00e1lt az elm\u00falt \u00e9vek k\u00e9tharmados v\u00e1laszt\u00e1si gy\u0151zelmei ut\u00e1n. A Parlamentre visszaker\u00fclnek a magyar, a sz\u00e9kely \u00e9s az eur\u00f3pai uni\u00f3s z\u00e1szl\u00f3k. A minisztereln\u00f6k megv\u00e1laszt\u00e1sa, esk\u00fct\u00e9tele \u00e9s besz\u00e9de a kora d\u00e9lut\u00e1ni \u00f3r\u00e1kra v\u00e1rhat\u00f3; ezt k\u00f6vet\u0151en a Kossuth t\u00e9ren rendszerv\u00e1lt\u00f3 \u00fcnnepet tartanak, z\u00e1szl\u00f3felvon\u00e1ssal \u00e9s Magyar P\u00e9ter besz\u00e9d\u00e9vel.<\/p>\n<p>Eredeti cikk: <a href=\"https:\/\/444.hu\/2026\/05\/02\/osszesen-4-vagy-5-ahogy-vesszuk-himnusz-hangzik-el-a-parlament-alakulo-ulesen-koztuk-az-europai-unios-es-a-cigany-is?utm_source=rss_feed&amp;utm_medium=rss&amp;utm_campaign=rss_syndication\" target=\"_blank\" class=\"feedzy-rss-link-icon\">elolvasom<\/a><\/p>\n","protected":false},"excerpt":{"rendered":"<p>Az \u00faj Orsz\u00e1ggy\u0171l\u00e9s alakul\u00f3 \u00fcl\u00e9se m\u00e1jus 9-\u00e9n 10 \u00f3rakor kezd\u0151dik; Magyar P\u00e9ter leend\u0151 minisztereln\u00f6k k\u00f6zlem\u00e9nye szerint a rendezv\u00e9ny zeneileg intenz\u00edv lesz. A minisztereln\u00f6ki esk\u00fct k\u00f6vet\u0151en elhangzik a Himnusz, a sz\u00e9kely himnusz \u00e9s az eur\u00f3pai himnusz, tov\u00e1bb\u00e1 N\u00e9bl Zsolt vezet\u00e9s\u00e9vel, a s\u00fck\u00f6sdi Sugo Tamburazenekar el\u0151ad\u00e1s\u00e1ban megsz\u00f3lal a \u201eZ\u00f6ld az erd\u0151, z\u00f6ld a hegy\u201d \u00e9s a \u201eTavaszi [&hellip;]<\/p>\n","protected":false},"author":2,"featured_media":95375,"comment_status":"open","ping_status":"open","sticky":false,"template":"","format":"standard","meta":{"footnotes":""},"categories":[147],"tags":[],"class_list":["post-95374","post","type-post","status-publish","format-standard","has-post-thumbnail","hentry","category-altalanos"],"yoast_head":"<!-- This site is optimized with the Yoast SEO Premium plugin v26.2 (Yoast SEO v26.3) - https:\/\/yoast.com\/wordpress\/plugins\/seo\/ -->\n<title>\u00d6sszesen 4 (vagy 5, ahogy vessz\u00fck) himnusz hangzik el a parlament alakul\u00f3 \u00fcl\u00e9s\u00e9n, k\u00f6zt\u00fck az eur\u00f3pai uni\u00f3s \u00e9s a cig\u00e1ny is - H\u00edrhangya<\/title>\n<meta name=\"robots\" content=\"index, follow, max-snippet:-1, max-image-preview:large, max-video-preview:-1\" \/>\n<link rel=\"canonical\" href=\"https:\/\/hirhangya.hu\/index.php\/2026\/05\/02\/osszesen-4-vagy-5-ahogy-vesszuk-himnusz-hangzik-el-a-parlament-alakulo-ulesen-koztuk-az-europai-unios-es-a-cigany-is\/\" \/>\n<meta property=\"og:locale\" content=\"hu_HU\" \/>\n<meta property=\"og:type\" content=\"article\" \/>\n<meta property=\"og:title\" content=\"\u00d6sszesen 4 (vagy 5, ahogy vessz\u00fck) himnusz hangzik el a parlament alakul\u00f3 \u00fcl\u00e9s\u00e9n, k\u00f6zt\u00fck az eur\u00f3pai uni\u00f3s \u00e9s a cig\u00e1ny is\" \/>\n<meta property=\"og:description\" content=\"Az \u00faj Orsz\u00e1ggy\u0171l\u00e9s alakul\u00f3 \u00fcl\u00e9se m\u00e1jus 9-\u00e9n 10 \u00f3rakor kezd\u0151dik; Magyar P\u00e9ter leend\u0151 minisztereln\u00f6k k\u00f6zlem\u00e9nye szerint a rendezv\u00e9ny zeneileg intenz\u00edv lesz. A minisztereln\u00f6ki esk\u00fct k\u00f6vet\u0151en elhangzik a Himnusz, a sz\u00e9kely himnusz \u00e9s az eur\u00f3pai himnusz, tov\u00e1bb\u00e1 N\u00e9bl Zsolt vezet\u00e9s\u00e9vel, a s\u00fck\u00f6sdi Sugo Tamburazenekar el\u0151ad\u00e1s\u00e1ban megsz\u00f3lal a \u201eZ\u00f6ld az erd\u0151, z\u00f6ld a hegy\u201d \u00e9s a \u201eTavaszi [&hellip;]\" \/>\n<meta property=\"og:url\" content=\"https:\/\/hirhangya.hu\/index.php\/2026\/05\/02\/osszesen-4-vagy-5-ahogy-vesszuk-himnusz-hangzik-el-a-parlament-alakulo-ulesen-koztuk-az-europai-unios-es-a-cigany-is\/\" \/>\n<meta property=\"og:site_name\" content=\"H\u00edrhangya\" \/>\n<meta property=\"article:published_time\" content=\"2026-05-02T09:10:59+00:00\" \/>\n<meta name=\"author\" content=\"Nemes Gabor\" \/>\n<meta name=\"twitter:card\" content=\"summary_large_image\" \/>\n<meta name=\"twitter:label1\" content=\"Szerz\u0151:\" \/>\n\t<meta name=\"twitter:data1\" content=\"Nemes Gabor\" \/>\n\t<meta name=\"twitter:label2\" content=\"Becs\u00fclt olvas\u00e1si id\u0151\" \/>\n\t<meta name=\"twitter:data2\" content=\"1 perc\" \/>\n<script type=\"application\/ld+json\" class=\"yoast-schema-graph\">{\"@context\":\"https:\/\/schema.org\",\"@graph\":[{\"@type\":\"Article\",\"@id\":\"https:\/\/hirhangya.hu\/index.php\/2026\/05\/02\/osszesen-4-vagy-5-ahogy-vesszuk-himnusz-hangzik-el-a-parlament-alakulo-ulesen-koztuk-az-europai-unios-es-a-cigany-is\/#article\",\"isPartOf\":{\"@id\":\"https:\/\/hirhangya.hu\/index.php\/2026\/05\/02\/osszesen-4-vagy-5-ahogy-vesszuk-himnusz-hangzik-el-a-parlament-alakulo-ulesen-koztuk-az-europai-unios-es-a-cigany-is\/\"},\"author\":{\"name\":\"Nemes Gabor\",\"@id\":\"https:\/\/hirhangya.hu\/#\/schema\/person\/ad1b32f6cde48eb8bc14fa7efd4d70b5\"},\"headline\":\"\u00d6sszesen 4 (vagy 5, ahogy vessz\u00fck) himnusz hangzik el a parlament alakul\u00f3 \u00fcl\u00e9s\u00e9n, k\u00f6zt\u00fck az eur\u00f3pai uni\u00f3s \u00e9s a cig\u00e1ny is\",\"datePublished\":\"2026-05-02T09:10:59+00:00\",\"mainEntityOfPage\":{\"@id\":\"https:\/\/hirhangya.hu\/index.php\/2026\/05\/02\/osszesen-4-vagy-5-ahogy-vesszuk-himnusz-hangzik-el-a-parlament-alakulo-ulesen-koztuk-az-europai-unios-es-a-cigany-is\/\"},\"wordCount\":206,\"commentCount\":0,\"publisher\":{\"@id\":\"https:\/\/hirhangya.hu\/#organization\"},\"image\":{\"@id\":\"https:\/\/hirhangya.hu\/index.php\/2026\/05\/02\/osszesen-4-vagy-5-ahogy-vesszuk-himnusz-hangzik-el-a-parlament-alakulo-ulesen-koztuk-az-europai-unios-es-a-cigany-is\/#primaryimage\"},\"thumbnailUrl\":\"https:\/\/hirhangya.hu\/wp-content\/uploads\/2026\/05\/8J3h9nu2pTh629A1Qms-pxoBAB.jpg\",\"articleSection\":[\"\u00c1ltal\u00e1nos\"],\"inLanguage\":\"hu\",\"potentialAction\":[{\"@type\":\"CommentAction\",\"name\":\"Comment\",\"target\":[\"https:\/\/hirhangya.hu\/index.php\/2026\/05\/02\/osszesen-4-vagy-5-ahogy-vesszuk-himnusz-hangzik-el-a-parlament-alakulo-ulesen-koztuk-az-europai-unios-es-a-cigany-is\/#respond\"]}]},{\"@type\":\"WebPage\",\"@id\":\"https:\/\/hirhangya.hu\/index.php\/2026\/05\/02\/osszesen-4-vagy-5-ahogy-vesszuk-himnusz-hangzik-el-a-parlament-alakulo-ulesen-koztuk-az-europai-unios-es-a-cigany-is\/\",\"url\":\"https:\/\/hirhangya.hu\/index.php\/2026\/05\/02\/osszesen-4-vagy-5-ahogy-vesszuk-himnusz-hangzik-el-a-parlament-alakulo-ulesen-koztuk-az-europai-unios-es-a-cigany-is\/\",\"name\":\"\u00d6sszesen 4 (vagy 5, ahogy vessz\u00fck) himnusz hangzik el a parlament alakul\u00f3 \u00fcl\u00e9s\u00e9n, k\u00f6zt\u00fck az eur\u00f3pai uni\u00f3s \u00e9s a cig\u00e1ny is - H\u00edrhangya\",\"isPartOf\":{\"@id\":\"https:\/\/hirhangya.hu\/#website\"},\"primaryImageOfPage\":{\"@id\":\"https:\/\/hirhangya.hu\/index.php\/2026\/05\/02\/osszesen-4-vagy-5-ahogy-vesszuk-himnusz-hangzik-el-a-parlament-alakulo-ulesen-koztuk-az-europai-unios-es-a-cigany-is\/#primaryimage\"},\"image\":{\"@id\":\"https:\/\/hirhangya.hu\/index.php\/2026\/05\/02\/osszesen-4-vagy-5-ahogy-vesszuk-himnusz-hangzik-el-a-parlament-alakulo-ulesen-koztuk-az-europai-unios-es-a-cigany-is\/#primaryimage\"},\"thumbnailUrl\":\"https:\/\/hirhangya.hu\/wp-content\/uploads\/2026\/05\/8J3h9nu2pTh629A1Qms-pxoBAB.jpg\",\"datePublished\":\"2026-05-02T09:10:59+00:00\",\"breadcrumb\":{\"@id\":\"https:\/\/hirhangya.hu\/index.php\/2026\/05\/02\/osszesen-4-vagy-5-ahogy-vesszuk-himnusz-hangzik-el-a-parlament-alakulo-ulesen-koztuk-az-europai-unios-es-a-cigany-is\/#breadcrumb\"},\"inLanguage\":\"hu\",\"potentialAction\":[{\"@type\":\"ReadAction\",\"target\":[\"https:\/\/hirhangya.hu\/index.php\/2026\/05\/02\/osszesen-4-vagy-5-ahogy-vesszuk-himnusz-hangzik-el-a-parlament-alakulo-ulesen-koztuk-az-europai-unios-es-a-cigany-is\/\"]}]},{\"@type\":\"ImageObject\",\"inLanguage\":\"hu\",\"@id\":\"https:\/\/hirhangya.hu\/index.php\/2026\/05\/02\/osszesen-4-vagy-5-ahogy-vesszuk-himnusz-hangzik-el-a-parlament-alakulo-ulesen-koztuk-az-europai-unios-es-a-cigany-is\/#primaryimage\",\"url\":\"https:\/\/hirhangya.hu\/wp-content\/uploads\/2026\/05\/8J3h9nu2pTh629A1Qms-pxoBAB.jpg\",\"contentUrl\":\"https:\/\/hirhangya.hu\/wp-content\/uploads\/2026\/05\/8J3h9nu2pTh629A1Qms-pxoBAB.jpg\",\"width\":2000,\"height\":1333},{\"@type\":\"BreadcrumbList\",\"@id\":\"https:\/\/hirhangya.hu\/index.php\/2026\/05\/02\/osszesen-4-vagy-5-ahogy-vesszuk-himnusz-hangzik-el-a-parlament-alakulo-ulesen-koztuk-az-europai-unios-es-a-cigany-is\/#breadcrumb\",\"itemListElement\":[{\"@type\":\"ListItem\",\"position\":1,\"name\":\"Home\",\"item\":\"https:\/\/hirhangya.hu\/\"},{\"@type\":\"ListItem\",\"position\":2,\"name\":\"\u00d6sszesen 4 (vagy 5, ahogy vessz\u00fck) himnusz hangzik el a parlament alakul\u00f3 \u00fcl\u00e9s\u00e9n, k\u00f6zt\u00fck az eur\u00f3pai uni\u00f3s \u00e9s a cig\u00e1ny is\"}]},{\"@type\":\"WebSite\",\"@id\":\"https:\/\/hirhangya.hu\/#website\",\"url\":\"https:\/\/hirhangya.hu\/\",\"name\":\"H\u00edrhangya\",\"description\":\"Szorgalmasan \u00f6sszehordjuk a legfrissebb h\u00edreket\",\"publisher\":{\"@id\":\"https:\/\/hirhangya.hu\/#organization\"},\"potentialAction\":[{\"@type\":\"SearchAction\",\"target\":{\"@type\":\"EntryPoint\",\"urlTemplate\":\"https:\/\/hirhangya.hu\/?s={search_term_string}\"},\"query-input\":{\"@type\":\"PropertyValueSpecification\",\"valueRequired\":true,\"valueName\":\"search_term_string\"}}],\"inLanguage\":\"hu\"},{\"@type\":\"Organization\",\"@id\":\"https:\/\/hirhangya.hu\/#organization\",\"name\":\"H\u00edrhangya\",\"url\":\"https:\/\/hirhangya.hu\/\",\"logo\":{\"@type\":\"ImageObject\",\"inLanguage\":\"hu\",\"@id\":\"https:\/\/hirhangya.hu\/#\/schema\/logo\/image\/\",\"url\":\"https:\/\/hirhangya.hu\/wp-content\/uploads\/2025\/06\/cropped-cropped-hirhangya-logo-szoveges-scaled-1-e1750064323596.jpg\",\"contentUrl\":\"https:\/\/hirhangya.hu\/wp-content\/uploads\/2025\/06\/cropped-cropped-hirhangya-logo-szoveges-scaled-1-e1750064323596.jpg\",\"width\":350,\"height\":100,\"caption\":\"H\u00edrhangya\"},\"image\":{\"@id\":\"https:\/\/hirhangya.hu\/#\/schema\/logo\/image\/\"}},{\"@type\":\"Person\",\"@id\":\"https:\/\/hirhangya.hu\/#\/schema\/person\/ad1b32f6cde48eb8bc14fa7efd4d70b5\",\"name\":\"Nemes Gabor\",\"image\":{\"@type\":\"ImageObject\",\"inLanguage\":\"hu\",\"@id\":\"https:\/\/hirhangya.hu\/#\/schema\/person\/image\/\",\"url\":\"https:\/\/secure.gravatar.com\/avatar\/92c2a9c67399a3a1c5444228b3ae3f850f3218d7c18ff5ed44a84130d5b474f3?s=96&d=mm&r=g\",\"contentUrl\":\"https:\/\/secure.gravatar.com\/avatar\/92c2a9c67399a3a1c5444228b3ae3f850f3218d7c18ff5ed44a84130d5b474f3?s=96&d=mm&r=g\",\"caption\":\"Nemes Gabor\"},\"url\":\"https:\/\/hirhangya.hu\/index.php\/author\/hex324\/\"}]}<\/script>\n<!-- \/ Yoast SEO Premium plugin. -->","yoast_head_json":{"title":"\u00d6sszesen 4 (vagy 5, ahogy vessz\u00fck) himnusz hangzik el a parlament alakul\u00f3 \u00fcl\u00e9s\u00e9n, k\u00f6zt\u00fck az eur\u00f3pai uni\u00f3s \u00e9s a cig\u00e1ny is - H\u00edrhangya","robots":{"index":"index","follow":"follow","max-snippet":"max-snippet:-1","max-image-preview":"max-image-preview:large","max-video-preview":"max-video-preview:-1"},"canonical":"https:\/\/hirhangya.hu\/index.php\/2026\/05\/02\/osszesen-4-vagy-5-ahogy-vesszuk-himnusz-hangzik-el-a-parlament-alakulo-ulesen-koztuk-az-europai-unios-es-a-cigany-is\/","og_locale":"hu_HU","og_type":"article","og_title":"\u00d6sszesen 4 (vagy 5, ahogy vessz\u00fck) himnusz hangzik el a parlament alakul\u00f3 \u00fcl\u00e9s\u00e9n, k\u00f6zt\u00fck az eur\u00f3pai uni\u00f3s \u00e9s a cig\u00e1ny is","og_description":"Az \u00faj Orsz\u00e1ggy\u0171l\u00e9s alakul\u00f3 \u00fcl\u00e9se m\u00e1jus 9-\u00e9n 10 \u00f3rakor kezd\u0151dik; Magyar P\u00e9ter leend\u0151 minisztereln\u00f6k k\u00f6zlem\u00e9nye szerint a rendezv\u00e9ny zeneileg intenz\u00edv lesz. A minisztereln\u00f6ki esk\u00fct k\u00f6vet\u0151en elhangzik a Himnusz, a sz\u00e9kely himnusz \u00e9s az eur\u00f3pai himnusz, tov\u00e1bb\u00e1 N\u00e9bl Zsolt vezet\u00e9s\u00e9vel, a s\u00fck\u00f6sdi Sugo Tamburazenekar el\u0151ad\u00e1s\u00e1ban megsz\u00f3lal a \u201eZ\u00f6ld az erd\u0151, z\u00f6ld a hegy\u201d \u00e9s a \u201eTavaszi [&hellip;]","og_url":"https:\/\/hirhangya.hu\/index.php\/2026\/05\/02\/osszesen-4-vagy-5-ahogy-vesszuk-himnusz-hangzik-el-a-parlament-alakulo-ulesen-koztuk-az-europai-unios-es-a-cigany-is\/","og_site_name":"H\u00edrhangya","article_published_time":"2026-05-02T09:10:59+00:00","author":"Nemes Gabor","twitter_card":"summary_large_image","twitter_misc":{"Szerz\u0151:":"Nemes Gabor","Becs\u00fclt olvas\u00e1si id\u0151":"1 perc"},"schema":{"@context":"https:\/\/schema.org","@graph":[{"@type":"Article","@id":"https:\/\/hirhangya.hu\/index.php\/2026\/05\/02\/osszesen-4-vagy-5-ahogy-vesszuk-himnusz-hangzik-el-a-parlament-alakulo-ulesen-koztuk-az-europai-unios-es-a-cigany-is\/#article","isPartOf":{"@id":"https:\/\/hirhangya.hu\/index.php\/2026\/05\/02\/osszesen-4-vagy-5-ahogy-vesszuk-himnusz-hangzik-el-a-parlament-alakulo-ulesen-koztuk-az-europai-unios-es-a-cigany-is\/"},"author":{"name":"Nemes Gabor","@id":"https:\/\/hirhangya.hu\/#\/schema\/person\/ad1b32f6cde48eb8bc14fa7efd4d70b5"},"headline":"\u00d6sszesen 4 (vagy 5, ahogy vessz\u00fck) himnusz hangzik el a parlament alakul\u00f3 \u00fcl\u00e9s\u00e9n, k\u00f6zt\u00fck az eur\u00f3pai uni\u00f3s \u00e9s a cig\u00e1ny is","datePublished":"2026-05-02T09:10:59+00:00","mainEntityOfPage":{"@id":"https:\/\/hirhangya.hu\/index.php\/2026\/05\/02\/osszesen-4-vagy-5-ahogy-vesszuk-himnusz-hangzik-el-a-parlament-alakulo-ulesen-koztuk-az-europai-unios-es-a-cigany-is\/"},"wordCount":206,"commentCount":0,"publisher":{"@id":"https:\/\/hirhangya.hu\/#organization"},"image":{"@id":"https:\/\/hirhangya.hu\/index.php\/2026\/05\/02\/osszesen-4-vagy-5-ahogy-vesszuk-himnusz-hangzik-el-a-parlament-alakulo-ulesen-koztuk-az-europai-unios-es-a-cigany-is\/#primaryimage"},"thumbnailUrl":"https:\/\/hirhangya.hu\/wp-content\/uploads\/2026\/05\/8J3h9nu2pTh629A1Qms-pxoBAB.jpg","articleSection":["\u00c1ltal\u00e1nos"],"inLanguage":"hu","potentialAction":[{"@type":"CommentAction","name":"Comment","target":["https:\/\/hirhangya.hu\/index.php\/2026\/05\/02\/osszesen-4-vagy-5-ahogy-vesszuk-himnusz-hangzik-el-a-parlament-alakulo-ulesen-koztuk-az-europai-unios-es-a-cigany-is\/#respond"]}]},{"@type":"WebPage","@id":"https:\/\/hirhangya.hu\/index.php\/2026\/05\/02\/osszesen-4-vagy-5-ahogy-vesszuk-himnusz-hangzik-el-a-parlament-alakulo-ulesen-koztuk-az-europai-unios-es-a-cigany-is\/","url":"https:\/\/hirhangya.hu\/index.php\/2026\/05\/02\/osszesen-4-vagy-5-ahogy-vesszuk-himnusz-hangzik-el-a-parlament-alakulo-ulesen-koztuk-az-europai-unios-es-a-cigany-is\/","name":"\u00d6sszesen 4 (vagy 5, ahogy vessz\u00fck) himnusz hangzik el a parlament alakul\u00f3 \u00fcl\u00e9s\u00e9n, k\u00f6zt\u00fck az eur\u00f3pai uni\u00f3s \u00e9s a cig\u00e1ny is - H\u00edrhangya","isPartOf":{"@id":"https:\/\/hirhangya.hu\/#website"},"primaryImageOfPage":{"@id":"https:\/\/hirhangya.hu\/index.php\/2026\/05\/02\/osszesen-4-vagy-5-ahogy-vesszuk-himnusz-hangzik-el-a-parlament-alakulo-ulesen-koztuk-az-europai-unios-es-a-cigany-is\/#primaryimage"},"image":{"@id":"https:\/\/hirhangya.hu\/index.php\/2026\/05\/02\/osszesen-4-vagy-5-ahogy-vesszuk-himnusz-hangzik-el-a-parlament-alakulo-ulesen-koztuk-az-europai-unios-es-a-cigany-is\/#primaryimage"},"thumbnailUrl":"https:\/\/hirhangya.hu\/wp-content\/uploads\/2026\/05\/8J3h9nu2pTh629A1Qms-pxoBAB.jpg","datePublished":"2026-05-02T09:10:59+00:00","breadcrumb":{"@id":"https:\/\/hirhangya.hu\/index.php\/2026\/05\/02\/osszesen-4-vagy-5-ahogy-vesszuk-himnusz-hangzik-el-a-parlament-alakulo-ulesen-koztuk-az-europai-unios-es-a-cigany-is\/#breadcrumb"},"inLanguage":"hu","potentialAction":[{"@type":"ReadAction","target":["https:\/\/hirhangya.hu\/index.php\/2026\/05\/02\/osszesen-4-vagy-5-ahogy-vesszuk-himnusz-hangzik-el-a-parlament-alakulo-ulesen-koztuk-az-europai-unios-es-a-cigany-is\/"]}]},{"@type":"ImageObject","inLanguage":"hu","@id":"https:\/\/hirhangya.hu\/index.php\/2026\/05\/02\/osszesen-4-vagy-5-ahogy-vesszuk-himnusz-hangzik-el-a-parlament-alakulo-ulesen-koztuk-az-europai-unios-es-a-cigany-is\/#primaryimage","url":"https:\/\/hirhangya.hu\/wp-content\/uploads\/2026\/05\/8J3h9nu2pTh629A1Qms-pxoBAB.jpg","contentUrl":"https:\/\/hirhangya.hu\/wp-content\/uploads\/2026\/05\/8J3h9nu2pTh629A1Qms-pxoBAB.jpg","width":2000,"height":1333},{"@type":"BreadcrumbList","@id":"https:\/\/hirhangya.hu\/index.php\/2026\/05\/02\/osszesen-4-vagy-5-ahogy-vesszuk-himnusz-hangzik-el-a-parlament-alakulo-ulesen-koztuk-az-europai-unios-es-a-cigany-is\/#breadcrumb","itemListElement":[{"@type":"ListItem","position":1,"name":"Home","item":"https:\/\/hirhangya.hu\/"},{"@type":"ListItem","position":2,"name":"\u00d6sszesen 4 (vagy 5, ahogy vessz\u00fck) himnusz hangzik el a parlament alakul\u00f3 \u00fcl\u00e9s\u00e9n, k\u00f6zt\u00fck az eur\u00f3pai uni\u00f3s \u00e9s a cig\u00e1ny is"}]},{"@type":"WebSite","@id":"https:\/\/hirhangya.hu\/#website","url":"https:\/\/hirhangya.hu\/","name":"H\u00edrhangya","description":"Szorgalmasan \u00f6sszehordjuk a legfrissebb h\u00edreket","publisher":{"@id":"https:\/\/hirhangya.hu\/#organization"},"potentialAction":[{"@type":"SearchAction","target":{"@type":"EntryPoint","urlTemplate":"https:\/\/hirhangya.hu\/?s={search_term_string}"},"query-input":{"@type":"PropertyValueSpecification","valueRequired":true,"valueName":"search_term_string"}}],"inLanguage":"hu"},{"@type":"Organization","@id":"https:\/\/hirhangya.hu\/#organization","name":"H\u00edrhangya","url":"https:\/\/hirhangya.hu\/","logo":{"@type":"ImageObject","inLanguage":"hu","@id":"https:\/\/hirhangya.hu\/#\/schema\/logo\/image\/","url":"https:\/\/hirhangya.hu\/wp-content\/uploads\/2025\/06\/cropped-cropped-hirhangya-logo-szoveges-scaled-1-e1750064323596.jpg","contentUrl":"https:\/\/hirhangya.hu\/wp-content\/uploads\/2025\/06\/cropped-cropped-hirhangya-logo-szoveges-scaled-1-e1750064323596.jpg","width":350,"height":100,"caption":"H\u00edrhangya"},"image":{"@id":"https:\/\/hirhangya.hu\/#\/schema\/logo\/image\/"}},{"@type":"Person","@id":"https:\/\/hirhangya.hu\/#\/schema\/person\/ad1b32f6cde48eb8bc14fa7efd4d70b5","name":"Nemes Gabor","image":{"@type":"ImageObject","inLanguage":"hu","@id":"https:\/\/hirhangya.hu\/#\/schema\/person\/image\/","url":"https:\/\/secure.gravatar.com\/avatar\/92c2a9c67399a3a1c5444228b3ae3f850f3218d7c18ff5ed44a84130d5b474f3?s=96&d=mm&r=g","contentUrl":"https:\/\/secure.gravatar.com\/avatar\/92c2a9c67399a3a1c5444228b3ae3f850f3218d7c18ff5ed44a84130d5b474f3?s=96&d=mm&r=g","caption":"Nemes Gabor"},"url":"https:\/\/hirhangya.hu\/index.php\/author\/hex324\/"}]}},"_links":{"self":[{"href":"https:\/\/hirhangya.hu\/index.php\/wp-json\/wp\/v2\/posts\/95374","targetHints":{"allow":["GET"]}}],"collection":[{"href":"https:\/\/hirhangya.hu\/index.php\/wp-json\/wp\/v2\/posts"}],"about":[{"href":"https:\/\/hirhangya.hu\/index.php\/wp-json\/wp\/v2\/types\/post"}],"author":[{"embeddable":true,"href":"https:\/\/hirhangya.hu\/index.php\/wp-json\/wp\/v2\/users\/2"}],"replies":[{"embeddable":true,"href":"https:\/\/hirhangya.hu\/index.php\/wp-json\/wp\/v2\/comments?post=95374"}],"version-history":[{"count":0,"href":"https:\/\/hirhangya.hu\/index.php\/wp-json\/wp\/v2\/posts\/95374\/revisions"}],"wp:featuredmedia":[{"embeddable":true,"href":"https:\/\/hirhangya.hu\/index.php\/wp-json\/wp\/v2\/media\/95375"}],"wp:attachment":[{"href":"https:\/\/hirhangya.hu\/index.php\/wp-json\/wp\/v2\/media?parent=95374"}],"wp:term":[{"taxonomy":"category","embeddable":true,"href":"https:\/\/hirhangya.hu\/index.php\/wp-json\/wp\/v2\/categories?post=95374"},{"taxonomy":"post_tag","embeddable":true,"href":"https:\/\/hirhangya.hu\/index.php\/wp-json\/wp\/v2\/tags?post=95374"}],"curies":[{"name":"wp","href":"https:\/\/api.w.org\/{rel}","templated":true}]}}