{"id":95676,"date":"2026-05-03T09:10:21","date_gmt":"2026-05-03T09:10:21","guid":{"rendered":"https:\/\/hirhangya.hu\/index.php\/2026\/05\/03\/egy-kicsit-onzonek-kell-lenni-hogy-eli-meg-az-anyak-napjat-az-aki-elvesztette-a-gyereket\/"},"modified":"2026-05-03T09:10:21","modified_gmt":"2026-05-03T09:10:21","slug":"egy-kicsit-onzonek-kell-lenni-hogy-eli-meg-az-anyak-napjat-az-aki-elvesztette-a-gyereket","status":"publish","type":"post","link":"https:\/\/hirhangya.hu\/index.php\/2026\/05\/03\/egy-kicsit-onzonek-kell-lenni-hogy-eli-meg-az-anyak-napjat-az-aki-elvesztette-a-gyereket\/","title":{"rendered":"\u201eEgy kicsit \u00f6nz\u0151nek kell lenni\u201d \u2013 Hogy \u00e9li meg az any\u00e1k napj\u00e1t az, aki elvesztette a gyerek\u00e9t?"},"content":{"rendered":"<p>Any\u00e1k napja \u00e1ltal\u00e1ban \u00f6r\u00f6mteli \u00fcnnep, de vannak any\u00e1k, akiknek ez a nap v\u00e9gtelen\u00fcl megterhel\u0151, p\u00e9ld\u00e1ul azok, akik elvesztett\u00e9k a gyerek\u00fcket. Melinda h\u00e1rom \u00e9ve vesz\u00edtette el h\u00fasz\u00e9ves fi\u00e1t, Marcit, aki \u00f6t \u00e9ven \u00e1t k\u00fczd\u00f6tt betegs\u00e9ggel; a k\u00f6vetkez\u0151 k\u00e9t \u00e9vben bez\u00e1rk\u00f3zott, kapcsolatai besz\u0171k\u00fcltek, alig tudott besz\u00e9lni a trag\u00e9di\u00e1r\u00f3l, \u00e9s csak mostanra kezdi lassan visszakapni \u00f6nmag\u00e1t, \u00fajra j\u00e1r helyekre, \u00e9lvezi a zen\u00e9t \u00e9s a t\u00e1ncot, b\u00e1r sosem lesz ugyanaz, mint el\u0151tte. Legnagyobb neh\u00e9zs\u00e9gnek azt \u00e9rzi, hogy a k\u00f6rnyezete nem tudta, hogyan viszonyuljon a gy\u00e1sz\u00e1hoz: sokan ink\u00e1bb elhallgattak, \u0151 pedig alkalmazkodott, hogy m\u00e1sokat ne tegyen kellemetlen helyzetbe, \u00e9s \u00edgy kevesebb lehet\u0151s\u00e9ge volt megosztani f\u00e1jdalm\u00e1t; szerinte a t\u00e1rsadalmi tabuk miatt minden gy\u00e1szol\u00f3 m\u00e1s seg\u00edts\u00e9gre lenne r\u00e1szorul, de nem kapja meg. Emellett a b\u0171ntudat is v\u00e9gigk\u00eds\u00e9ri: egyszer az\u00e9rt, mert f\u00e9l, hogy s\u00edr\u00e1s\u00e1val zavar m\u00e1sokat, m\u00e1skor meg az\u00e9rt, mert rosszul \u00e9rzi mag\u00e1t, ha mosolyogni mer \u00e9s tov\u00e1bb pr\u00f3b\u00e1l \u00e9lni; ennek megfelel\u0151en megv\u00e1ltoztak a kapcsolatai, \u00e9s a gyereke elveszt\u00e9s\u00e9nek terh\u00e9t minden nap, minden \u00f3r\u00e1ban mag\u00e1val viszi az \u00e9lete v\u00e9g\u00e9ig.<\/p>\n<p>Eredeti cikk: <a href=\"https:\/\/444.hu\/2026\/05\/03\/egy-kicsit-onzonek-kell-lenni-hogy-eli-meg-az-anyak-napjat-az-aki-elvesztette-a-gyereket?utm_source=rss_feed&amp;utm_medium=rss&amp;utm_campaign=rss_syndication\" target=\"_blank\" class=\"feedzy-rss-link-icon\">elolvasom<\/a><\/p>\n","protected":false},"excerpt":{"rendered":"<p>Any\u00e1k napja \u00e1ltal\u00e1ban \u00f6r\u00f6mteli \u00fcnnep, de vannak any\u00e1k, akiknek ez a nap v\u00e9gtelen\u00fcl megterhel\u0151, p\u00e9ld\u00e1ul azok, akik elvesztett\u00e9k a gyerek\u00fcket. Melinda h\u00e1rom \u00e9ve vesz\u00edtette el h\u00fasz\u00e9ves fi\u00e1t, Marcit, aki \u00f6t \u00e9ven \u00e1t k\u00fczd\u00f6tt betegs\u00e9ggel; a k\u00f6vetkez\u0151 k\u00e9t \u00e9vben bez\u00e1rk\u00f3zott, kapcsolatai besz\u0171k\u00fcltek, alig tudott besz\u00e9lni a trag\u00e9di\u00e1r\u00f3l, \u00e9s csak mostanra kezdi lassan visszakapni \u00f6nmag\u00e1t, \u00fajra j\u00e1r [&hellip;]<\/p>\n","protected":false},"author":2,"featured_media":95677,"comment_status":"open","ping_status":"open","sticky":false,"template":"","format":"standard","meta":{"footnotes":""},"categories":[147],"tags":[],"class_list":["post-95676","post","type-post","status-publish","format-standard","has-post-thumbnail","hentry","category-altalanos"],"yoast_head":"<!-- This site is optimized with the Yoast SEO Premium plugin v26.2 (Yoast SEO v26.3) - https:\/\/yoast.com\/wordpress\/plugins\/seo\/ -->\n<title>\u201eEgy kicsit \u00f6nz\u0151nek kell lenni\u201d \u2013 Hogy \u00e9li meg az any\u00e1k napj\u00e1t az, aki elvesztette a gyerek\u00e9t? - H\u00edrhangya<\/title>\n<meta name=\"robots\" content=\"index, follow, max-snippet:-1, max-image-preview:large, max-video-preview:-1\" \/>\n<link rel=\"canonical\" href=\"https:\/\/hirhangya.hu\/index.php\/2026\/05\/03\/egy-kicsit-onzonek-kell-lenni-hogy-eli-meg-az-anyak-napjat-az-aki-elvesztette-a-gyereket\/\" \/>\n<meta property=\"og:locale\" content=\"hu_HU\" \/>\n<meta property=\"og:type\" content=\"article\" \/>\n<meta property=\"og:title\" content=\"\u201eEgy kicsit \u00f6nz\u0151nek kell lenni\u201d \u2013 Hogy \u00e9li meg az any\u00e1k napj\u00e1t az, aki elvesztette a gyerek\u00e9t?\" \/>\n<meta property=\"og:description\" content=\"Any\u00e1k napja \u00e1ltal\u00e1ban \u00f6r\u00f6mteli \u00fcnnep, de vannak any\u00e1k, akiknek ez a nap v\u00e9gtelen\u00fcl megterhel\u0151, p\u00e9ld\u00e1ul azok, akik elvesztett\u00e9k a gyerek\u00fcket. Melinda h\u00e1rom \u00e9ve vesz\u00edtette el h\u00fasz\u00e9ves fi\u00e1t, Marcit, aki \u00f6t \u00e9ven \u00e1t k\u00fczd\u00f6tt betegs\u00e9ggel; a k\u00f6vetkez\u0151 k\u00e9t \u00e9vben bez\u00e1rk\u00f3zott, kapcsolatai besz\u0171k\u00fcltek, alig tudott besz\u00e9lni a trag\u00e9di\u00e1r\u00f3l, \u00e9s csak mostanra kezdi lassan visszakapni \u00f6nmag\u00e1t, \u00fajra j\u00e1r [&hellip;]\" \/>\n<meta property=\"og:url\" content=\"https:\/\/hirhangya.hu\/index.php\/2026\/05\/03\/egy-kicsit-onzonek-kell-lenni-hogy-eli-meg-az-anyak-napjat-az-aki-elvesztette-a-gyereket\/\" \/>\n<meta property=\"og:site_name\" content=\"H\u00edrhangya\" \/>\n<meta property=\"article:published_time\" content=\"2026-05-03T09:10:21+00:00\" \/>\n<meta name=\"author\" content=\"Nemes Gabor\" \/>\n<meta name=\"twitter:card\" content=\"summary_large_image\" \/>\n<meta name=\"twitter:label1\" content=\"Szerz\u0151:\" \/>\n\t<meta name=\"twitter:data1\" content=\"Nemes Gabor\" \/>\n\t<meta name=\"twitter:label2\" content=\"Becs\u00fclt olvas\u00e1si id\u0151\" \/>\n\t<meta name=\"twitter:data2\" content=\"1 perc\" \/>\n<script type=\"application\/ld+json\" class=\"yoast-schema-graph\">{\"@context\":\"https:\/\/schema.org\",\"@graph\":[{\"@type\":\"Article\",\"@id\":\"https:\/\/hirhangya.hu\/index.php\/2026\/05\/03\/egy-kicsit-onzonek-kell-lenni-hogy-eli-meg-az-anyak-napjat-az-aki-elvesztette-a-gyereket\/#article\",\"isPartOf\":{\"@id\":\"https:\/\/hirhangya.hu\/index.php\/2026\/05\/03\/egy-kicsit-onzonek-kell-lenni-hogy-eli-meg-az-anyak-napjat-az-aki-elvesztette-a-gyereket\/\"},\"author\":{\"name\":\"Nemes Gabor\",\"@id\":\"https:\/\/hirhangya.hu\/#\/schema\/person\/ad1b32f6cde48eb8bc14fa7efd4d70b5\"},\"headline\":\"\u201eEgy kicsit \u00f6nz\u0151nek kell lenni\u201d \u2013 Hogy \u00e9li meg az any\u00e1k napj\u00e1t az, aki elvesztette a gyerek\u00e9t?\",\"datePublished\":\"2026-05-03T09:10:21+00:00\",\"mainEntityOfPage\":{\"@id\":\"https:\/\/hirhangya.hu\/index.php\/2026\/05\/03\/egy-kicsit-onzonek-kell-lenni-hogy-eli-meg-az-anyak-napjat-az-aki-elvesztette-a-gyereket\/\"},\"wordCount\":259,\"commentCount\":0,\"publisher\":{\"@id\":\"https:\/\/hirhangya.hu\/#organization\"},\"image\":{\"@id\":\"https:\/\/hirhangya.hu\/index.php\/2026\/05\/03\/egy-kicsit-onzonek-kell-lenni-hogy-eli-meg-az-anyak-napjat-az-aki-elvesztette-a-gyereket\/#primaryimage\"},\"thumbnailUrl\":\"https:\/\/hirhangya.hu\/wp-content\/uploads\/2026\/05\/8Krp6lHXztAi12Wh4s-L9iGLY.jpg\",\"articleSection\":[\"\u00c1ltal\u00e1nos\"],\"inLanguage\":\"hu\",\"potentialAction\":[{\"@type\":\"CommentAction\",\"name\":\"Comment\",\"target\":[\"https:\/\/hirhangya.hu\/index.php\/2026\/05\/03\/egy-kicsit-onzonek-kell-lenni-hogy-eli-meg-az-anyak-napjat-az-aki-elvesztette-a-gyereket\/#respond\"]}]},{\"@type\":\"WebPage\",\"@id\":\"https:\/\/hirhangya.hu\/index.php\/2026\/05\/03\/egy-kicsit-onzonek-kell-lenni-hogy-eli-meg-az-anyak-napjat-az-aki-elvesztette-a-gyereket\/\",\"url\":\"https:\/\/hirhangya.hu\/index.php\/2026\/05\/03\/egy-kicsit-onzonek-kell-lenni-hogy-eli-meg-az-anyak-napjat-az-aki-elvesztette-a-gyereket\/\",\"name\":\"\u201eEgy kicsit \u00f6nz\u0151nek kell lenni\u201d \u2013 Hogy \u00e9li meg az any\u00e1k napj\u00e1t az, aki elvesztette a gyerek\u00e9t? - H\u00edrhangya\",\"isPartOf\":{\"@id\":\"https:\/\/hirhangya.hu\/#website\"},\"primaryImageOfPage\":{\"@id\":\"https:\/\/hirhangya.hu\/index.php\/2026\/05\/03\/egy-kicsit-onzonek-kell-lenni-hogy-eli-meg-az-anyak-napjat-az-aki-elvesztette-a-gyereket\/#primaryimage\"},\"image\":{\"@id\":\"https:\/\/hirhangya.hu\/index.php\/2026\/05\/03\/egy-kicsit-onzonek-kell-lenni-hogy-eli-meg-az-anyak-napjat-az-aki-elvesztette-a-gyereket\/#primaryimage\"},\"thumbnailUrl\":\"https:\/\/hirhangya.hu\/wp-content\/uploads\/2026\/05\/8Krp6lHXztAi12Wh4s-L9iGLY.jpg\",\"datePublished\":\"2026-05-03T09:10:21+00:00\",\"breadcrumb\":{\"@id\":\"https:\/\/hirhangya.hu\/index.php\/2026\/05\/03\/egy-kicsit-onzonek-kell-lenni-hogy-eli-meg-az-anyak-napjat-az-aki-elvesztette-a-gyereket\/#breadcrumb\"},\"inLanguage\":\"hu\",\"potentialAction\":[{\"@type\":\"ReadAction\",\"target\":[\"https:\/\/hirhangya.hu\/index.php\/2026\/05\/03\/egy-kicsit-onzonek-kell-lenni-hogy-eli-meg-az-anyak-napjat-az-aki-elvesztette-a-gyereket\/\"]}]},{\"@type\":\"ImageObject\",\"inLanguage\":\"hu\",\"@id\":\"https:\/\/hirhangya.hu\/index.php\/2026\/05\/03\/egy-kicsit-onzonek-kell-lenni-hogy-eli-meg-az-anyak-napjat-az-aki-elvesztette-a-gyereket\/#primaryimage\",\"url\":\"https:\/\/hirhangya.hu\/wp-content\/uploads\/2026\/05\/8Krp6lHXztAi12Wh4s-L9iGLY.jpg\",\"contentUrl\":\"https:\/\/hirhangya.hu\/wp-content\/uploads\/2026\/05\/8Krp6lHXztAi12Wh4s-L9iGLY.jpg\",\"width\":2000,\"height\":1335},{\"@type\":\"BreadcrumbList\",\"@id\":\"https:\/\/hirhangya.hu\/index.php\/2026\/05\/03\/egy-kicsit-onzonek-kell-lenni-hogy-eli-meg-az-anyak-napjat-az-aki-elvesztette-a-gyereket\/#breadcrumb\",\"itemListElement\":[{\"@type\":\"ListItem\",\"position\":1,\"name\":\"Home\",\"item\":\"https:\/\/hirhangya.hu\/\"},{\"@type\":\"ListItem\",\"position\":2,\"name\":\"\u201eEgy kicsit \u00f6nz\u0151nek kell lenni\u201d \u2013 Hogy \u00e9li meg az any\u00e1k napj\u00e1t az, aki elvesztette a gyerek\u00e9t?\"}]},{\"@type\":\"WebSite\",\"@id\":\"https:\/\/hirhangya.hu\/#website\",\"url\":\"https:\/\/hirhangya.hu\/\",\"name\":\"H\u00edrhangya\",\"description\":\"Szorgalmasan \u00f6sszehordjuk a legfrissebb h\u00edreket\",\"publisher\":{\"@id\":\"https:\/\/hirhangya.hu\/#organization\"},\"potentialAction\":[{\"@type\":\"SearchAction\",\"target\":{\"@type\":\"EntryPoint\",\"urlTemplate\":\"https:\/\/hirhangya.hu\/?s={search_term_string}\"},\"query-input\":{\"@type\":\"PropertyValueSpecification\",\"valueRequired\":true,\"valueName\":\"search_term_string\"}}],\"inLanguage\":\"hu\"},{\"@type\":\"Organization\",\"@id\":\"https:\/\/hirhangya.hu\/#organization\",\"name\":\"H\u00edrhangya\",\"url\":\"https:\/\/hirhangya.hu\/\",\"logo\":{\"@type\":\"ImageObject\",\"inLanguage\":\"hu\",\"@id\":\"https:\/\/hirhangya.hu\/#\/schema\/logo\/image\/\",\"url\":\"https:\/\/hirhangya.hu\/wp-content\/uploads\/2025\/06\/cropped-cropped-hirhangya-logo-szoveges-scaled-1-e1750064323596.jpg\",\"contentUrl\":\"https:\/\/hirhangya.hu\/wp-content\/uploads\/2025\/06\/cropped-cropped-hirhangya-logo-szoveges-scaled-1-e1750064323596.jpg\",\"width\":350,\"height\":100,\"caption\":\"H\u00edrhangya\"},\"image\":{\"@id\":\"https:\/\/hirhangya.hu\/#\/schema\/logo\/image\/\"}},{\"@type\":\"Person\",\"@id\":\"https:\/\/hirhangya.hu\/#\/schema\/person\/ad1b32f6cde48eb8bc14fa7efd4d70b5\",\"name\":\"Nemes Gabor\",\"image\":{\"@type\":\"ImageObject\",\"inLanguage\":\"hu\",\"@id\":\"https:\/\/hirhangya.hu\/#\/schema\/person\/image\/\",\"url\":\"https:\/\/secure.gravatar.com\/avatar\/92c2a9c67399a3a1c5444228b3ae3f850f3218d7c18ff5ed44a84130d5b474f3?s=96&d=mm&r=g\",\"contentUrl\":\"https:\/\/secure.gravatar.com\/avatar\/92c2a9c67399a3a1c5444228b3ae3f850f3218d7c18ff5ed44a84130d5b474f3?s=96&d=mm&r=g\",\"caption\":\"Nemes Gabor\"},\"url\":\"https:\/\/hirhangya.hu\/index.php\/author\/hex324\/\"}]}<\/script>\n<!-- \/ Yoast SEO Premium plugin. -->","yoast_head_json":{"title":"\u201eEgy kicsit \u00f6nz\u0151nek kell lenni\u201d \u2013 Hogy \u00e9li meg az any\u00e1k napj\u00e1t az, aki elvesztette a gyerek\u00e9t? - H\u00edrhangya","robots":{"index":"index","follow":"follow","max-snippet":"max-snippet:-1","max-image-preview":"max-image-preview:large","max-video-preview":"max-video-preview:-1"},"canonical":"https:\/\/hirhangya.hu\/index.php\/2026\/05\/03\/egy-kicsit-onzonek-kell-lenni-hogy-eli-meg-az-anyak-napjat-az-aki-elvesztette-a-gyereket\/","og_locale":"hu_HU","og_type":"article","og_title":"\u201eEgy kicsit \u00f6nz\u0151nek kell lenni\u201d \u2013 Hogy \u00e9li meg az any\u00e1k napj\u00e1t az, aki elvesztette a gyerek\u00e9t?","og_description":"Any\u00e1k napja \u00e1ltal\u00e1ban \u00f6r\u00f6mteli \u00fcnnep, de vannak any\u00e1k, akiknek ez a nap v\u00e9gtelen\u00fcl megterhel\u0151, p\u00e9ld\u00e1ul azok, akik elvesztett\u00e9k a gyerek\u00fcket. Melinda h\u00e1rom \u00e9ve vesz\u00edtette el h\u00fasz\u00e9ves fi\u00e1t, Marcit, aki \u00f6t \u00e9ven \u00e1t k\u00fczd\u00f6tt betegs\u00e9ggel; a k\u00f6vetkez\u0151 k\u00e9t \u00e9vben bez\u00e1rk\u00f3zott, kapcsolatai besz\u0171k\u00fcltek, alig tudott besz\u00e9lni a trag\u00e9di\u00e1r\u00f3l, \u00e9s csak mostanra kezdi lassan visszakapni \u00f6nmag\u00e1t, \u00fajra j\u00e1r [&hellip;]","og_url":"https:\/\/hirhangya.hu\/index.php\/2026\/05\/03\/egy-kicsit-onzonek-kell-lenni-hogy-eli-meg-az-anyak-napjat-az-aki-elvesztette-a-gyereket\/","og_site_name":"H\u00edrhangya","article_published_time":"2026-05-03T09:10:21+00:00","author":"Nemes Gabor","twitter_card":"summary_large_image","twitter_misc":{"Szerz\u0151:":"Nemes Gabor","Becs\u00fclt olvas\u00e1si id\u0151":"1 perc"},"schema":{"@context":"https:\/\/schema.org","@graph":[{"@type":"Article","@id":"https:\/\/hirhangya.hu\/index.php\/2026\/05\/03\/egy-kicsit-onzonek-kell-lenni-hogy-eli-meg-az-anyak-napjat-az-aki-elvesztette-a-gyereket\/#article","isPartOf":{"@id":"https:\/\/hirhangya.hu\/index.php\/2026\/05\/03\/egy-kicsit-onzonek-kell-lenni-hogy-eli-meg-az-anyak-napjat-az-aki-elvesztette-a-gyereket\/"},"author":{"name":"Nemes Gabor","@id":"https:\/\/hirhangya.hu\/#\/schema\/person\/ad1b32f6cde48eb8bc14fa7efd4d70b5"},"headline":"\u201eEgy kicsit \u00f6nz\u0151nek kell lenni\u201d \u2013 Hogy \u00e9li meg az any\u00e1k napj\u00e1t az, aki elvesztette a gyerek\u00e9t?","datePublished":"2026-05-03T09:10:21+00:00","mainEntityOfPage":{"@id":"https:\/\/hirhangya.hu\/index.php\/2026\/05\/03\/egy-kicsit-onzonek-kell-lenni-hogy-eli-meg-az-anyak-napjat-az-aki-elvesztette-a-gyereket\/"},"wordCount":259,"commentCount":0,"publisher":{"@id":"https:\/\/hirhangya.hu\/#organization"},"image":{"@id":"https:\/\/hirhangya.hu\/index.php\/2026\/05\/03\/egy-kicsit-onzonek-kell-lenni-hogy-eli-meg-az-anyak-napjat-az-aki-elvesztette-a-gyereket\/#primaryimage"},"thumbnailUrl":"https:\/\/hirhangya.hu\/wp-content\/uploads\/2026\/05\/8Krp6lHXztAi12Wh4s-L9iGLY.jpg","articleSection":["\u00c1ltal\u00e1nos"],"inLanguage":"hu","potentialAction":[{"@type":"CommentAction","name":"Comment","target":["https:\/\/hirhangya.hu\/index.php\/2026\/05\/03\/egy-kicsit-onzonek-kell-lenni-hogy-eli-meg-az-anyak-napjat-az-aki-elvesztette-a-gyereket\/#respond"]}]},{"@type":"WebPage","@id":"https:\/\/hirhangya.hu\/index.php\/2026\/05\/03\/egy-kicsit-onzonek-kell-lenni-hogy-eli-meg-az-anyak-napjat-az-aki-elvesztette-a-gyereket\/","url":"https:\/\/hirhangya.hu\/index.php\/2026\/05\/03\/egy-kicsit-onzonek-kell-lenni-hogy-eli-meg-az-anyak-napjat-az-aki-elvesztette-a-gyereket\/","name":"\u201eEgy kicsit \u00f6nz\u0151nek kell lenni\u201d \u2013 Hogy \u00e9li meg az any\u00e1k napj\u00e1t az, aki elvesztette a gyerek\u00e9t? - H\u00edrhangya","isPartOf":{"@id":"https:\/\/hirhangya.hu\/#website"},"primaryImageOfPage":{"@id":"https:\/\/hirhangya.hu\/index.php\/2026\/05\/03\/egy-kicsit-onzonek-kell-lenni-hogy-eli-meg-az-anyak-napjat-az-aki-elvesztette-a-gyereket\/#primaryimage"},"image":{"@id":"https:\/\/hirhangya.hu\/index.php\/2026\/05\/03\/egy-kicsit-onzonek-kell-lenni-hogy-eli-meg-az-anyak-napjat-az-aki-elvesztette-a-gyereket\/#primaryimage"},"thumbnailUrl":"https:\/\/hirhangya.hu\/wp-content\/uploads\/2026\/05\/8Krp6lHXztAi12Wh4s-L9iGLY.jpg","datePublished":"2026-05-03T09:10:21+00:00","breadcrumb":{"@id":"https:\/\/hirhangya.hu\/index.php\/2026\/05\/03\/egy-kicsit-onzonek-kell-lenni-hogy-eli-meg-az-anyak-napjat-az-aki-elvesztette-a-gyereket\/#breadcrumb"},"inLanguage":"hu","potentialAction":[{"@type":"ReadAction","target":["https:\/\/hirhangya.hu\/index.php\/2026\/05\/03\/egy-kicsit-onzonek-kell-lenni-hogy-eli-meg-az-anyak-napjat-az-aki-elvesztette-a-gyereket\/"]}]},{"@type":"ImageObject","inLanguage":"hu","@id":"https:\/\/hirhangya.hu\/index.php\/2026\/05\/03\/egy-kicsit-onzonek-kell-lenni-hogy-eli-meg-az-anyak-napjat-az-aki-elvesztette-a-gyereket\/#primaryimage","url":"https:\/\/hirhangya.hu\/wp-content\/uploads\/2026\/05\/8Krp6lHXztAi12Wh4s-L9iGLY.jpg","contentUrl":"https:\/\/hirhangya.hu\/wp-content\/uploads\/2026\/05\/8Krp6lHXztAi12Wh4s-L9iGLY.jpg","width":2000,"height":1335},{"@type":"BreadcrumbList","@id":"https:\/\/hirhangya.hu\/index.php\/2026\/05\/03\/egy-kicsit-onzonek-kell-lenni-hogy-eli-meg-az-anyak-napjat-az-aki-elvesztette-a-gyereket\/#breadcrumb","itemListElement":[{"@type":"ListItem","position":1,"name":"Home","item":"https:\/\/hirhangya.hu\/"},{"@type":"ListItem","position":2,"name":"\u201eEgy kicsit \u00f6nz\u0151nek kell lenni\u201d \u2013 Hogy \u00e9li meg az any\u00e1k napj\u00e1t az, aki elvesztette a gyerek\u00e9t?"}]},{"@type":"WebSite","@id":"https:\/\/hirhangya.hu\/#website","url":"https:\/\/hirhangya.hu\/","name":"H\u00edrhangya","description":"Szorgalmasan \u00f6sszehordjuk a legfrissebb h\u00edreket","publisher":{"@id":"https:\/\/hirhangya.hu\/#organization"},"potentialAction":[{"@type":"SearchAction","target":{"@type":"EntryPoint","urlTemplate":"https:\/\/hirhangya.hu\/?s={search_term_string}"},"query-input":{"@type":"PropertyValueSpecification","valueRequired":true,"valueName":"search_term_string"}}],"inLanguage":"hu"},{"@type":"Organization","@id":"https:\/\/hirhangya.hu\/#organization","name":"H\u00edrhangya","url":"https:\/\/hirhangya.hu\/","logo":{"@type":"ImageObject","inLanguage":"hu","@id":"https:\/\/hirhangya.hu\/#\/schema\/logo\/image\/","url":"https:\/\/hirhangya.hu\/wp-content\/uploads\/2025\/06\/cropped-cropped-hirhangya-logo-szoveges-scaled-1-e1750064323596.jpg","contentUrl":"https:\/\/hirhangya.hu\/wp-content\/uploads\/2025\/06\/cropped-cropped-hirhangya-logo-szoveges-scaled-1-e1750064323596.jpg","width":350,"height":100,"caption":"H\u00edrhangya"},"image":{"@id":"https:\/\/hirhangya.hu\/#\/schema\/logo\/image\/"}},{"@type":"Person","@id":"https:\/\/hirhangya.hu\/#\/schema\/person\/ad1b32f6cde48eb8bc14fa7efd4d70b5","name":"Nemes Gabor","image":{"@type":"ImageObject","inLanguage":"hu","@id":"https:\/\/hirhangya.hu\/#\/schema\/person\/image\/","url":"https:\/\/secure.gravatar.com\/avatar\/92c2a9c67399a3a1c5444228b3ae3f850f3218d7c18ff5ed44a84130d5b474f3?s=96&d=mm&r=g","contentUrl":"https:\/\/secure.gravatar.com\/avatar\/92c2a9c67399a3a1c5444228b3ae3f850f3218d7c18ff5ed44a84130d5b474f3?s=96&d=mm&r=g","caption":"Nemes Gabor"},"url":"https:\/\/hirhangya.hu\/index.php\/author\/hex324\/"}]}},"_links":{"self":[{"href":"https:\/\/hirhangya.hu\/index.php\/wp-json\/wp\/v2\/posts\/95676","targetHints":{"allow":["GET"]}}],"collection":[{"href":"https:\/\/hirhangya.hu\/index.php\/wp-json\/wp\/v2\/posts"}],"about":[{"href":"https:\/\/hirhangya.hu\/index.php\/wp-json\/wp\/v2\/types\/post"}],"author":[{"embeddable":true,"href":"https:\/\/hirhangya.hu\/index.php\/wp-json\/wp\/v2\/users\/2"}],"replies":[{"embeddable":true,"href":"https:\/\/hirhangya.hu\/index.php\/wp-json\/wp\/v2\/comments?post=95676"}],"version-history":[{"count":0,"href":"https:\/\/hirhangya.hu\/index.php\/wp-json\/wp\/v2\/posts\/95676\/revisions"}],"wp:featuredmedia":[{"embeddable":true,"href":"https:\/\/hirhangya.hu\/index.php\/wp-json\/wp\/v2\/media\/95677"}],"wp:attachment":[{"href":"https:\/\/hirhangya.hu\/index.php\/wp-json\/wp\/v2\/media?parent=95676"}],"wp:term":[{"taxonomy":"category","embeddable":true,"href":"https:\/\/hirhangya.hu\/index.php\/wp-json\/wp\/v2\/categories?post=95676"},{"taxonomy":"post_tag","embeddable":true,"href":"https:\/\/hirhangya.hu\/index.php\/wp-json\/wp\/v2\/tags?post=95676"}],"curies":[{"name":"wp","href":"https:\/\/api.w.org\/{rel}","templated":true}]}}