{"id":95678,"date":"2026-05-03T09:10:34","date_gmt":"2026-05-03T09:10:34","guid":{"rendered":"https:\/\/hirhangya.hu\/index.php\/2026\/05\/03\/halakoncertet-szervez-karacsony-gergely-az-orszaggyules-alakulo-ulese-ele\/"},"modified":"2026-05-03T09:10:34","modified_gmt":"2026-05-03T09:10:34","slug":"halakoncertet-szervez-karacsony-gergely-az-orszaggyules-alakulo-ulese-ele","status":"publish","type":"post","link":"https:\/\/hirhangya.hu\/index.php\/2026\/05\/03\/halakoncertet-szervez-karacsony-gergely-az-orszaggyules-alakulo-ulese-ele\/","title":{"rendered":"H\u00e1lakoncertet szervez Kar\u00e1csony Gergely az orsz\u00e1ggy\u0171l\u00e9s alakul\u00f3 \u00fcl\u00e9se el\u00e9"},"content":{"rendered":"<p>Kar\u00e1csony Gergely a Facebookon azt \u00edrta, hogy m\u00e1jus 9-\u00e9n megalakul az Orsz\u00e1ggy\u0171l\u00e9s, ezzel egy \u00faj korszak kezd\u0151dik, \u00e1m ahhoz, hogy ez megt\u00f6rt\u00e9nhessen, le kell z\u00e1rni a kor\u00e1bbi id\u0151szakot. Szerinte az elm\u00falt 15 \u00e9vben sokakat pr\u00f3b\u00e1ltak t\u00f6nkretenni az\u00e9rt, mert ki\u00e1lltak fontos t\u00e1rsadalmi \u00fcgyek\u00e9rt: ilyenek voltak a kir\u00fagott tan\u00e1rok, a megal\u00e1zott civilek, az elszenvedett \u00fajs\u00e1g\u00edr\u00f3k \u00e9s a megt\u00e9p\u00e1zott kisegyh\u00e1zak.<\/p>\n<p>A f\u0151polg\u00e1rmester azt is \u00edrta, hogy ideje magunk m\u00f6g\u00f6tt hagyni ezt a korszakot, de el\u0151tte eml\u00e9kezn\u00fcnk kell a mindennapi h\u0151s\u00f6kre, ez\u00e9rt h\u00e1l\u00e1nk kifejez\u00e9sek\u00e9nt egy \u201erendszerb\u00facs\u00faztat\u00f3\u201d \u00f6r\u00f6mkoncertet szerveznek p\u00e9ntek este a L\u00e1nch\u00edd l\u00e1b\u00e1n\u00e1l, a pesti rakparton.<\/p>\n<p>A h\u00edr megjelen\u00e9se ut\u00e1n Magyar P\u00e9ter k\u00e9rd\u0151re vonta Kar\u00e1csonyt: posztj\u00e1ban megk\u00e9rdezte, komoly-e, hogy a f\u0151polg\u00e1rmester egy bulit szervez a m\u00e1jus 9-i orsz\u00e1gos rendszerv\u00e1lt\u00f3 \u00fcnnep el\u00e9, \u00e9s hogy a cs\u0151dben l\u00e9v\u0151 f\u0151v\u00e1ros fizeti-e a rendezv\u00e9nyt, vagy Kar\u00e1csony maga. Ugyanezt a kritik\u00e1t megfogalmazta egy Telex-poszt alatt is, ahol k\u00e1rosnak \u00e9s udvariatlannak nevezte, hogy szinte ugyanoda, egy nappal kor\u00e1bban tartanak bulit a nemzeti \u00fcnnep el\u0151tt. .<\/p>\n<p>Eredeti cikk: <a href=\"https:\/\/444.hu\/2026\/05\/03\/halakoncertet-szervez-karacsony-gergely-az-orszaggyules-alakulo-ulese-ele?utm_source=rss_feed&amp;utm_medium=rss&amp;utm_campaign=rss_syndication\" target=\"_blank\" class=\"feedzy-rss-link-icon\">elolvasom<\/a><\/p>\n","protected":false},"excerpt":{"rendered":"<p>Kar\u00e1csony Gergely a Facebookon azt \u00edrta, hogy m\u00e1jus 9-\u00e9n megalakul az Orsz\u00e1ggy\u0171l\u00e9s, ezzel egy \u00faj korszak kezd\u0151dik, \u00e1m ahhoz, hogy ez megt\u00f6rt\u00e9nhessen, le kell z\u00e1rni a kor\u00e1bbi id\u0151szakot. Szerinte az elm\u00falt 15 \u00e9vben sokakat pr\u00f3b\u00e1ltak t\u00f6nkretenni az\u00e9rt, mert ki\u00e1lltak fontos t\u00e1rsadalmi \u00fcgyek\u00e9rt: ilyenek voltak a kir\u00fagott tan\u00e1rok, a megal\u00e1zott civilek, az elszenvedett \u00fajs\u00e1g\u00edr\u00f3k \u00e9s a [&hellip;]<\/p>\n","protected":false},"author":2,"featured_media":95679,"comment_status":"open","ping_status":"open","sticky":false,"template":"","format":"standard","meta":{"footnotes":""},"categories":[147],"tags":[],"class_list":["post-95678","post","type-post","status-publish","format-standard","has-post-thumbnail","hentry","category-altalanos"],"yoast_head":"<!-- This site is optimized with the Yoast SEO Premium plugin v26.2 (Yoast SEO v26.3) - https:\/\/yoast.com\/wordpress\/plugins\/seo\/ -->\n<title>H\u00e1lakoncertet szervez Kar\u00e1csony Gergely az orsz\u00e1ggy\u0171l\u00e9s alakul\u00f3 \u00fcl\u00e9se el\u00e9 - H\u00edrhangya<\/title>\n<meta name=\"robots\" content=\"index, follow, max-snippet:-1, max-image-preview:large, max-video-preview:-1\" \/>\n<link rel=\"canonical\" href=\"https:\/\/hirhangya.hu\/index.php\/2026\/05\/03\/halakoncertet-szervez-karacsony-gergely-az-orszaggyules-alakulo-ulese-ele\/\" \/>\n<meta property=\"og:locale\" content=\"hu_HU\" \/>\n<meta property=\"og:type\" content=\"article\" \/>\n<meta property=\"og:title\" content=\"H\u00e1lakoncertet szervez Kar\u00e1csony Gergely az orsz\u00e1ggy\u0171l\u00e9s alakul\u00f3 \u00fcl\u00e9se el\u00e9\" \/>\n<meta property=\"og:description\" content=\"Kar\u00e1csony Gergely a Facebookon azt \u00edrta, hogy m\u00e1jus 9-\u00e9n megalakul az Orsz\u00e1ggy\u0171l\u00e9s, ezzel egy \u00faj korszak kezd\u0151dik, \u00e1m ahhoz, hogy ez megt\u00f6rt\u00e9nhessen, le kell z\u00e1rni a kor\u00e1bbi id\u0151szakot. Szerinte az elm\u00falt 15 \u00e9vben sokakat pr\u00f3b\u00e1ltak t\u00f6nkretenni az\u00e9rt, mert ki\u00e1lltak fontos t\u00e1rsadalmi \u00fcgyek\u00e9rt: ilyenek voltak a kir\u00fagott tan\u00e1rok, a megal\u00e1zott civilek, az elszenvedett \u00fajs\u00e1g\u00edr\u00f3k \u00e9s a [&hellip;]\" \/>\n<meta property=\"og:url\" content=\"https:\/\/hirhangya.hu\/index.php\/2026\/05\/03\/halakoncertet-szervez-karacsony-gergely-az-orszaggyules-alakulo-ulese-ele\/\" \/>\n<meta property=\"og:site_name\" content=\"H\u00edrhangya\" \/>\n<meta property=\"article:published_time\" content=\"2026-05-03T09:10:34+00:00\" \/>\n<meta name=\"author\" content=\"Nemes Gabor\" \/>\n<meta name=\"twitter:card\" content=\"summary_large_image\" \/>\n<meta name=\"twitter:label1\" content=\"Szerz\u0151:\" \/>\n\t<meta name=\"twitter:data1\" content=\"Nemes Gabor\" \/>\n\t<meta name=\"twitter:label2\" content=\"Becs\u00fclt olvas\u00e1si id\u0151\" \/>\n\t<meta name=\"twitter:data2\" content=\"1 perc\" \/>\n<script type=\"application\/ld+json\" class=\"yoast-schema-graph\">{\"@context\":\"https:\/\/schema.org\",\"@graph\":[{\"@type\":\"Article\",\"@id\":\"https:\/\/hirhangya.hu\/index.php\/2026\/05\/03\/halakoncertet-szervez-karacsony-gergely-az-orszaggyules-alakulo-ulese-ele\/#article\",\"isPartOf\":{\"@id\":\"https:\/\/hirhangya.hu\/index.php\/2026\/05\/03\/halakoncertet-szervez-karacsony-gergely-az-orszaggyules-alakulo-ulese-ele\/\"},\"author\":{\"name\":\"Nemes Gabor\",\"@id\":\"https:\/\/hirhangya.hu\/#\/schema\/person\/ad1b32f6cde48eb8bc14fa7efd4d70b5\"},\"headline\":\"H\u00e1lakoncertet szervez Kar\u00e1csony Gergely az orsz\u00e1ggy\u0171l\u00e9s alakul\u00f3 \u00fcl\u00e9se el\u00e9\",\"datePublished\":\"2026-05-03T09:10:34+00:00\",\"mainEntityOfPage\":{\"@id\":\"https:\/\/hirhangya.hu\/index.php\/2026\/05\/03\/halakoncertet-szervez-karacsony-gergely-az-orszaggyules-alakulo-ulese-ele\/\"},\"wordCount\":247,\"commentCount\":0,\"publisher\":{\"@id\":\"https:\/\/hirhangya.hu\/#organization\"},\"image\":{\"@id\":\"https:\/\/hirhangya.hu\/index.php\/2026\/05\/03\/halakoncertet-szervez-karacsony-gergely-az-orszaggyules-alakulo-ulese-ele\/#primaryimage\"},\"thumbnailUrl\":\"https:\/\/hirhangya.hu\/wp-content\/uploads\/2026\/05\/8JGeYN3sVr6smOWGs-H4AJRs.jpg\",\"articleSection\":[\"\u00c1ltal\u00e1nos\"],\"inLanguage\":\"hu\",\"potentialAction\":[{\"@type\":\"CommentAction\",\"name\":\"Comment\",\"target\":[\"https:\/\/hirhangya.hu\/index.php\/2026\/05\/03\/halakoncertet-szervez-karacsony-gergely-az-orszaggyules-alakulo-ulese-ele\/#respond\"]}]},{\"@type\":\"WebPage\",\"@id\":\"https:\/\/hirhangya.hu\/index.php\/2026\/05\/03\/halakoncertet-szervez-karacsony-gergely-az-orszaggyules-alakulo-ulese-ele\/\",\"url\":\"https:\/\/hirhangya.hu\/index.php\/2026\/05\/03\/halakoncertet-szervez-karacsony-gergely-az-orszaggyules-alakulo-ulese-ele\/\",\"name\":\"H\u00e1lakoncertet szervez Kar\u00e1csony Gergely az orsz\u00e1ggy\u0171l\u00e9s alakul\u00f3 \u00fcl\u00e9se el\u00e9 - H\u00edrhangya\",\"isPartOf\":{\"@id\":\"https:\/\/hirhangya.hu\/#website\"},\"primaryImageOfPage\":{\"@id\":\"https:\/\/hirhangya.hu\/index.php\/2026\/05\/03\/halakoncertet-szervez-karacsony-gergely-az-orszaggyules-alakulo-ulese-ele\/#primaryimage\"},\"image\":{\"@id\":\"https:\/\/hirhangya.hu\/index.php\/2026\/05\/03\/halakoncertet-szervez-karacsony-gergely-az-orszaggyules-alakulo-ulese-ele\/#primaryimage\"},\"thumbnailUrl\":\"https:\/\/hirhangya.hu\/wp-content\/uploads\/2026\/05\/8JGeYN3sVr6smOWGs-H4AJRs.jpg\",\"datePublished\":\"2026-05-03T09:10:34+00:00\",\"breadcrumb\":{\"@id\":\"https:\/\/hirhangya.hu\/index.php\/2026\/05\/03\/halakoncertet-szervez-karacsony-gergely-az-orszaggyules-alakulo-ulese-ele\/#breadcrumb\"},\"inLanguage\":\"hu\",\"potentialAction\":[{\"@type\":\"ReadAction\",\"target\":[\"https:\/\/hirhangya.hu\/index.php\/2026\/05\/03\/halakoncertet-szervez-karacsony-gergely-az-orszaggyules-alakulo-ulese-ele\/\"]}]},{\"@type\":\"ImageObject\",\"inLanguage\":\"hu\",\"@id\":\"https:\/\/hirhangya.hu\/index.php\/2026\/05\/03\/halakoncertet-szervez-karacsony-gergely-az-orszaggyules-alakulo-ulese-ele\/#primaryimage\",\"url\":\"https:\/\/hirhangya.hu\/wp-content\/uploads\/2026\/05\/8JGeYN3sVr6smOWGs-H4AJRs.jpg\",\"contentUrl\":\"https:\/\/hirhangya.hu\/wp-content\/uploads\/2026\/05\/8JGeYN3sVr6smOWGs-H4AJRs.jpg\",\"width\":2000,\"height\":1333},{\"@type\":\"BreadcrumbList\",\"@id\":\"https:\/\/hirhangya.hu\/index.php\/2026\/05\/03\/halakoncertet-szervez-karacsony-gergely-az-orszaggyules-alakulo-ulese-ele\/#breadcrumb\",\"itemListElement\":[{\"@type\":\"ListItem\",\"position\":1,\"name\":\"Home\",\"item\":\"https:\/\/hirhangya.hu\/\"},{\"@type\":\"ListItem\",\"position\":2,\"name\":\"H\u00e1lakoncertet szervez Kar\u00e1csony Gergely az orsz\u00e1ggy\u0171l\u00e9s alakul\u00f3 \u00fcl\u00e9se el\u00e9\"}]},{\"@type\":\"WebSite\",\"@id\":\"https:\/\/hirhangya.hu\/#website\",\"url\":\"https:\/\/hirhangya.hu\/\",\"name\":\"H\u00edrhangya\",\"description\":\"Szorgalmasan \u00f6sszehordjuk a legfrissebb h\u00edreket\",\"publisher\":{\"@id\":\"https:\/\/hirhangya.hu\/#organization\"},\"potentialAction\":[{\"@type\":\"SearchAction\",\"target\":{\"@type\":\"EntryPoint\",\"urlTemplate\":\"https:\/\/hirhangya.hu\/?s={search_term_string}\"},\"query-input\":{\"@type\":\"PropertyValueSpecification\",\"valueRequired\":true,\"valueName\":\"search_term_string\"}}],\"inLanguage\":\"hu\"},{\"@type\":\"Organization\",\"@id\":\"https:\/\/hirhangya.hu\/#organization\",\"name\":\"H\u00edrhangya\",\"url\":\"https:\/\/hirhangya.hu\/\",\"logo\":{\"@type\":\"ImageObject\",\"inLanguage\":\"hu\",\"@id\":\"https:\/\/hirhangya.hu\/#\/schema\/logo\/image\/\",\"url\":\"https:\/\/hirhangya.hu\/wp-content\/uploads\/2025\/06\/cropped-cropped-hirhangya-logo-szoveges-scaled-1-e1750064323596.jpg\",\"contentUrl\":\"https:\/\/hirhangya.hu\/wp-content\/uploads\/2025\/06\/cropped-cropped-hirhangya-logo-szoveges-scaled-1-e1750064323596.jpg\",\"width\":350,\"height\":100,\"caption\":\"H\u00edrhangya\"},\"image\":{\"@id\":\"https:\/\/hirhangya.hu\/#\/schema\/logo\/image\/\"}},{\"@type\":\"Person\",\"@id\":\"https:\/\/hirhangya.hu\/#\/schema\/person\/ad1b32f6cde48eb8bc14fa7efd4d70b5\",\"name\":\"Nemes Gabor\",\"image\":{\"@type\":\"ImageObject\",\"inLanguage\":\"hu\",\"@id\":\"https:\/\/hirhangya.hu\/#\/schema\/person\/image\/\",\"url\":\"https:\/\/secure.gravatar.com\/avatar\/92c2a9c67399a3a1c5444228b3ae3f850f3218d7c18ff5ed44a84130d5b474f3?s=96&d=mm&r=g\",\"contentUrl\":\"https:\/\/secure.gravatar.com\/avatar\/92c2a9c67399a3a1c5444228b3ae3f850f3218d7c18ff5ed44a84130d5b474f3?s=96&d=mm&r=g\",\"caption\":\"Nemes Gabor\"},\"url\":\"https:\/\/hirhangya.hu\/index.php\/author\/hex324\/\"}]}<\/script>\n<!-- \/ Yoast SEO Premium plugin. -->","yoast_head_json":{"title":"H\u00e1lakoncertet szervez Kar\u00e1csony Gergely az orsz\u00e1ggy\u0171l\u00e9s alakul\u00f3 \u00fcl\u00e9se el\u00e9 - H\u00edrhangya","robots":{"index":"index","follow":"follow","max-snippet":"max-snippet:-1","max-image-preview":"max-image-preview:large","max-video-preview":"max-video-preview:-1"},"canonical":"https:\/\/hirhangya.hu\/index.php\/2026\/05\/03\/halakoncertet-szervez-karacsony-gergely-az-orszaggyules-alakulo-ulese-ele\/","og_locale":"hu_HU","og_type":"article","og_title":"H\u00e1lakoncertet szervez Kar\u00e1csony Gergely az orsz\u00e1ggy\u0171l\u00e9s alakul\u00f3 \u00fcl\u00e9se el\u00e9","og_description":"Kar\u00e1csony Gergely a Facebookon azt \u00edrta, hogy m\u00e1jus 9-\u00e9n megalakul az Orsz\u00e1ggy\u0171l\u00e9s, ezzel egy \u00faj korszak kezd\u0151dik, \u00e1m ahhoz, hogy ez megt\u00f6rt\u00e9nhessen, le kell z\u00e1rni a kor\u00e1bbi id\u0151szakot. Szerinte az elm\u00falt 15 \u00e9vben sokakat pr\u00f3b\u00e1ltak t\u00f6nkretenni az\u00e9rt, mert ki\u00e1lltak fontos t\u00e1rsadalmi \u00fcgyek\u00e9rt: ilyenek voltak a kir\u00fagott tan\u00e1rok, a megal\u00e1zott civilek, az elszenvedett \u00fajs\u00e1g\u00edr\u00f3k \u00e9s a [&hellip;]","og_url":"https:\/\/hirhangya.hu\/index.php\/2026\/05\/03\/halakoncertet-szervez-karacsony-gergely-az-orszaggyules-alakulo-ulese-ele\/","og_site_name":"H\u00edrhangya","article_published_time":"2026-05-03T09:10:34+00:00","author":"Nemes Gabor","twitter_card":"summary_large_image","twitter_misc":{"Szerz\u0151:":"Nemes Gabor","Becs\u00fclt olvas\u00e1si id\u0151":"1 perc"},"schema":{"@context":"https:\/\/schema.org","@graph":[{"@type":"Article","@id":"https:\/\/hirhangya.hu\/index.php\/2026\/05\/03\/halakoncertet-szervez-karacsony-gergely-az-orszaggyules-alakulo-ulese-ele\/#article","isPartOf":{"@id":"https:\/\/hirhangya.hu\/index.php\/2026\/05\/03\/halakoncertet-szervez-karacsony-gergely-az-orszaggyules-alakulo-ulese-ele\/"},"author":{"name":"Nemes Gabor","@id":"https:\/\/hirhangya.hu\/#\/schema\/person\/ad1b32f6cde48eb8bc14fa7efd4d70b5"},"headline":"H\u00e1lakoncertet szervez Kar\u00e1csony Gergely az orsz\u00e1ggy\u0171l\u00e9s alakul\u00f3 \u00fcl\u00e9se el\u00e9","datePublished":"2026-05-03T09:10:34+00:00","mainEntityOfPage":{"@id":"https:\/\/hirhangya.hu\/index.php\/2026\/05\/03\/halakoncertet-szervez-karacsony-gergely-az-orszaggyules-alakulo-ulese-ele\/"},"wordCount":247,"commentCount":0,"publisher":{"@id":"https:\/\/hirhangya.hu\/#organization"},"image":{"@id":"https:\/\/hirhangya.hu\/index.php\/2026\/05\/03\/halakoncertet-szervez-karacsony-gergely-az-orszaggyules-alakulo-ulese-ele\/#primaryimage"},"thumbnailUrl":"https:\/\/hirhangya.hu\/wp-content\/uploads\/2026\/05\/8JGeYN3sVr6smOWGs-H4AJRs.jpg","articleSection":["\u00c1ltal\u00e1nos"],"inLanguage":"hu","potentialAction":[{"@type":"CommentAction","name":"Comment","target":["https:\/\/hirhangya.hu\/index.php\/2026\/05\/03\/halakoncertet-szervez-karacsony-gergely-az-orszaggyules-alakulo-ulese-ele\/#respond"]}]},{"@type":"WebPage","@id":"https:\/\/hirhangya.hu\/index.php\/2026\/05\/03\/halakoncertet-szervez-karacsony-gergely-az-orszaggyules-alakulo-ulese-ele\/","url":"https:\/\/hirhangya.hu\/index.php\/2026\/05\/03\/halakoncertet-szervez-karacsony-gergely-az-orszaggyules-alakulo-ulese-ele\/","name":"H\u00e1lakoncertet szervez Kar\u00e1csony Gergely az orsz\u00e1ggy\u0171l\u00e9s alakul\u00f3 \u00fcl\u00e9se el\u00e9 - H\u00edrhangya","isPartOf":{"@id":"https:\/\/hirhangya.hu\/#website"},"primaryImageOfPage":{"@id":"https:\/\/hirhangya.hu\/index.php\/2026\/05\/03\/halakoncertet-szervez-karacsony-gergely-az-orszaggyules-alakulo-ulese-ele\/#primaryimage"},"image":{"@id":"https:\/\/hirhangya.hu\/index.php\/2026\/05\/03\/halakoncertet-szervez-karacsony-gergely-az-orszaggyules-alakulo-ulese-ele\/#primaryimage"},"thumbnailUrl":"https:\/\/hirhangya.hu\/wp-content\/uploads\/2026\/05\/8JGeYN3sVr6smOWGs-H4AJRs.jpg","datePublished":"2026-05-03T09:10:34+00:00","breadcrumb":{"@id":"https:\/\/hirhangya.hu\/index.php\/2026\/05\/03\/halakoncertet-szervez-karacsony-gergely-az-orszaggyules-alakulo-ulese-ele\/#breadcrumb"},"inLanguage":"hu","potentialAction":[{"@type":"ReadAction","target":["https:\/\/hirhangya.hu\/index.php\/2026\/05\/03\/halakoncertet-szervez-karacsony-gergely-az-orszaggyules-alakulo-ulese-ele\/"]}]},{"@type":"ImageObject","inLanguage":"hu","@id":"https:\/\/hirhangya.hu\/index.php\/2026\/05\/03\/halakoncertet-szervez-karacsony-gergely-az-orszaggyules-alakulo-ulese-ele\/#primaryimage","url":"https:\/\/hirhangya.hu\/wp-content\/uploads\/2026\/05\/8JGeYN3sVr6smOWGs-H4AJRs.jpg","contentUrl":"https:\/\/hirhangya.hu\/wp-content\/uploads\/2026\/05\/8JGeYN3sVr6smOWGs-H4AJRs.jpg","width":2000,"height":1333},{"@type":"BreadcrumbList","@id":"https:\/\/hirhangya.hu\/index.php\/2026\/05\/03\/halakoncertet-szervez-karacsony-gergely-az-orszaggyules-alakulo-ulese-ele\/#breadcrumb","itemListElement":[{"@type":"ListItem","position":1,"name":"Home","item":"https:\/\/hirhangya.hu\/"},{"@type":"ListItem","position":2,"name":"H\u00e1lakoncertet szervez Kar\u00e1csony Gergely az orsz\u00e1ggy\u0171l\u00e9s alakul\u00f3 \u00fcl\u00e9se el\u00e9"}]},{"@type":"WebSite","@id":"https:\/\/hirhangya.hu\/#website","url":"https:\/\/hirhangya.hu\/","name":"H\u00edrhangya","description":"Szorgalmasan \u00f6sszehordjuk a legfrissebb h\u00edreket","publisher":{"@id":"https:\/\/hirhangya.hu\/#organization"},"potentialAction":[{"@type":"SearchAction","target":{"@type":"EntryPoint","urlTemplate":"https:\/\/hirhangya.hu\/?s={search_term_string}"},"query-input":{"@type":"PropertyValueSpecification","valueRequired":true,"valueName":"search_term_string"}}],"inLanguage":"hu"},{"@type":"Organization","@id":"https:\/\/hirhangya.hu\/#organization","name":"H\u00edrhangya","url":"https:\/\/hirhangya.hu\/","logo":{"@type":"ImageObject","inLanguage":"hu","@id":"https:\/\/hirhangya.hu\/#\/schema\/logo\/image\/","url":"https:\/\/hirhangya.hu\/wp-content\/uploads\/2025\/06\/cropped-cropped-hirhangya-logo-szoveges-scaled-1-e1750064323596.jpg","contentUrl":"https:\/\/hirhangya.hu\/wp-content\/uploads\/2025\/06\/cropped-cropped-hirhangya-logo-szoveges-scaled-1-e1750064323596.jpg","width":350,"height":100,"caption":"H\u00edrhangya"},"image":{"@id":"https:\/\/hirhangya.hu\/#\/schema\/logo\/image\/"}},{"@type":"Person","@id":"https:\/\/hirhangya.hu\/#\/schema\/person\/ad1b32f6cde48eb8bc14fa7efd4d70b5","name":"Nemes Gabor","image":{"@type":"ImageObject","inLanguage":"hu","@id":"https:\/\/hirhangya.hu\/#\/schema\/person\/image\/","url":"https:\/\/secure.gravatar.com\/avatar\/92c2a9c67399a3a1c5444228b3ae3f850f3218d7c18ff5ed44a84130d5b474f3?s=96&d=mm&r=g","contentUrl":"https:\/\/secure.gravatar.com\/avatar\/92c2a9c67399a3a1c5444228b3ae3f850f3218d7c18ff5ed44a84130d5b474f3?s=96&d=mm&r=g","caption":"Nemes Gabor"},"url":"https:\/\/hirhangya.hu\/index.php\/author\/hex324\/"}]}},"_links":{"self":[{"href":"https:\/\/hirhangya.hu\/index.php\/wp-json\/wp\/v2\/posts\/95678","targetHints":{"allow":["GET"]}}],"collection":[{"href":"https:\/\/hirhangya.hu\/index.php\/wp-json\/wp\/v2\/posts"}],"about":[{"href":"https:\/\/hirhangya.hu\/index.php\/wp-json\/wp\/v2\/types\/post"}],"author":[{"embeddable":true,"href":"https:\/\/hirhangya.hu\/index.php\/wp-json\/wp\/v2\/users\/2"}],"replies":[{"embeddable":true,"href":"https:\/\/hirhangya.hu\/index.php\/wp-json\/wp\/v2\/comments?post=95678"}],"version-history":[{"count":0,"href":"https:\/\/hirhangya.hu\/index.php\/wp-json\/wp\/v2\/posts\/95678\/revisions"}],"wp:featuredmedia":[{"embeddable":true,"href":"https:\/\/hirhangya.hu\/index.php\/wp-json\/wp\/v2\/media\/95679"}],"wp:attachment":[{"href":"https:\/\/hirhangya.hu\/index.php\/wp-json\/wp\/v2\/media?parent=95678"}],"wp:term":[{"taxonomy":"category","embeddable":true,"href":"https:\/\/hirhangya.hu\/index.php\/wp-json\/wp\/v2\/categories?post=95678"},{"taxonomy":"post_tag","embeddable":true,"href":"https:\/\/hirhangya.hu\/index.php\/wp-json\/wp\/v2\/tags?post=95678"}],"curies":[{"name":"wp","href":"https:\/\/api.w.org\/{rel}","templated":true}]}}